{"id":745,"date":"2015-10-27T03:39:46","date_gmt":"2015-10-27T03:39:46","guid":{"rendered":"http:\/\/50.22.11.12\/~grietaor\/?p=745"},"modified":"2016-03-02T03:40:52","modified_gmt":"2016-03-02T03:40:52","slug":"acosan-y-citan-a-declarar-de-nuevo-a-victimas-de-represion-en-atenco-en-2006","status":"publish","type":"post","link":"http:\/\/www.grieta.org.mx\/index.php\/2015\/10\/27\/acosan-y-citan-a-declarar-de-nuevo-a-victimas-de-represion-en-atenco-en-2006\/","title":{"rendered":"Acosan y citan a declarar de nuevo a v\u00edctimas de represi\u00f3n en Atenco en 2006"},"content":{"rendered":"<p>ALDABI OLVERA<\/p>\n<p>A casi seis meses del d\u00e9cimo aniversario de la represi\u00f3n ordenada por Enrique Pe\u00f1a Nieto contra el pueblo de San Salvador Atenco; algunas personas que fueron detenidas y torturadas por diversas corporaciones policiacas son todav\u00eda \u201ccitadas a declarar\u201d.<\/p>\n<p>Ken Lueders encontr\u00f3 polic\u00edas en su puerta este 27 de octubre cuando sub\u00eda por las escaleras del edificio donde vive. Le mostraron una orden de presentaci\u00f3n firmada por el Juez Primero Penal de Primera Instancia del Distrito Judicial de Toluca: Mois\u00e9s Reza Ocampo. Los polic\u00edas no se identificaron. Lueders relata que uno le tom\u00f3 fotograf\u00edas y dijo:<\/p>\n<p>\u201cSabemos que eres t\u00fa. Sabemos d\u00f3nde est\u00e1 tu domicilio, d\u00f3nde vive tu hermano\u201d.<\/p>\n<p>Ante su negativa de acompa\u00f1arlos, lo amenazaron:<\/p>\n<p>\u201cNo van a chingar a nuestros compa\u00f1eros. T\u00fa sabes que est\u00e1n consignados nuestros compa\u00f1eros por tus mamadas. Ustedes son los que metieron las notas. Nos vas a tener que acompa\u00f1ar\u201d.<\/p>\n<p>Lueders es periodista de medios libres. Aquel 3 y 4 de mayo del 2006 fue a cubrir la represi\u00f3n y el cerco instalado alrededor del pueblo mexiquense que, como muchos otros, era parte de la Otra Campa\u00f1a, un esfuerzo de organizaci\u00f3n alternativo a las campa\u00f1as electorales para la presidencia de la rep\u00fablica. Se acredit\u00f3 como prensa, fue torturado.<\/p>\n<p>Esos d\u00edas fueron detenidas 211 personas. Durante cuatro a\u00f1os se luch\u00f3 a distintos niveles para que todos los detenidos pudieran salir en libertad. En octubre del 2014 la Procuradur\u00eda General de Justicia del Estado de M\u00e9xico detuvo a 11 m\u00e9dicos, 8 polic\u00edas y un MP por violaci\u00f3n y tortura contra las v\u00edctimas del \u201cmayo rojo\u201d.<\/p>\n<p>Hoy todav\u00eda se espera un informe de fondo de la Corte Interamericana de Derechos Humanos (CIDH) sobre la denuncia que 11 mujeres interpusieron contra el Estado mexicano por tortura sexual. La CIDH ya lanz\u00f3 una recomendaci\u00f3n en la que dice que el da\u00f1o debe ser reparado.<\/p>\n<p>El Estado mexicano pretende hacer reparaci\u00f3n del da\u00f1o con un fondo, pero las mujeres contestaron en mayo de este a\u00f1o que la reparaci\u00f3n que esperan no es econ\u00f3mica, sino mediante la justicia.<\/p>\n<p>\u201cNo creemos que se haga justicia consignando a un grupo de polic\u00edas expiatorios que cumpl\u00edan \u00f3rdenes\u201d, acota Lueders, \u201csaldr\u00edan bajo fianza y despu\u00e9s vemos un escenario de polic\u00edas buscando venganza. Es absurdo que a nueve a\u00f1os te citen y digan: \u00bffue \u00e9ste el que te peg\u00f3?\u201d<\/p>\n<p>Lueders hizo llegar a M\u00e1sde131 el citatorio que le mostraron en el que el juez gira una orden de b\u00fasqueda, localizaci\u00f3n y presentaci\u00f3n contra 11 personas para un \u201cdesahogo de pruebas\u201d a las 11:00 horas del 30 de octubre.<\/p>\n<p>Se les cita para que declaren en contra de Daniel Job Olmos Arroyo por encubrimiento, tambi\u00e9n de Agust\u00edn Hinojosa Mart\u00ednez por tortura en contra de las mujeres que interpusieron la denuncia ante la CIDH.<\/p>\n<p>Los citatorios ya se volvieron \u00f3rdenes de presentaci\u00f3n. \u00c9l, como otros, se ha negado a ir a declarar contra pocos polic\u00edas cuando los altos mandos responsables ejercen hoy cargos p\u00fablicos.<\/p>\n<p>\u201cQue dos judiciales me quieran subir a una patrulla es un acoso y tortura psicol\u00f3gica que contin\u00faa a nueve a\u00f1os de la represi\u00f3n. \u00bfQu\u00e9 van a hacer conmigo esos d\u00edas?\u201d<\/p>\n<p>Adem\u00e1s explica:<\/p>\n<p>\u201cIr a presentarte es darle legalidad a su teatro y decir: est\u00e1s impartiendo justicia. El da\u00f1o no se repara as\u00ed, menos cuando la persona que orden\u00f3 el operativo ostenta el cargo de presidente (Enrique Pe\u00f1a Nieto)\u201d.<\/p>\n<p>Quienes han decidido ir a testificar le contaron al periodista que afuera de las audiencias est\u00e1n los familiares de los polic\u00edas detenidos que los amedrentan. Adem\u00e1s, los polic\u00edas cuentan con una base de datos de d\u00f3nde se encuentran sus domicilios.<\/p>\n<p>Jorge Salinas Jard\u00f3n, integrante del colectivo de Telefonistas Zapatistas, quien fue detenido y brutalmente golpeado en 2006 y adem\u00e1s se encuentra en la lista, cuenta en entrevista para M\u00e1sde131 que en caso de que declare, el gobierno mexicano va a tener las pruebas para demostrar en la CIDH que est\u00e1 atendiendo los reclamos:<\/p>\n<p>\u201cHace un a\u00f1o dijimos que era una trampa jur\u00eddica de parte del gobierno en su actitud de simular\u201d.<\/p>\n<p>Aclara que en caso de inculpar a los polic\u00edas, estar\u00edan incurriendo en falsedad porque no vieron qui\u00e9nes los golpearon, pues llevaban la cabeza tapada durante la tortura.<\/p>\n<p>Salinas Jard\u00f3n confirma que desde hace un a\u00f1o le han dejado citatorios debajo de su puerta o pegados. A\u00fan as\u00ed, no se presentar\u00e1 y ya interpuso una denuncia penal por tentativa de homicidio y tortura contra los polic\u00edas que lo detuvieron en 2006, pero no prospera.<\/p>\n<p>\u201c\u00bfPor qu\u00e9 vamos a declarar si estamos exonerados y estamos libres?\u201d, se pregunta.<\/p>\n<p>Ignacio del Valle, integrante del Frente de Pueblos en Defensa de la Tierra de San Salvador Atenco, quien pas\u00f3 cuatro a\u00f1os en prisi\u00f3n, cuenta tambi\u00e9n a M\u00e1sde131 que con detener a algunos elementos policiacos el gobierno quiere \u201cdar carpetazo\u201d a lo que ocurri\u00f3 en su pueblo en 2006.<\/p>\n<p><a href=\"http:\/\/www.masde131.com\/2015\/10\/acosan-y-citan-a-declarar-de-nuevo-a-victimas-de-represion-en-atenco-en-2006\/\" target=\"_blank\">www.masde131.com\/2015\/10\/acosan-y-citan-a-declarar-de-nuevo-a-victimas-de-represion-en-atenco-en-2006\/<\/a><\/p>\n","protected":false},"excerpt":{"rendered":"<p>ALDABI OLVERA A casi seis meses del d\u00e9cimo aniversario de la represi\u00f3n ordenada por Enrique Pe\u00f1a Nieto contra el pueblo de San Salvador Atenco; algunas personas que fueron detenidas y &hellip; <a href=\"http:\/\/www.grieta.org.mx\/index.php\/2015\/10\/27\/acosan-y-citan-a-declarar-de-nuevo-a-victimas-de-represion-en-atenco-en-2006\/\" class=\"more-link\">Leer m\u00e1s<\/a><\/p>\n","protected":false},"author":2,"featured_media":21928,"comment_status":"closed","ping_status":"open","sticky":false,"template":"","format":"standard","meta":{"ngg_post_thumbnail":0,"_jetpack_newsletter_access":"","_jetpack_dont_email_post_to_subs":false,"_jetpack_newsletter_tier_id":0,"_jetpack_memberships_contains_paywalled_content":false,"_jetpack_memberships_contains_paid_content":false,"footnotes":""},"categories":[80],"tags":[143,92,130],"class_list":["post-745","post","type-post","status-publish","format-standard","has-post-thumbnail","hentry","category-cintillo","tag-aeropuerto-de-la-ciudad-de-mexico","tag-estado-de-mexico","tag-represion","entry"],"jetpack_featured_media_url":"http:\/\/www.grieta.org.mx\/wp-content\/uploads\/2018\/03\/14524434_1106112876131411_958039263622046936_o.jpg","jetpack_sharing_enabled":true,"jetpack_shortlink":"https:\/\/wp.me\/p7ZJR4-c1","jetpack_likes_enabled":false,"jetpack-related-posts":[{"id":748,"url":"http:\/\/www.grieta.org.mx\/index.php\/2015\/11\/18\/acosan-y-citan-a-declarar-de-nuevo-a-victimas-de-represion-en-atenco-en-2006-2\/","url_meta":{"origin":745,"position":0},"title":"Acosan y citan a declarar de nuevo a v\u00edctimas de represi\u00f3n en Atenco en 2006","author":"grieta","date":"18 noviembre, 2015","format":false,"excerpt":"18\/11\/15. Repudia el Frente de Pueblos \u201cd\u00e1divas\u201d a v\u00edctimas de AtencoProceso 03\/11\/15. Sobrevivientes de Atenco exigen al gobierno del Estado de M\u00e9xico cese al hostigamiento y amenazas de que son v\u00edctimasNews M\u00e9xico 27\/10\/15. Acosan y citan a declarar de nuevo a v\u00edctimas de represi\u00f3n en Atenco en 2006M\u00e1s de 131","rel":"","context":"En &quot;Estado de M\u00e9xico&quot;","block_context":{"text":"Estado de M\u00e9xico","link":"http:\/\/www.grieta.org.mx\/index.php\/category\/noticias-nacionales\/estado-de-mexico\/"},"img":{"alt_text":"","src":"https:\/\/i0.wp.com\/www.grieta.org.mx\/wp-content\/uploads\/2018\/03\/14524434_1106112876131411_958039263622046936_o.jpg?resize=350%2C200","width":350,"height":200,"srcset":"https:\/\/i0.wp.com\/www.grieta.org.mx\/wp-content\/uploads\/2018\/03\/14524434_1106112876131411_958039263622046936_o.jpg?resize=350%2C200 1x, https:\/\/i0.wp.com\/www.grieta.org.mx\/wp-content\/uploads\/2018\/03\/14524434_1106112876131411_958039263622046936_o.jpg?resize=525%2C300 1.5x, https:\/\/i0.wp.com\/www.grieta.org.mx\/wp-content\/uploads\/2018\/03\/14524434_1106112876131411_958039263622046936_o.jpg?resize=700%2C400 2x"},"classes":[]},{"id":12148,"url":"http:\/\/www.grieta.org.mx\/index.php\/2016\/05\/09\/marcha-en-la-ciudad-de-mexico-por-conmemoracion-de-la-represion-en-atenco\/","url_meta":{"origin":745,"position":1},"title":"Marcha en la Ciudad de M\u00e9xico por conmemoraci\u00f3n de la represi\u00f3n en Atenco","author":"grieta","date":"9 mayo, 2016","format":false,"excerpt":"06\/05\/16. Mayo Rojo a los 10 a\u00f1os: Atenco resiste un nuevo despojoCentro de Medios Libres","rel":"","context":"En &quot;Ciudad de M\u00e9xico&quot;","block_context":{"text":"Ciudad de M\u00e9xico","link":"http:\/\/www.grieta.org.mx\/index.php\/category\/noticias-nacionales\/ciudad-de-mexico\/"},"img":{"alt_text":"","src":"https:\/\/i0.wp.com\/www.grieta.org.mx\/wp-content\/uploads\/2018\/03\/14524434_1106112876131411_958039263622046936_o.jpg?resize=350%2C200","width":350,"height":200,"srcset":"https:\/\/i0.wp.com\/www.grieta.org.mx\/wp-content\/uploads\/2018\/03\/14524434_1106112876131411_958039263622046936_o.jpg?resize=350%2C200 1x, https:\/\/i0.wp.com\/www.grieta.org.mx\/wp-content\/uploads\/2018\/03\/14524434_1106112876131411_958039263622046936_o.jpg?resize=525%2C300 1.5x, https:\/\/i0.wp.com\/www.grieta.org.mx\/wp-content\/uploads\/2018\/03\/14524434_1106112876131411_958039263622046936_o.jpg?resize=700%2C400 2x"},"classes":[]},{"id":743,"url":"http:\/\/www.grieta.org.mx\/index.php\/2015\/11\/03\/sobrevivientes-de-atenco-exigen-al-gobierno-del-estado-de-mexico-cese-al-hostigamiento-y-amenazas-de-que-son-victimas\/","url_meta":{"origin":745,"position":2},"title":"Sobrevivientes de Atenco exigen al gobierno del Estado de M\u00e9xico cese al hostigamiento y amenazas de que son v\u00edctimas","author":"grieta","date":"3 noviembre, 2015","format":false,"excerpt":"M\u00e9xico, Distrito Federal (Newsmexico).- Sobrevivientes de los operativos realizados el 3 y 4 de mayo de 2006 en las poblaciones de Texcoco y San Salvador Atenco por m\u00e1s de 4,500 elementos de las polic\u00edas Federal, de la Agencia de Seguridad Estatal del Estado de M\u00e9xico, y del municio de Texcoco\u2026","rel":"","context":"En &quot;CINTILLO&quot;","block_context":{"text":"CINTILLO","link":"http:\/\/www.grieta.org.mx\/index.php\/category\/cintillo\/"},"img":{"alt_text":"","src":"https:\/\/i0.wp.com\/www.grieta.org.mx\/wp-content\/uploads\/2018\/03\/14524434_1106112876131411_958039263622046936_o.jpg?resize=350%2C200","width":350,"height":200,"srcset":"https:\/\/i0.wp.com\/www.grieta.org.mx\/wp-content\/uploads\/2018\/03\/14524434_1106112876131411_958039263622046936_o.jpg?resize=350%2C200 1x, https:\/\/i0.wp.com\/www.grieta.org.mx\/wp-content\/uploads\/2018\/03\/14524434_1106112876131411_958039263622046936_o.jpg?resize=525%2C300 1.5x, https:\/\/i0.wp.com\/www.grieta.org.mx\/wp-content\/uploads\/2018\/03\/14524434_1106112876131411_958039263622046936_o.jpg?resize=700%2C400 2x"},"classes":[]},{"id":12147,"url":"http:\/\/www.grieta.org.mx\/index.php\/2016\/05\/06\/mayo-rojo-a-los-10-anos-atenco-resiste-un-nuevo-despojo\/","url_meta":{"origin":745,"position":3},"title":"Mayo Rojo a los 10 a\u00f1os: Atenco resiste un nuevo despojo","author":"grieta","date":"6 mayo, 2016","format":false,"excerpt":"por carolina Suenan los cohetones. Brillan los machetes. Atenco llega a la Ciudad de M\u00e9xico para encabezar una marcha desde el \u00c1ngel de la Independencia al Z\u00f3calo. M\u00e1s de mil personas se suman en el camino. Corean: \u00a1Atenco vive! \u00a1La lucha sigue! La marcha cierra dos d\u00edas de actividades organizadas\u2026","rel":"","context":"En &quot;cdmx&quot;","block_context":{"text":"cdmx","link":"http:\/\/www.grieta.org.mx\/index.php\/category\/cdmx\/"},"img":{"alt_text":"","src":"https:\/\/i0.wp.com\/www.grieta.org.mx\/wp-content\/uploads\/2018\/03\/14524434_1106112876131411_958039263622046936_o.jpg?resize=350%2C200","width":350,"height":200,"srcset":"https:\/\/i0.wp.com\/www.grieta.org.mx\/wp-content\/uploads\/2018\/03\/14524434_1106112876131411_958039263622046936_o.jpg?resize=350%2C200 1x, https:\/\/i0.wp.com\/www.grieta.org.mx\/wp-content\/uploads\/2018\/03\/14524434_1106112876131411_958039263622046936_o.jpg?resize=525%2C300 1.5x, https:\/\/i0.wp.com\/www.grieta.org.mx\/wp-content\/uploads\/2018\/03\/14524434_1106112876131411_958039263622046936_o.jpg?resize=700%2C400 2x"},"classes":[]},{"id":741,"url":"http:\/\/www.grieta.org.mx\/index.php\/2015\/11\/18\/repudia-el-frente-de-pueblos-dadivas-a-victimas-de-atenco\/","url_meta":{"origin":745,"position":4},"title":"Repudia el Frente de Pueblos \u201cd\u00e1divas\u201d a v\u00edctimas de Atenco","author":"grieta","date":"18 noviembre, 2015","format":false,"excerpt":"VENERANDA MENDOZA SAN SALVADOR ATENCO, Edomex. (apro).- El Frente de Pueblos en Defensa de la Tierra no recibir\u00e1 d\u00e1divas del Fondo de Indemnizaci\u00f3n a V\u00edctimas, debido a que con esta acci\u00f3n se pretende dar carpetazo al caso Atenco, advirti\u00f3 Ignacio del Valle, l\u00edder de la organizaci\u00f3n. Del Valle Medina precis\u00f3\u2026","rel":"","context":"En &quot;CINTILLO&quot;","block_context":{"text":"CINTILLO","link":"http:\/\/www.grieta.org.mx\/index.php\/category\/cintillo\/"},"img":{"alt_text":"","src":"https:\/\/i0.wp.com\/www.grieta.org.mx\/wp-content\/uploads\/2018\/03\/14524434_1106112876131411_958039263622046936_o.jpg?resize=350%2C200","width":350,"height":200,"srcset":"https:\/\/i0.wp.com\/www.grieta.org.mx\/wp-content\/uploads\/2018\/03\/14524434_1106112876131411_958039263622046936_o.jpg?resize=350%2C200 1x, https:\/\/i0.wp.com\/www.grieta.org.mx\/wp-content\/uploads\/2018\/03\/14524434_1106112876131411_958039263622046936_o.jpg?resize=525%2C300 1.5x, https:\/\/i0.wp.com\/www.grieta.org.mx\/wp-content\/uploads\/2018\/03\/14524434_1106112876131411_958039263622046936_o.jpg?resize=700%2C400 2x"},"classes":[]},{"id":10589,"url":"http:\/\/www.grieta.org.mx\/index.php\/2016\/04\/12\/alerta-por-incursion-del-ejercito-en-atenco\/","url_meta":{"origin":745,"position":5},"title":"Alerta por incursi\u00f3n del Ej\u00e9rcito en Atenco","author":"grieta","date":"12 abril, 2016","format":false,"excerpt":"Perseo Greco Ciudad de M\u00e9xico. El lunes 11 de abril, habitantes de la comunidad de San Crist\u00f3bal Nexquip\u00e1yac en el Estado de M\u00e9xico denunciaron la presencia de personas ajenas a esta comunidad, resguardados por elementos de la Secretar\u00eda de la Defensa Nacional (Sedena), en terrenos ejidales de San Salvador Atenco.\u2026","rel":"","context":"En &quot;CINTILLO&quot;","block_context":{"text":"CINTILLO","link":"http:\/\/www.grieta.org.mx\/index.php\/category\/cintillo\/"},"img":{"alt_text":"","src":"https:\/\/i0.wp.com\/www.grieta.org.mx\/wp-content\/uploads\/2018\/03\/14524434_1106112876131411_958039263622046936_o.jpg?resize=350%2C200","width":350,"height":200,"srcset":"https:\/\/i0.wp.com\/www.grieta.org.mx\/wp-content\/uploads\/2018\/03\/14524434_1106112876131411_958039263622046936_o.jpg?resize=350%2C200 1x, https:\/\/i0.wp.com\/www.grieta.org.mx\/wp-content\/uploads\/2018\/03\/14524434_1106112876131411_958039263622046936_o.jpg?resize=525%2C300 1.5x, https:\/\/i0.wp.com\/www.grieta.org.mx\/wp-content\/uploads\/2018\/03\/14524434_1106112876131411_958039263622046936_o.jpg?resize=700%2C400 2x"},"classes":[]}],"_links":{"self":[{"href":"http:\/\/www.grieta.org.mx\/index.php\/wp-json\/wp\/v2\/posts\/745","targetHints":{"allow":["GET"]}}],"collection":[{"href":"http:\/\/www.grieta.org.mx\/index.php\/wp-json\/wp\/v2\/posts"}],"about":[{"href":"http:\/\/www.grieta.org.mx\/index.php\/wp-json\/wp\/v2\/types\/post"}],"author":[{"embeddable":true,"href":"http:\/\/www.grieta.org.mx\/index.php\/wp-json\/wp\/v2\/users\/2"}],"replies":[{"embeddable":true,"href":"http:\/\/www.grieta.org.mx\/index.php\/wp-json\/wp\/v2\/comments?post=745"}],"version-history":[{"count":1,"href":"http:\/\/www.grieta.org.mx\/index.php\/wp-json\/wp\/v2\/posts\/745\/revisions"}],"predecessor-version":[{"id":747,"href":"http:\/\/www.grieta.org.mx\/index.php\/wp-json\/wp\/v2\/posts\/745\/revisions\/747"}],"wp:featuredmedia":[{"embeddable":true,"href":"http:\/\/www.grieta.org.mx\/index.php\/wp-json\/wp\/v2\/media\/21928"}],"wp:attachment":[{"href":"http:\/\/www.grieta.org.mx\/index.php\/wp-json\/wp\/v2\/media?parent=745"}],"wp:term":[{"taxonomy":"category","embeddable":true,"href":"http:\/\/www.grieta.org.mx\/index.php\/wp-json\/wp\/v2\/categories?post=745"},{"taxonomy":"post_tag","embeddable":true,"href":"http:\/\/www.grieta.org.mx\/index.php\/wp-json\/wp\/v2\/tags?post=745"}],"curies":[{"name":"wp","href":"https:\/\/api.w.org\/{rel}","templated":true}]}}