{"id":7380,"date":"2015-09-24T17:04:08","date_gmt":"2015-09-24T17:04:08","guid":{"rendered":"http:\/\/50.22.11.12\/~grietaor\/?p=7380"},"modified":"2016-03-29T17:04:58","modified_gmt":"2016-03-29T17:04:58","slug":"calculan-que-10-mil-ninos-veracruzanos-trabajan-en-campos-agricolas-del-norte-del-pais","status":"publish","type":"post","link":"http:\/\/www.grieta.org.mx\/index.php\/2015\/09\/24\/calculan-que-10-mil-ninos-veracruzanos-trabajan-en-campos-agricolas-del-norte-del-pais\/","title":{"rendered":"Calculan que 10 mil ni\u00f1os veracruzanos trabajan en campos agr\u00edcolas del norte del pa\u00eds"},"content":{"rendered":"<p>Xalapa, Ver.-A pesar de que la Secretar\u00eda del Trabajo, conoce las condiciones \u2018paup\u00e9rrimas\u2019 en que laboran 28 mil 500 jornaleros veracruzanos y 10 mil ni\u00f1os en los campos agr\u00edcolas del norte del pa\u00eds, no act\u00faen para sancionar a estas empresas.<\/p>\n<p>Pues a decir del secretario General de la Central Campesina Cardenista (CCC) en Veracruz, Mois\u00e9s Reyes Fausto, \u201cLa Secretar\u00eda est\u00e1 ausente y confabulada con las grandes agroempresas\u201d declar\u00f3 la ma\u00f1ana de este mi\u00e9rcoles en la ciudad de Xalapa.<\/p>\n<p>\u201cEsta cantidad de trabajadores son explotados laboralmente, adem\u00e1s de padecer con salarios bajos\u201d.<\/p>\n<p>Dijo que se calcula que son un aproximado de 95 mil campesinos que salieron del estado de Veracruz y de esta cantidad el 30 por ciento no goza de los derechos laborales, mientras que casi 10 mil ni\u00f1os tambi\u00e9n enfrentan la misma \u201csuerte\u201d.<\/p>\n<p>Huyen hacia estados como Coahuila, Baja California, Sinaloa, Sonora y Chihuahua. Citando como ejemplo, la granja agr\u00edcola del Valle del Dorado, en Sinaloa donde los trabajadores viv\u00edan hacinados en galerones, donde adem\u00e1s se pudo constatar esclavitud y pr\u00e1cticamente sin retribuciones econ\u00f3micas.<\/p>\n<p>Los veracruzanos que laboran en esos campos agr\u00edcolas en su mayor\u00eda son originarios de Catemaco, San Andr\u00e9s Tuxtla, Tantoyuca, Ixhuatl\u00e1n de Madero, Papantla, tambi\u00e9n de Playa Vicente y Rodr\u00edguez Clara.<\/p>\n<p>\u201cCasi un 30 por ciento de los jornaleros veracruzanos est\u00e1n trabajando en condiciones muy deplorables, pr\u00e1cticamente en esclavitud\u201d, calificando estos hechos como un \u201csecuestro\u201d para que trabajen solamente por la comida y el hospedaje.<\/p>\n<p>Ante estas situaciones critic\u00f3 que la Secretar\u00eda del Trabajo no vigile ni investigue las condiciones laborales de los campos agr\u00edcolas del norte del pa\u00eds, y si es que estas dan las prestaciones, como servicios m\u00e9dicos.<\/p>\n<p>Les pagan el jornal en 120 pesos, por lo que dijo que a trav\u00e9s del CCC exigieron a esas empresas que paguen como m\u00ednimo 200 pesos con horarios de ocho horas, m\u00e1s no de 14 como los obligan.<\/p>\n<p>Tambi\u00e9n se han promovido a trav\u00e9s de campa\u00f1as para que sean dados de alta en el Seguro Social, adem\u00e1s de que cuenten con espacios adecuados donde dormir, comer y asearse.<\/p>\n<p>Lo que lament\u00f3 es que los jornaleros en su mayor\u00eda llegan a trav\u00e9s de los \u201cenganchadores\u201d, problema que los tres niveles de gobierno no han vigilado.<\/p>\n<p>\u201cLlegan a las zonas de pobreza, ofrecen condiciones laborales, salarios, prestaciones y hasta transporte\u201d.<\/p>\n<p>Pero lo cierto es que al llegar a esas empresas no les cumplen nada de lo prometido, pues les llegan a pagar 120 pesos, de esa cantidad les descuentan la comida y el hospedaje.<\/p>\n<p><a href=\"http:\/\/plumaslibres.com.mx\/2015\/09\/24\/calculan-que-10-mil-ninos-veracruzanos-trabajan-en-campos-agricolas-del-norte-del-pais\/\" target=\"_blank\">http:\/\/plumaslibres.com.mx\/2015\/09\/24\/calculan-que-10-mil-ninos-veracruzanos-trabajan-en-campos-agricolas-del-norte-del-pais\/<\/a><\/p>\n","protected":false},"excerpt":{"rendered":"<p>Xalapa, Ver.-A pesar de que la Secretar\u00eda del Trabajo, conoce las condiciones \u2018paup\u00e9rrimas\u2019 en que laboran 28 mil 500 jornaleros veracruzanos y 10 mil ni\u00f1os en los campos agr\u00edcolas del &hellip; <a href=\"http:\/\/www.grieta.org.mx\/index.php\/2015\/09\/24\/calculan-que-10-mil-ninos-veracruzanos-trabajan-en-campos-agricolas-del-norte-del-pais\/\" class=\"more-link\">Leer m\u00e1s<\/a><\/p>\n","protected":false},"author":1,"featured_media":21928,"comment_status":"closed","ping_status":"open","sticky":false,"template":"","format":"standard","meta":{"ngg_post_thumbnail":0,"_jetpack_newsletter_access":"","_jetpack_dont_email_post_to_subs":false,"_jetpack_newsletter_tier_id":0,"_jetpack_memberships_contains_paywalled_content":false,"_jetpack_memberships_contains_paid_content":false,"footnotes":""},"categories":[80,257],"tags":[204],"class_list":["post-7380","post","type-post","status-publish","format-standard","has-post-thumbnail","hentry","category-cintillo","category-veracruz","tag-jornaleros","entry"],"jetpack_featured_media_url":"http:\/\/www.grieta.org.mx\/wp-content\/uploads\/2018\/03\/14524434_1106112876131411_958039263622046936_o.jpg","jetpack_sharing_enabled":true,"jetpack_shortlink":"https:\/\/wp.me\/p7ZJR4-1V2","jetpack_likes_enabled":false,"jetpack-related-posts":[{"id":35431,"url":"http:\/\/www.grieta.org.mx\/index.php\/2019\/06\/12\/dia-mundial-contra-el-trabajo-infantil-en-michoacan-trabajan-100-mil\/","url_meta":{"origin":7380,"position":0},"title":"D\u00eda Mundial Contra el Trabajo Infantil: en Michoac\u00e1n trabajan 100 mil","author":"grieta","date":"12 junio, 2019","format":false,"excerpt":"Dalia Villegas Moreno\/Quadrat\u00edn, 12 de junio de 2019 MORELIA, Mich., 12 de junio de 2019.- De acuerdo con el Consejo Estatal de Poblaci\u00f3n (Coespo), en Michoac\u00e1n trabajan alrededor de 100 mil ni\u00f1os, principalmente en los campos agr\u00edcolas donde se desempe\u00f1an como jornaleros. En el Marco del D\u00eda Mundial Contra el\u2026","rel":"","context":"En &quot;CINTILLO&quot;","block_context":{"text":"CINTILLO","link":"http:\/\/www.grieta.org.mx\/index.php\/category\/cintillo\/"},"img":{"alt_text":"","src":"https:\/\/i0.wp.com\/www.grieta.org.mx\/wp-content\/uploads\/2019\/06\/trabajo-infantil-1160x700.jpg?resize=350%2C200","width":350,"height":200,"srcset":"https:\/\/i0.wp.com\/www.grieta.org.mx\/wp-content\/uploads\/2019\/06\/trabajo-infantil-1160x700.jpg?resize=350%2C200 1x, https:\/\/i0.wp.com\/www.grieta.org.mx\/wp-content\/uploads\/2019\/06\/trabajo-infantil-1160x700.jpg?resize=525%2C300 1.5x, https:\/\/i0.wp.com\/www.grieta.org.mx\/wp-content\/uploads\/2019\/06\/trabajo-infantil-1160x700.jpg?resize=700%2C400 2x, https:\/\/i0.wp.com\/www.grieta.org.mx\/wp-content\/uploads\/2019\/06\/trabajo-infantil-1160x700.jpg?resize=1050%2C600 3x"},"classes":[]},{"id":37617,"url":"http:\/\/www.grieta.org.mx\/index.php\/2019\/07\/23\/slp-el-estado-con-mayor-cantidad-de-jornaleros-pero-sin-seguro-social\/","url_meta":{"origin":7380,"position":1},"title":"SLP, el estado con mayor cantidad de jornaleros\u2026 pero sin seguro social","author":"grieta","date":"23 julio, 2019","format":false,"excerpt":"Redacci\u00f3n \/ La Orquesta Incluso la CNDH duda de Sedesol, pues entre 2015 y 2016 la cifra de jornaleros locales se redujo casi un 70 por ciento; tampoco no hay registro de sus centros de trabajo San Luis Potos\u00ed es uno de los once estados que tienen un porcentaje de\u2026","rel":"","context":"En &quot;CINTILLO&quot;","block_context":{"text":"CINTILLO","link":"http:\/\/www.grieta.org.mx\/index.php\/category\/cintillo\/"},"img":{"alt_text":"","src":"https:\/\/i0.wp.com\/www.grieta.org.mx\/wp-content\/uploads\/2019\/08\/jornaleros-1.jpg?resize=350%2C200","width":350,"height":200,"srcset":"https:\/\/i0.wp.com\/www.grieta.org.mx\/wp-content\/uploads\/2019\/08\/jornaleros-1.jpg?resize=350%2C200 1x, https:\/\/i0.wp.com\/www.grieta.org.mx\/wp-content\/uploads\/2019\/08\/jornaleros-1.jpg?resize=525%2C300 1.5x, https:\/\/i0.wp.com\/www.grieta.org.mx\/wp-content\/uploads\/2019\/08\/jornaleros-1.jpg?resize=700%2C400 2x, https:\/\/i0.wp.com\/www.grieta.org.mx\/wp-content\/uploads\/2019\/08\/jornaleros-1.jpg?resize=1050%2C600 3x"},"classes":[]},{"id":2770,"url":"http:\/\/www.grieta.org.mx\/index.php\/2015\/03\/31\/colima-entre-los-18-estados-donde-se-explota-a-los-jornaleros-agricolas-fiob\/","url_meta":{"origin":7380,"position":2},"title":"Colima, entre los 18 estados donde se explota a los jornaleros agr\u00edcolas: FIOB","author":"grieta","date":"31 marzo, 2015","format":false,"excerpt":"\u201cColima, M\u00e9xico. Avanzada (31 de marzo de 2015).- El Frente Ind\u00edgena de Organizaciones Binacionales (FIOB) denunci\u00f3 que en 18 estados del pa\u00eds, entre ellos Colima, Sinaloa, Sonora, Baja California, Jalisco y Nayarit, los jornaleros agr\u00edcolas viven en condiciones de vulnerabilidad y constante violaci\u00f3n a sus derechos fundamentales. \u201cSin que hasta\u2026","rel":"","context":"En &quot;CINTILLO&quot;","block_context":{"text":"CINTILLO","link":"http:\/\/www.grieta.org.mx\/index.php\/category\/cintillo\/"},"img":{"alt_text":"","src":"https:\/\/i0.wp.com\/www.grieta.org.mx\/wp-content\/uploads\/2018\/03\/14524434_1106112876131411_958039263622046936_o.jpg?resize=350%2C200","width":350,"height":200,"srcset":"https:\/\/i0.wp.com\/www.grieta.org.mx\/wp-content\/uploads\/2018\/03\/14524434_1106112876131411_958039263622046936_o.jpg?resize=350%2C200 1x, https:\/\/i0.wp.com\/www.grieta.org.mx\/wp-content\/uploads\/2018\/03\/14524434_1106112876131411_958039263622046936_o.jpg?resize=525%2C300 1.5x, https:\/\/i0.wp.com\/www.grieta.org.mx\/wp-content\/uploads\/2018\/03\/14524434_1106112876131411_958039263622046936_o.jpg?resize=700%2C400 2x"},"classes":[]},{"id":4223,"url":"http:\/\/www.grieta.org.mx\/index.php\/2015\/04\/14\/denuncian-abusos-a-jornaleros-agricolas\/","url_meta":{"origin":7380,"position":3},"title":"Denuncian abusos a jornaleros agr\u00edcolas","author":"grieta","date":"14 abril, 2015","format":false,"excerpt":"Redacci\u00f3n\/El Sol de Nayarit Los denunciantes precisaron que en Nayarit los casos se dan con mayor frecuencia en municipios de la zona norte del estado. Ante instancias nacionales, defensores de los derechos de los jornaleros agr\u00edcolas denunciaron la explotaci\u00f3n generalizada a la que son sometidos los ind\u00edgenas que cada a\u00f1o\u2026","rel":"","context":"En &quot;CINTILLO&quot;","block_context":{"text":"CINTILLO","link":"http:\/\/www.grieta.org.mx\/index.php\/category\/cintillo\/"},"img":{"alt_text":"","src":"https:\/\/i0.wp.com\/www.grieta.org.mx\/wp-content\/uploads\/2018\/03\/14524434_1106112876131411_958039263622046936_o.jpg?resize=350%2C200","width":350,"height":200,"srcset":"https:\/\/i0.wp.com\/www.grieta.org.mx\/wp-content\/uploads\/2018\/03\/14524434_1106112876131411_958039263622046936_o.jpg?resize=350%2C200 1x, https:\/\/i0.wp.com\/www.grieta.org.mx\/wp-content\/uploads\/2018\/03\/14524434_1106112876131411_958039263622046936_o.jpg?resize=525%2C300 1.5x, https:\/\/i0.wp.com\/www.grieta.org.mx\/wp-content\/uploads\/2018\/03\/14524434_1106112876131411_958039263622046936_o.jpg?resize=700%2C400 2x"},"classes":[]},{"id":7382,"url":"http:\/\/www.grieta.org.mx\/index.php\/2016\/03\/24\/zongolica-el-que-mas-expulsa-mano-de-obra-a-canada\/","url_meta":{"origin":7380,"position":4},"title":"Zongolica, el que m\u00e1s expulsa mano de obra a Canad\u00e1","author":"Admin","date":"24 marzo, 2016","format":false,"excerpt":"Adriana Luna Segura C\u00f3rdoba, Veracruz.- Al a\u00f1o, cerca de mil 500 jornaleros agr\u00edcolas del estado de Veracruz se trasladan a Canad\u00e1 para trabajar en el campo, con todos los papeles legales que se requieren, inform\u00f3 la directora general del Servicio Nacional de Empleo (SNE), Iresine Calzada Rivera. Mientras que en\u2026","rel":"","context":"En &quot;CINTILLO&quot;","block_context":{"text":"CINTILLO","link":"http:\/\/www.grieta.org.mx\/index.php\/category\/cintillo\/"},"img":{"alt_text":"","src":"https:\/\/i0.wp.com\/www.grieta.org.mx\/wp-content\/uploads\/2018\/03\/14524434_1106112876131411_958039263622046936_o.jpg?resize=350%2C200","width":350,"height":200,"srcset":"https:\/\/i0.wp.com\/www.grieta.org.mx\/wp-content\/uploads\/2018\/03\/14524434_1106112876131411_958039263622046936_o.jpg?resize=350%2C200 1x, https:\/\/i0.wp.com\/www.grieta.org.mx\/wp-content\/uploads\/2018\/03\/14524434_1106112876131411_958039263622046936_o.jpg?resize=525%2C300 1.5x, https:\/\/i0.wp.com\/www.grieta.org.mx\/wp-content\/uploads\/2018\/03\/14524434_1106112876131411_958039263622046936_o.jpg?resize=700%2C400 2x"},"classes":[]},{"id":11219,"url":"http:\/\/www.grieta.org.mx\/index.php\/2016\/04\/20\/son-17000-jornaleros-los-que-trabajan-en-los-campos-agricolas-de-bcs-gobierno-estatal\/","url_meta":{"origin":7380,"position":5},"title":"Son 17,000 jornaleros los que trabajan en los campos agr\u00edcolas de BCS","author":"grieta","date":"20 abril, 2016","format":false,"excerpt":"Redacci\u00f3n BCS Noticias La Paz, Baja California Sur (BCS). El \u00faltimo padr\u00f3n realizado por la Secretar\u00eda de Desarrollo Social en Baja California Sur indica que hay un total de 17,000 jornaleros \u2014la mayor\u00eda de Oaxaca, Guerrero, Sinaloa y Chihuahua\u2014 los que trabajan actualmente en 84 campos agr\u00edcolas de la media\u2026","rel":"","context":"En &quot;CINTILLO&quot;","block_context":{"text":"CINTILLO","link":"http:\/\/www.grieta.org.mx\/index.php\/category\/cintillo\/"},"img":{"alt_text":"","src":"https:\/\/i0.wp.com\/www.grieta.org.mx\/wp-content\/uploads\/2018\/03\/14524434_1106112876131411_958039263622046936_o.jpg?resize=350%2C200","width":350,"height":200,"srcset":"https:\/\/i0.wp.com\/www.grieta.org.mx\/wp-content\/uploads\/2018\/03\/14524434_1106112876131411_958039263622046936_o.jpg?resize=350%2C200 1x, https:\/\/i0.wp.com\/www.grieta.org.mx\/wp-content\/uploads\/2018\/03\/14524434_1106112876131411_958039263622046936_o.jpg?resize=525%2C300 1.5x, https:\/\/i0.wp.com\/www.grieta.org.mx\/wp-content\/uploads\/2018\/03\/14524434_1106112876131411_958039263622046936_o.jpg?resize=700%2C400 2x"},"classes":[]}],"_links":{"self":[{"href":"http:\/\/www.grieta.org.mx\/index.php\/wp-json\/wp\/v2\/posts\/7380","targetHints":{"allow":["GET"]}}],"collection":[{"href":"http:\/\/www.grieta.org.mx\/index.php\/wp-json\/wp\/v2\/posts"}],"about":[{"href":"http:\/\/www.grieta.org.mx\/index.php\/wp-json\/wp\/v2\/types\/post"}],"author":[{"embeddable":true,"href":"http:\/\/www.grieta.org.mx\/index.php\/wp-json\/wp\/v2\/users\/1"}],"replies":[{"embeddable":true,"href":"http:\/\/www.grieta.org.mx\/index.php\/wp-json\/wp\/v2\/comments?post=7380"}],"version-history":[{"count":1,"href":"http:\/\/www.grieta.org.mx\/index.php\/wp-json\/wp\/v2\/posts\/7380\/revisions"}],"predecessor-version":[{"id":7381,"href":"http:\/\/www.grieta.org.mx\/index.php\/wp-json\/wp\/v2\/posts\/7380\/revisions\/7381"}],"wp:featuredmedia":[{"embeddable":true,"href":"http:\/\/www.grieta.org.mx\/index.php\/wp-json\/wp\/v2\/media\/21928"}],"wp:attachment":[{"href":"http:\/\/www.grieta.org.mx\/index.php\/wp-json\/wp\/v2\/media?parent=7380"}],"wp:term":[{"taxonomy":"category","embeddable":true,"href":"http:\/\/www.grieta.org.mx\/index.php\/wp-json\/wp\/v2\/categories?post=7380"},{"taxonomy":"post_tag","embeddable":true,"href":"http:\/\/www.grieta.org.mx\/index.php\/wp-json\/wp\/v2\/tags?post=7380"}],"curies":[{"name":"wp","href":"https:\/\/api.w.org\/{rel}","templated":true}]}}