{"id":7348,"date":"2015-04-29T16:22:31","date_gmt":"2015-04-29T16:22:31","guid":{"rendered":"http:\/\/50.22.11.12\/~grietaor\/?p=7348"},"modified":"2016-03-29T16:27:53","modified_gmt":"2016-03-29T16:27:53","slug":"carta-de-estudiantes-trabajadores-y-profesores-de-la-unidad-de-humanidades-uv","status":"publish","type":"post","link":"http:\/\/www.grieta.org.mx\/index.php\/2015\/04\/29\/carta-de-estudiantes-trabajadores-y-profesores-de-la-unidad-de-humanidades-uv\/","title":{"rendered":"Carta de estudiantes, trabajadores y profesores de la Unidad de Humanidades UV"},"content":{"rendered":"<p>Por medio de esta carta publica miembros de la comunidad de humanidades, entre estudiantes, maestros y personal de la unidad presentes en la asamblea general de la Unidad de Humanidades manifestamos abiertamente nuestro rechazo ante las pol\u00edticas unilaterales y arbitrarias de rector\u00eda, cuyo \u00faltimo atentado contra la comunidad de Humanidades ha sido el contratar una empresa privada (Sayco) para colocar sistemas de vigilancia al interior de la unidad, Medida que no s\u00f3lo es inefectiva para solucionar las problem\u00e1ticas de la unidad, sino que ha creado ahora problem\u00e1ticas al interior de nuestra unidad.<\/p>\n<p>Rechazamos que hayan ya comenzado a instalar sistemas de circuito cerrado; pol\u00edticas unilaterales que no s\u00f3lo transgreden la privacidad de los miembros de la comunidad universitaria y su derecho a la intimidad, sino que aparecen c\u00f3mo un insulto m\u00e1s, junto con otros actos de despilfarro de recursos (ampliamente documentados en la prensa y a la vista de todos) que van desde la adquisici\u00f3n de lujosas camionetas, hasta computadoras Apple en las oficinas de rector\u00eda; lo cual nos lleva a cuestionar -de nueva cuenta- las prioridades de la universidad.<br \/>\nSon estas \u00bfadquirir material educativo o instrumentos coercitivos? \u00bfPor qu\u00e9 en lugar de fomentar el desarrollo y crecimiento de los alumnos, acondicionando nuestras \u00e1reas de aprendizaje, prefieren emplear los pocos recursos en delimitar, coaccionar, vigilar y castigar?<\/p>\n<p>Si se miran las realidades en las que nos desarrollamos alumnos y profesores se hallar\u00e1n instalaciones deficientes, material que en caso de que se tenga es siempre de baja calidad o est\u00e1 por romperse, ba\u00f1os insalubres, no hay papel, ni jab\u00f3n, faltas de apoyo activo a nuestro desarrollo acad\u00e9mico \u00bfcu\u00e1ntas veces o hemos tenido que costear de nuestro propio bolsillo congresos, pr\u00e1cticas o el material que necesitamos para aprender? Adem\u00e1s los sueldos de docentes y trabajadores manuales llegan con retraso -en ocasiones de varios meses- Y somos testigos cotidianos del abandono de programas culturales (cierre de compa\u00f1\u00eda de danza contempor\u00e1nea \u201cLas Sangres\u201d por ejemplo), y a pesar de todo rector\u00eda insiste en invertir para s\u00ed misma y para su bienestar en lugar de mirar hacia nosotros \u00bfpor qu\u00e9 no invertir en el laboratorio de taller audiovisual? -propuesto y requerido por todas las consejer\u00edas de humanidades-<\/p>\n<p>Si nuestra integridad les preocupa \u00bfpor qu\u00e9 llevan a\u00f1os ignorando las severas inundaciones en las instalaciones cada que llueve? Inundaciones causantes de fracturas y otros problemas como que quedemos varados dentro de nuestras instalaciones como sucede a menudo en Pedagog\u00eda, FCAS o humanidades. \u00bfSi les interesa la seguridad por qu\u00e9 ignoraron las propuestas estudiantiles de seguridad? que desde el semestre pasado las consejer\u00edas entregaron a direcci\u00f3n.<\/p>\n<p>Propuesta que se basa en nuestras experiencias cotidianas al vivir d\u00eda a d\u00eda las realidades en nuestras unidades, y que incluye trabajar en la iluminaci\u00f3n del exterior del recinto, la colocaci\u00f3n reflectores en las entradas, la rotaci\u00f3n total del personal de vigilancia, adem\u00e1s de la vinculaci\u00f3n e integraci\u00f3n con los vecinos a rededor de la unidad, los habitantes de la colonia quienes padecen de las mismas problem\u00e1ticas. Consideramos que la seguridad se construye en comunidad, apoy\u00e1ndonos mutuamente en las problem\u00e1ticas que nos unen: trabajando desde la inclusi\u00f3n, la apertura, honestidad y la transparencia; y no a trav\u00e9s de la coacci\u00f3n, la intimidaci\u00f3n y la vigilancia, que han caracterizado a la presente administraci\u00f3n universitaria.<\/p>\n<p>Acudimos a la universidad, pagando inscripciones y fideicomisos a fin de obtener las herramientas necesarias para formarnos de manera acad\u00e9mica e integral, por lo tanto esperamos pol\u00edticas congruentes tanto con las carreras que estudiamos, como con el estado de nuestras Unidades, y con la realidad en la que se encuentra el pa\u00eds. Sobre todo, sabemos que el presupuesto debe emplearse para fomentar el aprendizaje y no la coerci\u00f3n, queremos equipo para aprender<\/p>\n<p>C\u00e1maras para estudiar, no para vigilar.<br \/>\nUnidad de humanidades, Xalapa, Veracruz a 28 de Abril 2015<\/p>\n<p><a href=\"http:\/\/zapateando.wordpress.com\/2015\/04\/29\/carta-de-estudiantes-trabajadores-y-profesores-de-la-unidad-de-humanidades-uv-en-rechazo-a-la-instalacion-de-camaras\/\" target=\"_blank\">http:\/\/zapateando.wordpress.com\/2015\/04\/29\/carta-de-estudiantes-trabajadores-y-profesores-de-la-unidad-de-humanidades-uv-en-rechazo-a-la-instalacion-de-camaras\/<\/a><\/p>\n","protected":false},"excerpt":{"rendered":"<p>Por medio de esta carta publica miembros de la comunidad de humanidades, entre estudiantes, maestros y personal de la unidad presentes en la asamblea general de la Unidad de Humanidades &hellip; <a href=\"http:\/\/www.grieta.org.mx\/index.php\/2015\/04\/29\/carta-de-estudiantes-trabajadores-y-profesores-de-la-unidad-de-humanidades-uv\/\" class=\"more-link\">Leer m\u00e1s<\/a><\/p>\n","protected":false},"author":1,"featured_media":21928,"comment_status":"closed","ping_status":"open","sticky":false,"template":"","format":"standard","meta":{"ngg_post_thumbnail":0,"_jetpack_newsletter_access":"","_jetpack_dont_email_post_to_subs":false,"_jetpack_newsletter_tier_id":0,"_jetpack_memberships_contains_paywalled_content":false,"_jetpack_memberships_contains_paid_content":false,"footnotes":""},"categories":[80,257],"tags":[450],"class_list":["post-7348","post","type-post","status-publish","format-standard","has-post-thumbnail","hentry","category-cintillo","category-veracruz","tag-universidad-veracruzana","entry"],"jetpack_featured_media_url":"http:\/\/www.grieta.org.mx\/wp-content\/uploads\/2018\/03\/14524434_1106112876131411_958039263622046936_o.jpg","jetpack_sharing_enabled":true,"jetpack_shortlink":"https:\/\/wp.me\/p7ZJR4-1Uw","jetpack_likes_enabled":false,"jetpack-related-posts":[{"id":7342,"url":"http:\/\/www.grieta.org.mx\/index.php\/2016\/07\/06\/conflictos-en-la-universidad-veracruzana\/","url_meta":{"origin":7348,"position":0},"title":"Conflictos en la Universidad Veracruzana","author":"Admin","date":"6 julio, 2016","format":false,"excerpt":"Movilizaciones de la comunidad universitaria exigiendo el pago del adeudo del gobierno con la Universidad 06\/07\/16. La deuda de Javier Duarte con la Universidad Veracruzana crece 223 mdp en seis meses Animal Pol\u00edtico 31\/05\/16. Estudiantes toman sede Totonacapan de la Universidad Veracruzana Intercultural? Desinform\u00e9monos 27\/05\/16. Universitarios en Veracruz reiteran exigencia\u2026","rel":"","context":"En &quot;NOTICIAS NACIONALES&quot;","block_context":{"text":"NOTICIAS NACIONALES","link":"http:\/\/www.grieta.org.mx\/index.php\/category\/noticias-nacionales\/"},"img":{"alt_text":"","src":"https:\/\/i0.wp.com\/www.grieta.org.mx\/wp-content\/uploads\/2018\/03\/14524434_1106112876131411_958039263622046936_o.jpg?resize=350%2C200","width":350,"height":200,"srcset":"https:\/\/i0.wp.com\/www.grieta.org.mx\/wp-content\/uploads\/2018\/03\/14524434_1106112876131411_958039263622046936_o.jpg?resize=350%2C200 1x, https:\/\/i0.wp.com\/www.grieta.org.mx\/wp-content\/uploads\/2018\/03\/14524434_1106112876131411_958039263622046936_o.jpg?resize=525%2C300 1.5x, https:\/\/i0.wp.com\/www.grieta.org.mx\/wp-content\/uploads\/2018\/03\/14524434_1106112876131411_958039263622046936_o.jpg?resize=700%2C400 2x"},"classes":[]},{"id":45227,"url":"http:\/\/www.grieta.org.mx\/index.php\/2020\/02\/26\/en-paro-indefinido-facultades-de-ciencias-politicas-y-humanidades-de-uaemex-estado-de-mexico\/","url_meta":{"origin":7348,"position":1},"title":"En paro indefinido, facultades de Ciencias Pol\u00edticas y Humanidades de UAEM\u00e9x (Estado de M\u00e9xico)","author":"grieta","date":"26 febrero, 2020","format":false,"excerpt":"Foto: Jorge Alvarado \/ El Universal Claudia Gonz\u00e1lez \/ El Universal Esta medida es parte de la demanda de atenci\u00f3n a la ola de quejas por violencia de g\u00e9nero y acoso sexual; el rector Alfredo Barrera Baca rechaz\u00f3 que el conflicto haya rebasado a la instituci\u00f3n Los alumnos de las\u2026","rel":"","context":"En &quot;CINTILLO&quot;","block_context":{"text":"CINTILLO","link":"http:\/\/www.grieta.org.mx\/index.php\/category\/cintillo\/"},"img":{"alt_text":"","src":"https:\/\/i0.wp.com\/www.grieta.org.mx\/wp-content\/uploads\/2020\/02\/En-paro-indefinido-facultades-de-Ciencias-Pol%C3%ADticas-y-humanidades-de-uaemex-edomex-feb.jpg?resize=350%2C200","width":350,"height":200},"classes":[]},{"id":16853,"url":"http:\/\/www.grieta.org.mx\/index.php\/2016\/07\/11\/a-una-semana-de-las-movilizaciones-estudiantiles-en-la-universidad-autonoma-metropolitana\/","url_meta":{"origin":7348,"position":2},"title":"A una semana de las movilizaciones estudiantiles en la Universidad Aut\u00f3noma\u00a0Metropolitana","author":"grieta","date":"11 julio, 2016","format":false,"excerpt":"Por Andrea del Carmen Quiroz Sierra Foto por: Sof\u00eda Benedicto Domingo 10 de Julio.\u00a0Los acontecimientos acaecidos en los \u00faltimos d\u00edas en las distintas Unidades de la Universidad Aut\u00f3noma Metropolitana (UAM) y en la Rector\u00eda General de esa casa de estudios, se ubican el contexto de la Reforma Educativa, y son\u2026","rel":"","context":"En &quot;CINTILLO&quot;","block_context":{"text":"CINTILLO","link":"http:\/\/www.grieta.org.mx\/index.php\/category\/cintillo\/"},"img":{"alt_text":"","src":"https:\/\/i0.wp.com\/www.grieta.org.mx\/wp-content\/uploads\/2018\/03\/14524434_1106112876131411_958039263622046936_o.jpg?resize=350%2C200","width":350,"height":200,"srcset":"https:\/\/i0.wp.com\/www.grieta.org.mx\/wp-content\/uploads\/2018\/03\/14524434_1106112876131411_958039263622046936_o.jpg?resize=350%2C200 1x, https:\/\/i0.wp.com\/www.grieta.org.mx\/wp-content\/uploads\/2018\/03\/14524434_1106112876131411_958039263622046936_o.jpg?resize=525%2C300 1.5x, https:\/\/i0.wp.com\/www.grieta.org.mx\/wp-content\/uploads\/2018\/03\/14524434_1106112876131411_958039263622046936_o.jpg?resize=700%2C400 2x"},"classes":[]},{"id":41420,"url":"http:\/\/www.grieta.org.mx\/index.php\/2019\/11\/19\/por-denuncias-de-acoso-cch-azcapotzalco-suspende-clases-este-miercoles-ciudad-de-mexico\/","url_meta":{"origin":7348,"position":3},"title":"Por denuncias de acoso, CCH Azcapotzalco suspende clases este mi\u00e9rcoles (Ciudad de M\u00e9xico)","author":"grieta","date":"19 noviembre, 2019","format":false,"excerpt":"Milenio Estudiantes realizaron una asamblea donde denunciaron casos de violencia de g\u00e9nero, por lo que autoridades informaron que el jueves y viernes la Unidad para la Atenci\u00f3n y Seguimiento de Denuncias estar\u00e1 en el plantel. La direcci\u00f3n del Colegio de Ciencias y Humanidades (CCH) Azcapotzalco inform\u00f3 que suspender\u00e1 las clases\u2026","rel":"","context":"En &quot;CINTILLO&quot;","block_context":{"text":"CINTILLO","link":"http:\/\/www.grieta.org.mx\/index.php\/category\/cintillo\/"},"img":{"alt_text":"","src":"https:\/\/i0.wp.com\/www.grieta.org.mx\/wp-content\/uploads\/2019\/11\/Por-denuncias-de-acoso-CCH-Azcapotzalco-suspende-clases-este-mi%C3%A9rcoles-cdmx-nov.jpg?resize=350%2C200","width":350,"height":200,"srcset":"https:\/\/i0.wp.com\/www.grieta.org.mx\/wp-content\/uploads\/2019\/11\/Por-denuncias-de-acoso-CCH-Azcapotzalco-suspende-clases-este-mi%C3%A9rcoles-cdmx-nov.jpg?resize=350%2C200 1x, https:\/\/i0.wp.com\/www.grieta.org.mx\/wp-content\/uploads\/2019\/11\/Por-denuncias-de-acoso-CCH-Azcapotzalco-suspende-clases-este-mi%C3%A9rcoles-cdmx-nov.jpg?resize=525%2C300 1.5x, https:\/\/i0.wp.com\/www.grieta.org.mx\/wp-content\/uploads\/2019\/11\/Por-denuncias-de-acoso-CCH-Azcapotzalco-suspende-clases-este-mi%C3%A9rcoles-cdmx-nov.jpg?resize=700%2C400 2x"},"classes":[]},{"id":16861,"url":"http:\/\/www.grieta.org.mx\/index.php\/2016\/07\/15\/el-silencio-otorga-rectora-de-uam-xochimilco-se-niega-a-dialogar\/","url_meta":{"origin":7348,"position":4},"title":"El silencio otorga: Rectora de UAM Xochimilco se niega a\u00a0dialogar","author":"grieta","date":"15 julio, 2016","format":false,"excerpt":"Texto por Andrea del Carmen Quiroz Sierra Fotograf\u00edas por Sof\u00eda Benedicto. En la mesa de di\u00e1logo entre representantes estudiantiles de la UAM y Salvador Vega y Le\u00f3n -Rector General de la UAM-\u00a0 convocada el mi\u00e9rcoles 13 de julio a las 12:00 en la UAM Iztapalapa, los alumnos rechazaron las propuestas\u2026","rel":"","context":"En &quot;CINTILLO&quot;","block_context":{"text":"CINTILLO","link":"http:\/\/www.grieta.org.mx\/index.php\/category\/cintillo\/"},"img":{"alt_text":"","src":"https:\/\/i0.wp.com\/www.grieta.org.mx\/wp-content\/uploads\/2018\/03\/14524434_1106112876131411_958039263622046936_o.jpg?resize=350%2C200","width":350,"height":200,"srcset":"https:\/\/i0.wp.com\/www.grieta.org.mx\/wp-content\/uploads\/2018\/03\/14524434_1106112876131411_958039263622046936_o.jpg?resize=350%2C200 1x, https:\/\/i0.wp.com\/www.grieta.org.mx\/wp-content\/uploads\/2018\/03\/14524434_1106112876131411_958039263622046936_o.jpg?resize=525%2C300 1.5x, https:\/\/i0.wp.com\/www.grieta.org.mx\/wp-content\/uploads\/2018\/03\/14524434_1106112876131411_958039263622046936_o.jpg?resize=700%2C400 2x"},"classes":[]},{"id":71431,"url":"http:\/\/www.grieta.org.mx\/index.php\/2025\/03\/25\/se-agudiza-conflicto-entre-estudiantes-y-directivos-de-la-enes-yucatan\/","url_meta":{"origin":7348,"position":5},"title":"Se agudiza conflicto entre estudiantes y directivos de la ENES (Yucat\u00e1n)","author":"grieta","date":"25 marzo, 2025","format":false,"excerpt":"Herbeth Escalante \/ Haz Ruido Las autoridades aseguran que se agot\u00f3 el di\u00e1logo y exigen la devoluci\u00f3n inmediata de las instalaciones. Miembros de la CEO reprobaron la exigencia de firmar la carta de no represalias como condici\u00f3n para la entrega del plantel. M\u00e9rida, Yucat\u00e1n, 25 de marzo de 2025.- La\u2026","rel":"","context":"En &quot;CINTILLO&quot;","block_context":{"text":"CINTILLO","link":"http:\/\/www.grieta.org.mx\/index.php\/category\/cintillo\/"},"img":{"alt_text":"","src":"https:\/\/i0.wp.com\/www.grieta.org.mx\/wp-content\/uploads\/2025\/03\/ENES-e1743198765939.jpg?resize=350%2C200","width":350,"height":200,"srcset":"https:\/\/i0.wp.com\/www.grieta.org.mx\/wp-content\/uploads\/2025\/03\/ENES-e1743198765939.jpg?resize=350%2C200 1x, https:\/\/i0.wp.com\/www.grieta.org.mx\/wp-content\/uploads\/2025\/03\/ENES-e1743198765939.jpg?resize=525%2C300 1.5x, https:\/\/i0.wp.com\/www.grieta.org.mx\/wp-content\/uploads\/2025\/03\/ENES-e1743198765939.jpg?resize=700%2C400 2x"},"classes":[]}],"_links":{"self":[{"href":"http:\/\/www.grieta.org.mx\/index.php\/wp-json\/wp\/v2\/posts\/7348","targetHints":{"allow":["GET"]}}],"collection":[{"href":"http:\/\/www.grieta.org.mx\/index.php\/wp-json\/wp\/v2\/posts"}],"about":[{"href":"http:\/\/www.grieta.org.mx\/index.php\/wp-json\/wp\/v2\/types\/post"}],"author":[{"embeddable":true,"href":"http:\/\/www.grieta.org.mx\/index.php\/wp-json\/wp\/v2\/users\/1"}],"replies":[{"embeddable":true,"href":"http:\/\/www.grieta.org.mx\/index.php\/wp-json\/wp\/v2\/comments?post=7348"}],"version-history":[{"count":1,"href":"http:\/\/www.grieta.org.mx\/index.php\/wp-json\/wp\/v2\/posts\/7348\/revisions"}],"predecessor-version":[{"id":7351,"href":"http:\/\/www.grieta.org.mx\/index.php\/wp-json\/wp\/v2\/posts\/7348\/revisions\/7351"}],"wp:featuredmedia":[{"embeddable":true,"href":"http:\/\/www.grieta.org.mx\/index.php\/wp-json\/wp\/v2\/media\/21928"}],"wp:attachment":[{"href":"http:\/\/www.grieta.org.mx\/index.php\/wp-json\/wp\/v2\/media?parent=7348"}],"wp:term":[{"taxonomy":"category","embeddable":true,"href":"http:\/\/www.grieta.org.mx\/index.php\/wp-json\/wp\/v2\/categories?post=7348"},{"taxonomy":"post_tag","embeddable":true,"href":"http:\/\/www.grieta.org.mx\/index.php\/wp-json\/wp\/v2\/tags?post=7348"}],"curies":[{"name":"wp","href":"https:\/\/api.w.org\/{rel}","templated":true}]}}