{"id":7343,"date":"2016-03-10T16:14:48","date_gmt":"2016-03-10T16:14:48","guid":{"rendered":"http:\/\/50.22.11.12\/~grietaor\/?p=7343"},"modified":"2016-03-29T16:17:45","modified_gmt":"2016-03-29T16:17:45","slug":"marchan-mas-de-30-mil-contra-duarte-por-deuda-con-la-universidad-veracruzana","status":"publish","type":"post","link":"http:\/\/www.grieta.org.mx\/index.php\/2016\/03\/10\/marchan-mas-de-30-mil-contra-duarte-por-deuda-con-la-universidad-veracruzana\/","title":{"rendered":"Marchan m\u00e1s de 30 mil contra Duarte por deuda con la Universidad Veracruzana"},"content":{"rendered":"<p>No\u00e9 Zavaleta<\/p>\n<p><img decoding=\"async\" data-attachment-id=\"7344\" data-permalink=\"http:\/\/www.grieta.org.mx\/index.php\/2016\/03\/10\/marchan-mas-de-30-mil-contra-duarte-por-deuda-con-la-universidad-veracruzana\/b00b1e922caf62bd23-160310_veracruz_mac_02-c-702x468\/\" data-orig-file=\"http:\/\/www.grieta.org.mx\/wp-content\/uploads\/2016\/03\/b00b1e922caf62bd23-160310_veracruz_mac_02-c-702x468.jpg\" data-orig-size=\"702,468\" data-comments-opened=\"0\" data-image-meta=\"{&quot;aperture&quot;:&quot;0&quot;,&quot;credit&quot;:&quot;&quot;,&quot;camera&quot;:&quot;&quot;,&quot;caption&quot;:&quot;&quot;,&quot;created_timestamp&quot;:&quot;0&quot;,&quot;copyright&quot;:&quot;MAC&quot;,&quot;focal_length&quot;:&quot;0&quot;,&quot;iso&quot;:&quot;0&quot;,&quot;shutter_speed&quot;:&quot;0&quot;,&quot;title&quot;:&quot;&quot;,&quot;orientation&quot;:&quot;0&quot;}\" data-image-title=\"b00b1e922caf62bd23-160310_veracruz_mac_02-c-702&amp;#215;468\" data-image-description=\"\" data-image-caption=\"\" data-medium-file=\"http:\/\/www.grieta.org.mx\/wp-content\/uploads\/2016\/03\/b00b1e922caf62bd23-160310_veracruz_mac_02-c-702x468-300x200.jpg\" data-large-file=\"http:\/\/www.grieta.org.mx\/wp-content\/uploads\/2016\/03\/b00b1e922caf62bd23-160310_veracruz_mac_02-c-702x468.jpg\" src=\"http:\/\/grieta.org.mx\/wp-content\/uploads\/2016\/03\/b00b1e922caf62bd23-160310_veracruz_mac_02-c-702x468.jpg\" alt=\"b00b1e922caf62bd23-160310_veracruz_mac_02-c-702x468\" width=\"100%\"  class=\"aligncenter size-full wp-image-7344\" srcset=\"http:\/\/www.grieta.org.mx\/wp-content\/uploads\/2016\/03\/b00b1e922caf62bd23-160310_veracruz_mac_02-c-702x468.jpg 702w, http:\/\/www.grieta.org.mx\/wp-content\/uploads\/2016\/03\/b00b1e922caf62bd23-160310_veracruz_mac_02-c-702x468-300x200.jpg 300w\" sizes=\"(max-width: 702px) 100vw, 702px\" \/><\/p>\n<p>XALAPA, Ver. (apro).- Ni las bajas temperaturas ni la llovizna inhibieron a los m\u00e1s de 30 mil universitarios, acad\u00e9micos, investigadores, exalumnos y familiares de trabajadores de la Universidad Veracruzana para salir a las calles de Xalapa, Coatzacoalcos, Veracruz, Boca del R\u00edo, Poza Rica, C\u00f3rdoba, Orizaba y Tuxpan a exigir al gobierno del priista Javier Duarte el cumplimiento de sus demandas.<\/p>\n<p>Las exigencias se concentraron en el respeto a la autonom\u00eda universitaria reflejado en un 5% anual de la ley de ingresos, el pronto pago de dos mil millones de pesos para infraestructura y programas acad\u00e9micos atorados desde principios del sexenio, as\u00ed como un alto a la asfixia financiera.<\/p>\n<p>Este jueves, la concentraci\u00f3n masiva ocurri\u00f3 en Xalapa, donde cerca de 17 mil manifestantes salieron hacia el centro hist\u00f3rico de la capital del estado al coro del \u201cCielito lindo\u201d y al ritmo de jaranas con mariachi y m\u00fasica de viento, adem\u00e1s de las consignas que fustigaban el gobierno de Duarte de Ochoa.<\/p>\n<p>\u201c\u00a1Duarte ratero, regresa el dinero!\u201d, \u201c\u00a1UV, te quiero, por eso te defiendo!\u201d, \u201c\u00a1Todos somos UV!\u201d y hasta la cl\u00e1sica expresi\u00f3n futbolera de \u201c\u00a1Eeeeh putoooo!\u201d.<\/p>\n<p>La reuni\u00f3n ocurri\u00f3 en el circuito Lomas del Estadio, que agrupa la Rector\u00eda, las facultades de Derecho, Ingenier\u00edas, Contadur\u00eda, Administraci\u00f3n y Biolog\u00eda, entre otras. En otras zonas tambi\u00e9n hubo manifestaciones de estudiantes de Humanidades, Econom\u00eda, Psicolog\u00eda y Antropolog\u00eda.<\/p>\n<p>En la protesta, cada facultad coloc\u00f3 cordones de seguridad y coordinadores de grupo para evitar infiltraciones de grupos anarquistas o desestabilizadores, presuntamente pagados por el gobierno para romper el car\u00e1cter pac\u00edfico de la concentraci\u00f3n.<\/p>\n<p>\u201cNos tienen que pagar\u201d, dice rectora<\/p>\n<p>Por primera vez en lo que va del movimiento, la rectora de la UV, Sara Ladr\u00f3n de Guevara, dej\u00f3 de enviar desplegados a los medios de comunicaci\u00f3n locales y de escribir tuits indirectos con el gobernador Javier Duarte y sali\u00f3 a encabezar la marcha para exigir el reclamo de la autonom\u00eda universitaria.<\/p>\n<p>En la Plaza Lerdo \u2013rebautizada como Regina Mart\u00ednez, el nombre de la corresponsal de Proceso asesinada en 2012\u2013 la funcionaria se coloc\u00f3 en direcci\u00f3n a la oficina donde despacha Duarte de Ochoa y dijo:<\/p>\n<p>\u201cNos deben\u2026 y nos tienen que pagar. Reconozco que la autonom\u00eda financiera puede ser un camino para no depender del juicio o la discrecionalidad de un funcionario en turno, pero \u00e9sta debe responder a nuestra magnitud, sin recargos ni compromisos ajenos\u201d.<\/p>\n<p>Del lado del inmueble gubernamental, las oficinas del palacio de Gobierno permanecieron cerradas. A discreci\u00f3n, unas diez \u201corejas\u201d o esp\u00edas de la Secretar\u00eda de Seguridad P\u00fablica (SSP) y de la Subsecretar\u00eda de Gobierno pasaban v\u00eda celular un puntual reporte del avance de la mega concentraci\u00f3n.<\/p>\n<p>En cada contingente universitario, los alumnos pusieron el folklor a la marcha. Unos lo hicieron con una pi\u00f1ata de un cerdo rosa \u201czangoloteado\u201d frente al Palacio de Gobierno. Otros, con c\u00e1nticos de futbol. El grupo Tlenhuicani \u2013de la UV- llev\u00f3 jaranas y arpas. Los maestros de Educaci\u00f3n F\u00edsica dirig\u00edan las consignas contra el gobierno con silbatos y unos m\u00e1s solo acudieron en se\u00f1al de solidaridad.<\/p>\n<p>Como un hecho in\u00e9dito, familias enteras se asomaron a los balcones y terrazas de sus viviendas para mostrar su solidaridad con la comunidad universitaria. Automovilistas y taxistas que en otras ocasiones fustigan el congestionamiento vehicular a causa de las marchas, esta vez hicieron sonar sus claxons en se\u00f1al de aprobaci\u00f3n.<\/p>\n<p>Antes de concluir el evento, la rectora de la Universidad Veracruzana (UV) tambi\u00e9n lanz\u00f3 un reproche al gobierno de Duarte y a su aparato de seguridad y procuraci\u00f3n de justicia por la ola de inseguridad que vive la entidad y el alto grado de impunidad, afectando el principalmente a j\u00f3venes de territorio jarocho.<\/p>\n<p>\u201cNos deben una juventud sin miedo, nos deben a los desaparecidos. Nos deben la paz de los violentados y la de sus familias. Nos deben recursos que son sus obligaciones. Nos deben los derechos de nuestros jubilados. Nos deben las libertades y las capacidades cr\u00edticas generadas por el conocimiento. Nos deben la certeza de nuestros trabajos y los sue\u00f1os de nuestros j\u00f3venes\u201d.<\/p>\n<p>Una hora antes en el gimnasio universitario \u201cMiguel \u00c1ngel R\u00edos\u201d, la rectora Sara Ladr\u00f3n asegur\u00f3 que ya entr\u00f3 en contacto con autoridades federales para hacer patente el reclamo de los recursos que tiene como pasivos severos el gobierno priista.<\/p>\n<p>En la zona conurbada de Veracruz-Boca del R\u00edo, la concentraci\u00f3n universitaria se hizo en el z\u00f3calo porte\u00f1o a ritmo de salsa, pues la orquesta Moscovita, cuyo origen radica en la Universidad Veracruzana, cre\u00f3 \u201cLa UV no se toca\u201d como una especie de himno para reclamar a Duarte de Ochoa los recursos pendientes.<\/p>\n<p>En Coatzacoalcos, C\u00f3rdoba y dem\u00e1s campus, unos 10 mil estudiantes, maestros y exuniversitarios salieron a las calles a reprochar al gobierno estatal la falta de liquidez financiera que hoy tiene sumida a la educaci\u00f3n superior en una severa crisis.<\/p>\n<p><a href=\"http:\/\/www.proceso.com.mx\/433079\/marchan-30-mil-deuda-duarte-la-universidad-veracruzana\" target=\"_blank\">http:\/\/www.proceso.com.mx\/433079\/marchan-30-mil-deuda-duarte-la-universidad-veracruzana<\/a><\/p>\n","protected":false},"excerpt":{"rendered":"<p>No\u00e9 Zavaleta XALAPA, Ver. (apro).- Ni las bajas temperaturas ni la llovizna inhibieron a los m\u00e1s de 30 mil universitarios, acad\u00e9micos, investigadores, exalumnos y familiares de trabajadores de la Universidad &hellip; <a href=\"http:\/\/www.grieta.org.mx\/index.php\/2016\/03\/10\/marchan-mas-de-30-mil-contra-duarte-por-deuda-con-la-universidad-veracruzana\/\" class=\"more-link\">Leer m\u00e1s<\/a><\/p>\n","protected":false},"author":1,"featured_media":21928,"comment_status":"closed","ping_status":"open","sticky":false,"template":"","format":"standard","meta":{"ngg_post_thumbnail":0,"_jetpack_newsletter_access":"","_jetpack_dont_email_post_to_subs":false,"_jetpack_newsletter_tier_id":0,"_jetpack_memberships_contains_paywalled_content":false,"_jetpack_memberships_contains_paid_content":false,"footnotes":""},"categories":[80,257],"tags":[450],"class_list":["post-7343","post","type-post","status-publish","format-standard","has-post-thumbnail","hentry","category-cintillo","category-veracruz","tag-universidad-veracruzana","entry"],"jetpack_featured_media_url":"http:\/\/www.grieta.org.mx\/wp-content\/uploads\/2018\/03\/14524434_1106112876131411_958039263622046936_o.jpg","jetpack_sharing_enabled":true,"jetpack_shortlink":"https:\/\/wp.me\/p7ZJR4-1Ur","jetpack_likes_enabled":false,"jetpack-related-posts":[{"id":13726,"url":"http:\/\/www.grieta.org.mx\/index.php\/2016\/05\/27\/universitarios-en-veracruz-reiteran-exigencia-a-duarte-para-que-pague-adeudos\/","url_meta":{"origin":7343,"position":0},"title":"Universitarios en Veracruz reiteran exigencia a Duarte para que pague adeudos","author":"grieta","date":"27 mayo, 2016","format":false,"excerpt":"XALAPA, Ver (apro).- Bajo la consigna de \u201cDuarte ratero, regresa el dinero\u201d, alrededor de diez mil universitarios, docentes, investigadores y exalumnos de la Universidad Veracruzana (UV) salieron a las calles para exigirle al gobierno del priista Javier Duarte que pague los mil 165 millones de pesos de deuda restante con\u2026","rel":"","context":"En &quot;CINTILLO&quot;","block_context":{"text":"CINTILLO","link":"http:\/\/www.grieta.org.mx\/index.php\/category\/cintillo\/"},"img":{"alt_text":"","src":"https:\/\/i0.wp.com\/www.grieta.org.mx\/wp-content\/uploads\/2018\/03\/14524434_1106112876131411_958039263622046936_o.jpg?resize=350%2C200","width":350,"height":200,"srcset":"https:\/\/i0.wp.com\/www.grieta.org.mx\/wp-content\/uploads\/2018\/03\/14524434_1106112876131411_958039263622046936_o.jpg?resize=350%2C200 1x, https:\/\/i0.wp.com\/www.grieta.org.mx\/wp-content\/uploads\/2018\/03\/14524434_1106112876131411_958039263622046936_o.jpg?resize=525%2C300 1.5x, https:\/\/i0.wp.com\/www.grieta.org.mx\/wp-content\/uploads\/2018\/03\/14524434_1106112876131411_958039263622046936_o.jpg?resize=700%2C400 2x"},"classes":[]},{"id":10553,"url":"http:\/\/www.grieta.org.mx\/index.php\/2016\/04\/04\/entregan-mas-de-60-mil-firmas-para-que-duarte-pague-adeudos-de-universidad-veracruzana\/","url_meta":{"origin":7343,"position":1},"title":"Entregan m\u00e1s de 60 mil firmas para que Duarte pague adeudos de Universidad Veracruzana","author":"grieta","date":"4 abril, 2016","format":false,"excerpt":"Al d\u00eda de hoy, la Secretar\u00eda de Finanzas y planeaci\u00f3n adeuda a la m\u00e1xima casa de estudios 2 mil 76 millones de pesos, de \u00e9sos, mil 625 corresponden al subsidio estatal y 451 millones al federal\u201d, as\u00ed lo denunciaron los integrantes del colectivo en defensa de la UV. Leticia V\u00e1zquez\u2026","rel":"","context":"En &quot;CINTILLO&quot;","block_context":{"text":"CINTILLO","link":"http:\/\/www.grieta.org.mx\/index.php\/category\/cintillo\/"},"img":{"alt_text":"","src":"https:\/\/i0.wp.com\/www.grieta.org.mx\/wp-content\/uploads\/2018\/03\/14524434_1106112876131411_958039263622046936_o.jpg?resize=350%2C200","width":350,"height":200,"srcset":"https:\/\/i0.wp.com\/www.grieta.org.mx\/wp-content\/uploads\/2018\/03\/14524434_1106112876131411_958039263622046936_o.jpg?resize=350%2C200 1x, https:\/\/i0.wp.com\/www.grieta.org.mx\/wp-content\/uploads\/2018\/03\/14524434_1106112876131411_958039263622046936_o.jpg?resize=525%2C300 1.5x, https:\/\/i0.wp.com\/www.grieta.org.mx\/wp-content\/uploads\/2018\/03\/14524434_1106112876131411_958039263622046936_o.jpg?resize=700%2C400 2x"},"classes":[]},{"id":7342,"url":"http:\/\/www.grieta.org.mx\/index.php\/2016\/07\/06\/conflictos-en-la-universidad-veracruzana\/","url_meta":{"origin":7343,"position":2},"title":"Conflictos en la Universidad Veracruzana","author":"Admin","date":"6 julio, 2016","format":false,"excerpt":"Movilizaciones de la comunidad universitaria exigiendo el pago del adeudo del gobierno con la Universidad 06\/07\/16. La deuda de Javier Duarte con la Universidad Veracruzana crece 223 mdp en seis meses Animal Pol\u00edtico 31\/05\/16. Estudiantes toman sede Totonacapan de la Universidad Veracruzana Intercultural? Desinform\u00e9monos 27\/05\/16. Universitarios en Veracruz reiteran exigencia\u2026","rel":"","context":"En &quot;NOTICIAS NACIONALES&quot;","block_context":{"text":"NOTICIAS NACIONALES","link":"http:\/\/www.grieta.org.mx\/index.php\/category\/noticias-nacionales\/"},"img":{"alt_text":"","src":"https:\/\/i0.wp.com\/www.grieta.org.mx\/wp-content\/uploads\/2018\/03\/14524434_1106112876131411_958039263622046936_o.jpg?resize=350%2C200","width":350,"height":200,"srcset":"https:\/\/i0.wp.com\/www.grieta.org.mx\/wp-content\/uploads\/2018\/03\/14524434_1106112876131411_958039263622046936_o.jpg?resize=350%2C200 1x, https:\/\/i0.wp.com\/www.grieta.org.mx\/wp-content\/uploads\/2018\/03\/14524434_1106112876131411_958039263622046936_o.jpg?resize=525%2C300 1.5x, https:\/\/i0.wp.com\/www.grieta.org.mx\/wp-content\/uploads\/2018\/03\/14524434_1106112876131411_958039263622046936_o.jpg?resize=700%2C400 2x"},"classes":[]},{"id":21831,"url":"http:\/\/www.grieta.org.mx\/index.php\/2018\/02\/22\/denuncian-mas-de-20-desapariciones-de-estudiantes-de-la-universidad-veracruzana\/","url_meta":{"origin":7343,"position":3},"title":"Denuncian m\u00e1s de 20 desapariciones de estudiantes de la Universidad Veracruzana","author":"Admin","date":"22 febrero, 2018","format":false,"excerpt":"Por No\u00e9 Zavaleta XALAPA, Ver. (apro).- La investigadora del Instituto de Investigaciones Hist\u00f3rico-Sociales de la Universidad Veracruzana (UV), Ros\u00edo C\u00f3rdova Plaza, inform\u00f3 que se han registrado 20 desapariciones de estudiantes en los \u00faltimos tiempos, adem\u00e1s de que no cesan la violencia, los \u201clevantones\u201d y robos contra estudiantes de la comunidad\u2026","rel":"","context":"En &quot;CINTILLO&quot;","block_context":{"text":"CINTILLO","link":"http:\/\/www.grieta.org.mx\/index.php\/category\/cintillo\/"},"img":{"alt_text":"","src":"https:\/\/i0.wp.com\/www.grieta.org.mx\/wp-content\/uploads\/2018\/02\/130d45f8f7c220da22-161010_genesis_yc3-c-702x468.jpg?resize=350%2C200","width":350,"height":200,"srcset":"https:\/\/i0.wp.com\/www.grieta.org.mx\/wp-content\/uploads\/2018\/02\/130d45f8f7c220da22-161010_genesis_yc3-c-702x468.jpg?resize=350%2C200 1x, https:\/\/i0.wp.com\/www.grieta.org.mx\/wp-content\/uploads\/2018\/02\/130d45f8f7c220da22-161010_genesis_yc3-c-702x468.jpg?resize=525%2C300 1.5x, https:\/\/i0.wp.com\/www.grieta.org.mx\/wp-content\/uploads\/2018\/02\/130d45f8f7c220da22-161010_genesis_yc3-c-702x468.jpg?resize=700%2C400 2x"},"classes":[]},{"id":7355,"url":"http:\/\/www.grieta.org.mx\/index.php\/2015\/10\/02\/ataca-grupo-de-hombres-armados-a-estudiantes-de-la-universidad-veracruzana\/","url_meta":{"origin":7343,"position":4},"title":"Ataca grupo de hombres armados a estudiantes de la Universidad Veracruzana","author":"Admin","date":"2 octubre, 2015","format":false,"excerpt":"02\/10\/15. 5 de junio no se olvida: universitarios en marcha por el 2 de octubre (VIDEO) Zapateando 02\/10\/15. 5 de Junio, no se olvida (VIDEO) Zapateando 13\/07\/15. El Estado categoriza al activismo como un foco de desestabilizaci\u00f3n social: estudiantes golpeados de Xalapa Peri\u00f3dico Activista 16\/06\/15. Estudiantes agredidos en Veracruz denuncian\u2026","rel":"","context":"En &quot;NOTICIAS NACIONALES&quot;","block_context":{"text":"NOTICIAS NACIONALES","link":"http:\/\/www.grieta.org.mx\/index.php\/category\/noticias-nacionales\/"},"img":{"alt_text":"","src":"https:\/\/i0.wp.com\/www.grieta.org.mx\/wp-content\/uploads\/2018\/03\/14524434_1106112876131411_958039263622046936_o.jpg?resize=350%2C200","width":350,"height":200,"srcset":"https:\/\/i0.wp.com\/www.grieta.org.mx\/wp-content\/uploads\/2018\/03\/14524434_1106112876131411_958039263622046936_o.jpg?resize=350%2C200 1x, https:\/\/i0.wp.com\/www.grieta.org.mx\/wp-content\/uploads\/2018\/03\/14524434_1106112876131411_958039263622046936_o.jpg?resize=525%2C300 1.5x, https:\/\/i0.wp.com\/www.grieta.org.mx\/wp-content\/uploads\/2018\/03\/14524434_1106112876131411_958039263622046936_o.jpg?resize=700%2C400 2x"},"classes":[]},{"id":16693,"url":"http:\/\/www.grieta.org.mx\/index.php\/2016\/07\/06\/la-deuda-de-javier-duarte-con-la-universidad-veracruzana-crece-223-mdp-en-seis-meses\/","url_meta":{"origin":7343,"position":5},"title":"La deuda de Javier Duarte con la Universidad Veracruzana crece 223 mdp en seis meses","author":"Admin","date":"6 julio, 2016","format":false,"excerpt":"El monto del adeudo que el gobierno de Javier Duarte mantiene con la Universidad es mayor al presupuesto que el gobierno veracruzano autoriz\u00f3 a esa casa de estudios para este a\u00f1o Sandra Isabel Jim\u00e9nez Mateos La Universidad Veracruzana (UV) sigue en el limbo presupuestal: la actual administraci\u00f3n del gobernador Javier\u2026","rel":"","context":"En &quot;CINTILLO&quot;","block_context":{"text":"CINTILLO","link":"http:\/\/www.grieta.org.mx\/index.php\/category\/cintillo\/"},"img":{"alt_text":"","src":"https:\/\/i0.wp.com\/www.grieta.org.mx\/wp-content\/uploads\/2018\/03\/14524434_1106112876131411_958039263622046936_o.jpg?resize=350%2C200","width":350,"height":200,"srcset":"https:\/\/i0.wp.com\/www.grieta.org.mx\/wp-content\/uploads\/2018\/03\/14524434_1106112876131411_958039263622046936_o.jpg?resize=350%2C200 1x, https:\/\/i0.wp.com\/www.grieta.org.mx\/wp-content\/uploads\/2018\/03\/14524434_1106112876131411_958039263622046936_o.jpg?resize=525%2C300 1.5x, https:\/\/i0.wp.com\/www.grieta.org.mx\/wp-content\/uploads\/2018\/03\/14524434_1106112876131411_958039263622046936_o.jpg?resize=700%2C400 2x"},"classes":[]}],"_links":{"self":[{"href":"http:\/\/www.grieta.org.mx\/index.php\/wp-json\/wp\/v2\/posts\/7343","targetHints":{"allow":["GET"]}}],"collection":[{"href":"http:\/\/www.grieta.org.mx\/index.php\/wp-json\/wp\/v2\/posts"}],"about":[{"href":"http:\/\/www.grieta.org.mx\/index.php\/wp-json\/wp\/v2\/types\/post"}],"author":[{"embeddable":true,"href":"http:\/\/www.grieta.org.mx\/index.php\/wp-json\/wp\/v2\/users\/1"}],"replies":[{"embeddable":true,"href":"http:\/\/www.grieta.org.mx\/index.php\/wp-json\/wp\/v2\/comments?post=7343"}],"version-history":[{"count":1,"href":"http:\/\/www.grieta.org.mx\/index.php\/wp-json\/wp\/v2\/posts\/7343\/revisions"}],"predecessor-version":[{"id":7345,"href":"http:\/\/www.grieta.org.mx\/index.php\/wp-json\/wp\/v2\/posts\/7343\/revisions\/7345"}],"wp:featuredmedia":[{"embeddable":true,"href":"http:\/\/www.grieta.org.mx\/index.php\/wp-json\/wp\/v2\/media\/21928"}],"wp:attachment":[{"href":"http:\/\/www.grieta.org.mx\/index.php\/wp-json\/wp\/v2\/media?parent=7343"}],"wp:term":[{"taxonomy":"category","embeddable":true,"href":"http:\/\/www.grieta.org.mx\/index.php\/wp-json\/wp\/v2\/categories?post=7343"},{"taxonomy":"post_tag","embeddable":true,"href":"http:\/\/www.grieta.org.mx\/index.php\/wp-json\/wp\/v2\/tags?post=7343"}],"curies":[{"name":"wp","href":"https:\/\/api.w.org\/{rel}","templated":true}]}}