{"id":7342,"date":"2016-07-06T16:13:00","date_gmt":"2016-07-06T21:13:00","guid":{"rendered":"http:\/\/50.22.11.12\/~grietaor\/?p=7342"},"modified":"2016-07-14T17:19:56","modified_gmt":"2016-07-14T22:19:56","slug":"conflictos-en-la-universidad-veracruzana","status":"publish","type":"post","link":"http:\/\/www.grieta.org.mx\/index.php\/2016\/07\/06\/conflictos-en-la-universidad-veracruzana\/","title":{"rendered":"Conflictos en la Universidad Veracruzana"},"content":{"rendered":"<hr \/>\n<p><subtit>Movilizaciones de la comunidad universitaria exigiendo el pago del adeudo del gobierno con la Universidad<\/subtit><\/p>\n<hr \/>\n<p><strong>06\/07\/16. <\/strong><a href=\"http:\/\/www.grieta.org.mx\/index.php\/2016\/07\/06\/la-deuda-de-javier-duarte-con-la-universidad-veracruzana-crece-223-mdp-en-seis-meses\/\">La deuda de Javier Duarte con la Universidad Veracruzana crece 223 mdp en seis meses<\/a><br \/>\n<em>Animal Pol\u00edtico<\/em><br  \/><\/p>\n<p><strong>31\/05\/16. <\/strong><a href=\"http:\/\/www.grieta.org.mx\/index.php\/2016\/05\/31\/estudiantes-toman-sede-totonacapan-de-la-universidad-veracruzana-intercultural\/\">Estudiantes toman sede Totonacapan de la Universidad Veracruzana Intercultural?<\/a><br \/>\n<em>Desinform\u00e9monos<\/em><br  \/><\/p>\n<p><strong>27\/05\/16. <\/strong><a href=\"hhttp:\/\/www.grieta.org.mx\/index.php\/2016\/05\/27\/universitarios-en-veracruz-reiteran-exigencia-a-duarte-para-que-pague-adeudos\/\">Universitarios en Veracruz reiteran exigencia a Duarte para que pague adeudos?<\/a><br \/>\n<em>Proceso<\/em><br  \/><\/p>\n<p><strong>26\/05\/16. <\/strong><a href=\"http:\/\/www.grieta.org.mx\/index.php\/2016\/05\/26\/sobran-los-motivos-para-ir-a-la-huelga-estudiantes-y-docentes-de-la-uv-se-desmarcan-de-la-rectoria\/\">Sobran los motivos para ir a la huelga: estudiantes y docentes de la UV se desmarcan de la rector\u00eda?<\/a><br \/>\n<em>Desinform\u00e9monos<\/em><br  \/><\/p>\n<p><strong>04\/04\/16. <\/strong><a href=\"http:\/\/www.grieta.org.mx\/index.php\/2016\/04\/04\/entregan-mas-de-60-mil-firmas-para-que-duarte-pague-adeudos-de-universidad-veracruzana\/\">Entregan m\u00e1s de 60 mil firmas para que Duarte pague adeudos de Universidad Veracruzana?<\/a><br \/>\n<em>MVS Noticias <\/em><br  \/><\/p>\n<p><strong>20\/03\/16. <\/strong><a href=\"http:\/\/grieta.org.mx\/index.php\/2016\/03\/20\/si-sat-embarga-universidad-veracruzana-parara-el-estado%e2%80%8f\/\">Si SAT embarga; Universidad Veracruzana &#8220;parar\u00e1&#8221; el estado?<\/a><br \/>\n<em>E-Consulta Veracruz<\/em><br  \/><\/p>\n<p><strong>10\/03\/16. <\/strong><a href=\"http:\/\/grieta.org.mx\/index.php\/2016\/03\/10\/marchan-mas-de-30-mil-contra-duarte-por-deuda-con-la-universidad-veracruzana\/\">Marchan m\u00e1s de 30 mil contra Duarte por deuda con la Universidad Veracruzana<\/a><br \/>\n<em>Proceso<\/em><br  \/><\/p>\n<hr \/>\n<p><subtit>Movimiento estudiantil en Universidad Veracruzana, en rechazo a la instalaci\u00f3n de c\u00e1maras<\/subtit><\/p>\n<hr \/>\n<p><strong>29\/04\/15. <\/strong><a href=\"http:\/\/grieta.org.mx\/index.php\/2015\/04\/29\/carta-de-estudiantes-trabajadores-y-profesores-de-la-unidad-de-humanidades-uv\/\">Carta de estudiantes, trabajadores y profesores de la Unidad de Humanidades UV<\/a><br \/>\n<em>Zapateando<\/em><\/p>\n<p><strong>14\/04\/15. <\/strong><a href=\"http:\/\/grieta.org.mx\/index.php\/2015\/04\/14\/tomada-la-facultad-de-pedagogia-por-estudiantes\/\">Tomada la facultad de pedagog\u00eda por estudiantes<\/a><br \/>\n<em>Zapateando<\/em><\/p>\n","protected":false},"excerpt":{"rendered":"<p>Movilizaciones de la comunidad universitaria exigiendo el pago del adeudo del gobierno con la Universidad 06\/07\/16. La deuda de Javier Duarte con la Universidad Veracruzana crece 223 mdp en seis &hellip; <a href=\"http:\/\/www.grieta.org.mx\/index.php\/2016\/07\/06\/conflictos-en-la-universidad-veracruzana\/\" class=\"more-link\">Leer m\u00e1s<\/a><\/p>\n","protected":false},"author":1,"featured_media":21928,"comment_status":"closed","ping_status":"open","sticky":false,"template":"","format":"standard","meta":{"ngg_post_thumbnail":0,"_jetpack_newsletter_access":"","_jetpack_dont_email_post_to_subs":false,"_jetpack_newsletter_tier_id":0,"_jetpack_memberships_contains_paywalled_content":false,"_jetpack_memberships_contains_paid_content":false,"footnotes":""},"categories":[2,35],"tags":[],"class_list":["post-7342","post","type-post","status-publish","format-standard","has-post-thumbnail","hentry","category-noticias-nacionales","category-veracruz","entry"],"jetpack_featured_media_url":"http:\/\/www.grieta.org.mx\/wp-content\/uploads\/2018\/03\/14524434_1106112876131411_958039263622046936_o.jpg","jetpack_sharing_enabled":true,"jetpack_shortlink":"https:\/\/wp.me\/p7ZJR4-1Uq","jetpack_likes_enabled":false,"jetpack-related-posts":[{"id":16693,"url":"http:\/\/www.grieta.org.mx\/index.php\/2016\/07\/06\/la-deuda-de-javier-duarte-con-la-universidad-veracruzana-crece-223-mdp-en-seis-meses\/","url_meta":{"origin":7342,"position":0},"title":"La deuda de Javier Duarte con la Universidad Veracruzana crece 223 mdp en seis meses","author":"Admin","date":"6 julio, 2016","format":false,"excerpt":"El monto del adeudo que el gobierno de Javier Duarte mantiene con la Universidad es mayor al presupuesto que el gobierno veracruzano autoriz\u00f3 a esa casa de estudios para este a\u00f1o Sandra Isabel Jim\u00e9nez Mateos La Universidad Veracruzana (UV) sigue en el limbo presupuestal: la actual administraci\u00f3n del gobernador Javier\u2026","rel":"","context":"En &quot;CINTILLO&quot;","block_context":{"text":"CINTILLO","link":"http:\/\/www.grieta.org.mx\/index.php\/category\/cintillo\/"},"img":{"alt_text":"","src":"https:\/\/i0.wp.com\/www.grieta.org.mx\/wp-content\/uploads\/2018\/03\/14524434_1106112876131411_958039263622046936_o.jpg?resize=350%2C200","width":350,"height":200,"srcset":"https:\/\/i0.wp.com\/www.grieta.org.mx\/wp-content\/uploads\/2018\/03\/14524434_1106112876131411_958039263622046936_o.jpg?resize=350%2C200 1x, https:\/\/i0.wp.com\/www.grieta.org.mx\/wp-content\/uploads\/2018\/03\/14524434_1106112876131411_958039263622046936_o.jpg?resize=525%2C300 1.5x, https:\/\/i0.wp.com\/www.grieta.org.mx\/wp-content\/uploads\/2018\/03\/14524434_1106112876131411_958039263622046936_o.jpg?resize=700%2C400 2x"},"classes":[]},{"id":13726,"url":"http:\/\/www.grieta.org.mx\/index.php\/2016\/05\/27\/universitarios-en-veracruz-reiteran-exigencia-a-duarte-para-que-pague-adeudos\/","url_meta":{"origin":7342,"position":1},"title":"Universitarios en Veracruz reiteran exigencia a Duarte para que pague adeudos","author":"grieta","date":"27 mayo, 2016","format":false,"excerpt":"XALAPA, Ver (apro).- Bajo la consigna de \u201cDuarte ratero, regresa el dinero\u201d, alrededor de diez mil universitarios, docentes, investigadores y exalumnos de la Universidad Veracruzana (UV) salieron a las calles para exigirle al gobierno del priista Javier Duarte que pague los mil 165 millones de pesos de deuda restante con\u2026","rel":"","context":"En &quot;CINTILLO&quot;","block_context":{"text":"CINTILLO","link":"http:\/\/www.grieta.org.mx\/index.php\/category\/cintillo\/"},"img":{"alt_text":"","src":"https:\/\/i0.wp.com\/www.grieta.org.mx\/wp-content\/uploads\/2018\/03\/14524434_1106112876131411_958039263622046936_o.jpg?resize=350%2C200","width":350,"height":200,"srcset":"https:\/\/i0.wp.com\/www.grieta.org.mx\/wp-content\/uploads\/2018\/03\/14524434_1106112876131411_958039263622046936_o.jpg?resize=350%2C200 1x, https:\/\/i0.wp.com\/www.grieta.org.mx\/wp-content\/uploads\/2018\/03\/14524434_1106112876131411_958039263622046936_o.jpg?resize=525%2C300 1.5x, https:\/\/i0.wp.com\/www.grieta.org.mx\/wp-content\/uploads\/2018\/03\/14524434_1106112876131411_958039263622046936_o.jpg?resize=700%2C400 2x"},"classes":[]},{"id":10553,"url":"http:\/\/www.grieta.org.mx\/index.php\/2016\/04\/04\/entregan-mas-de-60-mil-firmas-para-que-duarte-pague-adeudos-de-universidad-veracruzana\/","url_meta":{"origin":7342,"position":2},"title":"Entregan m\u00e1s de 60 mil firmas para que Duarte pague adeudos de Universidad Veracruzana","author":"grieta","date":"4 abril, 2016","format":false,"excerpt":"Al d\u00eda de hoy, la Secretar\u00eda de Finanzas y planeaci\u00f3n adeuda a la m\u00e1xima casa de estudios 2 mil 76 millones de pesos, de \u00e9sos, mil 625 corresponden al subsidio estatal y 451 millones al federal\u201d, as\u00ed lo denunciaron los integrantes del colectivo en defensa de la UV. Leticia V\u00e1zquez\u2026","rel":"","context":"En &quot;CINTILLO&quot;","block_context":{"text":"CINTILLO","link":"http:\/\/www.grieta.org.mx\/index.php\/category\/cintillo\/"},"img":{"alt_text":"","src":"https:\/\/i0.wp.com\/www.grieta.org.mx\/wp-content\/uploads\/2018\/03\/14524434_1106112876131411_958039263622046936_o.jpg?resize=350%2C200","width":350,"height":200,"srcset":"https:\/\/i0.wp.com\/www.grieta.org.mx\/wp-content\/uploads\/2018\/03\/14524434_1106112876131411_958039263622046936_o.jpg?resize=350%2C200 1x, https:\/\/i0.wp.com\/www.grieta.org.mx\/wp-content\/uploads\/2018\/03\/14524434_1106112876131411_958039263622046936_o.jpg?resize=525%2C300 1.5x, https:\/\/i0.wp.com\/www.grieta.org.mx\/wp-content\/uploads\/2018\/03\/14524434_1106112876131411_958039263622046936_o.jpg?resize=700%2C400 2x"},"classes":[]},{"id":7355,"url":"http:\/\/www.grieta.org.mx\/index.php\/2015\/10\/02\/ataca-grupo-de-hombres-armados-a-estudiantes-de-la-universidad-veracruzana\/","url_meta":{"origin":7342,"position":3},"title":"Ataca grupo de hombres armados a estudiantes de la Universidad Veracruzana","author":"Admin","date":"2 octubre, 2015","format":false,"excerpt":"02\/10\/15. 5 de junio no se olvida: universitarios en marcha por el 2 de octubre (VIDEO) Zapateando 02\/10\/15. 5 de Junio, no se olvida (VIDEO) Zapateando 13\/07\/15. El Estado categoriza al activismo como un foco de desestabilizaci\u00f3n social: estudiantes golpeados de Xalapa Peri\u00f3dico Activista 16\/06\/15. Estudiantes agredidos en Veracruz denuncian\u2026","rel":"","context":"En &quot;NOTICIAS NACIONALES&quot;","block_context":{"text":"NOTICIAS NACIONALES","link":"http:\/\/www.grieta.org.mx\/index.php\/category\/noticias-nacionales\/"},"img":{"alt_text":"","src":"https:\/\/i0.wp.com\/www.grieta.org.mx\/wp-content\/uploads\/2018\/03\/14524434_1106112876131411_958039263622046936_o.jpg?resize=350%2C200","width":350,"height":200,"srcset":"https:\/\/i0.wp.com\/www.grieta.org.mx\/wp-content\/uploads\/2018\/03\/14524434_1106112876131411_958039263622046936_o.jpg?resize=350%2C200 1x, https:\/\/i0.wp.com\/www.grieta.org.mx\/wp-content\/uploads\/2018\/03\/14524434_1106112876131411_958039263622046936_o.jpg?resize=525%2C300 1.5x, https:\/\/i0.wp.com\/www.grieta.org.mx\/wp-content\/uploads\/2018\/03\/14524434_1106112876131411_958039263622046936_o.jpg?resize=700%2C400 2x"},"classes":[]},{"id":7343,"url":"http:\/\/www.grieta.org.mx\/index.php\/2016\/03\/10\/marchan-mas-de-30-mil-contra-duarte-por-deuda-con-la-universidad-veracruzana\/","url_meta":{"origin":7342,"position":4},"title":"Marchan m\u00e1s de 30 mil contra Duarte por deuda con la Universidad Veracruzana","author":"Admin","date":"10 marzo, 2016","format":false,"excerpt":"No\u00e9 Zavaleta XALAPA, Ver. (apro).- Ni las bajas temperaturas ni la llovizna inhibieron a los m\u00e1s de 30 mil universitarios, acad\u00e9micos, investigadores, exalumnos y familiares de trabajadores de la Universidad Veracruzana para salir a las calles de Xalapa, Coatzacoalcos, Veracruz, Boca del R\u00edo, Poza Rica, C\u00f3rdoba, Orizaba y Tuxpan a\u2026","rel":"","context":"En &quot;CINTILLO&quot;","block_context":{"text":"CINTILLO","link":"http:\/\/www.grieta.org.mx\/index.php\/category\/cintillo\/"},"img":{"alt_text":"","src":"https:\/\/i0.wp.com\/www.grieta.org.mx\/wp-content\/uploads\/2018\/03\/14524434_1106112876131411_958039263622046936_o.jpg?resize=350%2C200","width":350,"height":200,"srcset":"https:\/\/i0.wp.com\/www.grieta.org.mx\/wp-content\/uploads\/2018\/03\/14524434_1106112876131411_958039263622046936_o.jpg?resize=350%2C200 1x, https:\/\/i0.wp.com\/www.grieta.org.mx\/wp-content\/uploads\/2018\/03\/14524434_1106112876131411_958039263622046936_o.jpg?resize=525%2C300 1.5x, https:\/\/i0.wp.com\/www.grieta.org.mx\/wp-content\/uploads\/2018\/03\/14524434_1106112876131411_958039263622046936_o.jpg?resize=700%2C400 2x"},"classes":[]},{"id":13713,"url":"http:\/\/www.grieta.org.mx\/index.php\/2016\/05\/31\/estudiantes-toman-sede-totonacapan-de-la-universidad-veracruzana-intercultural\/","url_meta":{"origin":7342,"position":5},"title":"Estudiantes toman sede Totonacapan de la Universidad Veracruzana Intercultural","author":"grieta","date":"31 mayo, 2016","format":false,"excerpt":"Eliana Gilet Desde la ma\u00f1ana de este lunes 30 de mayo, estudiantes de la Universidad Veracruzana Intercultural, con sede en Totonacapan, municipio de Espinal, al norte del estado de Veracruz, tomaron las instalaciones de la casa de estudios, en \u201cdefensa de la educaci\u00f3n p\u00fablica\u201d En la ma\u00f1ana del lunes colocaron\u2026","rel":"","context":"En &quot;CINTILLO&quot;","block_context":{"text":"CINTILLO","link":"http:\/\/www.grieta.org.mx\/index.php\/category\/cintillo\/"},"img":{"alt_text":"","src":"https:\/\/i0.wp.com\/www.grieta.org.mx\/wp-content\/uploads\/2018\/03\/14524434_1106112876131411_958039263622046936_o.jpg?resize=350%2C200","width":350,"height":200,"srcset":"https:\/\/i0.wp.com\/www.grieta.org.mx\/wp-content\/uploads\/2018\/03\/14524434_1106112876131411_958039263622046936_o.jpg?resize=350%2C200 1x, https:\/\/i0.wp.com\/www.grieta.org.mx\/wp-content\/uploads\/2018\/03\/14524434_1106112876131411_958039263622046936_o.jpg?resize=525%2C300 1.5x, https:\/\/i0.wp.com\/www.grieta.org.mx\/wp-content\/uploads\/2018\/03\/14524434_1106112876131411_958039263622046936_o.jpg?resize=700%2C400 2x"},"classes":[]}],"_links":{"self":[{"href":"http:\/\/www.grieta.org.mx\/index.php\/wp-json\/wp\/v2\/posts\/7342","targetHints":{"allow":["GET"]}}],"collection":[{"href":"http:\/\/www.grieta.org.mx\/index.php\/wp-json\/wp\/v2\/posts"}],"about":[{"href":"http:\/\/www.grieta.org.mx\/index.php\/wp-json\/wp\/v2\/types\/post"}],"author":[{"embeddable":true,"href":"http:\/\/www.grieta.org.mx\/index.php\/wp-json\/wp\/v2\/users\/1"}],"replies":[{"embeddable":true,"href":"http:\/\/www.grieta.org.mx\/index.php\/wp-json\/wp\/v2\/comments?post=7342"}],"version-history":[{"count":1,"href":"http:\/\/www.grieta.org.mx\/index.php\/wp-json\/wp\/v2\/posts\/7342\/revisions"}],"predecessor-version":[{"id":16696,"href":"http:\/\/www.grieta.org.mx\/index.php\/wp-json\/wp\/v2\/posts\/7342\/revisions\/16696"}],"wp:featuredmedia":[{"embeddable":true,"href":"http:\/\/www.grieta.org.mx\/index.php\/wp-json\/wp\/v2\/media\/21928"}],"wp:attachment":[{"href":"http:\/\/www.grieta.org.mx\/index.php\/wp-json\/wp\/v2\/media?parent=7342"}],"wp:term":[{"taxonomy":"category","embeddable":true,"href":"http:\/\/www.grieta.org.mx\/index.php\/wp-json\/wp\/v2\/categories?post=7342"},{"taxonomy":"post_tag","embeddable":true,"href":"http:\/\/www.grieta.org.mx\/index.php\/wp-json\/wp\/v2\/tags?post=7342"}],"curies":[{"name":"wp","href":"https:\/\/api.w.org\/{rel}","templated":true}]}}