{"id":7263,"date":"2016-03-23T12:44:39","date_gmt":"2016-03-23T12:44:39","guid":{"rendered":"http:\/\/50.22.11.12\/~grietaor\/?p=7263"},"modified":"2016-03-29T12:45:19","modified_gmt":"2016-03-29T12:45:19","slug":"protestan-vecinos-y-organizaciones-contra-tala-de-arboles-por-parte-del-municipio-en-leon","status":"publish","type":"post","link":"http:\/\/www.grieta.org.mx\/index.php\/2016\/03\/23\/protestan-vecinos-y-organizaciones-contra-tala-de-arboles-por-parte-del-municipio-en-leon\/","title":{"rendered":"Protestan vecinos y organizaciones contra tala de \u00e1rboles por parte del municipio en Le\u00f3n"},"content":{"rendered":"<p>Jorge Hern\u00e1ndez,  Le\u00f3n, Gto.<\/p>\n<p> Ciudadanos, ambientalistas y activistas se reunieron en el bulevar Miguel Hidalgo para preparar una ceremonia por la tala de \u00e1rboles por las obras de la cuarta etapa del Sistema Integral de Transporte (SIT).<\/p>\n<p>Un grupo de aproximadamente 30 personas caminaron desde la Plaza Hidalgo, ubicada en el cruce de los bulevares Hidalgo y Juan Alonso de Torres, hasta la zona donde han sido talados cerca de 50 \u00e1rboles desde el lunes por la madrugada hasta hoy.<\/p>\n<p>A la protesta se unieron miembros de organizaciones como \u201cD\u00e9jame Plantado\u201d, \u201cCiudadanos Hartos\u201d, \u201cGreen Peace\u201d y vecinos de la zona.<\/p>\n<p>Al llegar con el cruce de la calle Tabach\u00edn del Valle, el cham\u00e1n Jos\u00e9 Calera realiz\u00f3 una ceremonia en se\u00f1al de agradecimiento y luto por la tala que vecinos y ambientalistas calificaron como un verdadero ecocidio.<\/p>\n<p>SIT sustentable<\/p>\n<p>M\u00f3nica V\u00e1zquez, representante de la agrupaci\u00f3n de vecinos \u201cD\u00e9jame Plantado\u201d, platic\u00f3 que se puede ser sustentable e introducir el SIT sin da\u00f1ar las \u00e1reas arboladas y una de las propuestas fue que los paraderos se colocaran en los retornos.<\/p>\n<p>\u201cSe\u00f1alamos dos retornos con las medidas apropiadas para poder poner los paraderos y quedaran a distancia considerable de acuerdo a lo que ellos tienen propuesto\u2026 cuando les planteamos recorrer los paraderos ellos nos dijeron que era viable, Tr\u00e1nsito dio su visto bueno, ellos hicieron su reuni\u00f3n a puerta cerrada y all\u00ed ya nos nos invitaron\u201d, cont\u00f3 la representante de \u201cD\u00e9jame Plantado\u201d.<\/p>\n<p>No cumplieron<\/p>\n<p>Por otra parte para David Prado, representante de Greenpeace, consider\u00f3 que el apoyo a las organizaciones es fundamental porque la asociaci\u00f3n est\u00e1 en pro de los derechos humanos, y adem\u00e1s agreg\u00f3 que las autoridades no cumplieron con el trato.<\/p>\n<p>\u201cNo m\u00e1s ecocidio, \u00bfpor qu\u00e9? porque anteriormente ya hab\u00edamos acordado junto con municipio de que ya no se iban a tocar ciertos \u00e1rboles, cosa que no se cumpli\u00f3 durante esta semana\u2026 vimos como unos ciudadanos fueron violentados por la Polic\u00eda Municipal cuando se trataba solamente de proteger de forma pac\u00edfica a los \u00e1rboles\u201d, dijo el representante de Greenpeace.<\/p>\n<p><a href=\"http:\/\/zonafranca.mx\/silencio-vecinos-activistas-se-manifiestan-ante-talas-arboles-leon\/\" target=\"_blank\">zonafranca.mx\/silencio-vecinos-activistas-se-manifiestan-ante-talas-arboles-leon\/<\/a><\/p>\n","protected":false},"excerpt":{"rendered":"<p>Jorge Hern\u00e1ndez, Le\u00f3n, Gto. Ciudadanos, ambientalistas y activistas se reunieron en el bulevar Miguel Hidalgo para preparar una ceremonia por la tala de \u00e1rboles por las obras de la cuarta &hellip; <a href=\"http:\/\/www.grieta.org.mx\/index.php\/2016\/03\/23\/protestan-vecinos-y-organizaciones-contra-tala-de-arboles-por-parte-del-municipio-en-leon\/\" class=\"more-link\">Leer m\u00e1s<\/a><\/p>\n","protected":false},"author":2,"featured_media":21928,"comment_status":"closed","ping_status":"open","sticky":false,"template":"","format":"standard","meta":{"ngg_post_thumbnail":0,"_jetpack_newsletter_access":"","_jetpack_dont_email_post_to_subs":false,"_jetpack_newsletter_tier_id":0,"_jetpack_memberships_contains_paywalled_content":false,"_jetpack_memberships_contains_paid_content":false,"footnotes":""},"categories":[80],"tags":[],"class_list":["post-7263","post","type-post","status-publish","format-standard","has-post-thumbnail","hentry","category-cintillo","entry"],"jetpack_featured_media_url":"http:\/\/www.grieta.org.mx\/wp-content\/uploads\/2018\/03\/14524434_1106112876131411_958039263622046936_o.jpg","jetpack_sharing_enabled":true,"jetpack_shortlink":"https:\/\/wp.me\/p7ZJR4-1T9","jetpack_likes_enabled":false,"jetpack-related-posts":[{"id":9782,"url":"http:\/\/www.grieta.org.mx\/index.php\/2016\/04\/04\/a-pesar-de-protestas-la-tala-asciende-a-los-100-arboles-por-obras-del-sit-en-leon\/","url_meta":{"origin":7263,"position":0},"title":"A pesar de protestas, la tala asciende a los 100 \u00e1rboles por obras del SIT en Le\u00f3n","author":"grieta","date":"4 abril, 2016","format":false,"excerpt":"Jorge Hern\u00e1ndez, Le\u00f3n, Gto. En la zona comprendida del bulevar Del Sol, en la colonia Hidalgo del Valle, hasta llegar al cruce del bulevar Talabarteros a la colonia Portales de la Arboleda, la ausencia de \u00e1rboles se nota ya desde las alturas. De acuerdo con la asociaci\u00f3n \u201cD\u00e9jame Plantado\u201d, se\u2026","rel":"","context":"En &quot;CINTILLO&quot;","block_context":{"text":"CINTILLO","link":"http:\/\/www.grieta.org.mx\/index.php\/category\/cintillo\/"},"img":{"alt_text":"","src":"https:\/\/i0.wp.com\/www.grieta.org.mx\/wp-content\/uploads\/2018\/03\/14524434_1106112876131411_958039263622046936_o.jpg?resize=350%2C200","width":350,"height":200,"srcset":"https:\/\/i0.wp.com\/www.grieta.org.mx\/wp-content\/uploads\/2018\/03\/14524434_1106112876131411_958039263622046936_o.jpg?resize=350%2C200 1x, https:\/\/i0.wp.com\/www.grieta.org.mx\/wp-content\/uploads\/2018\/03\/14524434_1106112876131411_958039263622046936_o.jpg?resize=525%2C300 1.5x, https:\/\/i0.wp.com\/www.grieta.org.mx\/wp-content\/uploads\/2018\/03\/14524434_1106112876131411_958039263622046936_o.jpg?resize=700%2C400 2x"},"classes":[]},{"id":7267,"url":"http:\/\/www.grieta.org.mx\/index.php\/2016\/03\/24\/reprueban-vecinos-tala-de-arboles-por-parte-del-municipio-en-leon\/","url_meta":{"origin":7263,"position":1},"title":"Reprueban vecinos tala de arboles por parte del municipio en Le\u00f3n","author":"grieta","date":"24 marzo, 2016","format":false,"excerpt":"Jorge Hern\u00e1ndez, Le\u00f3n, Gto. Vecinos y usuarios del bulevar Miguel Hidalgo reprueban la tala de \u00e1rboles porque consideran que afectan al medio ambiente. Vecinos y usuarios del bulevar Miguel Hidalgo reprobaron la tala de \u00e1rboles por parte de las autoridades de las obras del Sistema Integral de Transporte (SIT), y\u2026","rel":"","context":"En &quot;CINTILLO&quot;","block_context":{"text":"CINTILLO","link":"http:\/\/www.grieta.org.mx\/index.php\/category\/cintillo\/"},"img":{"alt_text":"","src":"https:\/\/i0.wp.com\/www.grieta.org.mx\/wp-content\/uploads\/2018\/03\/14524434_1106112876131411_958039263622046936_o.jpg?resize=350%2C200","width":350,"height":200,"srcset":"https:\/\/i0.wp.com\/www.grieta.org.mx\/wp-content\/uploads\/2018\/03\/14524434_1106112876131411_958039263622046936_o.jpg?resize=350%2C200 1x, https:\/\/i0.wp.com\/www.grieta.org.mx\/wp-content\/uploads\/2018\/03\/14524434_1106112876131411_958039263622046936_o.jpg?resize=525%2C300 1.5x, https:\/\/i0.wp.com\/www.grieta.org.mx\/wp-content\/uploads\/2018\/03\/14524434_1106112876131411_958039263622046936_o.jpg?resize=700%2C400 2x"},"classes":[]},{"id":5293,"url":"http:\/\/www.grieta.org.mx\/index.php\/2016\/06\/12\/movilizaciones-y-protestas\/","url_meta":{"origin":7263,"position":2},"title":"Movilizaciones y protestas en Guanajuato","author":"grieta","date":"12 junio, 2016","format":false,"excerpt":"24\/05\/16. Detienen a manifestantes tras protestar contra contaminaci\u00f3n industrial en la Le\u00f3n-San FranciscoZona Franca 04\/04\/2016. A pesar de protestas, la tala asciende a los 100 \u00e1rboles por obras del SIT en Le\u00f3nZona Franca 22\/03\/2016. Reprime polic\u00eda protesta de vecinos contra tala de \u00e1rboles por parte del municipio en Le\u00f3nZona Franca\u2026","rel":"","context":"En &quot;Guanajuato&quot;","block_context":{"text":"Guanajuato","link":"http:\/\/www.grieta.org.mx\/index.php\/category\/noticias-nacionales\/guanajuato\/"},"img":{"alt_text":"","src":"https:\/\/i0.wp.com\/www.grieta.org.mx\/wp-content\/uploads\/2018\/03\/14524434_1106112876131411_958039263622046936_o.jpg?resize=350%2C200","width":350,"height":200,"srcset":"https:\/\/i0.wp.com\/www.grieta.org.mx\/wp-content\/uploads\/2018\/03\/14524434_1106112876131411_958039263622046936_o.jpg?resize=350%2C200 1x, https:\/\/i0.wp.com\/www.grieta.org.mx\/wp-content\/uploads\/2018\/03\/14524434_1106112876131411_958039263622046936_o.jpg?resize=525%2C300 1.5x, https:\/\/i0.wp.com\/www.grieta.org.mx\/wp-content\/uploads\/2018\/03\/14524434_1106112876131411_958039263622046936_o.jpg?resize=700%2C400 2x"},"classes":[]},{"id":7258,"url":"http:\/\/www.grieta.org.mx\/index.php\/2016\/03\/22\/reprime-policia-protesta-de-vecinos-contra-tala-de-arboles-por-parte-del-municipio-en-leon\/","url_meta":{"origin":7263,"position":3},"title":"Reprime polic\u00eda protesta de vecinos contra tala de \u00e1rboles por parte del municipio en Le\u00f3n","author":"grieta","date":"22 marzo, 2016","format":false,"excerpt":"Eugenia Mac\u00edas Montemayor, Le\u00f3n, Gto. Alrededor de 30 personas, entre organizaciones civiles, vecinos y la ciudadan\u00eda en general se enfrentaron durante dos horas contra un aproximado de 50 polic\u00edas municipales, quienes agredieron a golpes a los activistas. Le\u00f3n, Gto. Un abuso de autoridad fue la manera en la que activistas\u2026","rel":"","context":"En &quot;CINTILLO&quot;","block_context":{"text":"CINTILLO","link":"http:\/\/www.grieta.org.mx\/index.php\/category\/cintillo\/"},"img":{"alt_text":"","src":"https:\/\/i0.wp.com\/www.grieta.org.mx\/wp-content\/uploads\/2018\/03\/14524434_1106112876131411_958039263622046936_o.jpg?resize=350%2C200","width":350,"height":200,"srcset":"https:\/\/i0.wp.com\/www.grieta.org.mx\/wp-content\/uploads\/2018\/03\/14524434_1106112876131411_958039263622046936_o.jpg?resize=350%2C200 1x, https:\/\/i0.wp.com\/www.grieta.org.mx\/wp-content\/uploads\/2018\/03\/14524434_1106112876131411_958039263622046936_o.jpg?resize=525%2C300 1.5x, https:\/\/i0.wp.com\/www.grieta.org.mx\/wp-content\/uploads\/2018\/03\/14524434_1106112876131411_958039263622046936_o.jpg?resize=700%2C400 2x"},"classes":[]},{"id":33721,"url":"http:\/\/www.grieta.org.mx\/index.php\/2019\/05\/11\/fue-un-ecocidio-premeditado-vecinos-del-pueblo-de-xoco-narran-tala-irregular-de-arboles-ciudad-de-mexico\/","url_meta":{"origin":7263,"position":4},"title":"\u201cFue un ecocidio premeditado\u201d: vecinos del Pueblo de Xoco narran tala irregular de \u00e1rboles (Ciudad de M\u00e9xico)","author":"grieta","date":"11 mayo, 2019","format":false,"excerpt":"Siboney Flores\/Animal Pol\u00edtico Vecino cuentan como apenas un d\u00eda antes de lo que llaman uno de los peores \u201cecocidios\u201d de la ciudad, se percataron que los trabajadores de la constructora ya hab\u00edan talado \u00e1rboles. A los vecinos del Pueblo de Xoco nadie les saca de la cabeza que la tala\u2026","rel":"","context":"En &quot;CINTILLO&quot;","block_context":{"text":"CINTILLO","link":"http:\/\/www.grieta.org.mx\/index.php\/category\/cintillo\/"},"img":{"alt_text":"","src":"https:\/\/i0.wp.com\/www.grieta.org.mx\/wp-content\/uploads\/2019\/05\/2876F1A5-E16B-4770-A4B1-1D041EC12F56.jpeg?resize=350%2C200","width":350,"height":200,"srcset":"https:\/\/i0.wp.com\/www.grieta.org.mx\/wp-content\/uploads\/2019\/05\/2876F1A5-E16B-4770-A4B1-1D041EC12F56.jpeg?resize=350%2C200 1x, https:\/\/i0.wp.com\/www.grieta.org.mx\/wp-content\/uploads\/2019\/05\/2876F1A5-E16B-4770-A4B1-1D041EC12F56.jpeg?resize=525%2C300 1.5x, https:\/\/i0.wp.com\/www.grieta.org.mx\/wp-content\/uploads\/2019\/05\/2876F1A5-E16B-4770-A4B1-1D041EC12F56.jpeg?resize=700%2C400 2x"},"classes":[]},{"id":52058,"url":"http:\/\/www.grieta.org.mx\/index.php\/2020\/07\/23\/vecinos-se-enfrentan-a-policias-para-detener-tala-de-arboles-en-atizapan-estado-de-mexico\/","url_meta":{"origin":7263,"position":5},"title":"VECINOS SE ENFRENTAN A POLIC\u00cdAS PARA DETENER TALA DE \u00c1RBOLES EN ATIZAP\u00c1N (Estado de M\u00e9xico)","author":"grieta","date":"23 julio, 2020","format":false,"excerpt":"Imagen tomada de: www.reporteindigo.com Reporte \u00cdndigo Desde abril, colonos de Lomas de Atizap\u00e1n rechazan el proyecto argumentando que el puente vehicular no resuelve el problema de congestionamiento vial en la zona Vecinos de Lomas de Atizap\u00e1n se enfrentaron con polic\u00edas tras oponerse a la construcci\u00f3n de un puente vehicular sobre\u2026","rel":"","context":"En &quot;Abuso policiaco y tortura en el Estado de M\u00e9xico&quot;","block_context":{"text":"Abuso policiaco y tortura en el Estado de M\u00e9xico","link":"http:\/\/www.grieta.org.mx\/index.php\/category\/noticias-nacionales\/estado-de-mexico\/abuso-policiaco-y-tortura-en-el-estado-de-mexico\/"},"img":{"alt_text":"","src":"https:\/\/i0.wp.com\/www.grieta.org.mx\/wp-content\/uploads\/2020\/07\/VECINOS-SE-ENFRENTAN-A-POLIC%C3%8DAS-PARA-DETENER-TALA-DE-%C3%81RBOLES-EN-ATIZAP%C3%81N-edomex-jul.jpg?resize=350%2C200","width":350,"height":200},"classes":[]}],"_links":{"self":[{"href":"http:\/\/www.grieta.org.mx\/index.php\/wp-json\/wp\/v2\/posts\/7263","targetHints":{"allow":["GET"]}}],"collection":[{"href":"http:\/\/www.grieta.org.mx\/index.php\/wp-json\/wp\/v2\/posts"}],"about":[{"href":"http:\/\/www.grieta.org.mx\/index.php\/wp-json\/wp\/v2\/types\/post"}],"author":[{"embeddable":true,"href":"http:\/\/www.grieta.org.mx\/index.php\/wp-json\/wp\/v2\/users\/2"}],"replies":[{"embeddable":true,"href":"http:\/\/www.grieta.org.mx\/index.php\/wp-json\/wp\/v2\/comments?post=7263"}],"version-history":[{"count":1,"href":"http:\/\/www.grieta.org.mx\/index.php\/wp-json\/wp\/v2\/posts\/7263\/revisions"}],"predecessor-version":[{"id":7265,"href":"http:\/\/www.grieta.org.mx\/index.php\/wp-json\/wp\/v2\/posts\/7263\/revisions\/7265"}],"wp:featuredmedia":[{"embeddable":true,"href":"http:\/\/www.grieta.org.mx\/index.php\/wp-json\/wp\/v2\/media\/21928"}],"wp:attachment":[{"href":"http:\/\/www.grieta.org.mx\/index.php\/wp-json\/wp\/v2\/media?parent=7263"}],"wp:term":[{"taxonomy":"category","embeddable":true,"href":"http:\/\/www.grieta.org.mx\/index.php\/wp-json\/wp\/v2\/categories?post=7263"},{"taxonomy":"post_tag","embeddable":true,"href":"http:\/\/www.grieta.org.mx\/index.php\/wp-json\/wp\/v2\/tags?post=7263"}],"curies":[{"name":"wp","href":"https:\/\/api.w.org\/{rel}","templated":true}]}}