{"id":72371,"date":"2025-10-14T10:15:42","date_gmt":"2025-10-14T16:15:42","guid":{"rendered":"https:\/\/www.grieta.org.mx\/?p=72371"},"modified":"2025-10-18T10:41:17","modified_gmt":"2025-10-18T16:41:17","slug":"un-paso-hacia-el-comun-en-el-aniversario-de-la-casa-de-los-pueblos-y-comunidades-indigenas-samir-flores-soberanes","status":"publish","type":"post","link":"http:\/\/www.grieta.org.mx\/index.php\/2025\/10\/14\/un-paso-hacia-el-comun-en-el-aniversario-de-la-casa-de-los-pueblos-y-comunidades-indigenas-samir-flores-soberanes\/","title":{"rendered":"Un paso hacia el Com\u00fan en el aniversario de la Casa de los Pueblos y Comunidades Ind\u00edgenas &#8220;Samir Flores Soberanes&#8221;"},"content":{"rendered":"<p>Colectivo Grieta<br \/>\n13 de octubre de 2025<\/p>\n<p>Ciudad de M\u00e9xico.- En el marco del 5\u00ba aniversario dela Casa de los Pueblos y Comunidades Ind\u00edgenas &#8220;Samir Flores Soberanes&#8221; en lo que fueran las instalaciones del Instituto Nacional de los Pueblos Ind\u00edgenas (INPI), la comunidad Otom\u00ed de la Ciudad de M\u00e9xico anunci\u00f3 que ese espacio se convertir\u00e1 en un punto de construcci\u00f3n de El Com\u00fan en la Ciudad de M\u00e9xico. Lo anterior se dio a conocer el pasado 12 de octubre en un <a href=\"https:\/\/www.congresonacionalindigena.org\/2025\/10\/12\/comunicado-de-la-comunidad-otomi-en-el-marco-del-5-aniversario-de-la-toma-del-inpi\/\">comunicado<\/a> le\u00eddo en el acto de aniversario de la toma de las instalaciones del mal llamado INPI, ubicado en el pueblo de Xoco, en la Ciudad de M\u00e9xico. Este acto de aniversario form\u00f3 parte de la Jornada de Lucha y Resistencia en Defensa de \u201cEl Com\u00fan\u201d y en contra de la Guerra a los Pueblos Zapatistas.<\/p>\n<p>En la actividad concurrieron cientos de personas, que escucharon la palabra de la comunidad otom\u00ed, del <a href=\"https:\/\/www.congresonacionalindigena.org\/2025\/10\/12\/convocatoria-a-las-jornadas-permanentes-rumbo-a-los-30-anos-de-la-fundacion-del-congreso-nacional-indigena-frente-a-la-guerra-capitalista-en-contra-de-la-humanidad-y-los-pueblos-originarios-fortalezc\/\">Congreso Nacional Ind\u00edgena<\/a> y el saludo del EZLN a la Casa de los Pueblos y Comunidades &#8220;Samir Flores Soberanes&#8221;.<\/p>\n<p>&nbsp;<\/p>\n<p>Los compa\u00f1eros de la Casa de Los Pueblos Samir Flores Soberanes en su pronunciamiento compartieron:<br \/>\n\u201cNo tenemos nada que celebrar que no sean&#8230;<br \/>\n533 a\u00f1os de Resistencia y Dignidad de Nuestros Pueblos, 29 a\u00f1os de la fundaci\u00f3n del Congreso Nacional Ind\u00edgena, CNI, 5 a\u00f1os de la toma del mal llamado INPI\u201d<br \/>\nLa comunidad Otom\u00ed record\u00f3 c\u00f3mo hace m\u00e1s de 30 a\u00f1os, el desprecio y la discriminaci\u00f3n de los malos gobiernos los obligaron a salir de Santiago Mexquititl\u00e1n Quer\u00e9taro y, llegando a la Ciudad de M\u00e9xico, se encontraron con grandes construcciones inmobiliarias, pero ninguna destinada para las comunidades ind\u00edgenas.<\/p>\n<p><a href=\"http:\/\/www.grieta.org.mx\/wp-content\/uploads\/2025\/10\/2-scaled.jpg\"><img loading=\"lazy\" decoding=\"async\" data-attachment-id=\"72388\" data-permalink=\"http:\/\/www.grieta.org.mx\/index.php\/2025\/10\/14\/un-paso-hacia-el-comun-en-el-aniversario-de-la-casa-de-los-pueblos-y-comunidades-indigenas-samir-flores-soberanes\/2-121\/\" data-orig-file=\"http:\/\/www.grieta.org.mx\/wp-content\/uploads\/2025\/10\/2-scaled.jpg\" data-orig-size=\"2133,2560\" data-comments-opened=\"0\" data-image-meta=\"{&quot;aperture&quot;:&quot;1.8&quot;,&quot;credit&quot;:&quot;&quot;,&quot;camera&quot;:&quot;moto g55 5G&quot;,&quot;caption&quot;:&quot;&quot;,&quot;created_timestamp&quot;:&quot;1760281101&quot;,&quot;copyright&quot;:&quot;&quot;,&quot;focal_length&quot;:&quot;4.266&quot;,&quot;iso&quot;:&quot;181&quot;,&quot;shutter_speed&quot;:&quot;0.008329&quot;,&quot;title&quot;:&quot;&quot;,&quot;orientation&quot;:&quot;1&quot;}\" data-image-title=\"2\" data-image-description=\"\" data-image-caption=\"\" data-medium-file=\"http:\/\/www.grieta.org.mx\/wp-content\/uploads\/2025\/10\/2-250x300.jpg\" data-large-file=\"http:\/\/www.grieta.org.mx\/wp-content\/uploads\/2025\/10\/2-853x1024.jpg\" class=\"alignright size-full wp-image-72388\" src=\"http:\/\/www.grieta.org.mx\/wp-content\/uploads\/2025\/10\/2-scaled.jpg\" alt=\"\" width=\"2133\" height=\"2560\" srcset=\"http:\/\/www.grieta.org.mx\/wp-content\/uploads\/2025\/10\/2-scaled.jpg 2133w, http:\/\/www.grieta.org.mx\/wp-content\/uploads\/2025\/10\/2-250x300.jpg 250w, http:\/\/www.grieta.org.mx\/wp-content\/uploads\/2025\/10\/2-853x1024.jpg 853w, http:\/\/www.grieta.org.mx\/wp-content\/uploads\/2025\/10\/2-768x922.jpg 768w, http:\/\/www.grieta.org.mx\/wp-content\/uploads\/2025\/10\/2-1280x1536.jpg 1280w, http:\/\/www.grieta.org.mx\/wp-content\/uploads\/2025\/10\/2-1706x2048.jpg 1706w\" sizes=\"auto, (max-width: 2133px) 100vw, 2133px\" \/><\/a><\/p>\n<p>&nbsp;<\/p>\n<h6>Representaci\u00f3n de la toma del INPI por parte de la Escuelita Otom\u00ed .<\/h6>\n<h6>Foto: Colectivo Grieta<\/h6>\n<p>Recordaron como el 12 de octubre del 2020 durante la &#8220;Jornada Nacional de Movilizaci\u00f3n en Defensa de la Madre Tierra y contra la Guerra al Ej\u00e9rcito Zapatista de Liberaci\u00f3n Nacional EZLN\u201d decidieron tomar el INPI, no s\u00f3lo por el derecho a una vivienda diga, sino como un \u201cActo de repudio a los ataques paramilitares y la guerra contrainsurgente en contra del EZLN, y de las comunidades Zapatistas; as\u00ed mismo, en contra de la guerra y asesinatos que se cometen contra los pueblos originarios y las comunidades ind\u00edgenas pertenecientes al Congreso Nacional Ind\u00edgena y al Concejo Ind\u00edgena de Gobierno\u201d.<\/p>\n<p>A 5 a\u00f1os, el ataque a las comunidades originarias y organizaciones que luchan por la vida se ha recrudeciendo por parte de la autodenominada \u201cCuarta Transformaci\u00f3n\u201d por lo que los Otom\u00edes nuevamente se manifestaron:<br \/>\n\u201cDenunciamos en\u00e9rgicamente el ataque, hostigamiento y manipulaci\u00f3n, que hacen los tres niveles del mal gobierno hacia los pueblos bases de apoyo Zapatista por el asunto de la tierra recuperada. Y desde aqu\u00ed, llamamos a la solidaridad nacional e internacional para con nuestr@s herman@s del EZLN y las comunidades Zapatistas\u201d.<br \/>\nLas comunidades en Resistencia y Rebeld\u00eda que habitan la \u201cCasa de los Pueblos Samir Soberanes\u201d como se renombr\u00f3 al mal llamado INPI desde su toma hace 5 a\u00f1os, se solidarizaron y abrazaron a las madres buscadoras, a las madres y padres de Ayotzinapa y condenaron el genocidio y la guerra que le impone el sistema capitalista al pueblo palestino.<br \/>\nHoy como hace 5 a\u00f1os en un contexto de guerra contra los que defienden la vida y en el marco de la \u201cJornada de Lucha Y Resistencia en Defensa de \u201cEl Com\u00fan\u201d y en contra de la Guerra a los pueblos Zapatistas\u201d la comunidad otom\u00ed anunci\u00f3:<br \/>\n\u201cen este territorio tambi\u00e9n recuperado hace 5 a\u00f1os, construiremos \u201cEl Com\u00fan\u201d en la Ciudad de M\u00e9xico, con trabajo colectivo, con convicci\u00f3n de lucha, con dignidad, con resistencia y rebeld\u00eda, como la \u00fanica opci\u00f3n de vida para cruzar la tormenta y sobrevivir a la guerra capitalista y patriarcal que nos imponen los due\u00f1os del poder y del dinero\u201d.<\/p>\n<p>Invitaron a colectivos, pueblos, comunidades, organizaciones, redes de resistencia y rebeld\u00eda en individuos de M\u00e9xico y el mundo para que se sumen a la construcci\u00f3n colectiva de \u201cEl Com\u00fan\u201d.<br \/>\nMencionaron que en \u201cEl Com\u00fan\u201d se desarrollar\u00e1: \u201cvivienda, \u00e1rea para asambleas, locales comerciales, cocina y comedor comunitario, radio comunitaria, escuelita aut\u00f3noma, medicina alternativa y comunitaria, sala de usos m\u00faltiples-auditorio, estacionamiento, \u00e1reas de esparcimiento y sobre todo, se generar\u00e1 con el trabajo colectivo. Organizaci\u00f3n, autonom\u00eda, educaci\u00f3n, trabajo, salud, alimentaci\u00f3n, vivienda, cultura y arte. \u00bfLe entran?\u201d<\/p>\n<p><a href=\"http:\/\/www.grieta.org.mx\/wp-content\/uploads\/2025\/10\/1-scaled.jpg\"><img loading=\"lazy\" decoding=\"async\" data-attachment-id=\"72387\" data-permalink=\"http:\/\/www.grieta.org.mx\/index.php\/2025\/10\/14\/un-paso-hacia-el-comun-en-el-aniversario-de-la-casa-de-los-pueblos-y-comunidades-indigenas-samir-flores-soberanes\/1-211\/\" data-orig-file=\"http:\/\/www.grieta.org.mx\/wp-content\/uploads\/2025\/10\/1-scaled.jpg\" data-orig-size=\"2560,1525\" data-comments-opened=\"0\" data-image-meta=\"{&quot;aperture&quot;:&quot;1.8&quot;,&quot;credit&quot;:&quot;&quot;,&quot;camera&quot;:&quot;moto g55 5G&quot;,&quot;caption&quot;:&quot;&quot;,&quot;created_timestamp&quot;:&quot;1760274689&quot;,&quot;copyright&quot;:&quot;&quot;,&quot;focal_length&quot;:&quot;4.266&quot;,&quot;iso&quot;:&quot;100&quot;,&quot;shutter_speed&quot;:&quot;0.005719&quot;,&quot;title&quot;:&quot;&quot;,&quot;orientation&quot;:&quot;1&quot;}\" data-image-title=\"1\" data-image-description=\"\" data-image-caption=\"\" data-medium-file=\"http:\/\/www.grieta.org.mx\/wp-content\/uploads\/2025\/10\/1-300x179.jpg\" data-large-file=\"http:\/\/www.grieta.org.mx\/wp-content\/uploads\/2025\/10\/1-1024x610.jpg\" class=\"alignright size-full wp-image-72387\" src=\"http:\/\/www.grieta.org.mx\/wp-content\/uploads\/2025\/10\/1-scaled.jpg\" alt=\"\" width=\"2560\" height=\"1525\" srcset=\"http:\/\/www.grieta.org.mx\/wp-content\/uploads\/2025\/10\/1-scaled.jpg 2560w, http:\/\/www.grieta.org.mx\/wp-content\/uploads\/2025\/10\/1-300x179.jpg 300w, http:\/\/www.grieta.org.mx\/wp-content\/uploads\/2025\/10\/1-1024x610.jpg 1024w, http:\/\/www.grieta.org.mx\/wp-content\/uploads\/2025\/10\/1-768x458.jpg 768w, http:\/\/www.grieta.org.mx\/wp-content\/uploads\/2025\/10\/1-1536x915.jpg 1536w, http:\/\/www.grieta.org.mx\/wp-content\/uploads\/2025\/10\/1-2048x1220.jpg 2048w\" sizes=\"auto, (max-width: 2560px) 100vw, 2560px\" \/><\/a><\/p>\n<p>&nbsp;<\/p>\n<h6>Presentaci\u00f3n de maqueta con espacios a construirse en EL COM\u00daN.<\/h6>\n<p>Foto: Colectivo Grieta<\/p>\n<p>Al acto asistieron, entre otros, representantes de Congreso Nacional Ind\u00edgena- Consejo Ind\u00edgena de Gobierno, compa\u00f1eros de la Regi\u00f3n Cholulteca de Puebla, vecinos del pueblo de Xoco, madres y padres de los j\u00f3venes desaparecidos de Ayotzinapa, compa\u00f1eros dela Uni\u00f3n de Comunidades Ind\u00edgenas de la Zona Norte del Istmo de Tehuantepec (UCIZONI), compa\u00f1eras en lucha de la zona de los Pedregales la Ciudad de M\u00e9xico, compa\u00f1erxs organizdxs de la Comunidad trans de la Ciudad de M\u00e9xico, representantes de la Asamblea permanente del Pueblo de San Gregorio Atlapulco (Xochimilco), compa\u00f1eros nahuas de Santa Ana Tlacotenco (Milpa Alta), de Xochitlanezi (Tl\u00e1huac), Red de Apoyo Iztapalapa Sexta, compa\u00f1eros de los 12 Pueblos Originarios de Tec\u00e1mac, de la UPREZ, de Mujeres y la Sexta, de la Uni\u00f3n de Vendedores Ambulantes 28 de octubre (Puebla), Concejo Ind\u00edgena y Popular Emiliano Zapata de Guerrero y la Coordinadora de Colonos de Ecatepec entre otras organizaciones, colectivos, comunidades e individuos.<\/p>\n<p><a href=\"http:\/\/www.grieta.org.mx\/wp-content\/uploads\/2025\/10\/6.jpg\"><img loading=\"lazy\" decoding=\"async\" data-attachment-id=\"72389\" data-permalink=\"http:\/\/www.grieta.org.mx\/index.php\/2025\/10\/14\/un-paso-hacia-el-comun-en-el-aniversario-de-la-casa-de-los-pueblos-y-comunidades-indigenas-samir-flores-soberanes\/6-45\/\" data-orig-file=\"http:\/\/www.grieta.org.mx\/wp-content\/uploads\/2025\/10\/6.jpg\" data-orig-size=\"1713,2279\" data-comments-opened=\"0\" data-image-meta=\"{&quot;aperture&quot;:&quot;1.8&quot;,&quot;credit&quot;:&quot;&quot;,&quot;camera&quot;:&quot;moto g55 5G&quot;,&quot;caption&quot;:&quot;&quot;,&quot;created_timestamp&quot;:&quot;1760281156&quot;,&quot;copyright&quot;:&quot;&quot;,&quot;focal_length&quot;:&quot;4.266&quot;,&quot;iso&quot;:&quot;181&quot;,&quot;shutter_speed&quot;:&quot;0.016672&quot;,&quot;title&quot;:&quot;&quot;,&quot;orientation&quot;:&quot;1&quot;}\" data-image-title=\"6\" data-image-description=\"\" data-image-caption=\"\" data-medium-file=\"http:\/\/www.grieta.org.mx\/wp-content\/uploads\/2025\/10\/6-225x300.jpg\" data-large-file=\"http:\/\/www.grieta.org.mx\/wp-content\/uploads\/2025\/10\/6-770x1024.jpg\" class=\"alignright size-full wp-image-72389\" src=\"http:\/\/www.grieta.org.mx\/wp-content\/uploads\/2025\/10\/6.jpg\" alt=\"\" width=\"1713\" height=\"2279\" srcset=\"http:\/\/www.grieta.org.mx\/wp-content\/uploads\/2025\/10\/6.jpg 1713w, http:\/\/www.grieta.org.mx\/wp-content\/uploads\/2025\/10\/6-225x300.jpg 225w, http:\/\/www.grieta.org.mx\/wp-content\/uploads\/2025\/10\/6-770x1024.jpg 770w, http:\/\/www.grieta.org.mx\/wp-content\/uploads\/2025\/10\/6-768x1022.jpg 768w, http:\/\/www.grieta.org.mx\/wp-content\/uploads\/2025\/10\/6-1155x1536.jpg 1155w, http:\/\/www.grieta.org.mx\/wp-content\/uploads\/2025\/10\/6-1539x2048.jpg 1539w\" sizes=\"auto, (max-width: 1713px) 100vw, 1713px\" \/><\/a><\/p>\n<p>&nbsp;<\/p>\n<h6>Foto: Colectivo Grieta<\/h6>\n<p>Durante el evento, el Congreso Nacional Ind\u00edgena en voz de Ma. de Jes\u00fas Patricio, Marichuy, convoc\u00f3 a las &#8220;Jornadas Permanentes Rumbo a los 30 a\u00f1os de la fundaci\u00f3n del CNI frente a la guerra Capitalista en contra de la humanidad y los pueblos originarios fortalezcamos al CNI&#8221;<\/p>\n<p>El 12 de octubre de 2026, se cumplen 30 a\u00f1os de la fundaci\u00f3n del CNI como la casa de los pueblos originarios que en M\u00e9xico resisten la pesadilla llamada capitalismo, se\u00f1al\u00f3 Marichuy. Record\u00f3 c\u00f3mo en 1996 se cont\u00f3 con la presencia de la Comandanta Ramona, delegada del Comit\u00e9 Clandestino Revolucionario Ind\u00edgena-Comandancia General del EZLN; y con m\u00e1s de 3 mil delegadas y delegados de todo M\u00e9xico, se construy\u00f3 un espacio organizativo propio, el CNI, bajo los 7 principios del &#8220;Mandar Obedeciendo&#8221;.<\/p>\n<blockquote><p>&#8220;El CNI cumplir\u00e1 30 a\u00f1os resistiendo la m\u00e1s cruenta guerra de conquista desatada nunca antes en contra de nuestros pueblos y en contra de los pueblos del mundo, siendo su m\u00e1s terrible expresi\u00f3n el doloroso genocidio del Pueblo Palestino&#8230;<\/p>\n<p>&#8230; cumplir\u00e1 30 a\u00f1os con un gobierno, el de la Cuarta Transformaci\u00f3n, que disfraza su complicidad con dicha guerra repartiendo millones de pesos mediante m\u00faltiples programas sociales y empleando un discurso de rechazo al neoliberalismo pero sin renunciar a \u00e9ste&#8230;&#8221;<\/p><\/blockquote>\n<p><strong>Las expresiones de la guerra capitalista<\/strong><\/p>\n<p>Marichuy hizo un recuento de las bajas de la guerra de conquista: m\u00e1s de 121,615 desaparecidos, duplic\u00e1ndose la tasa entre 2024 y 2025. Un promedio escandaloso de homicidios dolosos: 59.5 v\u00edctimas diarias. La tragedia humana del tr\u00e1fico de seres humanos para m\u00faltiples prop\u00f3sitos; cientos de j\u00f3venes reclutados por los c\u00e1rteles del crimen organizado para formar ej\u00e9rcitos irregulares que disputan territorios.\u00a0 La militarizaci\u00f3n del pa\u00eds, la entrega de sectores clave de la econom\u00eda a la SEDENA y la SEMAR acompa\u00f1ada de la impunidad a los militares; el predominio del crimen organizado en la econom\u00eda del pa\u00eds y sus estructuras de gobierno. El desastre del campo mexicano y la pulverizaci\u00f3n de la soberan\u00eda alimentaria por las pol\u00edticas del libre comercio impulsadas por el actual y anteriores gobiernos. La pobreza estructural, la p\u00e9rdida de derechos de los pueblos originarios, la precarizaci\u00f3n de la salud y la educaci\u00f3n, mientras los banqueros tienen ganancias hist\u00f3ricas, como los 288.340 millones\u00a0 de pesos en 2024, imponi\u00e9ndose un r\u00e9cord nunca antes visto. La sequ\u00eda y el cambio clim\u00e1tico que no explican, por s\u00ed solos, la ca\u00edda del campo, pues se suma el ataque a la econom\u00eda campesina y por eso la producci\u00f3n de alimentos para satisfacer las necesidades tambi\u00e9n se derrumba, la producci\u00f3n de ma\u00edz de 2024 es la m\u00e1s baja en los \u00faltimos 10 a\u00f1os. Debido todo ello, la importaci\u00f3n de ma\u00edz este a\u00f1o alcanzar\u00e1 una cifra r\u00e9cord de 25.8 millones de toneladas.<\/p>\n<p><strong>La continuidad neoliberal contra los pueblos originarios y campesinos<\/strong><\/p>\n<p>El CNI tambi\u00e9n denunci\u00f3 la permanencia del marco jur\u00eddico de la contrarreforma al art\u00edculo 27 constitucional de 1992; la aprobaci\u00f3n hace un a\u00f1o de la reforma constitucional en materia ind\u00edgena que omite el reconocimiento del territorio de los pueblos. La guerra por medio del reordenamiento territorial nacional, de sus poblaciones, flujos migratorios, fronteras y regiones, a partir de los megaproyectos como:\u00a0 el Tren Maya, el Corredor Interoce\u00e1nico y el proyecto Integral Morelos; o por medio de programas regionales de reordenamiento territorial, proyectos extractivistas o de conducci\u00f3n de hidrocarburos. El incremento de la importaci\u00f3n de transg\u00e9nicos y el control externo de la producci\u00f3n agropecuaria nacional, principalmente campesina, debido al T-MEC, en vigor desde julio de 2020 y continuaci\u00f3n del TLC vigente desde 1994.<\/p>\n<p>En esta continua guerra de conquista, en medio de la mayor devastaci\u00f3n planetaria, el CNI convoca a fortalecerse como una red que permita a los originarios resistir y defender la vida, la madre tierra, el territorio, la cultura y su autonom\u00eda. Por eso convocaron a las: &#8220;JORNADAS PERMANENTES RUMBO A LOS 30 A\u00d1OS DE FUNDACI\u00d3N DEL CNI&#8221;<\/p>\n<p>Las jornadas iniciaron el domingo 12 de octubre y culminar\u00e1n el 12 de octubre de 2026.<\/p>\n<p><strong>Saludo a la Casa Samir Flores Soberanes<\/strong><\/p>\n<p>A nombre de las mujeres, ni\u00f1os, ancianos, varones y otroas zapatistas que resisten en las monta\u00f1as del sureste mexicano, el Subcomandante Insurgente Mois\u00e9s mand\u00f3 un saludo a la Comunidad Ind\u00edgena Otom\u00ed residente en la Ciudad de M\u00e9xico. Agradecieron a las muestras de solidaridad y apoyo ante las agresiones que han recibido por los gobiernos de la llamada 4T.<\/p>\n<p>El SCI Mois\u00e9s se\u00f1al\u00f3 que aunque en lejanas geograf\u00edas, los acercan el compromiso de resistencia y rebeld\u00eda frente a la hidra capitalista, los unen e identifican la lucha por la vida.<\/p>\n<blockquote><p>&#8220;Es nuestro pensamiento que la columna vertebral de nuestra lucha es el Com\u00fan. Esto es, buscar y encontrar lo que nos une, pero sin dejar de ser lo que cada quien es. Renunciar a tratar de convencer a todas, todos, todoas, a nuestra imagen y semejanza. Renunciar a la construcci\u00f3n, consciente o inconsciente, de nuevas pir\u00e1mides que suplan a las actuales para que todo cambie pero siga igual. Renunciar a imponer un camino \u00fanico, un mismo paso, un modo id\u00e9ntico, una forma calcada &#8221; SCI Mois\u00e9s<\/p><\/blockquote>\n<p>En el comunicado las comunidades zapatistas se\u00f1alan que el COM\u00daN es algo a construir, algo sin recetas ni manuales, ni teor\u00eda;\u00a0 se necesitar\u00e1 de nuevas formas de lucha, organizaci\u00f3n y sobre todo de nuevas formas de relacionarnos entre quienes resistimos; cada quien seg\u00fan su calendario, geograf\u00eda y modo.<\/p>\n<p>El SCI Mois\u00e9s mencion\u00f3 las condiciones de acoso, mentira, simulaci\u00f3n y enga\u00f1o a pesar de las cuales, las hermanas otom\u00edes en resistencia construyen un espacio mirando lejos, no arriba, sino a los lados; donde est\u00e1n otras, otros y otroas como ellas.<\/p>\n<p>La comunidad otom\u00ed que abraza y acompa\u00f1a la propuesta zapatista de EL COM\u00daN, pondr\u00e1 en pr\u00e1ctica esta nueva iniciativa en la Ciudad de M\u00e9xico, con no pocos retos y dificultades, con digna rabia y rebeld\u00eda.<\/p>\n<blockquote><p>&#8220;Tendr\u00e1n aciertos que celebraremos todos. Tendr\u00e1n tropiezos que ayudaremos a resolver. Tendr\u00e1n golpes que aliviaremos con la palabra hermana, y su ejemplo, ser\u00e1 semilla que, en otros calendarios, en otras geograf\u00edas, har\u00e1 nacer una planta diferente, distinta, pero la misma en su dignidad&#8221;. SCI Mois\u00e9s<\/p><\/blockquote>\n<p>El quinto aniversario de la toma del INPI tambi\u00e9n estuvo acompa\u00f1ado de pl\u00e1ticas, encuentros, m\u00fasica y teatro durante dos d\u00edas. La comunidad otom\u00ed comparti\u00f3 con los asistentes la comida, la lucha y la palabra. La propuesta zapatista de EL COM\u00daN, encontr\u00f3 eco en las comunidades ind\u00edgenas que habitan la Ciudad de M\u00e9xico y ya permea en el pensamiento de quienes luchan por la vida y contra el capitalismo. El ataque a la propuesta zapatista en las monta\u00f1as del sureste mexicano por parte de los tres niveles de gobierno, encontr\u00f3 respuesta en la Casa de los Pueblos Samir Flores y en las organizaciones, colectivos, pueblos e individuos que se manifiestan de diversas formas durante las jornadas de denuncia por las agresiones a las comunidades zapatistas y la Asamblea de Gobiernos en Com\u00fan.<\/p>\n<p>Fueron dos d\u00edas de fiesta y encuentro, de solidaridad con el EZLN, en defensa del COM\u00daN y en contra de las agresiones de su proyecto aut\u00f3nomo; de pronunciamientos de hermandad con el pueblo palestino; de escuchar la palabra de los pueblos originarios, del CNI, de las comunidades zapatistas y de la comunidad otom\u00ed en la Ciudad de M\u00e9xico. Fueron dos d\u00edas de memoria y de propuestas en defensa de la vida y construcci\u00f3n del COM\u00daN del que hace eco la incansable resistencia de la comunidad otom\u00ed en la capital del pa\u00eds.<\/p>\n","protected":false},"excerpt":{"rendered":"<p>Colectivo Grieta 13 de octubre de 2025 Ciudad de M\u00e9xico.- En el marco del 5\u00ba aniversario dela Casa de los Pueblos y Comunidades Ind\u00edgenas &#8220;Samir Flores Soberanes&#8221; en lo que &hellip; <a href=\"http:\/\/www.grieta.org.mx\/index.php\/2025\/10\/14\/un-paso-hacia-el-comun-en-el-aniversario-de-la-casa-de-los-pueblos-y-comunidades-indigenas-samir-flores-soberanes\/\" class=\"more-link\">Leer m\u00e1s<\/a><\/p>\n","protected":false},"author":2,"featured_media":72374,"comment_status":"closed","ping_status":"closed","sticky":false,"template":"","format":"standard","meta":{"ngg_post_thumbnail":0,"_jetpack_newsletter_access":"","_jetpack_dont_email_post_to_subs":false,"_jetpack_newsletter_tier_id":0,"_jetpack_memberships_contains_paywalled_content":false,"_jetpack_memberships_contains_paid_content":false,"footnotes":""},"categories":[3167,80,340,79,2690,3165],"tags":[],"class_list":{"0":"post-72371","1":"post","2":"type-post","3":"status-publish","4":"format-standard","5":"has-post-thumbnail","6":"hentry","7":"category-autonomias","8":"category-cintillo","9":"category-ciudad-de-mexico","10":"category-cni","11":"category-resistencias","13":"entry"},"jetpack_featured_media_url":"http:\/\/www.grieta.org.mx\/wp-content\/uploads\/2025\/10\/Diapositiva1.jpeg","jetpack_sharing_enabled":true,"jetpack_shortlink":"https:\/\/wp.me\/p7ZJR4-iPh","jetpack_likes_enabled":false,"jetpack-related-posts":[{"id":68022,"url":"http:\/\/www.grieta.org.mx\/index.php\/2023\/10\/30\/alto-a-la-represion-en-contra-de-la-comunidad-indigena-otomi-residente-en-la-ciudad-de-mexico\/","url_meta":{"origin":72371,"position":0},"title":"Alto a la represi\u00f3n en contra de la comunidad ind\u00edgena otom\u00ed residente en la Ciudad de M\u00e9xico","author":"grieta","date":"30 octubre, 2023","format":false,"excerpt":"ALTO A LA REPRESI\u00d3N EN CONTRA DE LA COMUNIDAD IND\u00cdGENA OTOM\u00cd RESIDENTE EN LA CIUDAD DE M\u00c9XICO NO AL DESALOJO DE LA CASA DE LOS PUEBLOS \u201cSAMIR FLORES SOBERANES\u201d\u00a0 A los pueblos de M\u00e9xico y del mundo, A los organismos y colectivos defensores de derechos humanos, A los medios de\u2026","rel":"","context":"En &quot;CINTILLO&quot;","block_context":{"text":"CINTILLO","link":"http:\/\/www.grieta.org.mx\/index.php\/category\/cintillo\/"},"img":{"alt_text":"","src":"https:\/\/i0.wp.com\/www.grieta.org.mx\/wp-content\/uploads\/2023\/10\/2023-10-16-07.52.59.jpg?resize=350%2C200","width":350,"height":200,"srcset":"https:\/\/i0.wp.com\/www.grieta.org.mx\/wp-content\/uploads\/2023\/10\/2023-10-16-07.52.59.jpg?resize=350%2C200 1x, https:\/\/i0.wp.com\/www.grieta.org.mx\/wp-content\/uploads\/2023\/10\/2023-10-16-07.52.59.jpg?resize=525%2C300 1.5x"},"classes":[]},{"id":62411,"url":"http:\/\/www.grieta.org.mx\/index.php\/2021\/10\/12\/celebran-25-anos-del-congreso-nacional-indigena-en-nueva-casa-de-los-pueblos-samir-flores\/","url_meta":{"origin":72371,"position":1},"title":"Celebran 25 a\u00f1os del Congreso Nacional Ind\u00edgena en nueva Casa de los Pueblos Samir Flores","author":"grieta","date":"12 octubre, 2021","format":false,"excerpt":"Texto: Mar\u00eda Ruiz y Arturo Contreras Fotos: Mar\u00eda Ruiz Pie de P\u00e1gina En lo que hasta hace un a\u00f1o fue el edificio gubernamental del Instituto Nacional de Pueblos Ind\u00edgenas, INPI, integrantes de la comunidad otom\u00ed celebraron un cuarto de siglo del CNI, dentro del espacio renombrado como Casa de los\u2026","rel":"","context":"En &quot;Autonom\u00edas&quot;","block_context":{"text":"Autonom\u00edas","link":"http:\/\/www.grieta.org.mx\/index.php\/category\/resistencias\/autonomias\/"},"img":{"alt_text":"","src":"https:\/\/i0.wp.com\/www.grieta.org.mx\/wp-content\/uploads\/2021\/10\/Celebran-25-anos-del-Congreso-Nacional-Indigena-en-nueva-Casa-de-los-Pueblos-Samir-Flores-cdmx-oct.jpeg?resize=350%2C200","width":350,"height":200,"srcset":"https:\/\/i0.wp.com\/www.grieta.org.mx\/wp-content\/uploads\/2021\/10\/Celebran-25-anos-del-Congreso-Nacional-Indigena-en-nueva-Casa-de-los-Pueblos-Samir-Flores-cdmx-oct.jpeg?resize=350%2C200 1x, https:\/\/i0.wp.com\/www.grieta.org.mx\/wp-content\/uploads\/2021\/10\/Celebran-25-anos-del-Congreso-Nacional-Indigena-en-nueva-Casa-de-los-Pueblos-Samir-Flores-cdmx-oct.jpeg?resize=525%2C300 1.5x, https:\/\/i0.wp.com\/www.grieta.org.mx\/wp-content\/uploads\/2021\/10\/Celebran-25-anos-del-Congreso-Nacional-Indigena-en-nueva-Casa-de-los-Pueblos-Samir-Flores-cdmx-oct.jpeg?resize=700%2C400 2x, https:\/\/i0.wp.com\/www.grieta.org.mx\/wp-content\/uploads\/2021\/10\/Celebran-25-anos-del-Congreso-Nacional-Indigena-en-nueva-Casa-de-los-Pueblos-Samir-Flores-cdmx-oct.jpeg?resize=1050%2C600 3x"},"classes":[]},{"id":67944,"url":"http:\/\/www.grieta.org.mx\/index.php\/2023\/10\/16\/denuncia-del-congreso-nacional-indigena-concejo-indigena-de-gobierno-por-el-intento-de-desalojo-de-la-casa-de-los-pueblos\/","url_meta":{"origin":72371,"position":2},"title":"Denuncia del Congreso Nacional Ind\u00edgena \u2013 Concejo Ind\u00edgena de Gobierno por el Intento de Desalojo de la Casa de los Pueblos","author":"grieta","date":"16 octubre, 2023","format":false,"excerpt":"A los pueblos y gobiernos de M\u00e9xico y del mundo. A los organismos de derechos humanos. A los medios de comunicaci\u00f3n. Denunciamos que desde hace algunas horas un numeroso contingente de granaderos del gobierno de la Ciudad de M\u00e9xico est\u00e1 tratando de desalojar con violencia a la Comunidad Ind\u00edgena Otom\u00ed\u2026","rel":"","context":"En &quot;CIG&quot;","block_context":{"text":"CIG","link":"http:\/\/www.grieta.org.mx\/index.php\/category\/cig\/"},"img":{"alt_text":"","src":"https:\/\/i0.wp.com\/www.grieta.org.mx\/wp-content\/uploads\/2023\/10\/logo-CNI-T.png?resize=350%2C200","width":350,"height":200,"srcset":"https:\/\/i0.wp.com\/www.grieta.org.mx\/wp-content\/uploads\/2023\/10\/logo-CNI-T.png?resize=350%2C200 1x, https:\/\/i0.wp.com\/www.grieta.org.mx\/wp-content\/uploads\/2023\/10\/logo-CNI-T.png?resize=525%2C300 1.5x"},"classes":[]},{"id":68028,"url":"http:\/\/www.grieta.org.mx\/index.php\/2023\/11\/02\/a-15-dias-del-violento-intento-de-desalojo-de-la-casa-de-los-pueblos-samir-flores-soberanes-la-comunidad-otomi-resiste\/","url_meta":{"origin":72371,"position":3},"title":"A 15 D\u00cdAS DEL VIOLENTO INTENTO DE DESALOJO DE LA CASA DE LOS PUEBLOS \u201cSAMIR FLORES SOBERANES\u201d, LA COMUNIDAD OTOM\u00cd RESISTE.","author":"grieta","date":"2 noviembre, 2023","format":false,"excerpt":"- El 16 de octubre pasado cientos de granaderos del gobierno represor de la Ciudad de M\u00e9xico, encabezado por Mart\u00ed Bartres, intentaron desalojar violentamente a la comunidad Otom\u00ed que desde hace tres a\u00f1os ocupa y construye la Casa de los Pueblos \u201cSamir Flores Soberanes\u201d, antes INPI. - El saldo del\u2026","rel":"","context":"En &quot;Abuso policiaco y tortura en la Ciudad de M\u00e9xico&quot;","block_context":{"text":"Abuso policiaco y tortura en la Ciudad de M\u00e9xico","link":"http:\/\/www.grieta.org.mx\/index.php\/category\/noticias-nacionales\/ciudad-de-mexico\/abuso-policiaco-y-tortura-en-la-ciudad-de-mexico\/"},"img":{"alt_text":"","src":"https:\/\/i0.wp.com\/www.grieta.org.mx\/wp-content\/uploads\/2023\/11\/photo_2023-11-02_21-56-07.jpg?resize=350%2C200","width":350,"height":200,"srcset":"https:\/\/i0.wp.com\/www.grieta.org.mx\/wp-content\/uploads\/2023\/11\/photo_2023-11-02_21-56-07.jpg?resize=350%2C200 1x, https:\/\/i0.wp.com\/www.grieta.org.mx\/wp-content\/uploads\/2023\/11\/photo_2023-11-02_21-56-07.jpg?resize=525%2C300 1.5x, https:\/\/i0.wp.com\/www.grieta.org.mx\/wp-content\/uploads\/2023\/11\/photo_2023-11-02_21-56-07.jpg?resize=700%2C400 2x, https:\/\/i0.wp.com\/www.grieta.org.mx\/wp-content\/uploads\/2023\/11\/photo_2023-11-02_21-56-07.jpg?resize=1050%2C600 3x"},"classes":[]},{"id":68834,"url":"http:\/\/www.grieta.org.mx\/index.php\/2024\/04\/23\/gobierno-de-la-ciudad-de-mexico-hostiga-a-la-comunidad-otomi-en-la-ciudad-de-mexico\/","url_meta":{"origin":72371,"position":4},"title":"Gobierno de la Ciudad de M\u00e9xico hostiga a la Comunidad Otom\u00ed en la Ciudad de M\u00e9xico","author":"grieta","date":"23 abril, 2024","format":false,"excerpt":"Colectivo Grieta Jueves 18 de abril 2024 Ciudad de M\u00e9xico.-\u00a0El pasado viernes 11 de abril de 2024, la Comisi\u00f3n Federal de Electricidad cort\u00f3 la luz a la Casa de los Pueblos y Comunidades Ind\u00edgenas Samir Flores Soberanes. El gobierno de la Ciudad de M\u00e9xico ha realizado tres cortes de luz\u2026","rel":"","context":"En &quot;CINTILLO&quot;","block_context":{"text":"CINTILLO","link":"http:\/\/www.grieta.org.mx\/index.php\/category\/cintillo\/"},"img":{"alt_text":"","src":"https:\/\/i0.wp.com\/www.grieta.org.mx\/wp-content\/uploads\/2024\/04\/photo_2024-04-25_12-07-52.jpg?resize=350%2C200","width":350,"height":200,"srcset":"https:\/\/i0.wp.com\/www.grieta.org.mx\/wp-content\/uploads\/2024\/04\/photo_2024-04-25_12-07-52.jpg?resize=350%2C200 1x, https:\/\/i0.wp.com\/www.grieta.org.mx\/wp-content\/uploads\/2024\/04\/photo_2024-04-25_12-07-52.jpg?resize=525%2C300 1.5x, https:\/\/i0.wp.com\/www.grieta.org.mx\/wp-content\/uploads\/2024\/04\/photo_2024-04-25_12-07-52.jpg?resize=700%2C400 2x, https:\/\/i0.wp.com\/www.grieta.org.mx\/wp-content\/uploads\/2024\/04\/photo_2024-04-25_12-07-52.jpg?resize=1050%2C600 3x"},"classes":[]},{"id":67899,"url":"http:\/\/www.grieta.org.mx\/index.php\/2023\/10\/08\/mujeres-de-la-comunidad-otomi-en-la-ciudad-de-mexico-luchando-por-una-vivienda-digna\/","url_meta":{"origin":72371,"position":5},"title":"Mujeres de la Comunidad Otom\u00ed en la Ciudad de M\u00e9xico: Luchando por una Vivienda Digna","author":"grieta","date":"8 octubre, 2023","format":false,"excerpt":"Por Andrea Amaya\/\u00a0and_amaya17\u00a0y Alexandra Saldivar\/\u00a0@Alexand81136800 \/ Somos el Medio Mujeres pertenecientes a la Comunidad Otom\u00ed, residentes en la Ciudad de M\u00e9xico, han tenido que abandonar sus lugares de origen en busca de una vida mejor, escapando de las carencias socioecon\u00f3micas que afectaban a sus pueblos originarios. Sin embargo, al llegar\u2026","rel":"","context":"En &quot;CINTILLO&quot;","block_context":{"text":"CINTILLO","link":"http:\/\/www.grieta.org.mx\/index.php\/category\/cintillo\/"},"img":{"alt_text":"","src":"https:\/\/i0.wp.com\/www.somoselmedio.com\/wp-content\/uploads\/2023\/10\/53883df8-5eab-4857-916b-bbc40fe87174-jpg.webp?resize=350%2C200&ssl=1","width":350,"height":200,"srcset":"https:\/\/i0.wp.com\/www.somoselmedio.com\/wp-content\/uploads\/2023\/10\/53883df8-5eab-4857-916b-bbc40fe87174-jpg.webp?resize=350%2C200&ssl=1 1x, https:\/\/i0.wp.com\/www.somoselmedio.com\/wp-content\/uploads\/2023\/10\/53883df8-5eab-4857-916b-bbc40fe87174-jpg.webp?resize=525%2C300&ssl=1 1.5x, https:\/\/i0.wp.com\/www.somoselmedio.com\/wp-content\/uploads\/2023\/10\/53883df8-5eab-4857-916b-bbc40fe87174-jpg.webp?resize=700%2C400&ssl=1 2x, https:\/\/i0.wp.com\/www.somoselmedio.com\/wp-content\/uploads\/2023\/10\/53883df8-5eab-4857-916b-bbc40fe87174-jpg.webp?resize=1050%2C600&ssl=1 3x, https:\/\/i0.wp.com\/www.somoselmedio.com\/wp-content\/uploads\/2023\/10\/53883df8-5eab-4857-916b-bbc40fe87174-jpg.webp?resize=1400%2C800&ssl=1 4x"},"classes":[]}],"_links":{"self":[{"href":"http:\/\/www.grieta.org.mx\/index.php\/wp-json\/wp\/v2\/posts\/72371","targetHints":{"allow":["GET"]}}],"collection":[{"href":"http:\/\/www.grieta.org.mx\/index.php\/wp-json\/wp\/v2\/posts"}],"about":[{"href":"http:\/\/www.grieta.org.mx\/index.php\/wp-json\/wp\/v2\/types\/post"}],"author":[{"embeddable":true,"href":"http:\/\/www.grieta.org.mx\/index.php\/wp-json\/wp\/v2\/users\/2"}],"replies":[{"embeddable":true,"href":"http:\/\/www.grieta.org.mx\/index.php\/wp-json\/wp\/v2\/comments?post=72371"}],"version-history":[{"count":1,"href":"http:\/\/www.grieta.org.mx\/index.php\/wp-json\/wp\/v2\/posts\/72371\/revisions"}],"predecessor-version":[{"id":72404,"href":"http:\/\/www.grieta.org.mx\/index.php\/wp-json\/wp\/v2\/posts\/72371\/revisions\/72404"}],"wp:featuredmedia":[{"embeddable":true,"href":"http:\/\/www.grieta.org.mx\/index.php\/wp-json\/wp\/v2\/media\/72374"}],"wp:attachment":[{"href":"http:\/\/www.grieta.org.mx\/index.php\/wp-json\/wp\/v2\/media?parent=72371"}],"wp:term":[{"taxonomy":"category","embeddable":true,"href":"http:\/\/www.grieta.org.mx\/index.php\/wp-json\/wp\/v2\/categories?post=72371"},{"taxonomy":"post_tag","embeddable":true,"href":"http:\/\/www.grieta.org.mx\/index.php\/wp-json\/wp\/v2\/tags?post=72371"}],"curies":[{"name":"wp","href":"https:\/\/api.w.org\/{rel}","templated":true}]}}