{"id":7235,"date":"2015-04-09T12:11:21","date_gmt":"2015-04-09T12:11:21","guid":{"rendered":"http:\/\/50.22.11.12\/~grietaor\/?p=7235"},"modified":"2016-03-29T12:12:05","modified_gmt":"2016-03-29T12:12:05","slug":"denuncian-despidos-injustificados-en-mazda","status":"publish","type":"post","link":"http:\/\/www.grieta.org.mx\/index.php\/2015\/04\/09\/denuncian-despidos-injustificados-en-mazda\/","title":{"rendered":"Denuncian despidos injustificados en Mazda"},"content":{"rendered":"<p>Ruth Meza<\/p>\n<p>Veinte ex empleados de la armadora de veh\u00edculos de Mazda en Salamanca, quienes dieron a conocer que hubo despidos injustificados en la empresa, ya interpusieron una denuncia formal por los hechos en la Procuradur\u00eda General de la Defensa del Trabajo en Guanajuato.<\/p>\n<p>Los afectados contaron que hace unos d\u00edas, el grupo de trabajadores de Mazda, originarios de municipios como Salamanca, Valle de Santiago, Jaral del Progreso, Celaya e Irapuato, se dirigieron al \u00e1rea de Recursos Humanos para pedir un trato digno, pues dijeron, desde enero que se fueron los japoneses, empezaron a sufrir maltrato laboral.<\/p>\n<p>\u201cEs el Assistant Manager, es prepotente y d\u00e9spota; es una persona que se dirige a los trabajadores muy mal, nos dec\u00eda: \u00a1\u00d3rale cabrones para eso est\u00e1n aqu\u00ed, \u00f3rale mu\u00e9vanse!, \u00e9l no se detiene si son hombres o mujeres, a todos les dec\u00eda as\u00ed\u201d, cont\u00f3 uno de los ex empleados.<\/p>\n<p>Luego del maltrato, los trabajadores se dirigieron al \u00e1rea de Recursos Humanos a poner su queja. Ese d\u00eda volvieron a sus lugares de trabajo, pero despu\u00e9s los mandaron llamar uno por uno.<\/p>\n<p>\u201cA unos nos amenazaron, dijeron que si no firm\u00e1bamos la renuncia, nos iban a cerrar las puertas en todas las empresas y ya no podr\u00edamos encontrar nunca trabajo, a otros nos hicieron firmar con enga\u00f1os; dijeron que les volvi\u00e9ramos a decir la queja y seg\u00fan lo que firmamos fue la queja, pero luego nos dieron otra hoja y dec\u00edan; \u00bfsabes qu\u00e9 firmaste?, no, pues no, firmaste tu renuncia. Otros no han firmado\u201d, cont\u00f3 otro ex empleado de Mazda.<\/p>\n<p>Sin embargo, en el \u00e1rea de Recursos Humanos les dijeron que el despido fue por el supuesto paro de l\u00ednea TSF de Ensamble Final, pero los ex trabajadores expresaron que la l\u00ednea nunca se detuvo.<\/p>\n<p>Dentro de la queja, contaron que el mismo Assitant Manager tambi\u00e9n acosaba sexualmente a una de sus compa\u00f1eras. \u201cLe dec\u00eda hola hermosa\u201d, \u201chola mi amor\u201d y \u201chac\u00eda que la saludaba de beso, pero le buscaba la boca\u201d, cont\u00f3 otro de los ex empleados.<\/p>\n<p>Por la tarde, la afectada interpondr\u00eda una denuncia en el Ministerio P\u00fablico contra el directivo de Mazda por acoso sexual.<\/p>\n<p>En Conciliaci\u00f3n y Arbitraje, los ex empleados de Mazda pidieron que les restituyan sus empleos, pues dicen es injusto el despido.<\/p>\n<p>\u201cAc\u00e1 afuera est\u00e1 muy canijo, por eso s\u00ed queremos que nos regresen los empleos\u201d.<\/p>\n<p>Ya existe una orden para que los afectados tengan un careo con los directivos de Mazda a mediados de abril.<\/p>\n<p>Calla empresa sobre despidos<\/p>\n<p>AM solicit\u00f3 la postura de la empresa Mazda sobre los despidos injustificados de 20 empleados, sin embargo la directiva del \u00e1rea de Relaciones P\u00fablicas manifest\u00f3 que estaban enterados de la situaci\u00f3n y que dar\u00edan una postura sobre lo ocurrido, sin embargo, hasta el cierre de la edici\u00f3n no dieron informaci\u00f3n.<\/p>\n<p>Fueron 20 empleados los que parcialmente dejaron de laborar para interponer su queja en contra de su Assistant Manager, de la l\u00ednea de TSF de la secci\u00f3n 10 y 11 de reparaciones, por los malos tratos hacia el personal y el acoso sexual a una compa\u00f1era, aclarando que la l\u00ednea sigui\u00f3 trabajando en la producci\u00f3n de veh\u00edculos sin detenerse.<\/p>\n<p>Por otro lado, los trabajadores platicaron que tambi\u00e9n denunciaron los hechos con el Presidente del Sindicato Local de la Secci\u00f3n 10 de Trabajadores de Mazda, pero tampoco fueron atendidos.<\/p>\n<p>Personal del Sindicato dijo a AM que estaban enterados de la situaci\u00f3n y que dar\u00edan una postura, sin embargo, AM trat\u00f3 de contactarlos y confirmaron que el d\u00eda de hoy habr\u00e1 un pronunciamiento<\/p>\n<p><a href=\"http:\/\/am.com.mx\/leon\/local\/exigen-les-devuelvan-empleos-en-mazda-193420.html\" target=\"_blank\">am.com.mx\/leon\/local\/exigen-les-devuelvan-empleos-en-mazda-193420.html<\/a><\/p>\n","protected":false},"excerpt":{"rendered":"<p>Ruth Meza Veinte ex empleados de la armadora de veh\u00edculos de Mazda en Salamanca, quienes dieron a conocer que hubo despidos injustificados en la empresa, ya interpusieron una denuncia formal &hellip; <a href=\"http:\/\/www.grieta.org.mx\/index.php\/2015\/04\/09\/denuncian-despidos-injustificados-en-mazda\/\" class=\"more-link\">Leer m\u00e1s<\/a><\/p>\n","protected":false},"author":2,"featured_media":21928,"comment_status":"closed","ping_status":"open","sticky":false,"template":"","format":"standard","meta":{"ngg_post_thumbnail":0,"_jetpack_newsletter_access":"","_jetpack_dont_email_post_to_subs":false,"_jetpack_newsletter_tier_id":0,"_jetpack_memberships_contains_paywalled_content":false,"_jetpack_memberships_contains_paid_content":false,"footnotes":""},"categories":[80],"tags":[],"class_list":["post-7235","post","type-post","status-publish","format-standard","has-post-thumbnail","hentry","category-cintillo","entry"],"jetpack_featured_media_url":"http:\/\/www.grieta.org.mx\/wp-content\/uploads\/2018\/03\/14524434_1106112876131411_958039263622046936_o.jpg","jetpack_sharing_enabled":true,"jetpack_shortlink":"https:\/\/wp.me\/p7ZJR4-1SH","jetpack_likes_enabled":false,"jetpack-related-posts":[{"id":63510,"url":"http:\/\/www.grieta.org.mx\/index.php\/2022\/02\/24\/acusan-represalias-en-mazda-salamanca-tras-despido-de-280-trabajadores-guanajuato\/","url_meta":{"origin":7235,"position":0},"title":"Acusan represalias en Mazda Salamanca tras despido de 280 trabajadores (Guanajuato","author":"grieta","date":"24 febrero, 2022","format":false,"excerpt":"Por: Redacci\u00f3n\/El Pulso Laboral, 24 de febrero de 2022 Otro conflicto laboral de grandes proporciones toca la puerta en el Baj\u00edo mexicano, ahora protagonizado por trabajadores de la empresa Mazda planta Salamanca, quienes acusan 280 despidos injustificados. El Movimiento Industrial Automotriz Independiente (MIAI) aglutina a un grupo de trabajadores de\u2026","rel":"","context":"En &quot;CINTILLO&quot;","block_context":{"text":"CINTILLO","link":"http:\/\/www.grieta.org.mx\/index.php\/category\/cintillo\/"},"img":{"alt_text":"","src":"https:\/\/i0.wp.com\/www.grieta.org.mx\/wp-content\/uploads\/2022\/02\/284UO_MAZDA.jpg?resize=350%2C200","width":350,"height":200,"srcset":"https:\/\/i0.wp.com\/www.grieta.org.mx\/wp-content\/uploads\/2022\/02\/284UO_MAZDA.jpg?resize=350%2C200 1x, https:\/\/i0.wp.com\/www.grieta.org.mx\/wp-content\/uploads\/2022\/02\/284UO_MAZDA.jpg?resize=525%2C300 1.5x, https:\/\/i0.wp.com\/www.grieta.org.mx\/wp-content\/uploads\/2022\/02\/284UO_MAZDA.jpg?resize=700%2C400 2x, https:\/\/i0.wp.com\/www.grieta.org.mx\/wp-content\/uploads\/2022\/02\/284UO_MAZDA.jpg?resize=1050%2C600 3x"},"classes":[]},{"id":63507,"url":"http:\/\/www.grieta.org.mx\/index.php\/2022\/02\/24\/despidos-masivos-en-mazda-salamanca-organizan-sindicato-independiente-igual-a-gm-guanajuato\/","url_meta":{"origin":7235,"position":1},"title":"Despidos masivos en Mazda Salamanca; organizan sindicato independiente igual a GM (Guanajuato)","author":"grieta","date":"24 febrero, 2022","format":false,"excerpt":"Los trabajadores dijeron que Mazda Salamanca ha realizado despidos de hasta 80 personas en un solo d\u00eda. Por Luciano V\u00e1zquez febrero 24, 2022 | El Financiero Guanajuato, Gto.- Trabajadores de la planta Mazda de Salamanca Guanajuato denunciaron que la empresa est\u00e1 realizando despidos masivos, por lo cual han iniciado el\u2026","rel":"","context":"En &quot;CINTILLO&quot;","block_context":{"text":"CINTILLO","link":"http:\/\/www.grieta.org.mx\/index.php\/category\/cintillo\/"},"img":{"alt_text":"","src":"https:\/\/i0.wp.com\/www.grieta.org.mx\/wp-content\/uploads\/2022\/02\/KDZA4HOJSVGOBJ2L3PXVLFV55Y.jpg?resize=350%2C200","width":350,"height":200,"srcset":"https:\/\/i0.wp.com\/www.grieta.org.mx\/wp-content\/uploads\/2022\/02\/KDZA4HOJSVGOBJ2L3PXVLFV55Y.jpg?resize=350%2C200 1x, https:\/\/i0.wp.com\/www.grieta.org.mx\/wp-content\/uploads\/2022\/02\/KDZA4HOJSVGOBJ2L3PXVLFV55Y.jpg?resize=525%2C300 1.5x, https:\/\/i0.wp.com\/www.grieta.org.mx\/wp-content\/uploads\/2022\/02\/KDZA4HOJSVGOBJ2L3PXVLFV55Y.jpg?resize=700%2C400 2x"},"classes":[]},{"id":7254,"url":"http:\/\/www.grieta.org.mx\/index.php\/2016\/08\/17\/conflictos-laborales-en-guanajuato\/","url_meta":{"origin":7235,"position":2},"title":"Conflictos laborales en Guanajuato","author":"grieta","date":"17 agosto, 2016","format":false,"excerpt":"17\/08\/16. Crece n\u00famero de muertes por accidentes laborales en Guanajuato El Financiero 24\/04\/2016. Empresas concesionarias explotan a barrenderos en Le\u00f3n AM 30\/03\/2016. Estalla huelga en Cecyteg en Guanajuato, maestros exigen mejores salarios y condiciones dignas de trabajo Zona Franca 03\/08\/2015. Explotan a ni\u00f1os ind\u00edgenas en campos agr\u00edcolas de Guanajuato La\u2026","rel":"","context":"En &quot;Guanajuato&quot;","block_context":{"text":"Guanajuato","link":"http:\/\/www.grieta.org.mx\/index.php\/category\/noticias-nacionales\/guanajuato\/"},"img":{"alt_text":"","src":"https:\/\/i0.wp.com\/www.grieta.org.mx\/wp-content\/uploads\/2018\/03\/14524434_1106112876131411_958039263622046936_o.jpg?resize=350%2C200","width":350,"height":200,"srcset":"https:\/\/i0.wp.com\/www.grieta.org.mx\/wp-content\/uploads\/2018\/03\/14524434_1106112876131411_958039263622046936_o.jpg?resize=350%2C200 1x, https:\/\/i0.wp.com\/www.grieta.org.mx\/wp-content\/uploads\/2018\/03\/14524434_1106112876131411_958039263622046936_o.jpg?resize=525%2C300 1.5x, https:\/\/i0.wp.com\/www.grieta.org.mx\/wp-content\/uploads\/2018\/03\/14524434_1106112876131411_958039263622046936_o.jpg?resize=700%2C400 2x"},"classes":[]},{"id":63876,"url":"http:\/\/www.grieta.org.mx\/index.php\/2022\/03\/02\/irapuato-salamanca-estado-municipios-nacional-e-internacional-a-donde-ir-punto-y-aparte-radio-punto-y-aparte-radio-irapuato-salamanca-estado-municipios-nacion\/","url_meta":{"origin":7235,"position":3},"title":"Llama Sindicalismo Independiente a empleados de Mazda Salamanca a no validar Contrato Colectivo (Guanajuato)","author":"grieta","date":"2 marzo, 2022","format":false,"excerpt":"Punto y aparte. Radio, 02 de marzo de 2022 Silao, Gto.(02\/03\/2022).-Por considerar que el proceso est\u00e1 plagado de irregularidades y enga\u00f1os, la Casa Obrera del Baj\u00edo, que impuls\u00f3 la salida de la CTM de la General Motors, Silao, rechaz\u00f3 la jornada de elecci\u00f3n para la renovaci\u00f3n de la dirigencia sindical\u2026","rel":"","context":"En &quot;Conflictos laborales en Guanajuato&quot;","block_context":{"text":"Conflictos laborales en Guanajuato","link":"http:\/\/www.grieta.org.mx\/index.php\/category\/noticias-nacionales\/guanajuato\/conflictos-laborales-en-guanajuato\/"},"img":{"alt_text":"","src":"https:\/\/i0.wp.com\/www.grieta.org.mx\/wp-content\/uploads\/2022\/04\/Captura-de-Pantalla-2022-03-02-a-las-20.50.31.png?resize=350%2C200","width":350,"height":200,"srcset":"https:\/\/i0.wp.com\/www.grieta.org.mx\/wp-content\/uploads\/2022\/04\/Captura-de-Pantalla-2022-03-02-a-las-20.50.31.png?resize=350%2C200 1x, https:\/\/i0.wp.com\/www.grieta.org.mx\/wp-content\/uploads\/2022\/04\/Captura-de-Pantalla-2022-03-02-a-las-20.50.31.png?resize=525%2C300 1.5x, https:\/\/i0.wp.com\/www.grieta.org.mx\/wp-content\/uploads\/2022\/04\/Captura-de-Pantalla-2022-03-02-a-las-20.50.31.png?resize=700%2C400 2x"},"classes":[]},{"id":2521,"url":"http:\/\/www.grieta.org.mx\/index.php\/2015\/08\/07\/pobladores-y-trabajadores-de-minera-autlan-unidad-nonoalco-en-hidago-denuncian-contaminacion-y-despidos-injustificados\/","url_meta":{"origin":7235,"position":4},"title":"Pobladores y trabajadores de Minera Autl\u00e1n Unidad Nonoalco en Hidago, denuncian contaminaci\u00f3n y despidos injustificados","author":"grieta","date":"7 agosto, 2015","format":false,"excerpt":"07\/08\/15. Minera Autl\u00e1n logra acuerdo con NonoalcoCriterio Hdalgo 06\/08\/15. Denuncian a minera por contaminaci\u00f3n y da\u00f1os a bosques en HidalgoLa Jornada 05\/08\/15. Vecinos paralizan mina de Autl\u00e1n en HidalgoLa Jornada","rel":"","context":"En &quot;Hidalgo&quot;","block_context":{"text":"Hidalgo","link":"http:\/\/www.grieta.org.mx\/index.php\/category\/noticias-nacionales\/hidalgo\/"},"img":{"alt_text":"","src":"https:\/\/i0.wp.com\/www.grieta.org.mx\/wp-content\/uploads\/2018\/03\/14524434_1106112876131411_958039263622046936_o.jpg?resize=350%2C200","width":350,"height":200,"srcset":"https:\/\/i0.wp.com\/www.grieta.org.mx\/wp-content\/uploads\/2018\/03\/14524434_1106112876131411_958039263622046936_o.jpg?resize=350%2C200 1x, https:\/\/i0.wp.com\/www.grieta.org.mx\/wp-content\/uploads\/2018\/03\/14524434_1106112876131411_958039263622046936_o.jpg?resize=525%2C300 1.5x, https:\/\/i0.wp.com\/www.grieta.org.mx\/wp-content\/uploads\/2018\/03\/14524434_1106112876131411_958039263622046936_o.jpg?resize=700%2C400 2x"},"classes":[]},{"id":29466,"url":"http:\/\/www.grieta.org.mx\/index.php\/2019\/02\/20\/denuncian-despidos-injustificados-zacatecas\/","url_meta":{"origin":7235,"position":5},"title":"Denuncian despidos injustificados (Zacatecas)","author":"grieta","date":"20 febrero, 2019","format":false,"excerpt":"ALEJANDRO CASTA\u00d1EDA | NTRZACATECAS.COM. Zacatecas.- Ex trabajadores del Sistema Nacional del Empleo (SNE) delegaci\u00f3n Zacatecas denunciaron que aproximadamente 40 personas han sido despedidas injustificadamente por la dependencia y 20 m\u00e1s est\u00e1n en riesgo de ser removidos. Rogelio Alv\u00e1rez, quien trabaj\u00f3 durante 22 a\u00f1os en el SNE, asegur\u00f3 que los despidos\u2026","rel":"","context":"En &quot;CINTILLO&quot;","block_context":{"text":"CINTILLO","link":"http:\/\/www.grieta.org.mx\/index.php\/category\/cintillo\/"},"img":{"alt_text":"","src":"https:\/\/i0.wp.com\/www.grieta.org.mx\/wp-content\/uploads\/2019\/02\/whatsapp-image-2019-02-20-at-13.25.25.jpeg?resize=350%2C200","width":350,"height":200,"srcset":"https:\/\/i0.wp.com\/www.grieta.org.mx\/wp-content\/uploads\/2019\/02\/whatsapp-image-2019-02-20-at-13.25.25.jpeg?resize=350%2C200 1x, https:\/\/i0.wp.com\/www.grieta.org.mx\/wp-content\/uploads\/2019\/02\/whatsapp-image-2019-02-20-at-13.25.25.jpeg?resize=525%2C300 1.5x, https:\/\/i0.wp.com\/www.grieta.org.mx\/wp-content\/uploads\/2019\/02\/whatsapp-image-2019-02-20-at-13.25.25.jpeg?resize=700%2C400 2x, https:\/\/i0.wp.com\/www.grieta.org.mx\/wp-content\/uploads\/2019\/02\/whatsapp-image-2019-02-20-at-13.25.25.jpeg?resize=1050%2C600 3x"},"classes":[]}],"_links":{"self":[{"href":"http:\/\/www.grieta.org.mx\/index.php\/wp-json\/wp\/v2\/posts\/7235","targetHints":{"allow":["GET"]}}],"collection":[{"href":"http:\/\/www.grieta.org.mx\/index.php\/wp-json\/wp\/v2\/posts"}],"about":[{"href":"http:\/\/www.grieta.org.mx\/index.php\/wp-json\/wp\/v2\/types\/post"}],"author":[{"embeddable":true,"href":"http:\/\/www.grieta.org.mx\/index.php\/wp-json\/wp\/v2\/users\/2"}],"replies":[{"embeddable":true,"href":"http:\/\/www.grieta.org.mx\/index.php\/wp-json\/wp\/v2\/comments?post=7235"}],"version-history":[{"count":1,"href":"http:\/\/www.grieta.org.mx\/index.php\/wp-json\/wp\/v2\/posts\/7235\/revisions"}],"predecessor-version":[{"id":7237,"href":"http:\/\/www.grieta.org.mx\/index.php\/wp-json\/wp\/v2\/posts\/7235\/revisions\/7237"}],"wp:featuredmedia":[{"embeddable":true,"href":"http:\/\/www.grieta.org.mx\/index.php\/wp-json\/wp\/v2\/media\/21928"}],"wp:attachment":[{"href":"http:\/\/www.grieta.org.mx\/index.php\/wp-json\/wp\/v2\/media?parent=7235"}],"wp:term":[{"taxonomy":"category","embeddable":true,"href":"http:\/\/www.grieta.org.mx\/index.php\/wp-json\/wp\/v2\/categories?post=7235"},{"taxonomy":"post_tag","embeddable":true,"href":"http:\/\/www.grieta.org.mx\/index.php\/wp-json\/wp\/v2\/tags?post=7235"}],"curies":[{"name":"wp","href":"https:\/\/api.w.org\/{rel}","templated":true}]}}