{"id":72341,"date":"2025-09-29T00:04:06","date_gmt":"2025-09-29T06:04:06","guid":{"rendered":"https:\/\/www.grieta.org.mx\/?p=72341"},"modified":"2025-09-29T22:09:20","modified_gmt":"2025-09-30T04:09:20","slug":"imagenes-para-la-mananera-de-los-finqueros","status":"publish","type":"post","link":"http:\/\/www.grieta.org.mx\/index.php\/2025\/09\/29\/imagenes-para-la-mananera-de-los-finqueros\/","title":{"rendered":"IM\u00c1GENES PARA LA MA\u00d1ANERA DE LOS FINQUEROS"},"content":{"rendered":"<p style=\"text-align: center;\"><strong>IM\u00c1GENES PARA LA MA\u00d1ANERA DE LOS FINQUEROS<\/strong><\/p>\n<div style=\"text-align: center;\"><iframe title=\"IM\u00c1GENES PARA LA MA\u00d1ANERA DE LOS FINQUEROS\" src=\"https:\/\/player.vimeo.com\/video\/1123070275?h=6597954366&amp;title=0&amp;byline=0&amp;portrait=0&amp;badge=0&amp;autopause=0&amp;player_id=0&amp;app_id=58479\" frameborder=\"0\" data-ready=\"true\" data-mce-fragment=\"1\"><\/iframe><\/div>\n<p style=\"text-align: center;\">Im\u00e1genes cortes\u00eda de los Terci@s Compas Zapatistas<\/p>\n","protected":false},"excerpt":{"rendered":"<p>IM\u00c1GENES PARA LA MA\u00d1ANERA DE LOS FINQUEROS Im\u00e1genes cortes\u00eda de los Terci@s Compas Zapatistas<\/p>\n","protected":false},"author":2,"featured_media":72343,"comment_status":"closed","ping_status":"closed","sticky":false,"template":"","format":"standard","meta":{"ngg_post_thumbnail":0,"_jetpack_newsletter_access":"","_jetpack_dont_email_post_to_subs":false,"_jetpack_newsletter_tier_id":0,"_jetpack_memberships_contains_paywalled_content":false,"_jetpack_memberships_contains_paid_content":false,"footnotes":""},"categories":[80,75,907,2,78],"tags":[],"class_list":["post-72341","post","type-post","status-publish","format-standard","has-post-thumbnail","hentry","category-cintillo","category-denuncias-jbg","category-ezln-2","category-noticias-nacionales","category-palabras-del-ezln","entry"],"jetpack_featured_media_url":"http:\/\/www.grieta.org.mx\/wp-content\/uploads\/2025\/09\/imagen.jpg","jetpack_sharing_enabled":true,"jetpack_shortlink":"https:\/\/wp.me\/p7ZJR4-iON","jetpack_likes_enabled":false,"jetpack-related-posts":[{"id":38543,"url":"http:\/\/www.grieta.org.mx\/index.php\/2019\/08\/31\/imagenes-de-la-ruptura-del-cerco-i\/","url_meta":{"origin":72341,"position":0},"title":"IM\u00c1GENES DE LA RUPTURA DEL CERCO I","author":"grieta","date":"31 agosto, 2019","format":false,"excerpt":"IM\u00c1GENES DE LA RUPTURA DEL CERCO I AGOSTO DEL 2019. Desde las monta\u00f1as del Sureste Mexicano. Los Tercios Compas. Comisi\u00f3n Sexta del EZLN. Agosto del 2019.","rel":"","context":"En &quot;CINTILLO&quot;","block_context":{"text":"CINTILLO","link":"http:\/\/www.grieta.org.mx\/index.php\/category\/cintillo\/"},"img":{"alt_text":"","src":"https:\/\/i0.wp.com\/www.grieta.org.mx\/wp-content\/uploads\/2019\/08\/proxy.duckduckgo.com_-1.jpg?resize=350%2C200","width":350,"height":200,"srcset":"https:\/\/i0.wp.com\/www.grieta.org.mx\/wp-content\/uploads\/2019\/08\/proxy.duckduckgo.com_-1.jpg?resize=350%2C200 1x, https:\/\/i0.wp.com\/www.grieta.org.mx\/wp-content\/uploads\/2019\/08\/proxy.duckduckgo.com_-1.jpg?resize=525%2C300 1.5x, https:\/\/i0.wp.com\/www.grieta.org.mx\/wp-content\/uploads\/2019\/08\/proxy.duckduckgo.com_-1.jpg?resize=700%2C400 2x"},"classes":[]},{"id":68186,"url":"http:\/\/www.grieta.org.mx\/index.php\/2023\/12\/04\/quinceava-parte-de-noche-y-a-toda-luz\/","url_meta":{"origin":72341,"position":1},"title":"Quinceava Parte: De noche y a toda luz\u2026","author":"grieta","date":"4 diciembre, 2023","format":false,"excerpt":"https:\/\/vimeo.com\/891306166 \u00a0 Im\u00e1genes de trabajos artesanales de insurgentas e insurgentes en preparativos para la celebraci\u00f3n de los 30 a\u00f1os del inicio de la guerra contra el olvido. Fotos y videos cortes\u00eda de Los Tercios Compas. Copyleft; diciembre del 2023. M\u00fasica Dan Dan Kokoro Hikareteku (Mi coraz\u00f3n encantado), Piano: RuRu Violin:\u2026","rel":"","context":"En &quot;CINTILLO&quot;","block_context":{"text":"CINTILLO","link":"http:\/\/www.grieta.org.mx\/index.php\/category\/cintillo\/"},"img":{"alt_text":"","src":"https:\/\/i0.wp.com\/www.grieta.org.mx\/wp-content\/uploads\/2023\/12\/Diapositiva1.jpeg?resize=350%2C200","width":350,"height":200,"srcset":"https:\/\/i0.wp.com\/www.grieta.org.mx\/wp-content\/uploads\/2023\/12\/Diapositiva1.jpeg?resize=350%2C200 1x, https:\/\/i0.wp.com\/www.grieta.org.mx\/wp-content\/uploads\/2023\/12\/Diapositiva1.jpeg?resize=525%2C300 1.5x, https:\/\/i0.wp.com\/www.grieta.org.mx\/wp-content\/uploads\/2023\/12\/Diapositiva1.jpeg?resize=700%2C400 2x"},"classes":[]},{"id":25420,"url":"http:\/\/www.grieta.org.mx\/index.php\/2018\/08\/09\/cormpartes-2018-imagenes-ultimo-dia\/","url_meta":{"origin":72341,"position":2},"title":"CompArte 2018 im\u00e1genes \u00faltimo d\u00eda.","author":"grieta","date":"9 agosto, 2018","format":false,"excerpt":"Caracol de Morelia, Chiapas, M\u00e9xico. 25 Zapatistas rapeando con Lengualerta CompArte 2018, \u00faltimo d\u00eda en el Caracol de Morelia Mensaje para los capataces, pasados, presentes y futuros del EZLN CompArte 2018, \u00faltimo d\u00eda en el Caracol de la Realidad CompArte 2018, \u00faltimo d\u00eda en el Caracol de la Realidad CompArte\u2026","rel":"","context":"En &quot;CINTILLO&quot;","block_context":{"text":"CINTILLO","link":"http:\/\/www.grieta.org.mx\/index.php\/category\/cintillo\/"},"img":{"alt_text":"","src":"https:\/\/i0.wp.com\/www.grieta.org.mx\/wp-content\/uploads\/2018\/08\/DkMXqKRUcAIWTTQ.jpg-large.jpg?resize=350%2C200","width":350,"height":200,"srcset":"https:\/\/i0.wp.com\/www.grieta.org.mx\/wp-content\/uploads\/2018\/08\/DkMXqKRUcAIWTTQ.jpg-large.jpg?resize=350%2C200 1x, https:\/\/i0.wp.com\/www.grieta.org.mx\/wp-content\/uploads\/2018\/08\/DkMXqKRUcAIWTTQ.jpg-large.jpg?resize=525%2C300 1.5x, https:\/\/i0.wp.com\/www.grieta.org.mx\/wp-content\/uploads\/2018\/08\/DkMXqKRUcAIWTTQ.jpg-large.jpg?resize=700%2C400 2x"},"classes":[]},{"id":72516,"url":"http:\/\/www.grieta.org.mx\/index.php\/2026\/02\/20\/jornadas-zapatistas-justicia-para-samir-y-autodeterminacion-para-los-pueblos-20-de-febrero-de-2026-caracoles-de-la-realidad-oventik-garrucha-y-morelia\/","url_meta":{"origin":72341,"position":3},"title":"JORNADAS ZAPATISTAS \u00abJusticia para Samir y autodeterminaci\u00f3n para los pueblos\u00bb. 20 DE FEBRERO DE 2026, Caracoles de La Realidad, Oventik, Garrucha y Morelia","author":"grieta","date":"20 febrero, 2026","format":false,"excerpt":"JORNADAS ZAPATISTAS \u00abJusticia para Samir y autodeterminaci\u00f3n para los pueblos\u00bb 20 DE FEBRERO DE 2026, Caracoles de La Realidad, Oventik, Garrucha y Morelia Im\u00e1genes de Terci@s Compas Zapatistas \u00a0 https:\/\/enlacezapatista.ezln.org.mx\/2026\/02\/20\/jornadas-zapatistas-justicia-para-samir-y-autodeterminacion-para-los-pueblos-20-de-febrero-de-2026-caracoles-de-la-realidad-oventik-garrucha-y-morelia\/ \u00a0","rel":"","context":"En &quot;CINTILLO&quot;","block_context":{"text":"CINTILLO","link":"http:\/\/www.grieta.org.mx\/index.php\/category\/cintillo\/"},"img":{"alt_text":"","src":"https:\/\/i0.wp.com\/www.grieta.org.mx\/wp-content\/uploads\/2026\/02\/Captura-de-pantalla-2026-02-21-134709.png?resize=350%2C200","width":350,"height":200,"srcset":"https:\/\/i0.wp.com\/www.grieta.org.mx\/wp-content\/uploads\/2026\/02\/Captura-de-pantalla-2026-02-21-134709.png?resize=350%2C200 1x, https:\/\/i0.wp.com\/www.grieta.org.mx\/wp-content\/uploads\/2026\/02\/Captura-de-pantalla-2026-02-21-134709.png?resize=525%2C300 1.5x, https:\/\/i0.wp.com\/www.grieta.org.mx\/wp-content\/uploads\/2026\/02\/Captura-de-pantalla-2026-02-21-134709.png?resize=700%2C400 2x"},"classes":[]},{"id":34556,"url":"http:\/\/www.grieta.org.mx\/index.php\/2019\/05\/31\/protesta-ezln-en-leon-contra-proyectos-que-amenazan-la-vida\/","url_meta":{"origin":72341,"position":4},"title":"Convocados por el EZLN y el Consejo Ind\u00edgena de Gobierno, protestan colectivos en Le\u00f3n contra proyectos que amenazan la vida","author":"grieta","date":"31 mayo, 2019","format":false,"excerpt":"En Le\u00f3n se replic\u00f3 una protesta nacional del EZLN y el Consejo Ind\u00edgena de Gobierno contra proyectos que amenazan la vida. Por: Jos\u00e9 Antonio Castro\/ AM Le\u00f3n Guanajuato, 31 de Mayo de 2019 Le\u00f3n.- La Jornada Por La Vida convocada por el Ej\u00e9rcito Zapatista de Liberaci\u00f3n Nacional (EZLN) y el\u2026","rel":"","context":"En &quot;CINTILLO&quot;","block_context":{"text":"CINTILLO","link":"http:\/\/www.grieta.org.mx\/index.php\/category\/cintillo\/"},"img":{"alt_text":"","src":"https:\/\/i0.wp.com\/www.grieta.org.mx\/wp-content\/uploads\/2019\/06\/ezln.jpg_851672003.jpg?resize=350%2C200","width":350,"height":200,"srcset":"https:\/\/i0.wp.com\/www.grieta.org.mx\/wp-content\/uploads\/2019\/06\/ezln.jpg_851672003.jpg?resize=350%2C200 1x, https:\/\/i0.wp.com\/www.grieta.org.mx\/wp-content\/uploads\/2019\/06\/ezln.jpg_851672003.jpg?resize=525%2C300 1.5x, https:\/\/i0.wp.com\/www.grieta.org.mx\/wp-content\/uploads\/2019\/06\/ezln.jpg_851672003.jpg?resize=700%2C400 2x"},"classes":[]},{"id":72519,"url":"http:\/\/www.grieta.org.mx\/index.php\/2026\/02\/21\/jornadas-zapatistas-justicia-para-samir-y-autodeterminacion-para-los-pueblos-21-de-febrero-de-2026-caracoles-de-roberto-barrios-la-union-jacinto-canek-y-dolores-hidalgo\/","url_meta":{"origin":72341,"position":5},"title":"JORNADAS ZAPATISTAS \u00abJusticia para Samir y autodeterminaci\u00f3n para los pueblos\u00bb. 21 DE FEBRERO DE 2026, Caracoles de Roberto Barrios, La Uni\u00f3n, Jacinto Canek y Dolores Hidalgo","author":"grieta","date":"21 febrero, 2026","format":false,"excerpt":"JORNADAS ZAPATISTAS \u00abJusticia para Samir y autodeterminaci\u00f3n para los pueblos\u00bb 21 DE FEBRERO DE 2026, Caracoles de Roberto Barrios, La Uni\u00f3n, Jacinto Canek y Dolores Hidalgo\u00a0 Im\u00e1genes de Terci@s Compas Zapatistas \u00a0 https:\/\/enlacezapatista.ezln.org.mx\/2026\/02\/21\/jornadas-zapatistas-justicia-para-samir-y-autodeterminacion-para-los-pueblos-21-de-febrero-de-2026-caracoles-de-roberto-barrios-la-union-jacinto-canek-y-dolores-hidalgo\/","rel":"","context":"En &quot;CINTILLO&quot;","block_context":{"text":"CINTILLO","link":"http:\/\/www.grieta.org.mx\/index.php\/category\/cintillo\/"},"img":{"alt_text":"","src":"https:\/\/i0.wp.com\/www.grieta.org.mx\/wp-content\/uploads\/2026\/02\/Captura-de-pantalla-2026-02-21-135330.png?resize=350%2C200","width":350,"height":200,"srcset":"https:\/\/i0.wp.com\/www.grieta.org.mx\/wp-content\/uploads\/2026\/02\/Captura-de-pantalla-2026-02-21-135330.png?resize=350%2C200 1x, https:\/\/i0.wp.com\/www.grieta.org.mx\/wp-content\/uploads\/2026\/02\/Captura-de-pantalla-2026-02-21-135330.png?resize=525%2C300 1.5x, https:\/\/i0.wp.com\/www.grieta.org.mx\/wp-content\/uploads\/2026\/02\/Captura-de-pantalla-2026-02-21-135330.png?resize=700%2C400 2x"},"classes":[]}],"_links":{"self":[{"href":"http:\/\/www.grieta.org.mx\/index.php\/wp-json\/wp\/v2\/posts\/72341","targetHints":{"allow":["GET"]}}],"collection":[{"href":"http:\/\/www.grieta.org.mx\/index.php\/wp-json\/wp\/v2\/posts"}],"about":[{"href":"http:\/\/www.grieta.org.mx\/index.php\/wp-json\/wp\/v2\/types\/post"}],"author":[{"embeddable":true,"href":"http:\/\/www.grieta.org.mx\/index.php\/wp-json\/wp\/v2\/users\/2"}],"replies":[{"embeddable":true,"href":"http:\/\/www.grieta.org.mx\/index.php\/wp-json\/wp\/v2\/comments?post=72341"}],"version-history":[{"count":1,"href":"http:\/\/www.grieta.org.mx\/index.php\/wp-json\/wp\/v2\/posts\/72341\/revisions"}],"predecessor-version":[{"id":72345,"href":"http:\/\/www.grieta.org.mx\/index.php\/wp-json\/wp\/v2\/posts\/72341\/revisions\/72345"}],"wp:featuredmedia":[{"embeddable":true,"href":"http:\/\/www.grieta.org.mx\/index.php\/wp-json\/wp\/v2\/media\/72343"}],"wp:attachment":[{"href":"http:\/\/www.grieta.org.mx\/index.php\/wp-json\/wp\/v2\/media?parent=72341"}],"wp:term":[{"taxonomy":"category","embeddable":true,"href":"http:\/\/www.grieta.org.mx\/index.php\/wp-json\/wp\/v2\/categories?post=72341"},{"taxonomy":"post_tag","embeddable":true,"href":"http:\/\/www.grieta.org.mx\/index.php\/wp-json\/wp\/v2\/tags?post=72341"}],"curies":[{"name":"wp","href":"https:\/\/api.w.org\/{rel}","templated":true}]}}