{"id":72303,"date":"2025-08-17T15:01:27","date_gmt":"2025-08-17T21:01:27","guid":{"rendered":"https:\/\/www.grieta.org.mx\/?p=72303"},"modified":"2025-09-06T15:06:02","modified_gmt":"2025-09-06T21:06:02","slug":"ni-una-activista-trans-menos-exigen-organizaciones-justicia-para-katia-medina-en-jalisco-y-tipificacion-de-los-transfeminicidios","status":"publish","type":"post","link":"http:\/\/www.grieta.org.mx\/index.php\/2025\/08\/17\/ni-una-activista-trans-menos-exigen-organizaciones-justicia-para-katia-medina-en-jalisco-y-tipificacion-de-los-transfeminicidios\/","title":{"rendered":"\u201cNi una activista trans menos\u201d exigen organizaciones justicia para Katia Medina en Jalisco y tipificaci\u00f3n de los transfeminicidios"},"content":{"rendered":"<p>Imagen: Zona Docs<\/p>\n<p><strong>El transfeminicidio de la activista Katia Daniela Medina, directora del colectivo\u00a0<i>Zapotl\u00e1n Diverso\u00a0<\/i>en Zapotl\u00e1n el Grande en Zapotl\u00e1n el Grande, Jalisco dej\u00f3 en evidencia la falta de empat\u00eda, perspectiva de derechos humanos y de diversidad sexual que prevalece en los medios de comunicaci\u00f3n al reportar cr\u00edmenes en contra de la poblaci\u00f3n LGBTIQ+, as\u00ed lo expuso\u00a0<i>Uni\u00f3n Diversa de Jalisco.<\/i><\/strong><\/p>\n<p><strong>Por su parte, el colectivo\u00a0<i>Zapotl\u00e1n Diverso\u00a0<\/i>denunci\u00f3 que el crimen de odio cometido en contra de Katia Daniela Medina es el resultado fatal del incremento de la transfobia en el discurso pol\u00edtico y p\u00fablico, adem\u00e1s de la falta de acciones eficaces y urgentes de parte de las instituciones.\u00a0<\/strong><\/p>\n<p>Redacci\u00f3n \/ Zona Docs<\/p>\n<p><b>\u201cLa comunidad de la diversidad sexual se visti\u00f3 de luto\u201d<\/b>, afirm\u00f3 la organizaci\u00f3n\u00a0<i>Uni\u00f3n Diversa de Jalisco<\/i>, luego del transfeminicido de la activista Katia Daniela Medina, directora del colectivo Zapotl\u00e1n Diverso en Zapotl\u00e1n el Grande. Adem\u00e1s de condenar el crimen,\u00a0<b>demandaron a las autoridades que el caso sea investigado bajo los est\u00e1ndares m\u00e1s altos de la perspectiva de g\u00e9nero y de diversidad sexual.\u00a0<\/b><\/p>\n<p>Preocupa a la organizaci\u00f3n que acompa\u00f1a los procesos de lucha de la comunidad diversa en Jalisco, que el crimen perpetrado en contra de la activista haya sido\u00a0<b>abordado por los medios de comunicaci\u00f3n desde el desconocimiento y la revictimizaci\u00f3n.<\/b>\u00a0Puntualmente, se\u00f1alaron<b>\u00a0el lenguaje discriminatorio<\/b>, as\u00ed como la difusi\u00f3n de informaci\u00f3n\u00a0<b>\u201cque vulnera la memoria y dignidad de la activista<\/b>\u201d por parte del medio\u00a0<i>Reporte Sur Jalisco.\u00a0<\/i><\/p>\n<p>Seg\u00fan explicaron, sobre este actuar ya fue presentada una queja ante el Consejo Nacional para Prevenir la Discriminaci\u00f3n (Conapred)\u00a0<b>\u201cesperamos que este organismo exija al medio capacitar a su personal en diversidad sexual y no discriminaci\u00f3n\u201d<\/b>.<\/p>\n<p>En ese sentido, reconocieron la presentaci\u00f3n de<b>\u00a0una iniciativa que pretende \u201ctipificar los cr\u00edmenes de odio\u201d, as\u00ed como los transfeminicidios dentro del estado<\/b>, la propuesta corre a cargo de la diputada Monserrat P\u00e9rez.<\/p>\n<blockquote><p><strong>\u201cSe trata de una parte de la deuda hist\u00f3rica que hemos impulsado desde hace a\u00f1os colectivas, asociaciones y activistas independientes\u201d recordaron.\u00a0<\/strong><\/p><\/blockquote>\n<p>Por su parte, el colectivo\u00a0<i>Zapotl\u00e1n Diverso<\/i>, del cual era directora la activista, denunci\u00f3 que\u00a0<b>\u201ceste crimen de odio no s\u00f3lo arrebat\u00f3 la vida de una compa\u00f1era, sino que evidencia una vez m\u00e1s la violencia sistem\u00e1tica que enfrentan las personas trans en M\u00e9xico\u201d.<\/b><\/p>\n<p>Fueron puntuales en destacar que estos cr\u00edmenes en contra de la comunidad, son el resultado de \u201cdiscursos de odio, desinformaci\u00f3n y omisi\u00f3n de las autoridades, motivados por el prejuicio, la intolerancia que atenta contra la vida, la dignidad y los derechos humanos de las personas trans\u201d.<\/p>\n<p>Adem\u00e1s, expusieron con preocupaci\u00f3n\u00a0<b>el incremento de la transfobia dentro de los discursos p\u00fablicos y pol\u00edticos<\/b>, adem\u00e1s de la ineficacia de las instituciones encargadas de garantizar la seguridad, justicia y derechos de todas las personas.<\/p>\n<p>Realizaron una serie de demandas al Ayuntamiento de Zapotl\u00e1n el Grande, al Gobierno de Jalisco y al Gobierno Federal, entre ellas destacan la exigencia de una investigaci\u00f3n\u00a0<b>\u201cinmediata, exhaustiva y con perspectiva de g\u00e9nero\u201d\u00a0<\/b>que garantice el esclarecimiento del crimen cometido en contra de la activista y<b>\u00a0\u201cuna condena ejemplar\u201d<\/b>\u00a0en contra de quienes resulten responsables.<\/p>\n<p>En ese sentido, pidieron a la Fiscal\u00eda del Estado que el crimen sea investigado como un feminicidio<b>\u00a0\u201cproducto del odio y la discrminaci\u00f3n hacia su identidad de g\u00e9nero trans\u201d<\/b>; que deje en evidencia\u00a0<b>\u201clas problem\u00e1ticas espec\u00edficas que tienen las mujeres trans y toda la poblaci\u00f3n trans en general\u201d.\u00a0<\/b><\/p>\n<p>Reclamaron<b>\u00a0garant\u00edas de seguridad y protecci\u00f3n efectiva para las personas trans, activistas y defensoras de derechos humanos en el estado de Jalisco,<\/b>\u00a0pues reconocieron que se \u201cenfrentan a altos niveles de vulnerabilidad\u201d.<\/p>\n<p>La implementaci\u00f3n de pol\u00edticas p\u00fablicas integrales de prevenci\u00f3n de la violencia y protecci\u00f3n efectiva para las personas trans, el derecho a una vida libre de violencia y discriminaci\u00f3n para las personas LGBTTTIQ+, fueron otras de sus exigencias.<\/p>\n<p>Finalmente, llamaron al Congreso del Estado a\u00a0<b>aprobar con diligencia y prontitud la iniciativa de ley presentada para tipificar los cr\u00edmenes de odio y los transfeminicidios.\u00a0<\/b><\/p>\n<blockquote><p><strong>\u201cLa impunidad y la falta de justicia acrecientan la violencia. No podemos seguir normalizando que las mujeres trans sean asesinadas por el simple hecho de existir. Cada feminicidio es una herida abierta en la lucha por los derechos humanos\u201d.<\/strong><\/p><\/blockquote>\n<p>La organizaci\u00f3n Uni\u00f3n Diversa de Jalisco record\u00f3 que\u00a0<b>Jalisco se encuentra entre los cuatro estados con mayor n\u00famero de cr\u00edmenes de odio a nivel nacional.<\/b><\/p>\n<p><a href=\"https:\/\/www.zonadocs.mx\/2025\/08\/17\/ni-una-activista-trans-menos-exigen-organizaciones-justicia-para-katia-medina-en-jalisco-y-tipificacion-de-los-transfeminicidios\/\">https:\/\/www.zonadocs.mx\/2025\/08\/17\/ni-una-activista-trans-menos-exigen-organizaciones-justicia-para-katia-medina-en-jalisco-y-tipificacion-de-los-transfeminicidios\/<\/a><\/p>\n","protected":false},"excerpt":{"rendered":"<p>Imagen: Zona Docs El transfeminicidio de la activista Katia Daniela Medina, directora del colectivo\u00a0Zapotl\u00e1n Diverso\u00a0en Zapotl\u00e1n el Grande en Zapotl\u00e1n el Grande, Jalisco dej\u00f3 en evidencia la falta de empat\u00eda, &hellip; <a href=\"http:\/\/www.grieta.org.mx\/index.php\/2025\/08\/17\/ni-una-activista-trans-menos-exigen-organizaciones-justicia-para-katia-medina-en-jalisco-y-tipificacion-de-los-transfeminicidios\/\" class=\"more-link\">Leer m\u00e1s<\/a><\/p>\n","protected":false},"author":2,"featured_media":72304,"comment_status":"closed","ping_status":"closed","sticky":false,"template":"","format":"standard","meta":{"ngg_post_thumbnail":0,"_jetpack_newsletter_access":"","_jetpack_dont_email_post_to_subs":false,"_jetpack_newsletter_tier_id":0,"_jetpack_memberships_contains_paywalled_content":false,"_jetpack_memberships_contains_paid_content":false,"footnotes":""},"categories":[2859,80,84,2107,20,2,83,3670],"tags":[4005,2140,81,4128,3578,1226],"class_list":["post-72303","post","type-post","status-publish","format-standard","has-post-thumbnail","hentry","category-amenazas-contra-activistas-en-jalisco","category-cintillo","category-feminicidios","category-feminicidios-en-jalisco","category-jalisco","category-noticias-nacionales","category-temas-nacionales","category-violencia-contra-la-comunidad-lgbtttiq-en-jalisco","tag-agresiones-a-defensores-y-activistas","tag-asesinato-de-activistas","tag-feminicidios","tag-manifestaciones-de-la-comunidad-lgbttti","tag-transfeminicidios","tag-violencia-contra-la-comunidad-lgbttti","entry"],"jetpack_featured_media_url":"http:\/\/www.grieta.org.mx\/wp-content\/uploads\/2025\/09\/IMG_1932.jpeg","jetpack_sharing_enabled":true,"jetpack_shortlink":"https:\/\/wp.me\/p7ZJR4-iOb","jetpack_likes_enabled":false,"jetpack-related-posts":[{"id":72300,"url":"http:\/\/www.grieta.org.mx\/index.php\/2025\/08\/18\/transfeminicidio-en-tepatitlan-joselinne-paez-muere-tras-brutal-ataque-activistas-exigen-justicia-jalisco\/","url_meta":{"origin":72303,"position":0},"title":"Transfeminicidio en Tepatitl\u00e1n: Joselinne P\u00e1ez muere tras brutal ataque, activistas exigen justicia (Jalisco)","author":"grieta","date":"18 agosto, 2025","format":false,"excerpt":"Imagen: Zona Docs Redacci\u00f3n \/ Zona Docs La agresi\u00f3n que sufri\u00f3 Joselinne P\u00e1ez deriv\u00f3 en lesiones graves que la llevaron a cuidados cr\u00edticos,\u00a0donde finalmente perdi\u00f3 la vida este 18 de agosto de 2025, esto a pesar de recibir atenci\u00f3n m\u00e9dica. Su muerte se suma a una ola de violencia contra\u2026","rel":"","context":"En &quot;CINTILLO&quot;","block_context":{"text":"CINTILLO","link":"http:\/\/www.grieta.org.mx\/index.php\/category\/cintillo\/"},"img":{"alt_text":"","src":"https:\/\/i0.wp.com\/www.grieta.org.mx\/wp-content\/uploads\/2025\/09\/2458bfcd-bd60-4316-a804-4e0144cbce58.jpeg?resize=350%2C200","width":350,"height":200,"srcset":"https:\/\/i0.wp.com\/www.grieta.org.mx\/wp-content\/uploads\/2025\/09\/2458bfcd-bd60-4316-a804-4e0144cbce58.jpeg?resize=350%2C200 1x, https:\/\/i0.wp.com\/www.grieta.org.mx\/wp-content\/uploads\/2025\/09\/2458bfcd-bd60-4316-a804-4e0144cbce58.jpeg?resize=525%2C300 1.5x, https:\/\/i0.wp.com\/www.grieta.org.mx\/wp-content\/uploads\/2025\/09\/2458bfcd-bd60-4316-a804-4e0144cbce58.jpeg?resize=700%2C400 2x"},"classes":[]},{"id":60066,"url":"http:\/\/www.grieta.org.mx\/index.php\/2021\/06\/15\/comunidad-lgbt-exige-tipificacion-de-crimenes-de-odio-en-jalisco\/","url_meta":{"origin":72303,"position":1},"title":"Comunidad LGBT exige tipificaci\u00f3n de cr\u00edmenes de odio en Jalisco","author":"grieta","date":"15 junio, 2021","format":false,"excerpt":"Foto: Jorge Alberto Mendoza Redacci\u00f3n \/ El Diario NTR A pesar de los m\u00faltiples casos que se han registrado en Jalisco sobre la desaparici\u00f3n y asesinato de miembros de la Comunidad L\u00e9sbico, Gay, Bisexual, Transexual, Transg\u00e9nero, Travesti, Intersexual, y Queer (LGBTTTIQ+) ni los cr\u00edmenes de odio ni los transfeminicidios han\u2026","rel":"","context":"En &quot;CINTILLO&quot;","block_context":{"text":"CINTILLO","link":"http:\/\/www.grieta.org.mx\/index.php\/category\/cintillo\/"},"img":{"alt_text":"","src":"https:\/\/i0.wp.com\/www.grieta.org.mx\/wp-content\/uploads\/2021\/06\/2021-06-15_06-06-59___7161.jpg?resize=350%2C200","width":350,"height":200,"srcset":"https:\/\/i0.wp.com\/www.grieta.org.mx\/wp-content\/uploads\/2021\/06\/2021-06-15_06-06-59___7161.jpg?resize=350%2C200 1x, https:\/\/i0.wp.com\/www.grieta.org.mx\/wp-content\/uploads\/2021\/06\/2021-06-15_06-06-59___7161.jpg?resize=525%2C300 1.5x, https:\/\/i0.wp.com\/www.grieta.org.mx\/wp-content\/uploads\/2021\/06\/2021-06-15_06-06-59___7161.jpg?resize=700%2C400 2x"},"classes":[]},{"id":62387,"url":"http:\/\/www.grieta.org.mx\/index.php\/2021\/10\/16\/realizan-la-decima-marcha-lesbica-feminista-en-gdl-jalisco\/","url_meta":{"origin":72303,"position":2},"title":"Realizan la d\u00e9cima marcha l\u00e9sbica feminista en GDL (Jalisco)","author":"grieta","date":"16 octubre, 2021","format":false,"excerpt":"Foto: Elizabeth Ibal Elizabeth Ibal \/ El Occidental Integrantes de diversas agrupaciones participaron en la d\u00e9cima Marcha L\u00e9sbica Feminista en Guadalajara, esta se hab\u00eda pospuesto desde el a\u00f1o pasado por la pandemia y apenas este s\u00e1bado se concret\u00f3. Fueron alrededor de 70 mujeres quienes esta tarde salieron de la Rambla\u2026","rel":"","context":"En &quot;CINTILLO&quot;","block_context":{"text":"CINTILLO","link":"http:\/\/www.grieta.org.mx\/index.php\/category\/cintillo\/"},"img":{"alt_text":"","src":"https:\/\/i0.wp.com\/www.grieta.org.mx\/wp-content\/uploads\/2021\/10\/marcha-feminista.-1jpg.jpg?resize=350%2C200","width":350,"height":200,"srcset":"https:\/\/i0.wp.com\/www.grieta.org.mx\/wp-content\/uploads\/2021\/10\/marcha-feminista.-1jpg.jpg?resize=350%2C200 1x, https:\/\/i0.wp.com\/www.grieta.org.mx\/wp-content\/uploads\/2021\/10\/marcha-feminista.-1jpg.jpg?resize=525%2C300 1.5x, https:\/\/i0.wp.com\/www.grieta.org.mx\/wp-content\/uploads\/2021\/10\/marcha-feminista.-1jpg.jpg?resize=700%2C400 2x"},"classes":[]},{"id":60509,"url":"http:\/\/www.grieta.org.mx\/index.php\/2021\/07\/11\/asesinan-a-cinco-mujeres-trans-en-un-mes-en-mexico-dos-de-ellas-de-el-salto-y-tonala-jalisco\/","url_meta":{"origin":72303,"position":3},"title":"Asesinan a cinco mujeres trans en un mes en M\u00e9xico; dos de ellas de El Salto y Tonal\u00e1 (Jalisco)","author":"grieta","date":"11 julio, 2021","format":false,"excerpt":"Foto: Ignacio P\u00e9rez Vega El mes de junio y lo que va de julio han sido letales para la comunidad trans en M\u00e9xico. En un lapso de 30 d\u00edas, cinco mujeres trans han sido asesinadas, estos posibles feminicidios se cometieron entre el 7 de junio y el 7 de julio:\u2026","rel":"","context":"En &quot;Baja California&quot;","block_context":{"text":"Baja California","link":"http:\/\/www.grieta.org.mx\/index.php\/category\/noticias-nacionales\/baja-california\/"},"img":{"alt_text":"","src":"https:\/\/i0.wp.com\/www.grieta.org.mx\/wp-content\/uploads\/2021\/07\/Cri%CC%81menes-de-odio-Ignacio-Pere%CC%81z-Vega.jpeg?resize=350%2C200","width":350,"height":200,"srcset":"https:\/\/i0.wp.com\/www.grieta.org.mx\/wp-content\/uploads\/2021\/07\/Cri%CC%81menes-de-odio-Ignacio-Pere%CC%81z-Vega.jpeg?resize=350%2C200 1x, https:\/\/i0.wp.com\/www.grieta.org.mx\/wp-content\/uploads\/2021\/07\/Cri%CC%81menes-de-odio-Ignacio-Pere%CC%81z-Vega.jpeg?resize=525%2C300 1.5x"},"classes":[]},{"id":60833,"url":"http:\/\/www.grieta.org.mx\/index.php\/2021\/07\/25\/mi-identidad-no-mata-tu-transfobia-si-marchan-contra-los-transfeminicidios-en-jalisco\/","url_meta":{"origin":72303,"position":4},"title":"\u201cMi identidad no mata, tu transfobia s\u00ed\u201d: marchan contra los transfeminicidios en Jalisco","author":"grieta","date":"25 julio, 2021","format":false,"excerpt":"Foto: Christian Cantero Durante 2020 fueron asesinadas en M\u00e9xico al menos 79 personas de la comunidad LGBTTTIQ+, un promedio de 6.5 v\u00edctimas por mes. Aunque esta cifra represent\u00f3 una disminuci\u00f3n del 32% respecto al 2019, a\u00f1o en que se registraron 117 asesinatos, la realidad es que el panorama en el\u2026","rel":"","context":"En &quot;CINTILLO&quot;","block_context":{"text":"CINTILLO","link":"http:\/\/www.grieta.org.mx\/index.php\/category\/cintillo\/"},"img":{"alt_text":"","src":"https:\/\/i0.wp.com\/www.grieta.org.mx\/wp-content\/uploads\/2021\/07\/photo5184052009496586932-1068x801-1.jpg?resize=350%2C200","width":350,"height":200,"srcset":"https:\/\/i0.wp.com\/www.grieta.org.mx\/wp-content\/uploads\/2021\/07\/photo5184052009496586932-1068x801-1.jpg?resize=350%2C200 1x, https:\/\/i0.wp.com\/www.grieta.org.mx\/wp-content\/uploads\/2021\/07\/photo5184052009496586932-1068x801-1.jpg?resize=525%2C300 1.5x, https:\/\/i0.wp.com\/www.grieta.org.mx\/wp-content\/uploads\/2021\/07\/photo5184052009496586932-1068x801-1.jpg?resize=700%2C400 2x, https:\/\/i0.wp.com\/www.grieta.org.mx\/wp-content\/uploads\/2021\/07\/photo5184052009496586932-1068x801-1.jpg?resize=1050%2C600 3x"},"classes":[]},{"id":57697,"url":"http:\/\/www.grieta.org.mx\/index.php\/2021\/03\/07\/exigen-politicas-para-detener-violencia-contra-mujeres-de-la-comunidad-lgbtttiq-jalisco\/","url_meta":{"origin":72303,"position":5},"title":"Exigen pol\u00edticas para detener violencia contra mujeres de la comunidad LGBTTTIQ+ (Jalisco)","author":"grieta","date":"7 marzo, 2021","format":false,"excerpt":"Foto: Cuartoscuro Jalisco est\u00e1 entre los primeros 10 estados con mayor n\u00famero de asesinatos de la comunidad gay Elizabeth R\u00edos \/ El Occidental Porque las acciones que se han llevado hasta el momento para abatir el problema no han dado resultado, la agrupaci\u00f3n Uni\u00f3n Diversa de Jalisco exigi\u00f3 a autoridades\u2026","rel":"","context":"En &quot;CINTILLO&quot;","block_context":{"text":"CINTILLO","link":"http:\/\/www.grieta.org.mx\/index.php\/category\/cintillo\/"},"img":{"alt_text":"","src":"https:\/\/i0.wp.com\/www.grieta.org.mx\/wp-content\/uploads\/2021\/03\/comunidad-LGBTTTIQ.jpeg?resize=350%2C200","width":350,"height":200,"srcset":"https:\/\/i0.wp.com\/www.grieta.org.mx\/wp-content\/uploads\/2021\/03\/comunidad-LGBTTTIQ.jpeg?resize=350%2C200 1x, https:\/\/i0.wp.com\/www.grieta.org.mx\/wp-content\/uploads\/2021\/03\/comunidad-LGBTTTIQ.jpeg?resize=525%2C300 1.5x, https:\/\/i0.wp.com\/www.grieta.org.mx\/wp-content\/uploads\/2021\/03\/comunidad-LGBTTTIQ.jpeg?resize=700%2C400 2x"},"classes":[]}],"_links":{"self":[{"href":"http:\/\/www.grieta.org.mx\/index.php\/wp-json\/wp\/v2\/posts\/72303","targetHints":{"allow":["GET"]}}],"collection":[{"href":"http:\/\/www.grieta.org.mx\/index.php\/wp-json\/wp\/v2\/posts"}],"about":[{"href":"http:\/\/www.grieta.org.mx\/index.php\/wp-json\/wp\/v2\/types\/post"}],"author":[{"embeddable":true,"href":"http:\/\/www.grieta.org.mx\/index.php\/wp-json\/wp\/v2\/users\/2"}],"replies":[{"embeddable":true,"href":"http:\/\/www.grieta.org.mx\/index.php\/wp-json\/wp\/v2\/comments?post=72303"}],"version-history":[{"count":1,"href":"http:\/\/www.grieta.org.mx\/index.php\/wp-json\/wp\/v2\/posts\/72303\/revisions"}],"predecessor-version":[{"id":72305,"href":"http:\/\/www.grieta.org.mx\/index.php\/wp-json\/wp\/v2\/posts\/72303\/revisions\/72305"}],"wp:featuredmedia":[{"embeddable":true,"href":"http:\/\/www.grieta.org.mx\/index.php\/wp-json\/wp\/v2\/media\/72304"}],"wp:attachment":[{"href":"http:\/\/www.grieta.org.mx\/index.php\/wp-json\/wp\/v2\/media?parent=72303"}],"wp:term":[{"taxonomy":"category","embeddable":true,"href":"http:\/\/www.grieta.org.mx\/index.php\/wp-json\/wp\/v2\/categories?post=72303"},{"taxonomy":"post_tag","embeddable":true,"href":"http:\/\/www.grieta.org.mx\/index.php\/wp-json\/wp\/v2\/tags?post=72303"}],"curies":[{"name":"wp","href":"https:\/\/api.w.org\/{rel}","templated":true}]}}