{"id":7229,"date":"2015-04-14T12:08:30","date_gmt":"2015-04-14T12:08:30","guid":{"rendered":"http:\/\/50.22.11.12\/~grietaor\/?p=7229"},"modified":"2016-03-29T12:09:12","modified_gmt":"2016-03-29T12:09:12","slug":"jornada-laboral-en-mazda-de-guanajuato-es-esclavitud-moderna","status":"publish","type":"post","link":"http:\/\/www.grieta.org.mx\/index.php\/2015\/04\/14\/jornada-laboral-en-mazda-de-guanajuato-es-esclavitud-moderna\/","title":{"rendered":"Jornada laboral en Mazda de Guanajuato es \u201cesclavitud moderna\u201d"},"content":{"rendered":"<p>Ciudad de M\u00e9xico<\/p>\n<p>Las arduas jornadas laborales en la armadora Mazda, en el municipio de Salamanca, Guanajuato provocan que algunos de sus empleados se convulsionen y estos \u00fanicamente son arrastrados lejos de la l\u00ednea de producci\u00f3n por indicaci\u00f3n del supervisor de producci\u00f3n, Samuel L\u00f3pez, acusaron ex empleados.<\/p>\n<p>En rueda de prensa tres ex empleados de Mazda, que se identificaron como Eder Capetillo, Ismael Cantera y Pedro Vel\u00e1zquez, agregaron que hab\u00eda quienes fueron operados de los tendones de las manos y otros presentaron complicaciones en la columna vertebral como producto de las pesadas jornadas de trabajo. \u201cLo m\u00e1s grave es cuando compa\u00f1eros se convulsionaban por las largas jornadas de trabajo. El supervisor Samuel L\u00f3pez, mandaba que los sacaran arrastrando. La l\u00ednea no se paraba por que mandaban a otros para seguir trabajando mientras que los compa\u00f1eros se repon\u00edan\u201d, dijo Ismael Cantera.<\/p>\n<p>Por lo anterior Adri\u00e1n Guerrero Caracheo, Presidente de la Uni\u00f3n Nacional de Trabajadores Regi\u00f3n Baj\u00edo y Secretario General del Sindicato de Telefonistas, anunci\u00f3 que respaldar\u00e1 a los empleados despedidos y que habr\u00e1 una serie de movilizaciones en contra de la violaci\u00f3n de los derechos humanos laborales.<\/p>\n<p>Las movilizaciones comenzaran este jueves en la ciudad de Celaya con una marcha por las principales calles del Centro, para despu\u00e9s, el viernes manifestarse en el Congreso Local y la Casa de Gobierno en el Ciudad de Guanajuato Capital. Adem\u00e1s el l\u00edder sindicalista recalc\u00f3 que no solo se est\u00e1 apoyando a los trabajadores con las movilizaciones si no que tambi\u00e9n con despensas, adem\u00e1s de crear el fondo de resistencia que consta en recaudar fondos con sus agremiados para ayudar a los ex trabajadores.<\/p>\n<p>Adri\u00e1n Guerrero dijo que acudir\u00e1n ante la Organizaci\u00f3n Internacional del Trabajo con sede en la ciudad M\u00e9xico y a la Comisi\u00f3n Nacional de los Derechos Humanos a interponer su queja. Guerrero Caracheo mencion\u00f3 que la empresa viola la Ley Federal del Trabajo al tener jornadas de 10 horas con 21 minutos en el turno de la ma\u00f1ana y por la tarde son de 9 horas con 21 minutos, cuando la m\u00e1xima es de ocho. Adem\u00e1s de que la empresa podr\u00eda alcanzar una multa de 7 millones de pesos por permitir el acoso a sus trabajadores. Eder Capetillo, Ismael Cantera, Pedro Vel\u00e1zquez, coincidieron en que las condiciones de trabajo en Mazda \u201ces como una esclavitud moderna\u201d.<\/p>\n<p>De manera paralela a esta rueda prensa, el Gobernador del estado, Miguel M\u00e1rquez, dej\u00f3 en claro que su administraci\u00f3n no colaborar\u00e1 para que terminen este tipo de abusos pues no les corresponde. En todo caso debe ser la Secretar\u00eda del Trabajo y Previsi\u00f3n Social (STPS) quien intervenga, dijo.<\/p>\n<p>20 TRABAJADORES SON DESPEDIDOS POR DENUNCIAR ABUSOS<\/p>\n<p>El pasado 7 de abril, ex trabajadores de la armadora Mazda denunciaron el despido injustificado de 20 elementos. Afirmaron que previamente hab\u00edan denunciado por acoso laboral y sexual a un superior y que el sindicato les neg\u00f3 el apoyo ante tal situaci\u00f3n. El departamento de Recursos Humanos habr\u00eda oficializado el despido de los trabajadores, como consecuencia de un paro laboral de la l\u00ednea TSF de Ensamble Final, el pasado 18 de marzo.<\/p>\n<p>Sin embargo, los elementos aseguraron que de los 35 trabajadores de la l\u00ednea, fueron 20 quienes recurrieron a esa medida ya que habr\u00edan interpuesto una queja contra el asistente del Gerente, de las l\u00edneas 10 y 11, debido a que \u00e9ste habr\u00eda sido responsable de malos tratos al personal adem\u00e1s de acosar sexualmente a una compa\u00f1era. Aseguraron que la l\u00ednea no detuvo operaciones. \u201cNos negamos a laborar por las constantes faltas que nos hacen como trabajadores, tanto moralmente como sexualmente a compa\u00f1eras. Una de ellas ya hizo su denuncia pero no le han hecho caso, la han estado amedrentando\u201d, asegur\u00f3 uno de los ex empleados.<\/p>\n<p>Asimismo, acusaron al departamento de recursos humanos de la planta de la armadora originaria de Hiroshima, por encubrir y no tomar medidas respecto al Assistent Manager , ya que no es la primera ocasi\u00f3n que dicho sujeto es se\u00f1alado por acosar sexualmente a empleadas. \u201cTodo el personal de Recursos Humanos hicieron caso omiso a nuestras demandas y el sindicato nos dio la espalda\u201d, asever\u00f3.<\/p>\n<p><a href=\"http:\/\/www.sinembargo.mx\/14-04-2015\/1312538\" target=\"_blank\">www.sinembargo.mx\/14-04-2015\/1312538<\/a><\/p>\n","protected":false},"excerpt":{"rendered":"<p>Ciudad de M\u00e9xico Las arduas jornadas laborales en la armadora Mazda, en el municipio de Salamanca, Guanajuato provocan que algunos de sus empleados se convulsionen y estos \u00fanicamente son arrastrados &hellip; <a href=\"http:\/\/www.grieta.org.mx\/index.php\/2015\/04\/14\/jornada-laboral-en-mazda-de-guanajuato-es-esclavitud-moderna\/\" class=\"more-link\">Leer m\u00e1s<\/a><\/p>\n","protected":false},"author":2,"featured_media":21928,"comment_status":"closed","ping_status":"open","sticky":false,"template":"","format":"standard","meta":{"ngg_post_thumbnail":0,"_jetpack_newsletter_access":"","_jetpack_dont_email_post_to_subs":false,"_jetpack_newsletter_tier_id":0,"_jetpack_memberships_contains_paywalled_content":false,"_jetpack_memberships_contains_paid_content":false,"footnotes":""},"categories":[80],"tags":[],"class_list":["post-7229","post","type-post","status-publish","format-standard","has-post-thumbnail","hentry","category-cintillo","entry"],"jetpack_featured_media_url":"http:\/\/www.grieta.org.mx\/wp-content\/uploads\/2018\/03\/14524434_1106112876131411_958039263622046936_o.jpg","jetpack_sharing_enabled":true,"jetpack_shortlink":"https:\/\/wp.me\/p7ZJR4-1SB","jetpack_likes_enabled":false,"jetpack-related-posts":[{"id":7235,"url":"http:\/\/www.grieta.org.mx\/index.php\/2015\/04\/09\/denuncian-despidos-injustificados-en-mazda\/","url_meta":{"origin":7229,"position":0},"title":"Denuncian despidos injustificados en Mazda","author":"grieta","date":"9 abril, 2015","format":false,"excerpt":"Ruth Meza Veinte ex empleados de la armadora de veh\u00edculos de Mazda en Salamanca, quienes dieron a conocer que hubo despidos injustificados en la empresa, ya interpusieron una denuncia formal por los hechos en la Procuradur\u00eda General de la Defensa del Trabajo en Guanajuato. Los afectados contaron que hace unos\u2026","rel":"","context":"En &quot;CINTILLO&quot;","block_context":{"text":"CINTILLO","link":"http:\/\/www.grieta.org.mx\/index.php\/category\/cintillo\/"},"img":{"alt_text":"","src":"https:\/\/i0.wp.com\/www.grieta.org.mx\/wp-content\/uploads\/2018\/03\/14524434_1106112876131411_958039263622046936_o.jpg?resize=350%2C200","width":350,"height":200,"srcset":"https:\/\/i0.wp.com\/www.grieta.org.mx\/wp-content\/uploads\/2018\/03\/14524434_1106112876131411_958039263622046936_o.jpg?resize=350%2C200 1x, https:\/\/i0.wp.com\/www.grieta.org.mx\/wp-content\/uploads\/2018\/03\/14524434_1106112876131411_958039263622046936_o.jpg?resize=525%2C300 1.5x, https:\/\/i0.wp.com\/www.grieta.org.mx\/wp-content\/uploads\/2018\/03\/14524434_1106112876131411_958039263622046936_o.jpg?resize=700%2C400 2x"},"classes":[]},{"id":7254,"url":"http:\/\/www.grieta.org.mx\/index.php\/2016\/08\/17\/conflictos-laborales-en-guanajuato\/","url_meta":{"origin":7229,"position":1},"title":"Conflictos laborales en Guanajuato","author":"grieta","date":"17 agosto, 2016","format":false,"excerpt":"17\/08\/16. Crece n\u00famero de muertes por accidentes laborales en Guanajuato El Financiero 24\/04\/2016. Empresas concesionarias explotan a barrenderos en Le\u00f3n AM 30\/03\/2016. Estalla huelga en Cecyteg en Guanajuato, maestros exigen mejores salarios y condiciones dignas de trabajo Zona Franca 03\/08\/2015. Explotan a ni\u00f1os ind\u00edgenas en campos agr\u00edcolas de Guanajuato La\u2026","rel":"","context":"En &quot;Guanajuato&quot;","block_context":{"text":"Guanajuato","link":"http:\/\/www.grieta.org.mx\/index.php\/category\/noticias-nacionales\/guanajuato\/"},"img":{"alt_text":"","src":"https:\/\/i0.wp.com\/www.grieta.org.mx\/wp-content\/uploads\/2018\/03\/14524434_1106112876131411_958039263622046936_o.jpg?resize=350%2C200","width":350,"height":200,"srcset":"https:\/\/i0.wp.com\/www.grieta.org.mx\/wp-content\/uploads\/2018\/03\/14524434_1106112876131411_958039263622046936_o.jpg?resize=350%2C200 1x, https:\/\/i0.wp.com\/www.grieta.org.mx\/wp-content\/uploads\/2018\/03\/14524434_1106112876131411_958039263622046936_o.jpg?resize=525%2C300 1.5x, https:\/\/i0.wp.com\/www.grieta.org.mx\/wp-content\/uploads\/2018\/03\/14524434_1106112876131411_958039263622046936_o.jpg?resize=700%2C400 2x"},"classes":[]},{"id":7226,"url":"http:\/\/www.grieta.org.mx\/index.php\/2015\/06\/19\/continuan-los-despidos-y-represion-en-mazda-de-guanajuato\/","url_meta":{"origin":7229,"position":2},"title":"Contin\u00faan los despidos y represi\u00f3n en Mazda de Guanajuato","author":"grieta","date":"19 junio, 2015","format":false,"excerpt":"Joshua Partlow No fue una huelga planeada sino una protesta improvisada: un grupo de trabajadores de la l\u00ednea de ensamblaje en la f\u00e1brica de autom\u00f3viles de Mazda de Salamanca, Guanajuato, simplemente se alejaron de sus puestos una ma\u00f1ana de primavera. En adici\u00f3n a las largas y extenuantes horas, dijeron, aguantaron\u2026","rel":"","context":"En &quot;CINTILLO&quot;","block_context":{"text":"CINTILLO","link":"http:\/\/www.grieta.org.mx\/index.php\/category\/cintillo\/"},"img":{"alt_text":"","src":"https:\/\/i0.wp.com\/www.grieta.org.mx\/wp-content\/uploads\/2018\/03\/14524434_1106112876131411_958039263622046936_o.jpg?resize=350%2C200","width":350,"height":200,"srcset":"https:\/\/i0.wp.com\/www.grieta.org.mx\/wp-content\/uploads\/2018\/03\/14524434_1106112876131411_958039263622046936_o.jpg?resize=350%2C200 1x, https:\/\/i0.wp.com\/www.grieta.org.mx\/wp-content\/uploads\/2018\/03\/14524434_1106112876131411_958039263622046936_o.jpg?resize=525%2C300 1.5x, https:\/\/i0.wp.com\/www.grieta.org.mx\/wp-content\/uploads\/2018\/03\/14524434_1106112876131411_958039263622046936_o.jpg?resize=700%2C400 2x"},"classes":[]},{"id":7238,"url":"http:\/\/www.grieta.org.mx\/index.php\/2015\/04\/07\/tras-denunciar-acoso-laboral-y-sexual-20-trabajadores-de-mazda-en-salamanca-son-despedidos\/","url_meta":{"origin":7229,"position":3},"title":"Tras denunciar acoso laboral y sexual, 20 trabajadores de Mazda en Salamanca son despedidos","author":"grieta","date":"7 abril, 2015","format":false,"excerpt":"Daniel Renter\u00eda Le\u00f3n, Guanajuato, 7 de abril (SinEmbargo\/Zona Franca).\u2013 Ex trabajadores de la armadora Mazda del municipio de Salamanca, Guanajuato, denunciaron el despido injustificado de 20 elementos. Afirmaron que previamente hab\u00edan denunciado por acoso laboral y sexual a un superior y que el sindicato les neg\u00f3 el apoyo ante tal\u2026","rel":"","context":"En &quot;CINTILLO&quot;","block_context":{"text":"CINTILLO","link":"http:\/\/www.grieta.org.mx\/index.php\/category\/cintillo\/"},"img":{"alt_text":"","src":"https:\/\/i0.wp.com\/www.grieta.org.mx\/wp-content\/uploads\/2018\/03\/14524434_1106112876131411_958039263622046936_o.jpg?resize=350%2C200","width":350,"height":200,"srcset":"https:\/\/i0.wp.com\/www.grieta.org.mx\/wp-content\/uploads\/2018\/03\/14524434_1106112876131411_958039263622046936_o.jpg?resize=350%2C200 1x, https:\/\/i0.wp.com\/www.grieta.org.mx\/wp-content\/uploads\/2018\/03\/14524434_1106112876131411_958039263622046936_o.jpg?resize=525%2C300 1.5x, https:\/\/i0.wp.com\/www.grieta.org.mx\/wp-content\/uploads\/2018\/03\/14524434_1106112876131411_958039263622046936_o.jpg?resize=700%2C400 2x"},"classes":[]},{"id":63876,"url":"http:\/\/www.grieta.org.mx\/index.php\/2022\/03\/02\/irapuato-salamanca-estado-municipios-nacional-e-internacional-a-donde-ir-punto-y-aparte-radio-punto-y-aparte-radio-irapuato-salamanca-estado-municipios-nacion\/","url_meta":{"origin":7229,"position":4},"title":"Llama Sindicalismo Independiente a empleados de Mazda Salamanca a no validar Contrato Colectivo (Guanajuato)","author":"grieta","date":"2 marzo, 2022","format":false,"excerpt":"Punto y aparte. Radio, 02 de marzo de 2022 Silao, Gto.(02\/03\/2022).-Por considerar que el proceso est\u00e1 plagado de irregularidades y enga\u00f1os, la Casa Obrera del Baj\u00edo, que impuls\u00f3 la salida de la CTM de la General Motors, Silao, rechaz\u00f3 la jornada de elecci\u00f3n para la renovaci\u00f3n de la dirigencia sindical\u2026","rel":"","context":"En &quot;Conflictos laborales en Guanajuato&quot;","block_context":{"text":"Conflictos laborales en Guanajuato","link":"http:\/\/www.grieta.org.mx\/index.php\/category\/noticias-nacionales\/guanajuato\/conflictos-laborales-en-guanajuato\/"},"img":{"alt_text":"","src":"https:\/\/i0.wp.com\/www.grieta.org.mx\/wp-content\/uploads\/2022\/04\/Captura-de-Pantalla-2022-03-02-a-las-20.50.31.png?resize=350%2C200","width":350,"height":200,"srcset":"https:\/\/i0.wp.com\/www.grieta.org.mx\/wp-content\/uploads\/2022\/04\/Captura-de-Pantalla-2022-03-02-a-las-20.50.31.png?resize=350%2C200 1x, https:\/\/i0.wp.com\/www.grieta.org.mx\/wp-content\/uploads\/2022\/04\/Captura-de-Pantalla-2022-03-02-a-las-20.50.31.png?resize=525%2C300 1.5x, https:\/\/i0.wp.com\/www.grieta.org.mx\/wp-content\/uploads\/2022\/04\/Captura-de-Pantalla-2022-03-02-a-las-20.50.31.png?resize=700%2C400 2x"},"classes":[]},{"id":63507,"url":"http:\/\/www.grieta.org.mx\/index.php\/2022\/02\/24\/despidos-masivos-en-mazda-salamanca-organizan-sindicato-independiente-igual-a-gm-guanajuato\/","url_meta":{"origin":7229,"position":5},"title":"Despidos masivos en Mazda Salamanca; organizan sindicato independiente igual a GM (Guanajuato)","author":"grieta","date":"24 febrero, 2022","format":false,"excerpt":"Los trabajadores dijeron que Mazda Salamanca ha realizado despidos de hasta 80 personas en un solo d\u00eda. Por Luciano V\u00e1zquez febrero 24, 2022 | El Financiero Guanajuato, Gto.- Trabajadores de la planta Mazda de Salamanca Guanajuato denunciaron que la empresa est\u00e1 realizando despidos masivos, por lo cual han iniciado el\u2026","rel":"","context":"En &quot;CINTILLO&quot;","block_context":{"text":"CINTILLO","link":"http:\/\/www.grieta.org.mx\/index.php\/category\/cintillo\/"},"img":{"alt_text":"","src":"https:\/\/i0.wp.com\/www.grieta.org.mx\/wp-content\/uploads\/2022\/02\/KDZA4HOJSVGOBJ2L3PXVLFV55Y.jpg?resize=350%2C200","width":350,"height":200,"srcset":"https:\/\/i0.wp.com\/www.grieta.org.mx\/wp-content\/uploads\/2022\/02\/KDZA4HOJSVGOBJ2L3PXVLFV55Y.jpg?resize=350%2C200 1x, https:\/\/i0.wp.com\/www.grieta.org.mx\/wp-content\/uploads\/2022\/02\/KDZA4HOJSVGOBJ2L3PXVLFV55Y.jpg?resize=525%2C300 1.5x, https:\/\/i0.wp.com\/www.grieta.org.mx\/wp-content\/uploads\/2022\/02\/KDZA4HOJSVGOBJ2L3PXVLFV55Y.jpg?resize=700%2C400 2x"},"classes":[]}],"_links":{"self":[{"href":"http:\/\/www.grieta.org.mx\/index.php\/wp-json\/wp\/v2\/posts\/7229","targetHints":{"allow":["GET"]}}],"collection":[{"href":"http:\/\/www.grieta.org.mx\/index.php\/wp-json\/wp\/v2\/posts"}],"about":[{"href":"http:\/\/www.grieta.org.mx\/index.php\/wp-json\/wp\/v2\/types\/post"}],"author":[{"embeddable":true,"href":"http:\/\/www.grieta.org.mx\/index.php\/wp-json\/wp\/v2\/users\/2"}],"replies":[{"embeddable":true,"href":"http:\/\/www.grieta.org.mx\/index.php\/wp-json\/wp\/v2\/comments?post=7229"}],"version-history":[{"count":1,"href":"http:\/\/www.grieta.org.mx\/index.php\/wp-json\/wp\/v2\/posts\/7229\/revisions"}],"predecessor-version":[{"id":7231,"href":"http:\/\/www.grieta.org.mx\/index.php\/wp-json\/wp\/v2\/posts\/7229\/revisions\/7231"}],"wp:featuredmedia":[{"embeddable":true,"href":"http:\/\/www.grieta.org.mx\/index.php\/wp-json\/wp\/v2\/media\/21928"}],"wp:attachment":[{"href":"http:\/\/www.grieta.org.mx\/index.php\/wp-json\/wp\/v2\/media?parent=7229"}],"wp:term":[{"taxonomy":"category","embeddable":true,"href":"http:\/\/www.grieta.org.mx\/index.php\/wp-json\/wp\/v2\/categories?post=7229"},{"taxonomy":"post_tag","embeddable":true,"href":"http:\/\/www.grieta.org.mx\/index.php\/wp-json\/wp\/v2\/tags?post=7229"}],"curies":[{"name":"wp","href":"https:\/\/api.w.org\/{rel}","templated":true}]}}