{"id":72277,"date":"2025-08-21T15:19:47","date_gmt":"2025-08-21T21:19:47","guid":{"rendered":"https:\/\/www.grieta.org.mx\/?p=72277"},"modified":"2025-08-30T15:43:26","modified_gmt":"2025-08-30T21:43:26","slug":"desaparecen-a-los-desaparecidos-nayarit-registra-doble-desaparicion-de-cuerpos","status":"publish","type":"post","link":"http:\/\/www.grieta.org.mx\/index.php\/2025\/08\/21\/desaparecen-a-los-desaparecidos-nayarit-registra-doble-desaparicion-de-cuerpos\/","title":{"rendered":"Desaparecen a los desaparecidos, Nayarit registra doble desaparici\u00f3n de cuerpos"},"content":{"rendered":"<p>Imagen:\u00a0 Tomada de Pagina de Facebook, Colectivo Familias Unidas por Nayarit<\/p>\n<p>Alberto Cardona\/ Meganoticias Mx<\/p>\n<p>En M\u00e9xico, el Registro Nacional de Personas Desaparecidas y No Localizadas (RNPDNO) precisa m\u00e1s de 125 mil personas desaparecidas hasta la fecha, seg\u00fan datos de la Secretar\u00eda de Gobernaci\u00f3n, la mayor\u00eda de estas desapariciones, al menos en un 90%,ocurrieron a partir de 2006. Nayarit ha sido un escenario terror\u00edfico con m\u00e1s de una decena de fosas clandestinas encontradas principalmente en la zona de sembrad\u00edos de ca\u00f1a del municipio de Xalisco, pero ahora los colectivos visibilizan otro problema, est\u00e1n desapareciendo a los desaparecidos y ya encontrados.<\/p>\n<p><b><i>&#8220;La cuenta no la tenemos tal cual, puesto que algunos cuerpos fueron llevados a la Ciudad de M\u00e9xico y pues tienen muy herm\u00e9tico, no sabemos cu\u00e1ntos se llevaron, cu\u00e1ntos han tra\u00eddo, ya han hecho entregas directamente desde la Fiscal\u00eda General de cuerpos que se llevaron de aqu\u00ed, pero pues a\u00fan falta&#8221;.\u00a0<\/i><\/b><i>&#8211; Elia Guadalupe &#8220;N&#8221;, madre buscadora, representante del Colectivo de B\u00fasqueda de Personas Desaparecidas &#8220;Familias Unidas por Nayarit&#8221; (COFAUNNAY)<\/i><\/p>\n<p>Y esto ha causado mayor descontrol entre el padr\u00f3n oficial y el registro con que cuentan los colectivos, la pregunta es; \u00bfpor qu\u00e9 se los llevaron?.<\/p>\n<p><b><i>&#8220;Porque fueron localizados en una fosa que fue extra\u00edda por la Fiscal\u00eda General de la Rep\u00fablica, fue en el 2019, en La Saucera&#8221;.\u00a0<\/i><\/b><i>&#8211; Elia Guadalupe &#8220;N&#8221;, madre buscadora, representante del Colectivo de B\u00fasqueda de Personas Desaparecidas &#8220;Familias Unidas por Nayarit&#8221; (COFAUNNAY)<\/i><\/p>\n<p>En el primer semestre de 2025, a nivel nacional se registraron 5 mil nuevas desapariciones, lo que representa un promedio de 42 al d\u00eda, un aumento del 26% en comparaci\u00f3n con el mismo per\u00edodo de 2024. Pareciera que al perder la vida tambi\u00e9n se pierden los derechos humanos a\u00fan cuando el cuerpo no ha sido debidamente inhumano.<\/p>\n<p><b><i>&#8220;Es que como son bastantes cuerpos, es donde se encontraron la fosa de los 21, la famosa fosa de los 21&#8221;.\u00a0<\/i><\/b><i>&#8211; Elia Guadalupe &#8220;N&#8221;, madre buscadora, representante del Colectivo de B\u00fasqueda de Personas Desaparecidas &#8220;Familias Unidas por Nayarit&#8221; (COFAUNNAY)<\/i><\/p>\n<p><b><i><u>Distribuci\u00f3n por estados:<\/u><\/i><\/b><\/p>\n<ul>\n<li><b><i>El Estado de M\u00e9xico lidera con 801 personas desaparecidas.<\/i><\/b><\/li>\n<li><b><i>La Ciudad de M\u00e9xico le sigue con 697 casos.<\/i><\/b><\/li>\n<li><b><i>Puebla registra 481 desapariciones.<\/i><\/b><\/li>\n<li><b><i>Sinaloa reporta 338 casos.<\/i><\/b><\/li>\n<li><b><i>Michoac\u00e1n tiene 334 personas desaparecidas.<\/i><\/b><\/li>\n<\/ul>\n<p>El estado de M\u00e9xico lidera la mayor cifra de personas desaparecidas, le siguen actualmente la Ciudad de M\u00e9xico, Puebla, Sinaloa y Michoac\u00e1n, pero Nayarit no se queda atr\u00e1s con una doble desaparici\u00f3n.<\/p>\n<p><a href=\"https:\/\/www.meganoticias.mx\/cdmx\/noticia\/desaparecen-a-los-desaparecidos-nayarit-registra-doble-desaparicion-de-cuerpos\/655534\">https:\/\/www.meganoticias.mx\/cdmx\/noticia\/desaparecen-a-los-desaparecidos-nayarit-registra-doble-desaparicion-de-cuerpos\/655534<\/a><\/p>\n","protected":false},"excerpt":{"rendered":"<p>Imagen:\u00a0 Tomada de Pagina de Facebook, Colectivo Familias Unidas por Nayarit Alberto Cardona\/ Meganoticias Mx En M\u00e9xico, el Registro Nacional de Personas Desaparecidas y No Localizadas (RNPDNO) precisa m\u00e1s de &hellip; <a href=\"http:\/\/www.grieta.org.mx\/index.php\/2025\/08\/21\/desaparecen-a-los-desaparecidos-nayarit-registra-doble-desaparicion-de-cuerpos\/\" class=\"more-link\">Leer m\u00e1s<\/a><\/p>\n","protected":false},"author":2,"featured_media":72278,"comment_status":"closed","ping_status":"closed","sticky":false,"template":"","format":"standard","meta":{"ngg_post_thumbnail":0,"_jetpack_newsletter_access":"","_jetpack_dont_email_post_to_subs":false,"_jetpack_newsletter_tier_id":0,"_jetpack_memberships_contains_paywalled_content":false,"_jetpack_memberships_contains_paid_content":false,"footnotes":""},"categories":[80,87,2267,23,2,83],"tags":[3791,1828,3018,121,1668,3975],"class_list":["post-72277","post","type-post","status-publish","format-standard","has-post-thumbnail","hentry","category-cintillo","category-desaparecidos","category-desaparecidos-en-nayarit","category-nayarit","category-noticias-nacionales","category-temas-nacionales","tag-acciones-por-desaparecidos","tag-busqueda-de-desaparecidos","tag-colectivos-de-busqueda-de-desaparecidos","tag-desaparecidos","tag-familiares-de-desaparecidos","tag-madres-de-desaparecidos","entry"],"jetpack_featured_media_url":"http:\/\/www.grieta.org.mx\/wp-content\/uploads\/2025\/08\/482253949_1068616391976670_6560847312181179540_n.jpg","jetpack_sharing_enabled":true,"jetpack_shortlink":"https:\/\/wp.me\/p7ZJR4-iNL","jetpack_likes_enabled":false,"jetpack-related-posts":[{"id":64115,"url":"http:\/\/www.grieta.org.mx\/index.php\/2022\/04\/25\/familiares-de-personas-desaparecidas-realizan-busqueda-nayarti\/","url_meta":{"origin":72277,"position":0},"title":"Familiares de personas desaparecidas realizan b\u00fasqueda (Nayarit)","author":"grieta","date":"25 abril, 2022","format":false,"excerpt":"Foto: Tribuna de la Bah\u00eda Israel Torres \/ Tribuna de la Bab\u00eda Familiares y padres de unas siete a ocho personas desaparecidas, realizaron labores de b\u00fasqueda la tarde de este s\u00e1bado en los poblados El Guam\u00fachil, San Quint\u00edn, San Ignacio y Sayulita con el objetivo de recabar m\u00e1s informaci\u00f3n del\u2026","rel":"","context":"En &quot;CINTILLO&quot;","block_context":{"text":"CINTILLO","link":"http:\/\/www.grieta.org.mx\/index.php\/category\/cintillo\/"},"img":{"alt_text":"","src":"https:\/\/i0.wp.com\/www.grieta.org.mx\/wp-content\/uploads\/2022\/05\/busqueda-de-personas-deaparecidas-cover.jpg?resize=350%2C200","width":350,"height":200,"srcset":"https:\/\/i0.wp.com\/www.grieta.org.mx\/wp-content\/uploads\/2022\/05\/busqueda-de-personas-deaparecidas-cover.jpg?resize=350%2C200 1x, https:\/\/i0.wp.com\/www.grieta.org.mx\/wp-content\/uploads\/2022\/05\/busqueda-de-personas-deaparecidas-cover.jpg?resize=525%2C300 1.5x, https:\/\/i0.wp.com\/www.grieta.org.mx\/wp-content\/uploads\/2022\/05\/busqueda-de-personas-deaparecidas-cover.jpg?resize=700%2C400 2x"},"classes":[]},{"id":68443,"url":"http:\/\/www.grieta.org.mx\/index.php\/2024\/01\/09\/madres-buscadoras-y-familiares-realizan-busqueda-de-desaparecidos-en-el-guamuchil\/","url_meta":{"origin":72277,"position":1},"title":"Madres buscadoras y familiares realizan b\u00fasqueda de desaparecidos en El Guam\u00fachil","author":"grieta","date":"9 enero, 2024","format":false,"excerpt":"Imagen:Especial Isrrael Torres \/ Tribuna de la Bah\u00eda La Comisi\u00f3n Estatal de Personas Desaparecidas, en conjunto con familias de desaparecidos y apoyados por la Guardia Nacional y la Polic\u00eda Estatal Coordinada,\u00a0realizaron labores de b\u00fasqueda en la ribera del r\u00edo de la localidad El Guam\u00fachil, en Bah\u00eda de Banderas. Hubo excavaciones\u2026","rel":"","context":"En &quot;CINTILLO&quot;","block_context":{"text":"CINTILLO","link":"http:\/\/www.grieta.org.mx\/index.php\/category\/cintillo\/"},"img":{"alt_text":"","src":"https:\/\/i0.wp.com\/www.grieta.org.mx\/wp-content\/uploads\/2024\/02\/busqueda-personas-desaparecidas-905x613-1.jpeg?resize=350%2C200","width":350,"height":200,"srcset":"https:\/\/i0.wp.com\/www.grieta.org.mx\/wp-content\/uploads\/2024\/02\/busqueda-personas-desaparecidas-905x613-1.jpeg?resize=350%2C200 1x, https:\/\/i0.wp.com\/www.grieta.org.mx\/wp-content\/uploads\/2024\/02\/busqueda-personas-desaparecidas-905x613-1.jpeg?resize=525%2C300 1.5x, https:\/\/i0.wp.com\/www.grieta.org.mx\/wp-content\/uploads\/2024\/02\/busqueda-personas-desaparecidas-905x613-1.jpeg?resize=700%2C400 2x"},"classes":[]},{"id":65987,"url":"http:\/\/www.grieta.org.mx\/index.php\/2022\/12\/24\/nayarit-familiares-montan-el-desgarrador-arbol-de-navidad-para-recordar-a-los-desaparecidos-en-la-entidad\/","url_meta":{"origin":72277,"position":2},"title":"Nayarit: familiares montan el desgarrador \u00e1rbol de Navidad para recordar a los desaparecidos en la entidad","author":"grieta","date":"24 diciembre, 2022","format":false,"excerpt":"Imagen: Especial Karina Cancino \/ El Heraldo de M\u00e9xico El Colectivo Familias Unidas por Nayarit (COFAUNAY) coloc\u00f3 un \u00e1rbol de Navidad frente a la catedral de la Asunci\u00f3n de Tepic, para conmemorar y exigir el regreso de personas desaparecidas, en la v\u00edspera de la Nochebuena. El \"\u00c1rbol de la Esperanza\"\u00a0muestra\u2026","rel":"","context":"En &quot;CINTILLO&quot;","block_context":{"text":"CINTILLO","link":"http:\/\/www.grieta.org.mx\/index.php\/category\/cintillo\/"},"img":{"alt_text":"","src":"https:\/\/i0.wp.com\/www.grieta.org.mx\/wp-content\/uploads\/2022\/12\/f768x1-642795_642922_5050.jpeg?resize=350%2C200","width":350,"height":200,"srcset":"https:\/\/i0.wp.com\/www.grieta.org.mx\/wp-content\/uploads\/2022\/12\/f768x1-642795_642922_5050.jpeg?resize=350%2C200 1x, https:\/\/i0.wp.com\/www.grieta.org.mx\/wp-content\/uploads\/2022\/12\/f768x1-642795_642922_5050.jpeg?resize=525%2C300 1.5x, https:\/\/i0.wp.com\/www.grieta.org.mx\/wp-content\/uploads\/2022\/12\/f768x1-642795_642922_5050.jpeg?resize=700%2C400 2x"},"classes":[]},{"id":33080,"url":"http:\/\/www.grieta.org.mx\/index.php\/2019\/04\/29\/familiares-de-desaparecidos-hallan-otras-dos-fosas-clandestinas-en-xalisco-nayarit\/","url_meta":{"origin":72277,"position":3},"title":"Familiares de desaparecidos hallan otras dos fosas clandestinas en Xalisco (Nayarit)","author":"grieta","date":"29 abril, 2019","format":false,"excerpt":"De 2017 a la fecha, en Nayarit han encontrado 20 fosas clandestinas con 109 restos humanos Redacci\u00f3n \/ Enfoque Informativo El vocero del\u00a0Colectivo Familias Unidas por Nayarit,\u00a0Santiago P\u00e9rez, inform\u00f3 que este lunes fueron localizadas\u00a0dos nuevas fosas clandestinas\u00a0en un predio ubicado en la localidad de\u00a0Trigomil, municipio de\u00a0Xalisco,\u00a0Nayarit, donde han iniciado los\u2026","rel":"","context":"En &quot;CINTILLO&quot;","block_context":{"text":"CINTILLO","link":"http:\/\/www.grieta.org.mx\/index.php\/category\/cintillo\/"},"img":{"alt_text":"","src":"https:\/\/i0.wp.com\/www.grieta.org.mx\/wp-content\/uploads\/2019\/05\/4.jpg?resize=350%2C200","width":350,"height":200,"srcset":"https:\/\/i0.wp.com\/www.grieta.org.mx\/wp-content\/uploads\/2019\/05\/4.jpg?resize=350%2C200 1x, https:\/\/i0.wp.com\/www.grieta.org.mx\/wp-content\/uploads\/2019\/05\/4.jpg?resize=525%2C300 1.5x"},"classes":[]},{"id":53921,"url":"http:\/\/www.grieta.org.mx\/index.php\/2020\/10\/01\/crecen-los-levantones-nayarit\/","url_meta":{"origin":72277,"position":4},"title":"Crecen los \u201clevantones\u201d (Nayarit)","author":"grieta","date":"1 octubre, 2020","format":false,"excerpt":"Foto: Realidades de Nayarit Colectivos de familiares de desaparecidos se\u00f1alan que en el gobierno de Antonio Echevarr\u00eda Garc\u00eda sigue habiendo muchos \u201clevantones\u201d y no hay avances de parte de la Fiscal\u00eda de Nayarit a cargo de Petronilo D\u00edaz Ponce, para la localizaci\u00f3n de los desaparecidos Ver\u00f3nica Ram\u00edrez \/ Realidades de\u2026","rel":"","context":"En &quot;CINTILLO&quot;","block_context":{"text":"CINTILLO","link":"http:\/\/www.grieta.org.mx\/index.php\/category\/cintillo\/"},"img":{"alt_text":"","src":"https:\/\/i0.wp.com\/www.grieta.org.mx\/wp-content\/uploads\/2020\/10\/marcha-3.jpg?resize=350%2C200","width":350,"height":200,"srcset":"https:\/\/i0.wp.com\/www.grieta.org.mx\/wp-content\/uploads\/2020\/10\/marcha-3.jpg?resize=350%2C200 1x, https:\/\/i0.wp.com\/www.grieta.org.mx\/wp-content\/uploads\/2020\/10\/marcha-3.jpg?resize=525%2C300 1.5x, https:\/\/i0.wp.com\/www.grieta.org.mx\/wp-content\/uploads\/2020\/10\/marcha-3.jpg?resize=700%2C400 2x"},"classes":[]},{"id":62572,"url":"http:\/\/www.grieta.org.mx\/index.php\/2021\/10\/28\/colectivos-de-familias-de-personas-desaparecidas-en-nayarit-piden-reunion-con-comite-de-la-onu-ced\/","url_meta":{"origin":72277,"position":5},"title":"Colectivos de familias de personas desaparecidas en Nayarit piden reuni\u00f3n con Comit\u00e9 de la ONU (CED)","author":"grieta","date":"28 octubre, 2021","format":false,"excerpt":"Foto: El Sol de Nayarit Redacci\u00f3n \/ El Sol de Nayarit Los colectivos de familias de personas desaparecidas en el estado de Nayarit, \"Familias Unidas por Nayarit (COFAUNNAY)\", \"En Busca de Verdad y Justicia\", \"Por Nuestros Corazones\" y \"Renacer por Amor a Ellos\", acompa\u00f1ados por\u00a0la\u00a0Federaci\u00f3n Internacional de Derechos Humanos\u00a0(FIDH)\u00a0y por\u00a0IDHEAS\u2026","rel":"","context":"En &quot;CINTILLO&quot;","block_context":{"text":"CINTILLO","link":"http:\/\/www.grieta.org.mx\/index.php\/category\/cintillo\/"},"img":{"alt_text":"","src":"https:\/\/i0.wp.com\/www.grieta.org.mx\/wp-content\/uploads\/2021\/11\/temp_nota_01_80776_17_20211028175548_117captura_de_pantalla_2021-10-28_a_la_s__11.55.31_a.m.jpg?resize=350%2C200","width":350,"height":200,"srcset":"https:\/\/i0.wp.com\/www.grieta.org.mx\/wp-content\/uploads\/2021\/11\/temp_nota_01_80776_17_20211028175548_117captura_de_pantalla_2021-10-28_a_la_s__11.55.31_a.m.jpg?resize=350%2C200 1x, https:\/\/i0.wp.com\/www.grieta.org.mx\/wp-content\/uploads\/2021\/11\/temp_nota_01_80776_17_20211028175548_117captura_de_pantalla_2021-10-28_a_la_s__11.55.31_a.m.jpg?resize=525%2C300 1.5x"},"classes":[]}],"_links":{"self":[{"href":"http:\/\/www.grieta.org.mx\/index.php\/wp-json\/wp\/v2\/posts\/72277","targetHints":{"allow":["GET"]}}],"collection":[{"href":"http:\/\/www.grieta.org.mx\/index.php\/wp-json\/wp\/v2\/posts"}],"about":[{"href":"http:\/\/www.grieta.org.mx\/index.php\/wp-json\/wp\/v2\/types\/post"}],"author":[{"embeddable":true,"href":"http:\/\/www.grieta.org.mx\/index.php\/wp-json\/wp\/v2\/users\/2"}],"replies":[{"embeddable":true,"href":"http:\/\/www.grieta.org.mx\/index.php\/wp-json\/wp\/v2\/comments?post=72277"}],"version-history":[{"count":1,"href":"http:\/\/www.grieta.org.mx\/index.php\/wp-json\/wp\/v2\/posts\/72277\/revisions"}],"predecessor-version":[{"id":72280,"href":"http:\/\/www.grieta.org.mx\/index.php\/wp-json\/wp\/v2\/posts\/72277\/revisions\/72280"}],"wp:featuredmedia":[{"embeddable":true,"href":"http:\/\/www.grieta.org.mx\/index.php\/wp-json\/wp\/v2\/media\/72278"}],"wp:attachment":[{"href":"http:\/\/www.grieta.org.mx\/index.php\/wp-json\/wp\/v2\/media?parent=72277"}],"wp:term":[{"taxonomy":"category","embeddable":true,"href":"http:\/\/www.grieta.org.mx\/index.php\/wp-json\/wp\/v2\/categories?post=72277"},{"taxonomy":"post_tag","embeddable":true,"href":"http:\/\/www.grieta.org.mx\/index.php\/wp-json\/wp\/v2\/tags?post=72277"}],"curies":[{"name":"wp","href":"https:\/\/api.w.org\/{rel}","templated":true}]}}