{"id":72259,"date":"2025-08-29T13:50:10","date_gmt":"2025-08-29T19:50:10","guid":{"rendered":"https:\/\/www.grieta.org.mx\/?p=72259"},"modified":"2025-08-30T13:54:56","modified_gmt":"2025-08-30T19:54:56","slug":"convocan-a-marcha-pacifica-contra-la-gentrificacion-y-el-despojo-jalisco","status":"publish","type":"post","link":"http:\/\/www.grieta.org.mx\/index.php\/2025\/08\/29\/convocan-a-marcha-pacifica-contra-la-gentrificacion-y-el-despojo-jalisco\/","title":{"rendered":"Convocan a marcha pac\u00edfica contra la gentrificaci\u00f3n y el despojo (Jalisco)"},"content":{"rendered":"<p>Imagen: El Diario NTR<\/p>\n<p>Miguel \u00c1ngel Vidal \/ El Diario NTR<\/p>\n<p>El Frente Unido por la Vivienda y el Territorio, acompa\u00f1ado por m\u00e1s de 13 colectivos, convoca a la ciudadan\u00eda a sumarse a una marcha pac\u00edfica contra la gentrificaci\u00f3n y el despojo en la Zona Metropolitana de Guadalajara. La cita ser\u00e1 el s\u00e1bado 20 de septiembre de 2025 a las 16:30 horas en el Parque Morelos.<\/p>\n<p>La convocatoria est\u00e1 abierta a todas, todos y todes, y busca visibilizar la lucha por el derecho a la vivienda digna y accesible frente a los intereses privados que, seg\u00fan los organizadores, vulneran este derecho fundamental. Bajo el lema \u201cEl inter\u00e9s p\u00fablico es el l\u00edmite de la propiedad privada\u201d, los participantes recordar\u00e1n que la protecci\u00f3n del bien com\u00fan est\u00e1 contemplada en la Constituci\u00f3n Mexicana desde 1917.<\/p>\n<p>El Art\u00edculo 27 constitucional establece que la propiedad de las tierras y aguas pertenece originariamente a la Naci\u00f3n, la cual puede transmitirla a particulares, pero siempre bajo el l\u00edmite del inter\u00e9s p\u00fablico. La reforma de 1992 agrega que la Naci\u00f3n puede imponer modalidades a la propiedad privada y regularla en beneficio social, asegurando la distribuci\u00f3n equitativa de la riqueza y el desarrollo equilibrado del pa\u00eds.<\/p>\n<p>Los colectivos organizadores se\u00f1alan que la propiedad privada, hist\u00f3ricamente, ha sido utilizada como herramienta de despojo mediante violencia econ\u00f3mica, social y jur\u00eddica, lo que se traduce en el aumento desmedido de rentas, desplazamientos forzados, blanqueamiento de barrios, obst\u00e1culos legales y burocr\u00e1ticos, e incluso acciones que califican como genocidio cuando empresas privadas lucran con el despojo de territorio.<\/p>\n<p>Actualmente, aseguran, el derecho a una vivienda digna accesible y asequible est\u00e1 siendo vulnerado. La falta de un hogar adecuado impacta en m\u00faltiples derechos y aspectos de la vida: salud, educaci\u00f3n, transporte, acceso a agua y alimentos saludables, descanso, participaci\u00f3n cultural y desarrollo del comercio local.<\/p>\n<p>\u201cMe parece crucial salir y tomar el espacio p\u00fablico, visibilizar que la juventud y poblaci\u00f3n en general est\u00e1 inconforme. No tenemos seguridad laboral, pensiones, y ahora tampoco derecho a la vivienda digna o accesible\u201d, expres\u00f3 El\u00ed, joven participante interesado en la marcha. A\u00f1adi\u00f3 que muchos amigos y conocidos han sido desplazados a la periferia debido a los altos costos de renta y la imposibilidad de adquirir un hogar propio, incluso siendo profesionistas.<\/p>\n<p><a href=\"https:\/\/www.ntrguadalajara.com\/post.php?id_nota=233694\">https:\/\/www.ntrguadalajara.com\/post.php?id_nota=233694<\/a><\/p>\n","protected":false},"excerpt":{"rendered":"<p>Imagen: El Diario NTR Miguel \u00c1ngel Vidal \/ El Diario NTR El Frente Unido por la Vivienda y el Territorio, acompa\u00f1ado por m\u00e1s de 13 colectivos, convoca a la ciudadan\u00eda &hellip; <a href=\"http:\/\/www.grieta.org.mx\/index.php\/2025\/08\/29\/convocan-a-marcha-pacifica-contra-la-gentrificacion-y-el-despojo-jalisco\/\" class=\"more-link\">Leer m\u00e1s<\/a><\/p>\n","protected":false},"author":2,"featured_media":72260,"comment_status":"closed","ping_status":"closed","sticky":false,"template":"","format":"standard","meta":{"ngg_post_thumbnail":0,"_jetpack_newsletter_access":"","_jetpack_dont_email_post_to_subs":false,"_jetpack_newsletter_tier_id":0,"_jetpack_memberships_contains_paywalled_content":false,"_jetpack_memberships_contains_paid_content":false,"footnotes":""},"categories":[80,1736,1278,20,2,83],"tags":[2449,628,2793,184,2285,870],"class_list":["post-72259","post","type-post","status-publish","format-standard","has-post-thumbnail","hentry","category-cintillo","category-despojo-de-territorio-en-jalisco","category-despojo-de-tierras-y-territorios","category-jalisco","category-noticias-nacionales","category-temas-nacionales","tag-conflicto-por-territorio","tag-defensa-del-territorio","tag-defensores-territorio","tag-despojo","tag-despojo-de-tierra","tag-gentrificacion","entry"],"jetpack_featured_media_url":"http:\/\/www.grieta.org.mx\/wp-content\/uploads\/2025\/08\/2025-08-29_12-08-52___2362.jpg","jetpack_sharing_enabled":true,"jetpack_shortlink":"https:\/\/wp.me\/p7ZJR4-iNt","jetpack_likes_enabled":false,"jetpack-related-posts":[{"id":72291,"url":"http:\/\/www.grieta.org.mx\/index.php\/2025\/09\/05\/frente-unido-convoca-a-apoyar-a-familias-desplazadas-en-san-sebastian-jalisco\/","url_meta":{"origin":72259,"position":0},"title":"Frente Unido convoca a apoyar a familias desplazadas en San Sebasti\u00e1n (Jalisco)","author":"grieta","date":"5 septiembre, 2025","format":false,"excerpt":"Imagen: Michelle V\u00e1zquez\/Archivo Miguel \u00c1ngel Vidal \/ El Diario NTR El Frente Unido por la Vivienda Digna y el Territorio lanz\u00f3 un llamado a la ciudadan\u00eda para apoyar a m\u00e1s de 300 familias desplazadas por de San Sebasti\u00e1n El Grande, Tlajomulco, por el mismo municipio, y quienes actualmente se encuentran\u2026","rel":"","context":"En &quot;CINTILLO&quot;","block_context":{"text":"CINTILLO","link":"http:\/\/www.grieta.org.mx\/index.php\/category\/cintillo\/"},"img":{"alt_text":"","src":"https:\/\/i0.wp.com\/www.grieta.org.mx\/wp-content\/uploads\/2025\/09\/2025-09-05_12-09-31___8052.jpg?resize=350%2C200","width":350,"height":200,"srcset":"https:\/\/i0.wp.com\/www.grieta.org.mx\/wp-content\/uploads\/2025\/09\/2025-09-05_12-09-31___8052.jpg?resize=350%2C200 1x, https:\/\/i0.wp.com\/www.grieta.org.mx\/wp-content\/uploads\/2025\/09\/2025-09-05_12-09-31___8052.jpg?resize=525%2C300 1.5x, https:\/\/i0.wp.com\/www.grieta.org.mx\/wp-content\/uploads\/2025\/09\/2025-09-05_12-09-31___8052.jpg?resize=700%2C400 2x"},"classes":[]},{"id":65132,"url":"http:\/\/www.grieta.org.mx\/index.php\/2022\/09\/05\/vecinos-de-el-refugio-se-oponen-a-desarrollos-inmobiliarios-en-ciudad-creativa-jalisco\/","url_meta":{"origin":72259,"position":1},"title":"Vecinos de El Refugio se oponen a desarrollos inmobiliarios en Ciudad Creativa (Jalisco)","author":"grieta","date":"5 septiembre, 2022","format":false,"excerpt":"Imagen: Lauro Rodr\u00edguez Lauro Rodr\u00edguez \/ EL Diario NTR Un grupo de vecinos representantes de la colonia El Refugio, de la zona Centro de Guadalajara, se manifestaron durante el inicio de los proyectos de vivienda en Distrito Creativo. Los vecinos precisaron que no quieren el desarrollo inmobiliario porque llegar\u00e1 a\u2026","rel":"","context":"En &quot;CINTILLO&quot;","block_context":{"text":"CINTILLO","link":"http:\/\/www.grieta.org.mx\/index.php\/category\/cintillo\/"},"img":{"alt_text":"","src":"https:\/\/i0.wp.com\/www.grieta.org.mx\/wp-content\/uploads\/2022\/09\/2022-09-05_11-09-08___5232.jpg?resize=350%2C200","width":350,"height":200,"srcset":"https:\/\/i0.wp.com\/www.grieta.org.mx\/wp-content\/uploads\/2022\/09\/2022-09-05_11-09-08___5232.jpg?resize=350%2C200 1x, https:\/\/i0.wp.com\/www.grieta.org.mx\/wp-content\/uploads\/2022\/09\/2022-09-05_11-09-08___5232.jpg?resize=525%2C300 1.5x, https:\/\/i0.wp.com\/www.grieta.org.mx\/wp-content\/uploads\/2022\/09\/2022-09-05_11-09-08___5232.jpg?resize=700%2C400 2x"},"classes":[]},{"id":71990,"url":"http:\/\/www.grieta.org.mx\/index.php\/2025\/07\/09\/oaxaca-sera-sede-del-encuentro-nacional-contra-la-gentrificacion-comunidades-indigenas-exigen-alto-a-megaproyectos-y-turistificacion\/","url_meta":{"origin":72259,"position":2},"title":"Oaxaca ser\u00e1 sede del Encuentro Nacional Contra la Gentrificaci\u00f3n: comunidades ind\u00edgenas exigen alto a megaproyectos y turistificaci\u00f3n","author":"grieta","date":"9 julio, 2025","format":false,"excerpt":"Imagen: Somos El Medio Del 16 al 21 de julio, organizaciones ind\u00edgenas y colectivos convocan a seis d\u00edas de trabajo y movilizaci\u00f3n en Oaxaca para frenar la gentrificaci\u00f3n y el despojo territorial. Acusan al gobierno estatal de impulsar el desplazamiento de comunidades y convertir la cultura originaria en mercanc\u00eda tur\u00edstica.\u2026","rel":"","context":"En &quot;5. Istmo&quot;","block_context":{"text":"5. Istmo","link":"http:\/\/www.grieta.org.mx\/index.php\/category\/espejos-de-la-resistencia\/5-istmo\/"},"img":{"alt_text":"","src":"https:\/\/i0.wp.com\/www.grieta.org.mx\/wp-content\/uploads\/2025\/07\/516596731_24031654596494878_8772883915710158805_n.webp?resize=350%2C200","width":350,"height":200,"srcset":"https:\/\/i0.wp.com\/www.grieta.org.mx\/wp-content\/uploads\/2025\/07\/516596731_24031654596494878_8772883915710158805_n.webp?resize=350%2C200 1x, https:\/\/i0.wp.com\/www.grieta.org.mx\/wp-content\/uploads\/2025\/07\/516596731_24031654596494878_8772883915710158805_n.webp?resize=525%2C300 1.5x, https:\/\/i0.wp.com\/www.grieta.org.mx\/wp-content\/uploads\/2025\/07\/516596731_24031654596494878_8772883915710158805_n.webp?resize=700%2C400 2x, https:\/\/i0.wp.com\/www.grieta.org.mx\/wp-content\/uploads\/2025\/07\/516596731_24031654596494878_8772883915710158805_n.webp?resize=1050%2C600 3x"},"classes":[]},{"id":65213,"url":"http:\/\/www.grieta.org.mx\/index.php\/2022\/09\/13\/pese-a-clausura-siguen-trabajos-en-iconia-colectivos-ven-simulacion-jalisco\/","url_meta":{"origin":72259,"position":3},"title":"Pese a clausura, siguen trabajos en Iconia; colectivos ven simulaci\u00f3n (Jalisco)","author":"grieta","date":"13 septiembre, 2022","format":false,"excerpt":"Imagen: Edgar Flores Edgar Flores \/ El Diario NTR Integrantes del colectivo \u00danete Huentit\u00e1n ven como una simulaci\u00f3n la clausura de las obras de Iconia, en el sitio a\u00fan hay trabajadores laborando, constat\u00f3 NTR en un recorrido. Luego de que el Ayuntamiento de Guadalajara clausur\u00f3 las obras de Iconia, desde\u2026","rel":"","context":"En &quot;CINTILLO&quot;","block_context":{"text":"CINTILLO","link":"http:\/\/www.grieta.org.mx\/index.php\/category\/cintillo\/"},"img":{"alt_text":"","src":"https:\/\/i0.wp.com\/www.grieta.org.mx\/wp-content\/uploads\/2022\/09\/2022-09-13_12-09-53___4492.jpg?resize=350%2C200","width":350,"height":200,"srcset":"https:\/\/i0.wp.com\/www.grieta.org.mx\/wp-content\/uploads\/2022\/09\/2022-09-13_12-09-53___4492.jpg?resize=350%2C200 1x, https:\/\/i0.wp.com\/www.grieta.org.mx\/wp-content\/uploads\/2022\/09\/2022-09-13_12-09-53___4492.jpg?resize=525%2C300 1.5x, https:\/\/i0.wp.com\/www.grieta.org.mx\/wp-content\/uploads\/2022\/09\/2022-09-13_12-09-53___4492.jpg?resize=700%2C400 2x"},"classes":[]},{"id":63738,"url":"http:\/\/www.grieta.org.mx\/index.php\/2022\/03\/15\/indigenas-de-san-lorenzo-azqueltan-denuncian-que-minera-invade-sus-tierras-en-villa-guerrero-jalisco\/","url_meta":{"origin":72259,"position":4},"title":"Ind\u00edgenas de San Lorenzo Azquelt\u00e1n denuncian que minera invade sus tierras en Villa Guerrero (Jalisco)","author":"grieta","date":"15 marzo, 2022","format":false,"excerpt":"Foto: Especial Redacci\u00f3n \/ El Diario NTR Ind\u00edgenas de San Lorenzo Azquelt\u00e1n denunci\u00f3 que la minera llamada Amonitas y el gobierno federal est\u00e1n invadiendo su territorio y tomando piedras y diverso material geol\u00f3gico sin la autoridad de la Comunidad. Adem\u00e1s, denunciaron ser v\u00edctimas de amenazas por parte de la minera.\u2026","rel":"","context":"En &quot;4. Tepehuanos&quot;","block_context":{"text":"4. Tepehuanos","link":"http:\/\/www.grieta.org.mx\/index.php\/category\/espejos-de-la-resistencia\/4-wixarikas\/"},"img":{"alt_text":"","src":"https:\/\/i0.wp.com\/www.grieta.org.mx\/wp-content\/uploads\/2022\/03\/2022-03-15_05-03-11___5489.jpg?resize=350%2C200","width":350,"height":200,"srcset":"https:\/\/i0.wp.com\/www.grieta.org.mx\/wp-content\/uploads\/2022\/03\/2022-03-15_05-03-11___5489.jpg?resize=350%2C200 1x, https:\/\/i0.wp.com\/www.grieta.org.mx\/wp-content\/uploads\/2022\/03\/2022-03-15_05-03-11___5489.jpg?resize=525%2C300 1.5x, https:\/\/i0.wp.com\/www.grieta.org.mx\/wp-content\/uploads\/2022\/03\/2022-03-15_05-03-11___5489.jpg?resize=700%2C400 2x"},"classes":[]},{"id":71911,"url":"http:\/\/www.grieta.org.mx\/index.php\/2025\/07\/03\/encuentro-de-resistencias-mas-alla-de-la-aviacion-la-turistificacion-y-el-capitalismo-en-san-gregorio-atlapulco-xochimilco-ciudad-de-mexico\/","url_meta":{"origin":72259,"position":5},"title":"Encuentro de Resistencias &#8220;M\u00e1s all\u00e1 de la aviaci\u00f3n, la turistificaci\u00f3n y el capitalismo&#8221; en San Gregorio Atlapulco, Xochimilco. (Ciudad de M\u00e9xico)","author":"grieta","date":"3 julio, 2025","format":false,"excerpt":"Del Barrio News Este jueves 03 de julio fueron inaugurados los trabajos del Encuentro de Resistencias \"M\u00e1s all\u00e1 de la aviaci\u00f3n, la turistificaci\u00f3n y el capitalismo\" en San Gregorio Atlapulco, Xochimilco, el cual re\u00fane a diversos movimientos en defensa del territorio, iniciativas anti-turistificaci\u00f3n y luchas por el agua y la\u2026","rel":"","context":"En &quot;CINTILLO&quot;","block_context":{"text":"CINTILLO","link":"http:\/\/www.grieta.org.mx\/index.php\/category\/cintillo\/"},"img":{"alt_text":"","src":"https:\/\/i0.wp.com\/www.grieta.org.mx\/wp-content\/uploads\/2025\/07\/b7.jpg?resize=350%2C200","width":350,"height":200,"srcset":"https:\/\/i0.wp.com\/www.grieta.org.mx\/wp-content\/uploads\/2025\/07\/b7.jpg?resize=350%2C200 1x, https:\/\/i0.wp.com\/www.grieta.org.mx\/wp-content\/uploads\/2025\/07\/b7.jpg?resize=525%2C300 1.5x, https:\/\/i0.wp.com\/www.grieta.org.mx\/wp-content\/uploads\/2025\/07\/b7.jpg?resize=700%2C400 2x, https:\/\/i0.wp.com\/www.grieta.org.mx\/wp-content\/uploads\/2025\/07\/b7.jpg?resize=1050%2C600 3x, https:\/\/i0.wp.com\/www.grieta.org.mx\/wp-content\/uploads\/2025\/07\/b7.jpg?resize=1400%2C800 4x"},"classes":[]}],"_links":{"self":[{"href":"http:\/\/www.grieta.org.mx\/index.php\/wp-json\/wp\/v2\/posts\/72259","targetHints":{"allow":["GET"]}}],"collection":[{"href":"http:\/\/www.grieta.org.mx\/index.php\/wp-json\/wp\/v2\/posts"}],"about":[{"href":"http:\/\/www.grieta.org.mx\/index.php\/wp-json\/wp\/v2\/types\/post"}],"author":[{"embeddable":true,"href":"http:\/\/www.grieta.org.mx\/index.php\/wp-json\/wp\/v2\/users\/2"}],"replies":[{"embeddable":true,"href":"http:\/\/www.grieta.org.mx\/index.php\/wp-json\/wp\/v2\/comments?post=72259"}],"version-history":[{"count":1,"href":"http:\/\/www.grieta.org.mx\/index.php\/wp-json\/wp\/v2\/posts\/72259\/revisions"}],"predecessor-version":[{"id":72261,"href":"http:\/\/www.grieta.org.mx\/index.php\/wp-json\/wp\/v2\/posts\/72259\/revisions\/72261"}],"wp:featuredmedia":[{"embeddable":true,"href":"http:\/\/www.grieta.org.mx\/index.php\/wp-json\/wp\/v2\/media\/72260"}],"wp:attachment":[{"href":"http:\/\/www.grieta.org.mx\/index.php\/wp-json\/wp\/v2\/media?parent=72259"}],"wp:term":[{"taxonomy":"category","embeddable":true,"href":"http:\/\/www.grieta.org.mx\/index.php\/wp-json\/wp\/v2\/categories?post=72259"},{"taxonomy":"post_tag","embeddable":true,"href":"http:\/\/www.grieta.org.mx\/index.php\/wp-json\/wp\/v2\/tags?post=72259"}],"curies":[{"name":"wp","href":"https:\/\/api.w.org\/{rel}","templated":true}]}}