{"id":72256,"date":"2025-08-13T13:38:01","date_gmt":"2025-08-13T19:38:01","guid":{"rendered":"https:\/\/www.grieta.org.mx\/?p=72256"},"modified":"2025-08-30T13:48:46","modified_gmt":"2025-08-30T19:48:46","slug":"suman-32-crimenes-en-oaxaca-por-defender-sus-territorios-informe-alas-y-raices-2025","status":"publish","type":"post","link":"http:\/\/www.grieta.org.mx\/index.php\/2025\/08\/13\/suman-32-crimenes-en-oaxaca-por-defender-sus-territorios-informe-alas-y-raices-2025\/","title":{"rendered":"Suman 32 cr\u00edmenes en Oaxaca por defender sus territorios: informe \u201cAlas y Ra\u00edces, 2025\u201d"},"content":{"rendered":"<p>Imagen: P\u00e1gina 3<\/p>\n<p>M\u00e1s de 110 agresiones contra personas defensoras y colectivas en la administraci\u00f3n de Salom\u00f3n Jara.<\/p>\n<p>Diana Manzo \/ P\u00e1gina3<\/p>\n<p>Oaxaca, Oax.- La defensa del territorio ha cobrado la vida de 32 personas defensoras en lo que va de la administraci\u00f3n del morenista Salom\u00f3n Jara Cruz, as\u00ed lo dio a conocer el informe \u201cAlas y Ra\u00edces, 2025\u201d presentado por organizaciones y colectivas oaxaque\u00f1as.<\/p>\n<p>Adem\u00e1s de estos datos no agradables para la vida comunitaria y lucha del territorio, el informe elaborado principalmente de los casos publicados en la Minuta de Educa Oaxaca, y de otras fuentes period\u00edsticas y de organizaciones de derechos humanos se\u00f1ala, que tambi\u00e9n 114 personas han sido agredidas individual y colectivamente.<\/p>\n<p>Es decir, 44 personas fueron agredidas individualmente y 70 actos de agresi\u00f3n contra grupos, comunidades, colectivos, organizaciones o movimientos sociales en Oaxaca.<\/p>\n<p>Alas y Ra\u00edces recalca que de todas las agresiones registradas, 27 fueron catalogadas como atentados a la vida, abarcando tres tipos de agresiones: homicidio , ejecuci\u00f3n extrajudicial y desaparici\u00f3n forzada.<\/p>\n<p>\u201cEstos casos de atentados a la vida constituyen 20 homicidios individuales, 1 ejecuci\u00f3n extrajudicial y 5 ataques hacia grupos de personas en la cual 11 personas defensoras fueron asesinadas.<\/p>\n<p>\u201dCabe mencionar que en el periodo analizado se registr\u00f3 1 desaparici\u00f3n forzada, no obstante, la persona desaparecida (Refugio Rom\u00e1n Cort\u00e9s Hern\u00e1ndez) fue localizada con vida un mes despu\u00e9s de su desaparici\u00f3n\u201d, dice.<\/p>\n<p>Adem\u00e1s agrega, que en Oaxaca la criminalizaci\u00f3n (31 registros), el hostigamiento (29 registros) y homicidios (25 registros) son los tipos de agresiones con mayor incidencia, los cuales representan el 73.6% de las agresiones cometidas.<\/p>\n<p>\u201cEn el total de los\u00a0114\u00a0registros de agresiones hacia personas defensoras que existen en nuestra base de datos, estimamos que\u00a0355\u00a0personas fueron agredidas\u201d,\u00a0reafirma.<\/p>\n<h4>**El Istmo de Tehuantepec, la regi\u00f3n con m\u00e1s violencia para defensoras y defensores<\/h4>\n<p>El informe da a conocer, que la regi\u00f3n del Istmo de Tehuantepec -una de las 8 que dividen geogr\u00e1ficamente a Oaxaca- destaca con el\u00a050 por ciento\u00a0de todas las agresiones registradas que se relacionan con el Corredor Interoce\u00e1nico del Istmo de Tehuantepec (CIIT.<\/p>\n<p>Tambi\u00e9n se\u00f1ala, que la agresi\u00f3n, es la\u00a0\u00a0principal forma de criminalizaci\u00f3n, registr\u00e1ndose un. total de\u00a0\u00a020\u00a0incidentes, casi\u00a02\/3\u00a0de todas las agresiones en el estado. Estos\u00a020\u00a0casos de criminalizaci\u00f3n involucran a\u00a0136\u00a0personas defensoras.<\/p>\n<p>\u201cEn lo que respecta a estas penas excesivas es importante nombrar los casos de Miguel Peralta Betanzos, David Salazar Hern\u00e1ndez, y Pablo L\u00f3pez \u00c1lavez con sentencias de 50, 46 y 30 a\u00f1os, respectivamente.<br \/>\nSe observa que el mayor agresor denunciado son las autoridades estatales (24.6%) seguidas de los poderes f\u00e1cticos (22.8%) y las autoridades federales (21.1%)\u201d, cuenta el Informe.<\/p>\n<p>Por \u00faltimo, el informe Alas y Ra\u00edces, 2025 recalca que la investigaci\u00f3n se llev\u00f3 a cabo en el contexto del aumento de los conflictos por el control de la tierra y territorio, el incremento de medidas de seguridad nacional y la militarizaci\u00f3n en el pa\u00eds.<\/p>\n<p>As\u00ed como de las estructuras criminales y los mercados il\u00edcitos cada vez m\u00e1s visibles y violentos que impregnan M\u00e9xico, enfocado en el periodo del 1 de diciembre del 2022 al 31 de mayo del 2025.<\/p>\n<p>Este periodo abarca los primeros 2 a\u00f1os y medio del actual gobierno de Salom\u00f3n Jara y por ende del partido pol\u00edtico Morena.<\/p>\n<p>\u201dEl enfoque principal de este an\u00e1lisis se centra en las posibles causas del creciente despojo de tierras y el incremento de la violencia contra los pueblos ind\u00edgenas, los movimientos sociales, su criminalizaci\u00f3n y, por tanto, la reducci\u00f3n del espacio c\u00edvico en el sureste de M\u00e9xico\u201d, concluye.<\/p>\n<p><a href=\"https:\/\/pagina3.mx\/2025\/08\/suman-32-crimenes-en-oaxaca-por-defender-sus-territorios-informe-alas-y-raices-2025\/\">https:\/\/pagina3.mx\/2025\/08\/suman-32-crimenes-en-oaxaca-por-defender-sus-territorios-informe-alas-y-raices-2025\/<\/a><\/p>\n","protected":false},"excerpt":{"rendered":"<p>Imagen: P\u00e1gina 3 M\u00e1s de 110 agresiones contra personas defensoras y colectivas en la administraci\u00f3n de Salom\u00f3n Jara. Diana Manzo \/ P\u00e1gina3 Oaxaca, Oax.- La defensa del territorio ha cobrado &hellip; <a href=\"http:\/\/www.grieta.org.mx\/index.php\/2025\/08\/13\/suman-32-crimenes-en-oaxaca-por-defender-sus-territorios-informe-alas-y-raices-2025\/\" class=\"more-link\">Leer m\u00e1s<\/a><\/p>\n","protected":false},"author":2,"featured_media":72257,"comment_status":"closed","ping_status":"closed","sticky":false,"template":"","format":"standard","meta":{"ngg_post_thumbnail":0,"_jetpack_newsletter_access":"","_jetpack_dont_email_post_to_subs":false,"_jetpack_newsletter_tier_id":0,"_jetpack_memberships_contains_paywalled_content":false,"_jetpack_memberships_contains_paid_content":false,"footnotes":""},"categories":[80,1358,1708,1605,1278,2,25,83],"tags":[837,4005,2140,4172,628,1845,614],"class_list":["post-72256","post","type-post","status-publish","format-standard","has-post-thumbnail","hentry","category-cintillo","category-conflictos-por-megaproyectos-en-oaxaca","category-corredor-del-istmo-de-tehuantepec","category-despojo-de-tierras-en-oaxaca","category-despojo-de-tierras-y-territorios","category-noticias-nacionales","category-oaxaca","category-temas-nacionales","tag-activismo","tag-agresiones-a-defensores-y-activistas","tag-asesinato-de-activistas","tag-defensa-de-la-tierra-y-el-territorio","tag-defensa-del-territorio","tag-istmo-tehuantepec","tag-militarizacion","entry"],"jetpack_featured_media_url":"http:\/\/www.grieta.org.mx\/wp-content\/uploads\/2025\/08\/c387116e-17b9-4396-b35e-8a15edd5e3d1.jpeg","jetpack_sharing_enabled":true,"jetpack_shortlink":"https:\/\/wp.me\/p7ZJR4-iNq","jetpack_likes_enabled":false,"jetpack-related-posts":[{"id":67251,"url":"http:\/\/www.grieta.org.mx\/index.php\/2023\/07\/28\/agresiones-y-violaciones-a-derechos-humanos-en-megaproyecto-del-corredor-interoceanico-alerta-mision-civil-oaxaca\/","url_meta":{"origin":72256,"position":0},"title":"Agresiones y violaciones a derechos humanos en megaproyecto del Corredor Interoce\u00e1nico: Alerta Misi\u00f3n Civil (Oaxaca)","author":"grieta","date":"28 julio, 2023","format":false,"excerpt":"Imagen: Somos El Medio Miranda Chavarr\u00eda \/ Somos El Medio La Misi\u00f3n Civil de Observaci\u00f3n, integrada por 23 organizaciones de la sociedad civil nacionales e internacionales, concluyeron su investigaci\u00f3n en la regi\u00f3n del Istmo de Tehuantepec, en el Estado de Oaxaca. El objetivo de esta misi\u00f3n fue documentar diversas violaciones\u2026","rel":"","context":"En &quot;CINTILLO&quot;","block_context":{"text":"CINTILLO","link":"http:\/\/www.grieta.org.mx\/index.php\/category\/cintillo\/"},"img":{"alt_text":"","src":"https:\/\/i0.wp.com\/www.grieta.org.mx\/wp-content\/uploads\/2023\/07\/363379770_690020123169868_8124757468151930841_n.jpg?resize=350%2C200","width":350,"height":200,"srcset":"https:\/\/i0.wp.com\/www.grieta.org.mx\/wp-content\/uploads\/2023\/07\/363379770_690020123169868_8124757468151930841_n.jpg?resize=350%2C200 1x, https:\/\/i0.wp.com\/www.grieta.org.mx\/wp-content\/uploads\/2023\/07\/363379770_690020123169868_8124757468151930841_n.jpg?resize=525%2C300 1.5x, https:\/\/i0.wp.com\/www.grieta.org.mx\/wp-content\/uploads\/2023\/07\/363379770_690020123169868_8124757468151930841_n.jpg?resize=700%2C400 2x, https:\/\/i0.wp.com\/www.grieta.org.mx\/wp-content\/uploads\/2023\/07\/363379770_690020123169868_8124757468151930841_n.jpg?resize=1050%2C600 3x, https:\/\/i0.wp.com\/www.grieta.org.mx\/wp-content\/uploads\/2023\/07\/363379770_690020123169868_8124757468151930841_n.jpg?resize=1400%2C800 4x"},"classes":[]},{"id":66855,"url":"http:\/\/www.grieta.org.mx\/index.php\/2023\/04\/16\/demandan-justicia-por-muerte-de-defensor-felix-vicente-cruz-en-ixhuatan-oaxaca\/","url_meta":{"origin":72256,"position":1},"title":"Demandan justicia por muerte de defensor F\u00e9lix Vicente Cruz en Ixhuat\u00e1n, Oaxaca","author":"grieta","date":"16 abril, 2023","format":false,"excerpt":"Imagen: Cortes\u00eda Octavio V\u00e9lez Ascencio \/ Noticias NVI La Asamblea de los Pueblos Ind\u00edgenas del Istmo en Defensa de la Tierra y el Territorio (APIIDTT) demand\u00f3 a las autoridades justicia por el crimen del defensor y agente municipal de El Morro, Ixhuat\u00e1n, F\u00e9lix Vicente Aquino, sucedido en esa comunidad de\u2026","rel":"","context":"En &quot;5. Istmo&quot;","block_context":{"text":"5. Istmo","link":"http:\/\/www.grieta.org.mx\/index.php\/category\/espejos-de-la-resistencia\/5-istmo\/"},"img":{"alt_text":"","src":"https:\/\/i0.wp.com\/www.grieta.org.mx\/wp-content\/uploads\/2023\/04\/defensor-de-la-tierra-Felix-Vicente-Cruz-820x394-1.png?resize=350%2C200","width":350,"height":200,"srcset":"https:\/\/i0.wp.com\/www.grieta.org.mx\/wp-content\/uploads\/2023\/04\/defensor-de-la-tierra-Felix-Vicente-Cruz-820x394-1.png?resize=350%2C200 1x, https:\/\/i0.wp.com\/www.grieta.org.mx\/wp-content\/uploads\/2023\/04\/defensor-de-la-tierra-Felix-Vicente-Cruz-820x394-1.png?resize=525%2C300 1.5x, https:\/\/i0.wp.com\/www.grieta.org.mx\/wp-content\/uploads\/2023\/04\/defensor-de-la-tierra-Felix-Vicente-Cruz-820x394-1.png?resize=700%2C400 2x"},"classes":[]},{"id":67028,"url":"http:\/\/www.grieta.org.mx\/index.php\/2023\/06\/15\/comunidad-indigena-binniza-de-puente-madera-detiene-polo-de-desarrollo-del-corredor-interoceanico-del-istmo-de-tehuantepec\/","url_meta":{"origin":72256,"position":2},"title":"Comunidad ind\u00edgena Binniza de Puente Madera detiene Polo de Desarrollo del Corredor Interoce\u00e1nico del Istmo de Tehuantepec (Oaxaca)","author":"grieta","date":"15 junio, 2023","format":false,"excerpt":"Imagen: P\u00e1gina 3 Pedro Mat\u00edas \/ P\u00e1gina 3 OAXACA, Oax. (pagina3.mx).- La comunidad ind\u00edgena Binniza de Puente Madera logr\u00f3 detener mediante un juicio de amparo el Polo de Desarrollo para el Bienestar en San Blas Atempa que pretende imponer el presidente Andr\u00e9s Manuel L\u00f3pez Obrador como parte del Corredor Interoce\u00e1nico\u2026","rel":"","context":"En &quot;5. Istmo&quot;","block_context":{"text":"5. Istmo","link":"http:\/\/www.grieta.org.mx\/index.php\/category\/espejos-de-la-resistencia\/5-istmo\/"},"img":{"alt_text":"","src":"https:\/\/i0.wp.com\/www.grieta.org.mx\/wp-content\/uploads\/2023\/06\/IMG_4332.webp?resize=350%2C200","width":350,"height":200,"srcset":"https:\/\/i0.wp.com\/www.grieta.org.mx\/wp-content\/uploads\/2023\/06\/IMG_4332.webp?resize=350%2C200 1x, https:\/\/i0.wp.com\/www.grieta.org.mx\/wp-content\/uploads\/2023\/06\/IMG_4332.webp?resize=525%2C300 1.5x"},"classes":[]},{"id":66947,"url":"http:\/\/www.grieta.org.mx\/index.php\/2023\/05\/18\/amenazan-de-muerte-a-dos-defensores-en-oaxaca-por-denunciar-al-cartel-del-despojo\/","url_meta":{"origin":72256,"position":3},"title":"Amenazan de muerte a dos defensores en Oaxaca por denunciar al cartel del despojo","author":"grieta","date":"18 mayo, 2023","format":false,"excerpt":"Imagen: Diana Manzo Dos defensores del territorio en el Istmo de Tehuantepec recibieron amenaza por \u00abel c\u00e1rtel del despojo\u00bb, un grupo que arrebata tierras de uso com\u00fan para, presuntamente, entregarlas a las obras del Corredor Interoce\u00e1nico Diana Manzo \u00cftsmo Express \/ Pie de P\u00e1gina OAXACA. \u2013 Elliot Escobar G\u00f3mez y\u2026","rel":"","context":"En &quot;CINTILLO&quot;","block_context":{"text":"CINTILLO","link":"http:\/\/www.grieta.org.mx\/index.php\/category\/cintillo\/"},"img":{"alt_text":"","src":"https:\/\/i0.wp.com\/www.grieta.org.mx\/wp-content\/uploads\/2023\/05\/defensor_oaxaca_amenazas_Diana_manzo.jpg?resize=350%2C200","width":350,"height":200,"srcset":"https:\/\/i0.wp.com\/www.grieta.org.mx\/wp-content\/uploads\/2023\/05\/defensor_oaxaca_amenazas_Diana_manzo.jpg?resize=350%2C200 1x, https:\/\/i0.wp.com\/www.grieta.org.mx\/wp-content\/uploads\/2023\/05\/defensor_oaxaca_amenazas_Diana_manzo.jpg?resize=525%2C300 1.5x, https:\/\/i0.wp.com\/www.grieta.org.mx\/wp-content\/uploads\/2023\/05\/defensor_oaxaca_amenazas_Diana_manzo.jpg?resize=700%2C400 2x"},"classes":[]},{"id":69270,"url":"http:\/\/www.grieta.org.mx\/index.php\/2024\/07\/04\/aumenta-letalidad-en-ataques-contra-defensoras-por-imposicion-del-interoceanico-oaxaca\/","url_meta":{"origin":72256,"position":4},"title":"Aumenta letalidad en ataques contra defensoras por imposici\u00f3n del Interoce\u00e1nico (Oaxaca)","author":"grieta","date":"4 julio, 2024","format":false,"excerpt":"Imagen: APIIDTT Un informe publicado por la Misi\u00f3n Civil de Observaci\u00f3n, que conforman 23 organizaciones nacionales e internacionales, registr\u00f3 el contexto de violencia sistem\u00e1tica y en aumento que est\u00e1n viviendo las mujeres que realizan la labor de defensa del territorio en el Istmo de Tehuantepec. Los ataques reportados tienen consecuencias\u2026","rel":"","context":"En &quot;5. Istmo&quot;","block_context":{"text":"5. Istmo","link":"http:\/\/www.grieta.org.mx\/index.php\/category\/espejos-de-la-resistencia\/5-istmo\/"},"img":{"alt_text":"","src":"https:\/\/i0.wp.com\/www.grieta.org.mx\/wp-content\/uploads\/2024\/07\/Defensoras-Istmo2_elMuro.jpg?resize=350%2C200","width":350,"height":200,"srcset":"https:\/\/i0.wp.com\/www.grieta.org.mx\/wp-content\/uploads\/2024\/07\/Defensoras-Istmo2_elMuro.jpg?resize=350%2C200 1x, https:\/\/i0.wp.com\/www.grieta.org.mx\/wp-content\/uploads\/2024\/07\/Defensoras-Istmo2_elMuro.jpg?resize=525%2C300 1.5x, https:\/\/i0.wp.com\/www.grieta.org.mx\/wp-content\/uploads\/2024\/07\/Defensoras-Istmo2_elMuro.jpg?resize=700%2C400 2x"},"classes":[]},{"id":67923,"url":"http:\/\/www.grieta.org.mx\/index.php\/2023\/10\/14\/califican-de-neocolonialista-al-gobierno-de-salomon-jara-por-vender-el-istmo-a-estados-unidos\/","url_meta":{"origin":72256,"position":5},"title":"Califican de \u00abneocolonialista\u00bb al gobierno de Salom\u00f3n Jara por vender el Istmo a Estados Unidos","author":"grieta","date":"14 octubre, 2023","format":false,"excerpt":"Imagen: Pedro Mat\u00edas \/ Pagina3 OAXACA, Oax. (pagina3.mx).- \u201cFuera Estados Unidos de Oaxaca\u201d y \u201cEl Sur Resiste\u201d, fueron las frases que resonaron en el pronunciamiento del Frente de Organizaciones Oaxaque\u00f1as (FORO) al cuestionar al gobierno de la \u201cPrimavera Oaxaque\u00f1a\u201d que encabeza Salom\u00f3n Jara Cruz. Se\u00f1alaron que mantiene una constante campa\u00f1a\u2026","rel":"","context":"En &quot;CINTILLO&quot;","block_context":{"text":"CINTILLO","link":"http:\/\/www.grieta.org.mx\/index.php\/category\/cintillo\/"},"img":{"alt_text":"","src":"https:\/\/i0.wp.com\/www.grieta.org.mx\/wp-content\/uploads\/2023\/10\/IMG_6492.webp?resize=350%2C200","width":350,"height":200,"srcset":"https:\/\/i0.wp.com\/www.grieta.org.mx\/wp-content\/uploads\/2023\/10\/IMG_6492.webp?resize=350%2C200 1x, https:\/\/i0.wp.com\/www.grieta.org.mx\/wp-content\/uploads\/2023\/10\/IMG_6492.webp?resize=525%2C300 1.5x"},"classes":[]}],"_links":{"self":[{"href":"http:\/\/www.grieta.org.mx\/index.php\/wp-json\/wp\/v2\/posts\/72256","targetHints":{"allow":["GET"]}}],"collection":[{"href":"http:\/\/www.grieta.org.mx\/index.php\/wp-json\/wp\/v2\/posts"}],"about":[{"href":"http:\/\/www.grieta.org.mx\/index.php\/wp-json\/wp\/v2\/types\/post"}],"author":[{"embeddable":true,"href":"http:\/\/www.grieta.org.mx\/index.php\/wp-json\/wp\/v2\/users\/2"}],"replies":[{"embeddable":true,"href":"http:\/\/www.grieta.org.mx\/index.php\/wp-json\/wp\/v2\/comments?post=72256"}],"version-history":[{"count":1,"href":"http:\/\/www.grieta.org.mx\/index.php\/wp-json\/wp\/v2\/posts\/72256\/revisions"}],"predecessor-version":[{"id":72258,"href":"http:\/\/www.grieta.org.mx\/index.php\/wp-json\/wp\/v2\/posts\/72256\/revisions\/72258"}],"wp:featuredmedia":[{"embeddable":true,"href":"http:\/\/www.grieta.org.mx\/index.php\/wp-json\/wp\/v2\/media\/72257"}],"wp:attachment":[{"href":"http:\/\/www.grieta.org.mx\/index.php\/wp-json\/wp\/v2\/media?parent=72256"}],"wp:term":[{"taxonomy":"category","embeddable":true,"href":"http:\/\/www.grieta.org.mx\/index.php\/wp-json\/wp\/v2\/categories?post=72256"},{"taxonomy":"post_tag","embeddable":true,"href":"http:\/\/www.grieta.org.mx\/index.php\/wp-json\/wp\/v2\/tags?post=72256"}],"curies":[{"name":"wp","href":"https:\/\/api.w.org\/{rel}","templated":true}]}}