{"id":72230,"date":"2025-08-16T15:31:43","date_gmt":"2025-08-16T21:31:43","guid":{"rendered":"https:\/\/www.grieta.org.mx\/?p=72230"},"modified":"2025-08-22T15:36:45","modified_gmt":"2025-08-22T21:36:45","slug":"bloquean-carretera-tras-apagones-constantes-quintana-roo","status":"publish","type":"post","link":"http:\/\/www.grieta.org.mx\/index.php\/2025\/08\/16\/bloquean-carretera-tras-apagones-constantes-quintana-roo\/","title":{"rendered":"Bloquean carretera tras apagones constantes (Quintana Roo)"},"content":{"rendered":"<p>Sol Quintana Roo<\/p>\n<blockquote><p>Habitantes de Bacalar bloquean la v\u00eda corta en protesta por constantes apagones y mal servicio el\u00e9ctrico, por lo que exigen a la CFE soluciones inmediatas para garantizar suministro estable<\/p><\/blockquote>\n<p>Bacalar.\u2014 Habitantes de la comunidad Divorciados mantienen bloqueada la carretera de la v\u00eda corta, como protesta ante los constantes apagones y la mala calidad del servicio el\u00e9ctrico que sufren desde hace meses.<\/p>\n<p>Los vecinos aseguraron que las interrupciones afectan sus actividades diarias, el comercio local y la calidad de vida familiar. \u201cLa CFE no nos escucha, por eso decidimos salir a la carretera\u201d, expresaron.<\/p>\n<p>Adem\u00e1s, pobladores de comunidades cercanas como La Pantera y Margarita Maza advirtieron que podr\u00edan unirse a un paro masivo si no hay respuesta pronta de la Comisi\u00f3n Federal de Electricidad.<\/p>\n<p>El bloqueo afecta una v\u00eda importante de la regi\u00f3n y refleja la creciente tensi\u00f3n social ante la falta de soluciones. Los manifestantes demandan compromisos claros para garantizar un suministro el\u00e9ctrico estable y no levantar\u00e1n la protesta hasta obtenerlos.<\/p>\n<p><a href=\"https:\/\/solquintanaroo.mx\/bloquean-carretera-tras-apagones-constantes\/\" target=\"_blank\">https:\/\/solquintanaroo.mx\/bloquean-carretera-tras-apagones-constantes\/<\/a><\/p>\n","protected":false},"excerpt":{"rendered":"<p>Sol Quintana Roo Habitantes de Bacalar bloquean la v\u00eda corta en protesta por constantes apagones y mal servicio el\u00e9ctrico, por lo que exigen a la CFE soluciones inmediatas para garantizar &hellip; <a href=\"http:\/\/www.grieta.org.mx\/index.php\/2025\/08\/16\/bloquean-carretera-tras-apagones-constantes-quintana-roo\/\" class=\"more-link\">Leer m\u00e1s<\/a><\/p>\n","protected":false},"author":2,"featured_media":72231,"comment_status":"closed","ping_status":"closed","sticky":false,"template":"","format":"standard","meta":{"ngg_post_thumbnail":0,"_jetpack_newsletter_access":"","_jetpack_dont_email_post_to_subs":false,"_jetpack_newsletter_tier_id":0,"_jetpack_memberships_contains_paywalled_content":false,"_jetpack_memberships_contains_paid_content":false,"footnotes":""},"categories":[80,2905,2,28],"tags":[4194,315,137,291],"class_list":["post-72230","post","type-post","status-publish","format-standard","has-post-thumbnail","hentry","category-cintillo","category-conflictos-con-la-cfe-en-quintana-roo","category-noticias-nacionales","category-quintana-roo","tag-apagones","tag-bacalar","tag-bloqueo-carretero","tag-cfe","entry"],"jetpack_featured_media_url":"http:\/\/www.grieta.org.mx\/wp-content\/uploads\/2025\/08\/Bloquean-e1755898483617.jpg","jetpack_sharing_enabled":true,"jetpack_shortlink":"https:\/\/wp.me\/p7ZJR4-iN0","jetpack_likes_enabled":false,"jetpack-related-posts":[{"id":67066,"url":"http:\/\/www.grieta.org.mx\/index.php\/2023\/06\/18\/bloquearon-carretera-federal-en-bacalar-en-protesta-contra-apagones-de-cfe-quintana-roo\/","url_meta":{"origin":72230,"position":0},"title":"Bloquearon carretera Federal en Bacalar en Protesta contra Apagones de CFE (Quintana Roo)","author":"grieta","date":"18 junio, 2023","format":false,"excerpt":"Redacci\u00f3n\/CAMBIO 22 CHETUMAL, 18 de junio.- Habitantes de la ciudad de Bacalar bloquearon el paso de la carretera Federal 307 Chetumal-Canc\u00fan en las primeras horas de la madrugada de este domingo, en protesta por los apagones que se han registrado en los \u00faltimos d\u00edas y en medio del intenso calor.\u2026","rel":"","context":"En &quot;CINTILLO&quot;","block_context":{"text":"CINTILLO","link":"http:\/\/www.grieta.org.mx\/index.php\/category\/cintillo\/"},"img":{"alt_text":"","src":"https:\/\/i0.wp.com\/www.grieta.org.mx\/wp-content\/uploads\/2023\/06\/cfe2.jpg?resize=350%2C200","width":350,"height":200,"srcset":"https:\/\/i0.wp.com\/www.grieta.org.mx\/wp-content\/uploads\/2023\/06\/cfe2.jpg?resize=350%2C200 1x, https:\/\/i0.wp.com\/www.grieta.org.mx\/wp-content\/uploads\/2023\/06\/cfe2.jpg?resize=525%2C300 1.5x, https:\/\/i0.wp.com\/www.grieta.org.mx\/wp-content\/uploads\/2023\/06\/cfe2.jpg?resize=700%2C400 2x, https:\/\/i0.wp.com\/www.grieta.org.mx\/wp-content\/uploads\/2023\/06\/cfe2.jpg?resize=1050%2C600 3x, https:\/\/i0.wp.com\/www.grieta.org.mx\/wp-content\/uploads\/2023\/06\/cfe2.jpg?resize=1400%2C800 4x"},"classes":[]},{"id":67062,"url":"http:\/\/www.grieta.org.mx\/index.php\/2023\/06\/19\/hartos-de-los-constantes-apagones-en-bacalar-usuarios-se-manifiestan-en-oficinas-de-la-cfe-quintana-roo\/","url_meta":{"origin":72230,"position":1},"title":"Hartos de los Constantes Apagones en Bacalar, Usuarios se Manifiestan en Oficinas de la CFE (Quintana Roo)","author":"grieta","date":"19 junio, 2023","format":false,"excerpt":"Laura Beytia\/CAMBIO 22 CHETUMAL, 19 de junio.- Ciudadanos de Bacalar hartos de las constantes interrupciones en el suministro de energ\u00eda el\u00e9ctrica, este lunes se manifestaron en las oficinas de la Comisi\u00f3n Federal de Electricidad (CFE) en protesta por el p\u00e9simo servicio que les brinda la paraestatal. Demandando atenci\u00f3n y una\u2026","rel":"","context":"En &quot;CINTILLO&quot;","block_context":{"text":"CINTILLO","link":"http:\/\/www.grieta.org.mx\/index.php\/category\/cintillo\/"},"img":{"alt_text":"","src":"https:\/\/i0.wp.com\/www.grieta.org.mx\/wp-content\/uploads\/2023\/06\/cfe-e1687538343655.jpg?resize=350%2C200","width":350,"height":200,"srcset":"https:\/\/i0.wp.com\/www.grieta.org.mx\/wp-content\/uploads\/2023\/06\/cfe-e1687538343655.jpg?resize=350%2C200 1x, https:\/\/i0.wp.com\/www.grieta.org.mx\/wp-content\/uploads\/2023\/06\/cfe-e1687538343655.jpg?resize=525%2C300 1.5x, https:\/\/i0.wp.com\/www.grieta.org.mx\/wp-content\/uploads\/2023\/06\/cfe-e1687538343655.jpg?resize=700%2C400 2x"},"classes":[]},{"id":69531,"url":"http:\/\/www.grieta.org.mx\/index.php\/2024\/08\/13\/por-tercera-ocasion-bloquean-pobladores-carretera-limones-chacchoben-por-falta-de-energia-electrica-quintana-roo\/","url_meta":{"origin":72230,"position":2},"title":"Por tercera ocasi\u00f3n: Bloquean pobladores carretera Limones-Chacchoben por falta de energ\u00eda el\u00e9ctrica (Quintana Roo)","author":"grieta","date":"13 agosto, 2024","format":false,"excerpt":"BACALAR, MX.\u2013 Pobladores de Chacchoben bloquearon por tercera ocasi\u00f3n la carretera que los une a Limones, en el municipio de Bacalar, con la queja de que Comisi\u00f3n Federal de Electricidad (CFE) los tiene sin energ\u00eda desde hace varios d\u00edas. Con troncos, llantas y piedras, los pobladores iniciaron este bloqueo que\u2026","rel":"","context":"En &quot;CINTILLO&quot;","block_context":{"text":"CINTILLO","link":"http:\/\/www.grieta.org.mx\/index.php\/category\/cintillo\/"},"img":{"alt_text":"","src":"https:\/\/i0.wp.com\/www.grieta.org.mx\/wp-content\/uploads\/2024\/08\/Bloqueo-e1725139406799.jpg?resize=350%2C200","width":350,"height":200,"srcset":"https:\/\/i0.wp.com\/www.grieta.org.mx\/wp-content\/uploads\/2024\/08\/Bloqueo-e1725139406799.jpg?resize=350%2C200 1x, https:\/\/i0.wp.com\/www.grieta.org.mx\/wp-content\/uploads\/2024\/08\/Bloqueo-e1725139406799.jpg?resize=525%2C300 1.5x, https:\/\/i0.wp.com\/www.grieta.org.mx\/wp-content\/uploads\/2024\/08\/Bloqueo-e1725139406799.jpg?resize=700%2C400 2x"},"classes":[]},{"id":3649,"url":"http:\/\/www.grieta.org.mx\/index.php\/2015\/09\/15\/ejidatarios-cierran-carretera-en-protesta-contra-la-cfe-en-quintana-roo\/","url_meta":{"origin":72230,"position":3},"title":"Ejidatarios cierran carretera en protesta contra la CFE en Quintana Roo","author":"grieta","date":"15 septiembre, 2015","format":false,"excerpt":"15\/09\/15. Cierran ejidatarios carretera en Quintana Roo: bloquean v\u00eda a JMM en la zona Maya por reclamo contra CFE por afectaci\u00f3n de tierrasNoticaribe","rel":"","context":"En &quot;NOTICIAS NACIONALES&quot;","block_context":{"text":"NOTICIAS NACIONALES","link":"http:\/\/www.grieta.org.mx\/index.php\/category\/noticias-nacionales\/"},"img":{"alt_text":"","src":"https:\/\/i0.wp.com\/www.grieta.org.mx\/wp-content\/uploads\/2018\/03\/14524434_1106112876131411_958039263622046936_o.jpg?resize=350%2C200","width":350,"height":200,"srcset":"https:\/\/i0.wp.com\/www.grieta.org.mx\/wp-content\/uploads\/2018\/03\/14524434_1106112876131411_958039263622046936_o.jpg?resize=350%2C200 1x, https:\/\/i0.wp.com\/www.grieta.org.mx\/wp-content\/uploads\/2018\/03\/14524434_1106112876131411_958039263622046936_o.jpg?resize=525%2C300 1.5x, https:\/\/i0.wp.com\/www.grieta.org.mx\/wp-content\/uploads\/2018\/03\/14524434_1106112876131411_958039263622046936_o.jpg?resize=700%2C400 2x"},"classes":[]},{"id":39968,"url":"http:\/\/www.grieta.org.mx\/index.php\/2019\/09\/22\/la-cfe-le-apaga-la-luz-a-cuatro-comunidades-mayas-de-q-roo\/","url_meta":{"origin":72230,"position":4},"title":"La CFE le \u2018apaga la luz\u2019 a cuatro comunidades mayas de Q. Roo","author":"grieta","date":"22 septiembre, 2019","format":false,"excerpt":"Jes\u00fas Caamal\/SIPSE Habitantes de estas localidades aseguran que sufren apagones constantes sin justificaci\u00f3n. FELIPE CARRILLO PUERTO, Q. Roo.- La Comisi\u00f3n Federal de Electricidad (CFE) en Felipe Carrillo Puerto constantemente deja sin energ\u00eda el\u00e9ctrica a m\u00e1s de cuatro comunidades del sur - poniente generando descontento a los ciudadanos. Autoridades comunales de\u2026","rel":"","context":"En &quot;CINTILLO&quot;","block_context":{"text":"CINTILLO","link":"http:\/\/www.grieta.org.mx\/index.php\/category\/cintillo\/"},"img":{"alt_text":"","src":"https:\/\/i0.wp.com\/www.grieta.org.mx\/wp-content\/uploads\/2019\/10\/1568933679740.jpeg?resize=350%2C200","width":350,"height":200,"srcset":"https:\/\/i0.wp.com\/www.grieta.org.mx\/wp-content\/uploads\/2019\/10\/1568933679740.jpeg?resize=350%2C200 1x, https:\/\/i0.wp.com\/www.grieta.org.mx\/wp-content\/uploads\/2019\/10\/1568933679740.jpeg?resize=525%2C300 1.5x, https:\/\/i0.wp.com\/www.grieta.org.mx\/wp-content\/uploads\/2019\/10\/1568933679740.jpeg?resize=700%2C400 2x"},"classes":[]},{"id":65427,"url":"http:\/\/www.grieta.org.mx\/index.php\/2022\/09\/29\/ejidatarios-de-kantunilkin-frenan-trabajo-de-la-cfe-exigen-indemnizaciones-por-predios-afectados-quintana-roo\/","url_meta":{"origin":72230,"position":5},"title":"Ejidatarios de Kantunilk\u00edn frenan trabajo de la CFE; exigen indemnizaciones por predios afectados (Quintana Roo)","author":"grieta","date":"29 septiembre, 2022","format":false,"excerpt":"Luis Enrique Cauich \/ Por Esto! Ejidatarios de Kantunilk\u00edn detuvieron los trabajos de sustituci\u00f3n de postes y tendido el\u00e9ctrico que forman parte del proyecto de l\u00ednea submarina que llegara hasta la isla de Holbox, en exigencia a la Comisi\u00f3n Federal de Electricidad a llegar a un acuerdo de indemnizaci\u00f3n por\u2026","rel":"","context":"En &quot;CINTILLO&quot;","block_context":{"text":"CINTILLO","link":"http:\/\/www.grieta.org.mx\/index.php\/category\/cintillo\/"},"img":{"alt_text":"","src":"https:\/\/i0.wp.com\/www.grieta.org.mx\/wp-content\/uploads\/2022\/10\/Kantunilkil-e1665182685284.jpg?resize=350%2C200","width":350,"height":200,"srcset":"https:\/\/i0.wp.com\/www.grieta.org.mx\/wp-content\/uploads\/2022\/10\/Kantunilkil-e1665182685284.jpg?resize=350%2C200 1x, https:\/\/i0.wp.com\/www.grieta.org.mx\/wp-content\/uploads\/2022\/10\/Kantunilkil-e1665182685284.jpg?resize=525%2C300 1.5x, https:\/\/i0.wp.com\/www.grieta.org.mx\/wp-content\/uploads\/2022\/10\/Kantunilkil-e1665182685284.jpg?resize=700%2C400 2x"},"classes":[]}],"_links":{"self":[{"href":"http:\/\/www.grieta.org.mx\/index.php\/wp-json\/wp\/v2\/posts\/72230","targetHints":{"allow":["GET"]}}],"collection":[{"href":"http:\/\/www.grieta.org.mx\/index.php\/wp-json\/wp\/v2\/posts"}],"about":[{"href":"http:\/\/www.grieta.org.mx\/index.php\/wp-json\/wp\/v2\/types\/post"}],"author":[{"embeddable":true,"href":"http:\/\/www.grieta.org.mx\/index.php\/wp-json\/wp\/v2\/users\/2"}],"replies":[{"embeddable":true,"href":"http:\/\/www.grieta.org.mx\/index.php\/wp-json\/wp\/v2\/comments?post=72230"}],"version-history":[{"count":1,"href":"http:\/\/www.grieta.org.mx\/index.php\/wp-json\/wp\/v2\/posts\/72230\/revisions"}],"predecessor-version":[{"id":72232,"href":"http:\/\/www.grieta.org.mx\/index.php\/wp-json\/wp\/v2\/posts\/72230\/revisions\/72232"}],"wp:featuredmedia":[{"embeddable":true,"href":"http:\/\/www.grieta.org.mx\/index.php\/wp-json\/wp\/v2\/media\/72231"}],"wp:attachment":[{"href":"http:\/\/www.grieta.org.mx\/index.php\/wp-json\/wp\/v2\/media?parent=72230"}],"wp:term":[{"taxonomy":"category","embeddable":true,"href":"http:\/\/www.grieta.org.mx\/index.php\/wp-json\/wp\/v2\/categories?post=72230"},{"taxonomy":"post_tag","embeddable":true,"href":"http:\/\/www.grieta.org.mx\/index.php\/wp-json\/wp\/v2\/tags?post=72230"}],"curies":[{"name":"wp","href":"https:\/\/api.w.org\/{rel}","templated":true}]}}