{"id":72188,"date":"2025-08-12T14:17:29","date_gmt":"2025-08-12T20:17:29","guid":{"rendered":"https:\/\/www.grieta.org.mx\/?p=72188"},"modified":"2025-08-19T15:08:37","modified_gmt":"2025-08-19T21:08:37","slug":"por-oponerse-a-destruccion-minera-criminalizan-a-la-comunidad-maya-de-xcucul-sur-yucatan","status":"publish","type":"post","link":"http:\/\/www.grieta.org.mx\/index.php\/2025\/08\/12\/por-oponerse-a-destruccion-minera-criminalizan-a-la-comunidad-maya-de-xcucul-sur-yucatan\/","title":{"rendered":"Por oponerse a destrucci\u00f3n minera, criminalizan a la comunidad maya de Xcucul Sur (Yucat\u00e1n)"},"content":{"rendered":"<p>Katia Rej\u00f3n \/ Jalt\u00fan<\/p>\n<p>La comunidad de Xcucul Sur, en el municipio yucateco de Um\u00e1n, es v\u00edctima de represalias penales tras exponer el desastre ambiental y los da\u00f1os a las viviendas que provocan las detonaciones que Grupo Zamudio realiza en un banco de materiales cercano. Al menos diez personas de la comunidad fueron denunciadas y deben presentarse ante la Fiscal\u00eda General de Yucat\u00e1n, en otro caso que evidencia la criminalizaci\u00f3n que sufren los pueblos ind\u00edgenas de la pen\u00ednsula.<\/p>\n<p>Por lo menos diez pobladores de la comisar\u00eda de Xcucul Sur, en el municipio de Um\u00e1n, fueron notificados por la Fiscal\u00eda General del Estado de Yucat\u00e1n de una denuncia presentada contra las y los vecinos el pasado 6 de agosto. En entrevista con Jaltun, Jorge Fern\u00e1ndez Mendiburu, abogado del centro de derechos humanos Utsil Kuxtal, organizaci\u00f3n que se encuentra asistiendo legalmente a a la comunidad, dijo que los citatorios no aclaran qui\u00e9n realiz\u00f3 la denuncia ni cu\u00e1les son los delitos que se les imputan a los habitantes del pueblo.<\/p>\n<p>Sin embargo, remarc\u00f3 que todas las personas citadas, varias de ellas adultos mayores, son parte activa de la lucha contra la minera de Grupo Zamudio que opera de forma ilegal muy cerca del pueblo.<\/p>\n<p>\u201cComo suele suceder en comunidades que defienden su territorio, hay una respuesta de criminalizaci\u00f3n que genera miedo e incertidumbre en la comunidad. Justamente, para que bajen los procesos de lucha y las energ\u00edas se centren en lo penal. Es una l\u00f3gica de desgaste para las personas\u201d, explic\u00f3 Fern\u00e1ndez Mendiburu. <\/p>\n<p>Precisamente, Utsil Kuxtal emiti\u00f3 un comunicado detallando que la comunidad es perseguida de manera judicial \u201cpor su oposici\u00f3n a un banco de extracci\u00f3n de materiales que opera de forma irregular y ha generado m\u00faltiples impactos sociales y ambientales. Esta explotaci\u00f3n, impulsada para abastecer insumos al megaproyecto del Tren Maya, ha estado marcada por omisiones legales, afectaciones a la poblaci\u00f3n y actos de hostigamiento\u201d.<\/p>\n<p>El banco para extraer material p\u00e9treo se instal\u00f3 en la comunidad hace 20 a\u00f1os y fue en 2021 cuando se comenz\u00f3 a detonar dinamita en \u00e9l, bajo la administraci\u00f3n de la empresa Proser. La comunidad protest\u00f3 entonces debido a que las detonaciones, muy cercanas a sus viviendas, generaban da\u00f1os estructurales a las casas, pero nadie quiso hacerse responsable de las reparaciones.<\/p>\n<p>\u201cSeg\u00fan testimonios de los habitantes, el predio fue adquirido por la empresa mediante una asamblea ejidal a puertas cerradas, sin el consenso de la mayor\u00eda y sin que el acta o contrato resultante se hiciera p\u00fablico\u201c, afirm\u00f3 Utsil Kuxtal en su texto.<\/p>\n<figure id=\"attachment_72190\" aria-describedby=\"caption-attachment-72190\" style=\"width: 800px\" class=\"wp-caption alignright\"><a href=\"http:\/\/www.grieta.org.mx\/wp-content\/uploads\/2025\/08\/Xcucul2-e1755636837459.jpg\"><img loading=\"lazy\" decoding=\"async\" data-attachment-id=\"72190\" data-permalink=\"http:\/\/www.grieta.org.mx\/index.php\/2025\/08\/12\/por-oponerse-a-destruccion-minera-criminalizan-a-la-comunidad-maya-de-xcucul-sur-yucatan\/screenshot-398\/\" data-orig-file=\"http:\/\/www.grieta.org.mx\/wp-content\/uploads\/2025\/08\/Xcucul2-e1755636837459.jpg\" data-orig-size=\"800,438\" data-comments-opened=\"0\" data-image-meta=\"{&quot;aperture&quot;:&quot;0&quot;,&quot;credit&quot;:&quot;&quot;,&quot;camera&quot;:&quot;&quot;,&quot;caption&quot;:&quot;Screenshot&quot;,&quot;created_timestamp&quot;:&quot;0&quot;,&quot;copyright&quot;:&quot;&quot;,&quot;focal_length&quot;:&quot;0&quot;,&quot;iso&quot;:&quot;0&quot;,&quot;shutter_speed&quot;:&quot;0&quot;,&quot;title&quot;:&quot;Screenshot&quot;,&quot;orientation&quot;:&quot;1&quot;}\" data-image-title=\"Screenshot\" data-image-description=\"\" data-image-caption=\"&lt;p&gt;Las detonaciones con dinamita ocurren a escasos metros de la viviendas de Xcucul Sur. Foto: Patricio Eleisegui.&lt;\/p&gt;\n\" data-medium-file=\"http:\/\/www.grieta.org.mx\/wp-content\/uploads\/2025\/08\/Xcucul2-300x164.jpg\" data-large-file=\"http:\/\/www.grieta.org.mx\/wp-content\/uploads\/2025\/08\/Xcucul2-1024x561.jpg\" src=\"http:\/\/www.grieta.org.mx\/wp-content\/uploads\/2025\/08\/Xcucul2-e1755636837459.jpg\" alt=\"\" width=\"800\" height=\"438\" class=\"size-full wp-image-72190\" \/><\/a><figcaption id=\"caption-attachment-72190\" class=\"wp-caption-text\">Las detonaciones con dinamita ocurren a escasos metros de la viviendas de Xcucul Sur. Foto: Patricio Eleisegui.<br \/><\/figcaption><\/figure>\n<p><strong>Zamudio, el due\u00f1o del banco y la dinamita que da\u00f1a a la comunidad<\/strong><\/p>\n<p>En la actualidad, el banco le pertenece a Grupo Zamudio y, como se dijo, vende material para el Tren Maya. La empresa realiz\u00f3 detonaciones a pesar de que rige una prohibici\u00f3n. Tambi\u00e9n es acusada de hostigar a los pobladores, desalojar con violencia a personas que viven cerca de los terrenos, y deforestar m\u00e1s hect\u00e1reas de las permitidas por el ejido.<\/p>\n<p>Como public\u00f3 Jaltun, la sascabera propiedad de Roberto Zamudio tiene clausuras por parte de la Procuradur\u00eda Federal de Protecci\u00f3n al Ambiente (Profepa), la Secretar\u00eda de Desarrollo Sustentable de Yucat\u00e1n y tres inspecciones de la Secretar\u00eda de la Defensa Nacional que confirman que no pueden hacer detonaciones. A pesar de ello, la empresa sigue operando e incumpliendo sistem\u00e1ticamente las clausuras federales, estatales y su propio Manifiesto de Impacto Ambiental. <\/p>\n<p>\u201cEn estos casos en los que pueden ser los empresarios o personas de la comunidad pagadas por los empresarios quienes denuncian, vemos una acci\u00f3n casi inmediata de la Fiscal\u00eda. La forma en la que reacciona es notablemente diferente a cuando quienes denuncian son los pobladores\u201d, a\u00f1adi\u00f3 el abogado. <\/p>\n<p>Las personas criminalizadas fueron a comparecer el lunes 11 de agosto a la Fiscal\u00eda. Sin embargo, al ser mayahablantes se solicit\u00f3 la presencia de un traductor para realizar las declaraciones en ese idioma. Por esa causa, las citas fueron pospuestas para el 18 y el 20 de este mes. Los denunciados a\u00fan no han tenido acceso a las carpetas de investigaci\u00f3n por lo que desconocen los presuntos delitos de los que son acusadas.<\/p>\n<figure id=\"attachment_72191\" aria-describedby=\"caption-attachment-72191\" style=\"width: 800px\" class=\"wp-caption alignright\"><a href=\"http:\/\/www.grieta.org.mx\/wp-content\/uploads\/2025\/08\/Xcucul3-e1755636949355.jpg\"><img loading=\"lazy\" decoding=\"async\" data-attachment-id=\"72191\" data-permalink=\"http:\/\/www.grieta.org.mx\/index.php\/2025\/08\/12\/por-oponerse-a-destruccion-minera-criminalizan-a-la-comunidad-maya-de-xcucul-sur-yucatan\/screenshot-399\/\" data-orig-file=\"http:\/\/www.grieta.org.mx\/wp-content\/uploads\/2025\/08\/Xcucul3-e1755636949355.jpg\" data-orig-size=\"800,434\" data-comments-opened=\"0\" data-image-meta=\"{&quot;aperture&quot;:&quot;0&quot;,&quot;credit&quot;:&quot;&quot;,&quot;camera&quot;:&quot;&quot;,&quot;caption&quot;:&quot;Screenshot&quot;,&quot;created_timestamp&quot;:&quot;0&quot;,&quot;copyright&quot;:&quot;&quot;,&quot;focal_length&quot;:&quot;0&quot;,&quot;iso&quot;:&quot;0&quot;,&quot;shutter_speed&quot;:&quot;0&quot;,&quot;title&quot;:&quot;Screenshot&quot;,&quot;orientation&quot;:&quot;1&quot;}\" data-image-title=\"Screenshot\" data-image-description=\"\" data-image-caption=\"&lt;p&gt;La actividad extractiva de Banco Zamudio ha generado un desastre ambiental en Xcucul Sur. Foto: Patricio Eleisegui.&lt;\/p&gt;\n\" data-medium-file=\"http:\/\/www.grieta.org.mx\/wp-content\/uploads\/2025\/08\/Xcucul3-300x163.jpg\" data-large-file=\"http:\/\/www.grieta.org.mx\/wp-content\/uploads\/2025\/08\/Xcucul3-1024x556.jpg\" src=\"http:\/\/www.grieta.org.mx\/wp-content\/uploads\/2025\/08\/Xcucul3-e1755636949355.jpg\" alt=\"\" width=\"800\" height=\"434\" class=\"size-full wp-image-72191\" \/><\/a><figcaption id=\"caption-attachment-72191\" class=\"wp-caption-text\">La actividad extractiva de Banco Zamudio ha generado un desastre ambiental en Xcucul Sur. Foto: Patricio Eleisegui.<\/figcaption><\/figure>\n<p>Seg\u00fan testimonios de la comunidad recogidos por Jaltun, los pobladores notificados se reunieron durante la noche del 6 de agosto para intentar comprender de qu\u00e9 se les acusaba.<\/p>\n<p>Llegaron a una de las casas con sus hojas entregadas por la Fiscal\u00eda preguntando: \u201cBa\u2019axten teen. Ba\u2019ax tin beetaj\u201d \u2014en maya, \u201c\u00bfPor qu\u00e9 yo?, \u00bfyo qu\u00e9 hice?\u201c\u2014. Y conmocionados porque nunca hab\u00edan tenido conflictos de esta \u00edndole. Al d\u00eda siguiente, preocupados por las denuncias y un reciente despliegue de polic\u00edas antimotines en la comunidad, las y los vecinos convocaron a una asamblea con abogados que pod\u00edan acompa\u00f1ar el caso.<\/p>\n<p>Por otro lado, el n\u00famero de personas citadas por la Fiscal\u00eda incluso podr\u00eda ser m\u00e1s alto. Ocurre que varias personas no estaban en sus casas cuando las autoridades llevaron los citatorios. \u201cLo que s\u00ed est\u00e1 claro es que las personas denunciadas son quienes han mantenido una postura de oposici\u00f3n hacia la minera. Entonces, evidentemente hay una acci\u00f3n dirigida a quienes encabezan la lucha contra esa actividad\u201d, afirm\u00f3 Fern\u00e1ndez Mendiburu.<\/p>\n<p>Relacionado con esto, el comunicado de Utsil Kuxtal explica que \u201clos citatorios de la Fiscal\u00eda representan una forma de criminalizaci\u00f3n y amenaza que pretende menoscabar el derecho a defender los derechos humanos del pueblo de Xcucul y evidencia una pr\u00e1ctica preocupante por parte de las instituciones encargadas de procurar justicia, al situarse al servicio de las empresas para desarticular un leg\u00edtimo movimiento de defensa del territorio\u201c.<\/p>\n<p>La organizaci\u00f3n a\u00f1ade que lo que viene ocurriendo en Xcucul Sur evidencia c\u00f3mo la explotaci\u00f3n de bancos de materiales ocurre \u201cen los m\u00e1rgenes de la legalidad y la ilegalidad\u201d. Y a partir de un entramado \u201cde instituciones estatales, empresas constructoras, autoridades locales, marcos regulatorios flexibles y comunidades afectadas\u201d.<\/p>\n<p>\u201cEste patr\u00f3n no es un hecho aislado, sino una expresi\u00f3n localizada de un modelo extractivo que, bajo el argumento del desarrollo infraestructural, reproduce din\u00e1micas de despojo, deterioro ambiental y vulneraci\u00f3n de derechos colectivos y de la naturaleza en toda la pen\u00ednsula de Yucat\u00e1n\u201d, enfatiza.<\/p>\n<figure id=\"attachment_72193\" aria-describedby=\"caption-attachment-72193\" style=\"width: 800px\" class=\"wp-caption alignright\"><a href=\"http:\/\/www.grieta.org.mx\/wp-content\/uploads\/2025\/08\/Xcucul4-e1755637354191.jpg\"><img loading=\"lazy\" decoding=\"async\" data-attachment-id=\"72193\" data-permalink=\"http:\/\/www.grieta.org.mx\/index.php\/2025\/08\/12\/por-oponerse-a-destruccion-minera-criminalizan-a-la-comunidad-maya-de-xcucul-sur-yucatan\/screenshot-400\/\" data-orig-file=\"http:\/\/www.grieta.org.mx\/wp-content\/uploads\/2025\/08\/Xcucul4-e1755637354191.jpg\" data-orig-size=\"800,403\" data-comments-opened=\"0\" data-image-meta=\"{&quot;aperture&quot;:&quot;0&quot;,&quot;credit&quot;:&quot;&quot;,&quot;camera&quot;:&quot;&quot;,&quot;caption&quot;:&quot;Screenshot&quot;,&quot;created_timestamp&quot;:&quot;0&quot;,&quot;copyright&quot;:&quot;&quot;,&quot;focal_length&quot;:&quot;0&quot;,&quot;iso&quot;:&quot;0&quot;,&quot;shutter_speed&quot;:&quot;0&quot;,&quot;title&quot;:&quot;Screenshot&quot;,&quot;orientation&quot;:&quot;1&quot;}\" data-image-title=\"Screenshot\" data-image-description=\"\" data-image-caption=\"&lt;p&gt;Los proyectos mineros se multiplican junto a la comunidad maya de Xcucul Sur. Foto: Patricio Eleisegui.&lt;\/p&gt;\n\" data-medium-file=\"http:\/\/www.grieta.org.mx\/wp-content\/uploads\/2025\/08\/Xcucul4-300x151.jpg\" data-large-file=\"http:\/\/www.grieta.org.mx\/wp-content\/uploads\/2025\/08\/Xcucul4-1024x516.jpg\" src=\"http:\/\/www.grieta.org.mx\/wp-content\/uploads\/2025\/08\/Xcucul4-e1755637354191.jpg\" alt=\"\" width=\"800\" height=\"403\" class=\"size-full wp-image-72193\" \/><\/a><figcaption id=\"caption-attachment-72193\" class=\"wp-caption-text\">Los proyectos mineros se multiplican junto a la comunidad maya de Xcucul Sur. Foto: Patricio Eleisegui.<\/figcaption><\/figure>\n<p><strong>La comunidad maya denunci\u00f3 la persecuci\u00f3n que sufre ante Naciones Unidas<\/strong><\/p>\n<p>La comunidad notific\u00f3 de la criminalizaci\u00f3n a la oficina del Alto Comisionado de Naciones Unidas, la Comisi\u00f3n de Derechos Humanos del Estado de Yucat\u00e1n (Codhey) y la Cl\u00ednica de Derechos Humanos de la Ibero en Puebla, entre otras instituciones.       <\/p>\n<p>De acuerdo con una investigaci\u00f3n de Lilia Balam publicada por Jaltun en abril de este a\u00f1o, en el lapso de 2018 a 2024 se registraron al menos 18 casos de criminalizaci\u00f3n de la protesta en la pen\u00ednsula de Yucat\u00e1n. A esa cifra ahora hay que sumar la persecuci\u00f3n que tiene lugar en la comunidad que integra el municipio de Um\u00e1n.                 <\/p>\n<p>\u201cEs importante la difusi\u00f3n y la exigencia a las autoridades del Estado para que no sean c\u00f3mplices del despojo territorial, las afectaciones socioambientales y la criminalizaci\u00f3n de la protesta. Eso es grav\u00edsimo y desafortunadamente se ha incrementado en la entidad\u201d, concluy\u00f3 Fern\u00e1ndez Mendiburu.  <\/p>\n<p><a href=\"https:\/\/jaltun.mx\/por-oponerse-a-destruccion-minera-criminalizan-a-la-comunidad-maya-de-xcucul-sur\/\" target=\"_blank\">https:\/\/jaltun.mx\/por-oponerse-a-destruccion-minera-criminalizan-a-la-comunidad-maya-de-xcucul-sur\/<\/a><\/p>\n","protected":false},"excerpt":{"rendered":"<p>Katia Rej\u00f3n \/ Jalt\u00fan La comunidad de Xcucul Sur, en el municipio yucateco de Um\u00e1n, es v\u00edctima de represalias penales tras exponer el desastre ambiental y los da\u00f1os a las &hellip; <a href=\"http:\/\/www.grieta.org.mx\/index.php\/2025\/08\/12\/por-oponerse-a-destruccion-minera-criminalizan-a-la-comunidad-maya-de-xcucul-sur-yucatan\/\" class=\"more-link\">Leer m\u00e1s<\/a><\/p>\n","protected":false},"author":2,"featured_media":72189,"comment_status":"closed","ping_status":"closed","sticky":false,"template":"","format":"standard","meta":{"ngg_post_thumbnail":0,"_jetpack_newsletter_access":"","_jetpack_dont_email_post_to_subs":false,"_jetpack_newsletter_tier_id":0,"_jetpack_memberships_contains_paywalled_content":false,"_jetpack_memberships_contains_paid_content":false,"footnotes":""},"categories":[1069,80,2943,3,922,952,2,2026,36],"tags":[2778,4172,2988,2987,4130,1879,1878],"class_list":["post-72188","post","type-post","status-publish","format-standard","has-post-thumbnail","hentry","category-ataques-a-defensors-de-derechos-humanos-en-yucatan","category-cintillo","category-destruccion-y-contaminacion-ambiental-en-yucatan","category-megaproyectos","category-megaproyectos-estados","category-mp-yucatan","category-noticias-nacionales","category-tren-maya","category-yucatan","tag-criminalizacion-de-la-protesta","tag-defensa-de-la-tierra-y-el-territorio","tag-deforestacion-por-el-tren-maya","tag-impacto-ecologico-por-tren-maya","tag-impactos-sociales-por-tren-maya","tag-pueblo-maya","tag-tren-maya","entry"],"jetpack_featured_media_url":"http:\/\/www.grieta.org.mx\/wp-content\/uploads\/2025\/08\/Xcucul-scaled-e1755636706786.jpg","jetpack_sharing_enabled":true,"jetpack_shortlink":"https:\/\/wp.me\/p7ZJR4-iMk","jetpack_likes_enabled":false,"jetpack-related-posts":[{"id":47874,"url":"http:\/\/www.grieta.org.mx\/index.php\/2020\/04\/13\/las-vias-torcidas-del-tren-maya-video\/","url_meta":{"origin":72188,"position":0},"title":"Las v\u00edas torcidas del tren maya (Video)","author":"grieta","date":"13 abril, 2020","format":false,"excerpt":"https:\/\/www.youtube.com\/watch?v=k8FRX9eT0YY","rel":"","context":"En &quot;16. Pueblo Maya&quot;","block_context":{"text":"16. Pueblo Maya","link":"http:\/\/www.grieta.org.mx\/index.php\/category\/espejos-de-la-resistencia\/16-pueblo-maya\/"},"img":{"alt_text":"","src":"https:\/\/i0.wp.com\/www.grieta.org.mx\/wp-content\/uploads\/2020\/04\/ViasTorcidasTrenMaya.png?resize=350%2C200","width":350,"height":200,"srcset":"https:\/\/i0.wp.com\/www.grieta.org.mx\/wp-content\/uploads\/2020\/04\/ViasTorcidasTrenMaya.png?resize=350%2C200 1x, https:\/\/i0.wp.com\/www.grieta.org.mx\/wp-content\/uploads\/2020\/04\/ViasTorcidasTrenMaya.png?resize=525%2C300 1.5x, https:\/\/i0.wp.com\/www.grieta.org.mx\/wp-content\/uploads\/2020\/04\/ViasTorcidasTrenMaya.png?resize=700%2C400 2x"},"classes":[]},{"id":68844,"url":"http:\/\/www.grieta.org.mx\/index.php\/2024\/04\/29\/ambientalistas-clausuran-las-oficinas-de-semarnat-tras-calificarla-de-ecocida-quintana-roo\/","url_meta":{"origin":72188,"position":1},"title":"Ambientalistas &#8220;clausuran&#8221; las oficinas de Semarnat tras calificarla de ecocida (Quintana Roo)","author":"grieta","date":"29 abril, 2024","format":false,"excerpt":"Leslie Gordillo \/ NOTICARIBE PENINSULAR CANC\u00daN.- Un grupo de ambientalistas, representante de diferentes organismos y asociaciones civiles, se manifestaron en la zona hotelera de Canc\u00fan y clausuraron de manera simb\u00f3lica las oficinas de la Secretar\u00eda de Medio Ambiente y Recursos Naturales (Semarnat). La denuncia es que la Semarnat ha sido\u2026","rel":"","context":"En &quot;Campeche&quot;","block_context":{"text":"Campeche","link":"http:\/\/www.grieta.org.mx\/index.php\/category\/noticias-nacionales\/campeche\/"},"img":{"alt_text":"","src":"https:\/\/i0.wp.com\/www.grieta.org.mx\/wp-content\/uploads\/2024\/04\/ambientalitas-e1715552774254.jpg?resize=350%2C200","width":350,"height":200,"srcset":"https:\/\/i0.wp.com\/www.grieta.org.mx\/wp-content\/uploads\/2024\/04\/ambientalitas-e1715552774254.jpg?resize=350%2C200 1x, https:\/\/i0.wp.com\/www.grieta.org.mx\/wp-content\/uploads\/2024\/04\/ambientalitas-e1715552774254.jpg?resize=525%2C300 1.5x, https:\/\/i0.wp.com\/www.grieta.org.mx\/wp-content\/uploads\/2024\/04\/ambientalitas-e1715552774254.jpg?resize=700%2C400 2x"},"classes":[]},{"id":66094,"url":"http:\/\/www.grieta.org.mx\/index.php\/2023\/01\/18\/tribunal-otorga-nueva-suspension-contra-las-obras-del-tramo-5-del-tren-maya\/","url_meta":{"origin":72188,"position":2},"title":"Tribunal otorga nueva suspensi\u00f3n contra las obras del Tramo 5 del Tren Maya","author":"grieta","date":"18 enero, 2023","format":false,"excerpt":"Octavio Mart\u00ednez \/ Revista Proceso Un Tribunal Colegiado otorg\u00f3 una suspensi\u00f3n provisional de amparo contra las obras del Tramo 5 del Tren Maya, con lo que deber\u00e1n detenerse los trabajos de desmonte en la ruta de Canc\u00fan a Tulum. CIUDAD DE M\u00c9XICO (apro).\u2013 Una suspensi\u00f3n provisional de amparo fue otorgada\u2026","rel":"","context":"En &quot;Campeche&quot;","block_context":{"text":"Campeche","link":"http:\/\/www.grieta.org.mx\/index.php\/category\/noticias-nacionales\/campeche\/"},"img":{"alt_text":"","src":"https:\/\/i0.wp.com\/www.grieta.org.mx\/wp-content\/uploads\/2023\/01\/TrenMayaAmparo-e1674338538762.jpg?resize=350%2C200","width":350,"height":200,"srcset":"https:\/\/i0.wp.com\/www.grieta.org.mx\/wp-content\/uploads\/2023\/01\/TrenMayaAmparo-e1674338538762.jpg?resize=350%2C200 1x, https:\/\/i0.wp.com\/www.grieta.org.mx\/wp-content\/uploads\/2023\/01\/TrenMayaAmparo-e1674338538762.jpg?resize=525%2C300 1.5x, https:\/\/i0.wp.com\/www.grieta.org.mx\/wp-content\/uploads\/2023\/01\/TrenMayaAmparo-e1674338538762.jpg?resize=700%2C400 2x"},"classes":[]},{"id":35945,"url":"http:\/\/www.grieta.org.mx\/index.php\/2019\/07\/05\/expansion-de-megaproyectos-en-la-peninsula-de-yucatan-video\/","url_meta":{"origin":72188,"position":3},"title":"Expansi\u00f3n de Megaproyectos en la Pen\u00ednsula de Yucat\u00e1n (Video)","author":"grieta","date":"5 julio, 2019","format":false,"excerpt":"https:\/\/youtu.be\/qLBARIAaBsI","rel":"","context":"En &quot;Campeche&quot;","block_context":{"text":"Campeche","link":"http:\/\/www.grieta.org.mx\/index.php\/category\/noticias-nacionales\/campeche\/"},"img":{"alt_text":"","src":"https:\/\/i0.wp.com\/img.youtube.com\/vi\/qLBARIAaBsI\/0.jpg?resize=350%2C200","width":350,"height":200},"classes":[]},{"id":68500,"url":"http:\/\/www.grieta.org.mx\/index.php\/2024\/02\/16\/un-tribunal-de-yucatan-paraliza-la-construccion-del-tren-maya-por-danos-al-subsuelo\/","url_meta":{"origin":72188,"position":4},"title":"Un tribunal de Yucat\u00e1n paraliza la construcci\u00f3n del Tren Maya por da\u00f1os al subsuelo","author":"grieta","date":"16 febrero, 2024","format":false,"excerpt":"Jorge Vaquero Simancas \/ Foto Gladys Serrano \/ El Pa\u00eds La justicia pide al Gobierno que entregue los estudios cient\u00edficos que acrediten que la infraestructura no afecta a cuevas y cenotes Un tribunal federal de Yucat\u00e1n ha ordenado este viernes suspender las obras del tramo 5 sur del Tren Maya,\u2026","rel":"","context":"En &quot;CINTILLO&quot;","block_context":{"text":"CINTILLO","link":"http:\/\/www.grieta.org.mx\/index.php\/category\/cintillo\/"},"img":{"alt_text":"","src":"https:\/\/i0.wp.com\/www.grieta.org.mx\/wp-content\/uploads\/2024\/02\/CenoteTren-e1708204651293.jpg?resize=350%2C200","width":350,"height":200,"srcset":"https:\/\/i0.wp.com\/www.grieta.org.mx\/wp-content\/uploads\/2024\/02\/CenoteTren-e1708204651293.jpg?resize=350%2C200 1x, https:\/\/i0.wp.com\/www.grieta.org.mx\/wp-content\/uploads\/2024\/02\/CenoteTren-e1708204651293.jpg?resize=525%2C300 1.5x, https:\/\/i0.wp.com\/www.grieta.org.mx\/wp-content\/uploads\/2024\/02\/CenoteTren-e1708204651293.jpg?resize=700%2C400 2x"},"classes":[]},{"id":66482,"url":"http:\/\/www.grieta.org.mx\/index.php\/2023\/03\/12\/militares-acosan-a-ambientalistas-que-realizan-recorridos-por-la-ruta-del-tren-maya\/","url_meta":{"origin":72188,"position":5},"title":"Militares acosan a ambientalistas que realizan recorridos por la ruta del Tren Maya","author":"grieta","date":"12 marzo, 2023","format":false,"excerpt":"Juan Antonio Osorio Osorno \/ Diario de Yucat\u00e1n VALLADOLID.\u2014 Bajo el acoso de militares, personal de inteligencia de la Sedena y de corporaciones policiacas de Quintana Roo, un grupo de jueces del Tribunal Internacional por los Derechos de la Naturaleza realiza asambleas y recorridos en varios puntos de lo que\u2026","rel":"","context":"En &quot;Campeche&quot;","block_context":{"text":"Campeche","link":"http:\/\/www.grieta.org.mx\/index.php\/category\/noticias-nacionales\/campeche\/"},"img":{"alt_text":"","src":"https:\/\/i0.wp.com\/www.grieta.org.mx\/wp-content\/uploads\/2023\/03\/Tribunal-e1678664014433.jpeg?resize=350%2C200","width":350,"height":200,"srcset":"https:\/\/i0.wp.com\/www.grieta.org.mx\/wp-content\/uploads\/2023\/03\/Tribunal-e1678664014433.jpeg?resize=350%2C200 1x, https:\/\/i0.wp.com\/www.grieta.org.mx\/wp-content\/uploads\/2023\/03\/Tribunal-e1678664014433.jpeg?resize=525%2C300 1.5x, https:\/\/i0.wp.com\/www.grieta.org.mx\/wp-content\/uploads\/2023\/03\/Tribunal-e1678664014433.jpeg?resize=700%2C400 2x"},"classes":[]}],"_links":{"self":[{"href":"http:\/\/www.grieta.org.mx\/index.php\/wp-json\/wp\/v2\/posts\/72188","targetHints":{"allow":["GET"]}}],"collection":[{"href":"http:\/\/www.grieta.org.mx\/index.php\/wp-json\/wp\/v2\/posts"}],"about":[{"href":"http:\/\/www.grieta.org.mx\/index.php\/wp-json\/wp\/v2\/types\/post"}],"author":[{"embeddable":true,"href":"http:\/\/www.grieta.org.mx\/index.php\/wp-json\/wp\/v2\/users\/2"}],"replies":[{"embeddable":true,"href":"http:\/\/www.grieta.org.mx\/index.php\/wp-json\/wp\/v2\/comments?post=72188"}],"version-history":[{"count":1,"href":"http:\/\/www.grieta.org.mx\/index.php\/wp-json\/wp\/v2\/posts\/72188\/revisions"}],"predecessor-version":[{"id":72194,"href":"http:\/\/www.grieta.org.mx\/index.php\/wp-json\/wp\/v2\/posts\/72188\/revisions\/72194"}],"wp:featuredmedia":[{"embeddable":true,"href":"http:\/\/www.grieta.org.mx\/index.php\/wp-json\/wp\/v2\/media\/72189"}],"wp:attachment":[{"href":"http:\/\/www.grieta.org.mx\/index.php\/wp-json\/wp\/v2\/media?parent=72188"}],"wp:term":[{"taxonomy":"category","embeddable":true,"href":"http:\/\/www.grieta.org.mx\/index.php\/wp-json\/wp\/v2\/categories?post=72188"},{"taxonomy":"post_tag","embeddable":true,"href":"http:\/\/www.grieta.org.mx\/index.php\/wp-json\/wp\/v2\/tags?post=72188"}],"curies":[{"name":"wp","href":"https:\/\/api.w.org\/{rel}","templated":true}]}}