{"id":72168,"date":"2025-08-14T18:09:13","date_gmt":"2025-08-15T00:09:13","guid":{"rendered":"https:\/\/www.grieta.org.mx\/?p=72168"},"modified":"2025-08-17T18:19:34","modified_gmt":"2025-08-18T00:19:34","slug":"desbordar-lo-comun-mujeres-en-oaxaca-reflexionan-sobre-violencia-y-resistencia","status":"publish","type":"post","link":"http:\/\/www.grieta.org.mx\/index.php\/2025\/08\/14\/desbordar-lo-comun-mujeres-en-oaxaca-reflexionan-sobre-violencia-y-resistencia\/","title":{"rendered":"\u201cDesbordar lo com\u00fan\u201d: Mujeres en Oaxaca reflexionan sobre violencia y resistencia"},"content":{"rendered":"<p>Imagen:<\/p>\n<p>Roc\u00edo Heredia \/ Avispa Midia<\/p>\n<p>El pasado viernes (8) en Oaxaca tuvo lugar el\u00a0<em>Primer encuentro entre mujeres que crean, sostienen y luchan: desbordar lo com\u00fan-comunal,<\/em>\u00a0un espacio de reflexi\u00f3n colectiva desde los haceres cotidianos y desde los diversos espacios que cada mujer habita.<\/p>\n<p>Aunque hab\u00eda interrogantes claves para detonar la discusi\u00f3n, los di\u00e1logos intercambiados tomaron diversos caminos. Una madre de familia comparti\u00f3 que mucho se habla de la entrada del narcotr\u00e1fico en Oaxaca, sin embargo, poco se toma en cuenta que una de sus manifestaciones es a partir de puntos de narcomenudeo en las colonias y c\u00f3mo estos ponen en peligro la seguridad de las y los vecinos. \u201cNos toca organizarnos. Son tiempos crudos donde es necesario escuchar el cuerpo\u201d agreg\u00f3 la participante que omiti\u00f3 su nombre por seguridad.<\/p>\n<p>Por su parte, la abogada y defensora de derechos humanos, Niza Ch\u00e1vez, enfatiz\u00f3 la necesidad de organizarse frente a la criminalizaci\u00f3n que el gobierno actual de Oaxaca ejerce contra las colectividades en lucha, porque \u201ccomplica la posibilidad de vivir, convivir y resistir\u201d, sostuvo.<\/p>\n<p>Algunas de las participantes coincidieron en visualizar la violencia como una respuesta v\u00e1lida ante la violencia sist\u00e9mica. En esta misma sinton\u00eda otra de las mujeres expres\u00f3 \u201cvoy a agarrar el machete, voy a quemarlo todo, estoy harta de consensarlo todo. \u00a1Nos han quitado mucho, nos los han arrebatado!\u201d.<\/p>\n<p>Esta iniciativa fue convocada por 8 mujeres pertenecientes al grupo denominado\u00a0<em>Entramados Comunitarios<\/em>\u00a0del doctorado en sociolog\u00eda de la Benem\u00e9rita Universidad Aut\u00f3noma de Puebla (BUAP), al Instituto de Ciencias de la Educaci\u00f3n (ICE) y a la\u00a0<em>Red de Feminismos Descoloniales<\/em>.<\/p>\n<p>Las m\u00e1s de 80 mujeres que respondieron a este llamado fueron recibidas por el mensaje: \u201cMujeres contra el genocidio en Palestina\u201d, colgado en la entrada de la sede. \u201cSignifica que nos estamos buscando, que tenemos la necesidad de encontrarnos\u201d mencion\u00f3 durante el evento Mariana Favela, una de las 8 organizadoras.<\/p>\n<p>En la reflexi\u00f3n resalt\u00f3 la ineficiencia del gobierno actual de Oaxaca hacia la violencia de g\u00e9nero. Elena Garc\u00eda Ortega, mujer ayuuk e integrante de la\u00a0<em>Red de Mujeres Comunicadoras<\/em>, comparti\u00f3 para\u00a0<em>Avispa M\u00eddia<\/em>\u00a0que al enterarse del encuentro pens\u00f3 \u201cen un espacio seguro y esperanzador para mujeres, donde pudi\u00e9ramos reflexionar, pero sobre todo poner en el centro nuestras voces: ser escuchadas por otras compa\u00f1eras, compartir lo que nos duele, lo que nos inquieta y c\u00f3mo podemos acompa\u00f1arnos\u201d.<\/p>\n<p>Por otro lado, Marisela Z\u00e1rate, arque\u00f3loga e integrante de la colectiva\u00a0<em>La Voz de Jazm\u00edn<\/em>\u00a0-surgida en diciembre del 2022 a ra\u00edz del feminicidio de la joven cantante Jazm\u00edn Adriana Z\u00e1rate, ocurrido el 7 de noviembre de ese mismo a\u00f1o-, mencion\u00f3 tambi\u00e9n en entrevista para este reportaje, que junto a otras tres integrantes de la colectiva decidieron asistir, para \u201ccompartir y saber de las dem\u00e1s compa\u00f1eras que se est\u00e1n organizando y seguir tomando fuerzas para nuestra organizaci\u00f3n\u201d, pues consideran que el hecho de resistir es duro y cansado.<\/p>\n<p>Marisela comparte que hace poco, personal del partido MORENA (Movimiento de Regeneraci\u00f3n Nacional), convoc\u00f3 a una asamblea en Cuil\u00e1pam de Guerrero -al sur de los valles Centrales, Oaxaca- y al asistir con su colectiva percibieron que el discurso gubernamental es \u201crevictimizante hacia la mujer\u201d, pues la siguen dejando en segundo plano y como un sujeto dependiente de la presencia masculina.<\/p>\n<p>Marisela destac\u00f3 la importancia de estos encuentros que se vuelven una alternativa a lo que el gobierno ofrece y en ese sentido, mencion\u00f3 que su colectiva \u201cbusca reconocerse como un espacio de organizaci\u00f3n aut\u00f3noma desde Cuil\u00e1pam\u201d.<\/p>\n<p>Finalmente, Itandehui Ju\u00e1rez -otra de las organizadoras-, mencion\u00f3 la importancia de reconocer que la violencia no es s\u00f3lo contra las mujeres sino contra todas sus comunidades, \u201cvamos a seguir empujando hacia la organizaci\u00f3n. Imaginar posibilidades sostenibles. Sentarnos a conversar c\u00f3mo vemos el mundo, c\u00f3mo seguir sosteniendo la vida cotidiana. Podemos encontrar alternativas entre nosotras\u201d.<\/p>\n<p>La investigadora de la BUAP Raquel Guti\u00e9rrez, reflexion\u00f3 sobre reivindicar aquellos sentires etiquetados como negativos, sobre todo cuando son experimentados por mujeres: \u201cHay que hacerla de a pedo de manera estrat\u00e9gica. Es importante guiarnos de la idea de la autodefensa. Reivindicar la rabia, porque el enojo es distinto, es como frustraci\u00f3n. En la capacidad de enojo hay capacidad de construir y destruir. Hay que movilizar la emoci\u00f3n para lo que se nos ocurra\u201d expres\u00f3.<\/p>\n<p>Un punto en com\u00fan para todas las participantes de ese primer encuentro, fue que hay una urgencia latente de que las mujeres en Oaxaca se organicen, por el cuidado personal, colectivo y comunitario: el sentir colectivo fue la felicidad del reencuentro.<\/p>\n<p>Para Elena fue sanador y esperanzador. \u201cVer a tantas compa\u00f1eras que luchan desde sus espacios y territorios me regres\u00f3 el coraz\u00f3n al cuerpo. Quiere decir que, en cualquier espacio, siempre estamos acompa\u00f1adas que hay redes que nos sostienen\u201d, mencion\u00f3.<\/p>\n<p>Para Marisela ha sido una ense\u00f1anza vinculada hacia la fortaleza frente al miedo que el sistema trata de imponer. \u201cSi en algo nos ha ayudado el feminismo es poder a hablar, a levantar la voz, a expresar lo que se siente, aunque duela y aunque parezca que no es importante\u201d finaliz\u00f3.<\/p>\n<p><a href=\"https:\/\/avispa.org\/desbordar-lo-comun-mujeres-en-oaxaca-reflexionan-sobre-violencia-y-resistencia\/\">https:\/\/avispa.org\/desbordar-lo-comun-mujeres-en-oaxaca-reflexionan-sobre-violencia-y-resistencia\/<\/a><\/p>\n","protected":false},"excerpt":{"rendered":"<p>Imagen: Roc\u00edo Heredia \/ Avispa Midia El pasado viernes (8) en Oaxaca tuvo lugar el\u00a0Primer encuentro entre mujeres que crean, sostienen y luchan: desbordar lo com\u00fan-comunal,\u00a0un espacio de reflexi\u00f3n colectiva &hellip; <a href=\"http:\/\/www.grieta.org.mx\/index.php\/2025\/08\/14\/desbordar-lo-comun-mujeres-en-oaxaca-reflexionan-sobre-violencia-y-resistencia\/\" class=\"more-link\">Leer m\u00e1s<\/a><\/p>\n","protected":false},"author":2,"featured_media":72169,"comment_status":"closed","ping_status":"closed","sticky":false,"template":"","format":"standard","meta":{"ngg_post_thumbnail":0,"_jetpack_newsletter_access":"","_jetpack_dont_email_post_to_subs":false,"_jetpack_newsletter_tier_id":0,"_jetpack_memberships_contains_paywalled_content":false,"_jetpack_memberships_contains_paid_content":false,"footnotes":""},"categories":[80,2,25,1665],"tags":[2972,3148,2248,461,1630],"class_list":["post-72168","post","type-post","status-publish","format-standard","has-post-thumbnail","hentry","category-cintillo","category-noticias-nacionales","category-oaxaca","category-violencia-contra-las-mujeres-en-oaxaca","tag-feminismo","tag-lucha-feminista","tag-luchas-de-las-mujeres","tag-resistencia","tag-violencia-contra-las-mujeres","entry"],"jetpack_featured_media_url":"http:\/\/www.grieta.org.mx\/wp-content\/uploads\/2025\/08\/ComunOaxaca-41.jpg","jetpack_sharing_enabled":true,"jetpack_shortlink":"https:\/\/wp.me\/p7ZJR4-iM0","jetpack_likes_enabled":false,"jetpack-related-posts":[{"id":11123,"url":"http:\/\/www.grieta.org.mx\/index.php\/2016\/06\/27\/movilizacion-contra-la-violencia-hacia-las-mujeres-en-oaxaca\/","url_meta":{"origin":72168,"position":0},"title":"Movilizaciones contra la violencia hacia las mujeres en Oaxaca","author":"grieta","date":"27 junio, 2016","format":false,"excerpt":"27\/06\/16. Grupo de mujeres 8 de marzo protestan en \u201cD\u00eda Naranja\u201d por la no violencia P\u00e1gina 3 24\/04\/16. Mujeres y hombres oaxaque\u00f1os marchan nuevamente contra la violencia machista NSS Oaxaca 24\/04\/16. Marchan contra feminicidios en Oaxaca La Jornada","rel":"","context":"En &quot;NOTICIAS NACIONALES&quot;","block_context":{"text":"NOTICIAS NACIONALES","link":"http:\/\/www.grieta.org.mx\/index.php\/category\/noticias-nacionales\/"},"img":{"alt_text":"","src":"https:\/\/i0.wp.com\/www.grieta.org.mx\/wp-content\/uploads\/2018\/03\/14524434_1106112876131411_958039263622046936_o.jpg?resize=350%2C200","width":350,"height":200,"srcset":"https:\/\/i0.wp.com\/www.grieta.org.mx\/wp-content\/uploads\/2018\/03\/14524434_1106112876131411_958039263622046936_o.jpg?resize=350%2C200 1x, https:\/\/i0.wp.com\/www.grieta.org.mx\/wp-content\/uploads\/2018\/03\/14524434_1106112876131411_958039263622046936_o.jpg?resize=525%2C300 1.5x, https:\/\/i0.wp.com\/www.grieta.org.mx\/wp-content\/uploads\/2018\/03\/14524434_1106112876131411_958039263622046936_o.jpg?resize=700%2C400 2x"},"classes":[]},{"id":65826,"url":"http:\/\/www.grieta.org.mx\/index.php\/2022\/11\/25\/oaxaca-se-suma-a-marcha-del-25n-paralizan-carretera-de-juchitan-para-exigir-alto-a-la-violencia-contra-las-mujeres\/","url_meta":{"origin":72168,"position":1},"title":"Oaxaca se suma a marcha del 25N: paralizan carretera de Juchit\u00e1n para exigir alto a la violencia contra las mujeres","author":"grieta","date":"25 noviembre, 2022","format":false,"excerpt":"Imagen: Especial Jos\u00e9 Luis L\u00f3pez \/ El Heraldo En el marco del\u00a0D\u00eda de lucha para la erradicaci\u00f3n de la violencia contra las mujeres, las integrantes del\u00a0Grupo de Mujeres 8 de Marzo, se manifestaron con un bloqueo parcial en la carretera federal en Juchit\u00e1n,\u00a0Oaxaca. Rogelia Gonz\u00e1lez Luis, dirigente de esta organizaci\u00f3n,\u2026","rel":"","context":"En &quot;CINTILLO&quot;","block_context":{"text":"CINTILLO","link":"http:\/\/www.grieta.org.mx\/index.php\/category\/cintillo\/"},"img":{"alt_text":"","src":"https:\/\/i0.wp.com\/www.grieta.org.mx\/wp-content\/uploads\/2022\/11\/f960x540-624263_698338_0.jpg?resize=350%2C200","width":350,"height":200,"srcset":"https:\/\/i0.wp.com\/www.grieta.org.mx\/wp-content\/uploads\/2022\/11\/f960x540-624263_698338_0.jpg?resize=350%2C200 1x, https:\/\/i0.wp.com\/www.grieta.org.mx\/wp-content\/uploads\/2022\/11\/f960x540-624263_698338_0.jpg?resize=525%2C300 1.5x, https:\/\/i0.wp.com\/www.grieta.org.mx\/wp-content\/uploads\/2022\/11\/f960x540-624263_698338_0.jpg?resize=700%2C400 2x"},"classes":[]},{"id":57369,"url":"http:\/\/www.grieta.org.mx\/index.php\/2021\/03\/07\/marchan-mujeres-zapotecas-contra-feminicidios-en-el-istmo-oaxaca\/","url_meta":{"origin":72168,"position":2},"title":"Marchan mujeres zapotecas contra feminicidios en el Istmo (Oaxaca)","author":"grieta","date":"7 marzo, 2021","format":false,"excerpt":"Pi\u00e9 de P\u00e1gina \/ Diana Manzo. Juchit\u00e1n, Oaxaca.- Vestidas con sus enaguas y huipiles, mujeres zapotecas de este municipio oaxaque\u00f1o marcharon contra los feminicidios y la violencia en el marco del D\u00eda Internacional de la Mujer. Familiares de Carolina, la \u00faltima mujer asesinada en Juchit\u00e1n, encabezaron el contingente que parti\u00f3\u2026","rel":"","context":"En &quot;CINTILLO&quot;","block_context":{"text":"CINTILLO","link":"http:\/\/www.grieta.org.mx\/index.php\/category\/cintillo\/"},"img":{"alt_text":"","src":"https:\/\/i0.wp.com\/www.grieta.org.mx\/wp-content\/uploads\/2021\/03\/1-1.jpg?resize=350%2C200","width":350,"height":200,"srcset":"https:\/\/i0.wp.com\/www.grieta.org.mx\/wp-content\/uploads\/2021\/03\/1-1.jpg?resize=350%2C200 1x, https:\/\/i0.wp.com\/www.grieta.org.mx\/wp-content\/uploads\/2021\/03\/1-1.jpg?resize=525%2C300 1.5x, https:\/\/i0.wp.com\/www.grieta.org.mx\/wp-content\/uploads\/2021\/03\/1-1.jpg?resize=700%2C400 2x"},"classes":[]},{"id":41527,"url":"http:\/\/www.grieta.org.mx\/index.php\/2019\/11\/24\/afro-oaxaquenas-exigen-a-murat-garantizar-la-vida-de-las-oaxaquenas-oaxaca\/","url_meta":{"origin":72168,"position":3},"title":"Afro-Oaxaque\u00f1as exigen a Murat garantizar la vida de las oaxaque\u00f1as (Oaxaca)","author":"grieta","date":"24 noviembre, 2019","format":false,"excerpt":"P\u00e1gina 3 \/ Comunicados. Al presidente de la Rep\u00fablica Lic. Andr\u00e9s Manuel L\u00f3pez Obrador Al gobernador de Oaxaca, Alejandro Murat Al fiscal general de Oaxaca, Rub\u00e9n Vasconcelos M\u00e9ndez A la Secretar\u00eda de la Mujer Oaxaque\u00f1a Las integrantes del \u201cPacto de Mujeres\u201d surgido del VI Foro de Mujeres Lideresas Huatulco 2018,\u2026","rel":"","context":"En &quot;CINTILLO&quot;","block_context":{"text":"CINTILLO","link":"http:\/\/www.grieta.org.mx\/index.php\/category\/cintillo\/"},"img":{"alt_text":"","src":"https:\/\/i0.wp.com\/www.grieta.org.mx\/wp-content\/uploads\/2018\/03\/14524434_1106112876131411_958039263622046936_o.jpg?resize=350%2C200","width":350,"height":200,"srcset":"https:\/\/i0.wp.com\/www.grieta.org.mx\/wp-content\/uploads\/2018\/03\/14524434_1106112876131411_958039263622046936_o.jpg?resize=350%2C200 1x, https:\/\/i0.wp.com\/www.grieta.org.mx\/wp-content\/uploads\/2018\/03\/14524434_1106112876131411_958039263622046936_o.jpg?resize=525%2C300 1.5x, https:\/\/i0.wp.com\/www.grieta.org.mx\/wp-content\/uploads\/2018\/03\/14524434_1106112876131411_958039263622046936_o.jpg?resize=700%2C400 2x"},"classes":[]},{"id":51988,"url":"http:\/\/www.grieta.org.mx\/index.php\/2020\/07\/21\/234-mujeres-asesinadas-en-oaxaca-a-dos-anos-de-la-alerta-de-violencia-de-genero\/","url_meta":{"origin":72168,"position":4},"title":"234 mujeres asesinadas en Oaxaca, a dos a\u00f1os de la Alerta de Violencia de G\u00e9nero","author":"grieta","date":"21 julio, 2020","format":false,"excerpt":"Noticias \/ Citlalli Luciana. *AVGM fue emitida en 40 municipios de Oaxaca A casi dos a\u00f1os de que se emitiera la Alerta de Violencia de G\u00e9nero contra las Mujeres en 40 municipios de Oaxaca, los \u00edndices de violencia feminicida evidencian la falta de impacto para salvaguardar su vida. En ese\u2026","rel":"","context":"En &quot;CINTILLO&quot;","block_context":{"text":"CINTILLO","link":"http:\/\/www.grieta.org.mx\/index.php\/category\/cintillo\/"},"img":{"alt_text":"","src":"https:\/\/i0.wp.com\/www.grieta.org.mx\/wp-content\/uploads\/2018\/03\/14524434_1106112876131411_958039263622046936_o.jpg?resize=350%2C200","width":350,"height":200,"srcset":"https:\/\/i0.wp.com\/www.grieta.org.mx\/wp-content\/uploads\/2018\/03\/14524434_1106112876131411_958039263622046936_o.jpg?resize=350%2C200 1x, https:\/\/i0.wp.com\/www.grieta.org.mx\/wp-content\/uploads\/2018\/03\/14524434_1106112876131411_958039263622046936_o.jpg?resize=525%2C300 1.5x, https:\/\/i0.wp.com\/www.grieta.org.mx\/wp-content\/uploads\/2018\/03\/14524434_1106112876131411_958039263622046936_o.jpg?resize=700%2C400 2x"},"classes":[]},{"id":30490,"url":"http:\/\/www.grieta.org.mx\/index.php\/2019\/03\/10\/marchan-mujeres-de-oaxaca-en-8m-exigen-justicia-por-violencia-feminicida-videoreportaje\/","url_meta":{"origin":72168,"position":5},"title":"Marchan mujeres de #Oaxaca; en 8M exigen justicia por violencia feminicida (Videoreportaje)","author":"grieta","date":"10 marzo, 2019","format":false,"excerpt":"P\u00e1gina 3. Texto: Antonio MUNDACA \/ Video: Karen ROJAS, Oaxaca.- Este 8 de marzo se conmemor\u00f3 en Oaxaca el D\u00eda Internacional de la Mujer para reivindicar que se termine con la violencia de g\u00e9nero, la brecha salarial, el acoso laboral y se frenen los asesinatos y la impunidad. Mujeres de\u2026","rel":"","context":"En &quot;CINTILLO&quot;","block_context":{"text":"CINTILLO","link":"http:\/\/www.grieta.org.mx\/index.php\/category\/cintillo\/"},"img":{"alt_text":"","src":"https:\/\/i0.wp.com\/www.grieta.org.mx\/wp-content\/uploads\/2018\/03\/14524434_1106112876131411_958039263622046936_o.jpg?resize=350%2C200","width":350,"height":200,"srcset":"https:\/\/i0.wp.com\/www.grieta.org.mx\/wp-content\/uploads\/2018\/03\/14524434_1106112876131411_958039263622046936_o.jpg?resize=350%2C200 1x, https:\/\/i0.wp.com\/www.grieta.org.mx\/wp-content\/uploads\/2018\/03\/14524434_1106112876131411_958039263622046936_o.jpg?resize=525%2C300 1.5x, https:\/\/i0.wp.com\/www.grieta.org.mx\/wp-content\/uploads\/2018\/03\/14524434_1106112876131411_958039263622046936_o.jpg?resize=700%2C400 2x"},"classes":[]}],"_links":{"self":[{"href":"http:\/\/www.grieta.org.mx\/index.php\/wp-json\/wp\/v2\/posts\/72168","targetHints":{"allow":["GET"]}}],"collection":[{"href":"http:\/\/www.grieta.org.mx\/index.php\/wp-json\/wp\/v2\/posts"}],"about":[{"href":"http:\/\/www.grieta.org.mx\/index.php\/wp-json\/wp\/v2\/types\/post"}],"author":[{"embeddable":true,"href":"http:\/\/www.grieta.org.mx\/index.php\/wp-json\/wp\/v2\/users\/2"}],"replies":[{"embeddable":true,"href":"http:\/\/www.grieta.org.mx\/index.php\/wp-json\/wp\/v2\/comments?post=72168"}],"version-history":[{"count":1,"href":"http:\/\/www.grieta.org.mx\/index.php\/wp-json\/wp\/v2\/posts\/72168\/revisions"}],"predecessor-version":[{"id":72170,"href":"http:\/\/www.grieta.org.mx\/index.php\/wp-json\/wp\/v2\/posts\/72168\/revisions\/72170"}],"wp:featuredmedia":[{"embeddable":true,"href":"http:\/\/www.grieta.org.mx\/index.php\/wp-json\/wp\/v2\/media\/72169"}],"wp:attachment":[{"href":"http:\/\/www.grieta.org.mx\/index.php\/wp-json\/wp\/v2\/media?parent=72168"}],"wp:term":[{"taxonomy":"category","embeddable":true,"href":"http:\/\/www.grieta.org.mx\/index.php\/wp-json\/wp\/v2\/categories?post=72168"},{"taxonomy":"post_tag","embeddable":true,"href":"http:\/\/www.grieta.org.mx\/index.php\/wp-json\/wp\/v2\/tags?post=72168"}],"curies":[{"name":"wp","href":"https:\/\/api.w.org\/{rel}","templated":true}]}}