{"id":72073,"date":"2025-06-29T08:47:25","date_gmt":"2025-06-29T14:47:25","guid":{"rendered":"https:\/\/www.grieta.org.mx\/?p=72073"},"modified":"2025-07-25T10:13:55","modified_gmt":"2025-07-25T16:13:55","slug":"jorge-gonzalez-la-cara-del-asedio-judicial-contra-los-periodistas-en-campeche-muy-pocas-personas-firman-las-columnas-por-miedo-a-las-represalias","status":"publish","type":"post","link":"http:\/\/www.grieta.org.mx\/index.php\/2025\/06\/29\/jorge-gonzalez-la-cara-del-asedio-judicial-contra-los-periodistas-en-campeche-muy-pocas-personas-firman-las-columnas-por-miedo-a-las-represalias\/","title":{"rendered":"Jorge Gonz\u00e1lez, la cara del asedio judicial contra los periodistas en Campeche: \u201cMuy pocas personas firman las columnas por miedo a las represalias\u201d"},"content":{"rendered":"<p>Micaela Varela \/ El Pa\u00eds<\/p>\n<blockquote><p>El veterano periodista de 72 a\u00f1os ha tenido que abandonar su carrera y cerrar el medio que dirigi\u00f3 como medida cautelar en el proceso penal iniciado por la gobernadora Layda Sansores<\/p><\/blockquote>\n<p>El d\u00eda que le cit\u00f3 el juez de control para la imputaci\u00f3n, Jorge Gonz\u00e1lez solo pod\u00eda pensar en lo mucho que le dol\u00eda el cuerpo. A sus 72 a\u00f1os, las nueve horas que dur\u00f3 la sesi\u00f3n se le clavaron en los huesos y en el cansancio. Ah\u00ed recibi\u00f3 el golpe devastador, algo que jam\u00e1s pens\u00f3 escuchar en su medio siglo como periodista. Le informaron de que la gobernadora del Estado de Campeche, Layda Sansores, le hab\u00eda denunciado por delito de odio y que, como medida cautelar, deb\u00eda dejar de ejercer el periodismo por dos a\u00f1os, lo que se estima que durar\u00eda el proceso. Tambi\u00e9n de que Tribuna, el medio del que fue director durante 30 a\u00f1os, tendr\u00eda que cerrar por el mismo periodo de tiempo. Otros periodistas han salido a las calles en apoyo a su compa\u00f1ero y a protestar por el asedio judicial que sufren con demandas civiles por parte de las autoridades del Estado. <\/p>\n<p>La denuncia acusa a Gonz\u00e1lez de insultar a Sansores y causarle da\u00f1o psicol\u00f3gico por las publicaciones en una columna an\u00f3nima del diario Tribuna. Sin embargo, el periodista lleva jubilado desde 2017 y desde entonces asegura que solo ha tenido un peque\u00f1o programa de televisi\u00f3n en Telemar, donde ha cuestionado las pol\u00edticas de la Administraci\u00f3n de Morena en Campeche, especialmente en materia de seguridad. \u201cNunca he procurado alimentar odios con ning\u00fan gobierno, pero la se\u00f1ora Sansores ha emprendido una agresi\u00f3n fuera de s\u00ed al acusarme de cosas que no he cometido, como incitaci\u00f3n al odio. Menciona la columna Las tripas del jaguar, pero no la escribo yo\u201d, se defiende el periodista en llamada telef\u00f3nica. En la columna en cuesti\u00f3n, bautizada en respuesta al programa pol\u00edtico de televisi\u00f3n de la gobernadora llamado Los martes del jaguar, se exponen sin firma cr\u00edticas mordaces al Gobierno de Campeche, al que se le acusa de corrupto, mentiroso y populista.<\/p>\n<p>La gobernadora ha usado su programa en video para defenderse de las acusaciones de censura y acoso a los periodistas. Tambi\u00e9n ha aprovechado el espacio para insistir en que los reporteros no estaban informando, sino insult\u00e1ndola e incurriendo en \u201cviolencia de g\u00e9nero\u201d. Este mi\u00e9rcoles, la presidenta Claudia Sheinbaum la ha respaldado en rueda de prensa desde Palacio Nacional. \u201cElla no quiere llevar a nadie a la c\u00e1rcel, lo que quiere es que se reconozca que hay un asunto de misoginia y de odio vinculado con ser mujer\u201d, ha zanjado Sheinbaum en medio de los cuestionamientos por la censura en los gobiernos de Morena con los casos de Campeche y por la reforma legislativa en Puebla que permite sancionar a los usuarios que insulten en redes sociales. Este peri\u00f3dico ha intentado obtener una entrevista con Sansores en varias ocasiones para conocer su versi\u00f3n, pero a la fecha de publicaci\u00f3n de este reportaje no ha obtenido respuesta.<\/p>\n<p>    Yo soy el periodista m\u00e1s viejo ac\u00e1. Lo que busca conmigo es amenazar a los dem\u00e1s<\/p>\n<p>Gonz\u00e1lez dirigi\u00f3 Tribuna durante las \u00faltimas tres d\u00e9cadas de su larga carrera, que empez\u00f3 cuando \u00e9l estaba en tercer a\u00f1o de secundaria. En su colegio redact\u00f3 un escrito en nombre de todos sus compa\u00f1eros para pedir m\u00e1s insumos escolares al Gobierno. Cuando lo entreg\u00f3, el entonces gobernador Carlos Sansores P\u00e9rez \u2014padre de Layda\u2014 le pidi\u00f3 verle en su despacho. Sorprendido por su forma audaz de escribir, le ayud\u00f3 a conseguir su primer trabajo en uno de los peri\u00f3dicos locales. Desde ese momento, fue uno de los primeros periodistas en cubrir el inicio del narcotr\u00e1fico en Campeche, tambi\u00e9n reporte\u00f3 desde el terreno la explosi\u00f3n en el Pozo Ixtoc-I, el mayor derrame de petr\u00f3leo en el mar ocurrido en M\u00e9xico, y ha sido el mentor de otros j\u00f3venes periodistas locales.<\/p>\n<p>En toda esa trayectoria asegura que jam\u00e1s se vivi\u00f3 un ambiente tan hostil para los reporteros. El pasado 9 de abril, \u00e9l mismo fue v\u00edctima de una paliza que, asegura, ejemplifica el estado de terror que se vive en Campeche. Esa noche, iba en coche con su esposa, su hija y uno de sus sobrinos, que siempre le acompa\u00f1a por seguridad despu\u00e9s de ser amenazado en varias ocasiones. En la calle reconoci\u00f3 a un joven en moto siendo cuestionado por la polic\u00eda por el vencimiento de su licencia, la gr\u00faa amenazaba con llevarse su veh\u00edculo. Gonz\u00e1lez conoc\u00eda al muchacho, le suele pasar informaci\u00f3n policial para su programa. Decidi\u00f3 intervenir y recordarle a los agentes que su falta era una sanci\u00f3n administrativa y no ameritaba confiscarle la moto. \u201cTardaron cinco minutos en empezar a golpearme. Mi esposa grab\u00f3 el video. Yo ni present\u00e9 denuncia, si la presento a la Fiscal\u00eda pierdo mi tiempo. Estoy en sus manos porque el vicefiscal es hijo de la secretaria de Seguridad P\u00fablica\u201d, dice con pesar y confiesa que todav\u00eda tiene las manos afectadas por lo mucho que le apretaron las esposas. \u201cYo soy el periodista m\u00e1s viejo conocido ac\u00e1. Ejerc\u00ed durante 50 a\u00f1os. Lo que busca conmigo es amenazar a los dem\u00e1s\u201d, lamenta.<\/p>\n<figure id=\"attachment_72075\" aria-describedby=\"caption-attachment-72075\" style=\"width: 598px\" class=\"wp-caption alignright\"><a href=\"http:\/\/www.grieta.org.mx\/wp-content\/uploads\/2025\/07\/periodista2.jpg\"><img loading=\"lazy\" decoding=\"async\" data-attachment-id=\"72075\" data-permalink=\"http:\/\/www.grieta.org.mx\/index.php\/2025\/06\/29\/jorge-gonzalez-la-cara-del-asedio-judicial-contra-los-periodistas-en-campeche-muy-pocas-personas-firman-las-columnas-por-miedo-a-las-represalias\/screenshot-380\/\" data-orig-file=\"http:\/\/www.grieta.org.mx\/wp-content\/uploads\/2025\/07\/periodista2.jpg\" data-orig-size=\"598,794\" data-comments-opened=\"0\" data-image-meta=\"{&quot;aperture&quot;:&quot;0&quot;,&quot;credit&quot;:&quot;&quot;,&quot;camera&quot;:&quot;&quot;,&quot;caption&quot;:&quot;Screenshot&quot;,&quot;created_timestamp&quot;:&quot;0&quot;,&quot;copyright&quot;:&quot;&quot;,&quot;focal_length&quot;:&quot;0&quot;,&quot;iso&quot;:&quot;0&quot;,&quot;shutter_speed&quot;:&quot;0&quot;,&quot;title&quot;:&quot;Screenshot&quot;,&quot;orientation&quot;:&quot;1&quot;}\" data-image-title=\"Screenshot\" data-image-description=\"\" data-image-caption=\"&lt;p&gt;Jorge Gonz\u00e1lez despu\u00e9s de ser goleado por autoridades de Campeche.&lt;\/p&gt;\n\" data-medium-file=\"http:\/\/www.grieta.org.mx\/wp-content\/uploads\/2025\/07\/periodista2-226x300.jpg\" data-large-file=\"http:\/\/www.grieta.org.mx\/wp-content\/uploads\/2025\/07\/periodista2.jpg\" src=\"http:\/\/www.grieta.org.mx\/wp-content\/uploads\/2025\/07\/periodista2.jpg\" alt=\"\" width=\"598\" height=\"794\" class=\"size-full wp-image-72075\" srcset=\"http:\/\/www.grieta.org.mx\/wp-content\/uploads\/2025\/07\/periodista2.jpg 598w, http:\/\/www.grieta.org.mx\/wp-content\/uploads\/2025\/07\/periodista2-226x300.jpg 226w\" sizes=\"auto, (max-width: 598px) 100vw, 598px\" \/><\/a><figcaption id=\"caption-attachment-72075\" class=\"wp-caption-text\">Jorge Gonz\u00e1lez despu\u00e9s de ser goleado por autoridades de Campeche.<br \/><\/figcaption><\/figure>\n<p>Su abogado, Edwin Trejo Guti\u00e9rrez, explica que no hay precedentes de una demanda penal de un gobernador en funciones a un periodista por sus textos. El c\u00f3digo penal en Campeche establece el delito de odio como aquel que atenta contra la dignidad de las personas por cuestiones de g\u00e9nero, raciales o creencias religiosas a trav\u00e9s del ejercicio de la violencia f\u00edsica o psicol\u00f3gica. Esta \u00faltima es la que alega Sansores contra Gonz\u00e1lez, pero no ha presentado pruebas forenses que acrediten el da\u00f1o. \u201cLa gobernadora asume que en Tribuna se usan adjetivos fuertes en publicaciones c\u00edclicas contra ella. Es excesiva la imputaci\u00f3n\u201d, insiste. A pesar de que la demanda la hace Sansores como persona f\u00edsica independiente, aparece el consejero jur\u00eddico del Gobierno, Juan Pedro Alcudia, nombrado en la carpeta de investigaci\u00f3n como asesor jur\u00eddico.<\/p>\n<p>Trejo enumera varias contradicciones en la demanda de Gonz\u00e1lez, desde la naturaleza de la misma hasta las pruebas presentadas. \u201cPese al documento que acredita su jubilaci\u00f3n, la jueza lo vincula al proceso. En las medidas cautelares decide que durante dos a\u00f1os se baje la plataforma digital de Tribuna y que Jorge deje de ejercer el periodismo, para evitar futuras menciones a Sansores. Consideramos que es excesivo, porque no hay delito\u201d, detalla. Pese a que la columna en cuesti\u00f3n es an\u00f3nima, tanto la gobernadora como la jueza consideran que los a\u00f1os de Gonz\u00e1lez al frente del peri\u00f3dico son suficientes para acusarle como responsable. En paralelo, el periodista enfrenta otra demanda, esta vez por la v\u00eda civil, por parte de Walther David Patr\u00f3n Bacab, vocero de Sansores y su director de Comunicaci\u00f3n Social, adem\u00e1s de socio del sobrino de la gobernadora. Este le demanda por un art\u00edculo an\u00f3nimo publicado en Tribuna en la que se menciona su nombre junto a las acusaciones de corrupci\u00f3n contra la gobernadora, que hizo la exalcaldesa de \u00c1lvaro Obreg\u00f3n en Ciudad de M\u00e9xico L\u00eda Lim\u00f3n.<\/p>\n<p>Ahora, Gonz\u00e1lez est\u00e1 m\u00e1s preocupado por la demanda civil, que ya ha pasado a la fase de ejecuci\u00f3n. Le obligan a abonar dos millones de pesos como multa (106.000 d\u00f3lares) y amenazan con embargarle su casa de no pagarlos en la pr\u00f3xima semana. \u201cMi casa es todo lo que me queda, me he gastado ya todos los ahorros en este proceso\u201d, dice el periodista. Su abogado se\u00f1ala que ambas demandas ponen en riesgo la libertad del ejercicio period\u00edstico contra funcionarios p\u00fablicos, y que la pelea judicial est\u00e1 muy desbalanceada por los recursos que emplean los demandantes y sus conexiones. \u201cEn Campeche, el fiscal es un secretario de la gobernadora, es su subalterno. Adem\u00e1s, lo exhibi\u00f3 en Los martes del jaguar, un programa p\u00fablico de alcance nacional, \u00bfc\u00f3mo podemos esperar un juicio justo?\u201d, se pregunta con la voz cargada de indignaci\u00f3n.<\/p>\n<p>El estado del terror para la prensa en Campeche<\/p>\n<p>Los periodistas del Estado han salido a manifestarse en apoyo a su compa\u00f1ero. Algunos de ellos son otros periodistas con demandas, tambi\u00e9n representados por Trejo. Entre ellos est\u00e1n los hermanos Mart\u00ednez, Abraham y Carlos. El primero es reportero y cubre la fuente policial. Es conocido por publicar en sus redes sociales los casos de ejecuciones en el Estado de Campeche por parte de grupos armados con tono cr\u00edtico por las pol\u00edticas de la secretaria de Seguridad, Marcela Mu\u00f1oz. Ha recibido una demanda de ella por \u201cviolencia pol\u00edtica de g\u00e9nero\u201d y otra de Sansores por lo mismo. Su hermano tambi\u00e9n ha sido demandado. El hostigamiento policial que han sufrido les ha valido la entrada al mecanismo de protecci\u00f3n de periodistas y, despu\u00e9s de ser v\u00edctimas de m\u00faltiples amenazas, recibieron un bot\u00f3n de p\u00e1nico.<\/p>\n<figure id=\"attachment_72076\" aria-describedby=\"caption-attachment-72076\" style=\"width: 800px\" class=\"wp-caption alignright\"><a href=\"http:\/\/www.grieta.org.mx\/wp-content\/uploads\/2025\/07\/Periodista3-e1753459749687.jpg\"><img loading=\"lazy\" decoding=\"async\" data-attachment-id=\"72076\" data-permalink=\"http:\/\/www.grieta.org.mx\/index.php\/2025\/06\/29\/jorge-gonzalez-la-cara-del-asedio-judicial-contra-los-periodistas-en-campeche-muy-pocas-personas-firman-las-columnas-por-miedo-a-las-represalias\/screenshot-381\/\" data-orig-file=\"http:\/\/www.grieta.org.mx\/wp-content\/uploads\/2025\/07\/Periodista3-e1753459749687.jpg\" data-orig-size=\"800,481\" data-comments-opened=\"0\" data-image-meta=\"{&quot;aperture&quot;:&quot;0&quot;,&quot;credit&quot;:&quot;&quot;,&quot;camera&quot;:&quot;&quot;,&quot;caption&quot;:&quot;Screenshot&quot;,&quot;created_timestamp&quot;:&quot;0&quot;,&quot;copyright&quot;:&quot;&quot;,&quot;focal_length&quot;:&quot;0&quot;,&quot;iso&quot;:&quot;0&quot;,&quot;shutter_speed&quot;:&quot;0&quot;,&quot;title&quot;:&quot;Screenshot&quot;,&quot;orientation&quot;:&quot;1&quot;}\" data-image-title=\"Screenshot\" data-image-description=\"\" data-image-caption=\"&lt;p&gt;Protesta en contra del hostigamiento a periodistas, a las afueras del congreso de Campeche.&lt;\/p&gt;\n\" data-medium-file=\"http:\/\/www.grieta.org.mx\/wp-content\/uploads\/2025\/07\/Periodista3-300x180.jpg\" data-large-file=\"http:\/\/www.grieta.org.mx\/wp-content\/uploads\/2025\/07\/Periodista3-1024x615.jpg\" src=\"http:\/\/www.grieta.org.mx\/wp-content\/uploads\/2025\/07\/Periodista3-e1753459749687.jpg\" alt=\"\" width=\"800\" height=\"481\" class=\"size-full wp-image-72076\" \/><\/a><figcaption id=\"caption-attachment-72076\" class=\"wp-caption-text\">Protesta en contra del hostigamiento a periodistas, a las afueras del congreso de Campeche.<br \/><\/figcaption><\/figure>\n<p>En el mecanismo tambi\u00e9n est\u00e1 el periodista campechano Luis Armando Mendoza, quien ha decidido ejercer la profesi\u00f3n desde sus redes sociales ante la gradual desaparici\u00f3n de los peri\u00f3dicos en el Estado, de los que apenas quedan dos en formato digital de los cinco hist\u00f3ricos que hab\u00eda en circulaci\u00f3n hasta hace apenas unos a\u00f1os. El 7 de febrero de 2023 un c\u00f3ctel molotov estall\u00f3 en el garaje de su casa, incendiando su coche y parte de la propiedad. Mendoza vincula el incidente a las cr\u00edticas que hizo desde su perfil a Sansores y su Administraci\u00f3n por el deterioro de la seguridad, la ca\u00edda de la econom\u00eda y la precariedad del empleo en el Estado. \u201cEste es el peor Gobierno que ha habido en Campeche. Adoptan acciones de represi\u00f3n porque no les gusta la cr\u00edtica\u201d, sentencia Mendoza, quien cuenta que por su labor period\u00edstica su hija fue cesada en su trabajo en una dependencia p\u00fablica como represalia. \u201cLo de Jorge nos parece grave, grav\u00edsimo, porque Jorge fue el director del peri\u00f3dico m\u00e1s importante del Estado. Si le est\u00e1n haciendo esto a \u00e9l, \u00bfqu\u00e9 nos pueden hacernos a nosotros?\u201d, se pregunta.<\/p>\n<p><a href=\"https:\/\/elpais.com\/mexico\/2025-06-29\/jorge-gonzalez-la-cara-del-asedio-judicial-contra-los-periodistas-en-campeche-muy-pocas-personas-firman-las-columnas-por-miedo-a-las-represalias.html\" target=\"_blank\">https:\/\/elpais.com\/mexico\/2025-06-29\/jorge-gonzalez-la-cara-del-asedio-judicial-contra-los-periodistas-en-campeche-muy-pocas-personas-firman-las-columnas-por-miedo-a-las-represalias.html<\/a><\/p>\n","protected":false},"excerpt":{"rendered":"<p>Micaela Varela \/ El Pa\u00eds El veterano periodista de 72 a\u00f1os ha tenido que abandonar su carrera y cerrar el medio que dirigi\u00f3 como medida cautelar en el proceso penal &hellip; <a href=\"http:\/\/www.grieta.org.mx\/index.php\/2025\/06\/29\/jorge-gonzalez-la-cara-del-asedio-judicial-contra-los-periodistas-en-campeche-muy-pocas-personas-firman-las-columnas-por-miedo-a-las-represalias\/\" class=\"more-link\">Leer m\u00e1s<\/a><\/p>\n","protected":false},"author":2,"featured_media":72074,"comment_status":"closed","ping_status":"closed","sticky":false,"template":"","format":"standard","meta":{"ngg_post_thumbnail":0,"_jetpack_newsletter_access":"","_jetpack_dont_email_post_to_subs":false,"_jetpack_newsletter_tier_id":0,"_jetpack_memberships_contains_paywalled_content":false,"_jetpack_memberships_contains_paid_content":false,"footnotes":""},"categories":[3066,11,80,2,83,88,1149],"tags":[2474,2262,2486,4167,2263,2331],"class_list":["post-72073","post","type-post","status-publish","format-standard","has-post-thumbnail","hentry","category-abuso-de-autoridad-en-campeche","category-campeche","category-cintillo","category-noticias-nacionales","category-temas-nacionales","category-violencia-contra-periodistas","category-violencia-contra-periodistas-en-campeche","tag-acoso-contra-periodistas","tag-agresiones-contra-periodistas","tag-amenazas-contra-periodistas","tag-censura","tag-hostigamiento-contra-periodistas","tag-violencia-conta-periodistas","entry"],"jetpack_featured_media_url":"http:\/\/www.grieta.org.mx\/wp-content\/uploads\/2025\/07\/PeriodistaCampeche-e1753457412334.jpg","jetpack_sharing_enabled":true,"jetpack_shortlink":"https:\/\/wp.me\/p7ZJR4-iKt","jetpack_likes_enabled":false,"jetpack-related-posts":[{"id":17953,"url":"http:\/\/www.grieta.org.mx\/index.php\/2016\/07\/26\/violencia-contra-periodistas-en-campeche\/","url_meta":{"origin":72073,"position":0},"title":"Violencia contra periodistas en Campeche","author":"grieta","date":"26 julio, 2016","format":false,"excerpt":"26\/06\/16. Reportero denuncia agresi\u00f3n (Campeche) Tribuna","rel":"","context":"En &quot;Campeche&quot;","block_context":{"text":"Campeche","link":"http:\/\/www.grieta.org.mx\/index.php\/category\/noticias-nacionales\/campeche\/"},"img":{"alt_text":"","src":"https:\/\/i0.wp.com\/www.grieta.org.mx\/wp-content\/uploads\/2018\/03\/14524434_1106112876131411_958039263622046936_o.jpg?resize=350%2C200","width":350,"height":200,"srcset":"https:\/\/i0.wp.com\/www.grieta.org.mx\/wp-content\/uploads\/2018\/03\/14524434_1106112876131411_958039263622046936_o.jpg?resize=350%2C200 1x, https:\/\/i0.wp.com\/www.grieta.org.mx\/wp-content\/uploads\/2018\/03\/14524434_1106112876131411_958039263622046936_o.jpg?resize=525%2C300 1.5x, https:\/\/i0.wp.com\/www.grieta.org.mx\/wp-content\/uploads\/2018\/03\/14524434_1106112876131411_958039263622046936_o.jpg?resize=700%2C400 2x"},"classes":[]},{"id":72130,"url":"http:\/\/www.grieta.org.mx\/index.php\/2025\/07\/16\/jueza-impone-censor-oficial-para-que-el-periodista-jorge-gonzalez-y-tribuna-no-hablen-de-sansores-campeche\/","url_meta":{"origin":72073,"position":1},"title":"Jueza impone censor oficial para que el periodista Jorge Gonz\u00e1lez y &#8220;Tribuna&#8221; no hablen de Sansores (Campeche)","author":"grieta","date":"16 julio, 2025","format":false,"excerpt":"Claudia V. Arriaga Dur\u00e1n \/ Revista Proceso SAN FRANCISCO, Camp., (apro) .- El periodista Jorge Luis Gonz\u00e1lez Valdez y el medio de comunicaci\u00f3n \u201cTribuna\u201d deber\u00e1n tener un censor oficial, que no es otra cosa, que una persona que designe el Tribunal Superior de Justicia (TSJ) de Campeche y supervise su\u2026","rel":"","context":"En &quot;Abuso de autoridad en Campeche&quot;","block_context":{"text":"Abuso de autoridad en Campeche","link":"http:\/\/www.grieta.org.mx\/index.php\/category\/noticias-nacionales\/campeche\/abuso-de-autoridad-en-campeche\/"},"img":{"alt_text":"","src":"https:\/\/i0.wp.com\/www.grieta.org.mx\/wp-content\/uploads\/2025\/07\/CensuraSansores-e1754679327289.jpg?resize=350%2C200","width":350,"height":200,"srcset":"https:\/\/i0.wp.com\/www.grieta.org.mx\/wp-content\/uploads\/2025\/07\/CensuraSansores-e1754679327289.jpg?resize=350%2C200 1x, https:\/\/i0.wp.com\/www.grieta.org.mx\/wp-content\/uploads\/2025\/07\/CensuraSansores-e1754679327289.jpg?resize=525%2C300 1.5x, https:\/\/i0.wp.com\/www.grieta.org.mx\/wp-content\/uploads\/2025\/07\/CensuraSansores-e1754679327289.jpg?resize=700%2C400 2x"},"classes":[]},{"id":66428,"url":"http:\/\/www.grieta.org.mx\/index.php\/2023\/02\/28\/reportero-denuncia-a-policias-de-campeche-ante-codhecam\/","url_meta":{"origin":72073,"position":2},"title":"Reportero denuncia a polic\u00edas de Campeche ante Codhecam","author":"grieta","date":"28 febrero, 2023","format":false,"excerpt":"Jairo Maga\u00f1a \/ Foto: Fernando Eloy Archivo \/ La Jornada Maya Juan Pablo C\u00fa sostuvo que un agente lo someti\u00f3 y lo provoc\u00f3 Juan Pablo C\u00fa Soberano, reportero detenido el pasado viernes 24 de febrero luego de la conmemoraci\u00f3n del D\u00eda de la Bandera, acudi\u00f3 a la Comisi\u00f3n de Derechos\u2026","rel":"","context":"En &quot;Campeche&quot;","block_context":{"text":"Campeche","link":"http:\/\/www.grieta.org.mx\/index.php\/category\/noticias-nacionales\/campeche\/"},"img":{"alt_text":"","src":"https:\/\/i0.wp.com\/www.grieta.org.mx\/wp-content\/uploads\/2023\/03\/Reportero-e1678066934660.jpg?resize=350%2C200","width":350,"height":200,"srcset":"https:\/\/i0.wp.com\/www.grieta.org.mx\/wp-content\/uploads\/2023\/03\/Reportero-e1678066934660.jpg?resize=350%2C200 1x, https:\/\/i0.wp.com\/www.grieta.org.mx\/wp-content\/uploads\/2023\/03\/Reportero-e1678066934660.jpg?resize=525%2C300 1.5x, https:\/\/i0.wp.com\/www.grieta.org.mx\/wp-content\/uploads\/2023\/03\/Reportero-e1678066934660.jpg?resize=700%2C400 2x"},"classes":[]},{"id":66210,"url":"http:\/\/www.grieta.org.mx\/index.php\/2023\/02\/08\/intentan-incendiar-casa-de-periodista-en-campeche\/","url_meta":{"origin":72073,"position":3},"title":"Intentan incendiar casa de periodista en Campeche","author":"grieta","date":"8 febrero, 2023","format":false,"excerpt":"UnoTv En Campeche, el periodista Luis Armando Mendoza denunci\u00f3, a trav\u00e9s de redes sociales, que intentaron incendiar su casa la madrugada del martes; el comunicador sali\u00f3 ileso porque logr\u00f3 apagar las llamas. Mediante su cuenta de Facebook, Luis Armando Mendoza coloc\u00f3 unos videos en donde mostr\u00f3 los restos del fuego\u2026","rel":"","context":"En &quot;Campeche&quot;","block_context":{"text":"Campeche","link":"http:\/\/www.grieta.org.mx\/index.php\/category\/noticias-nacionales\/campeche\/"},"img":{"alt_text":"","src":"https:\/\/i0.wp.com\/www.grieta.org.mx\/wp-content\/uploads\/2023\/02\/Periodista-e1676148199999.jpg?resize=350%2C200","width":350,"height":200,"srcset":"https:\/\/i0.wp.com\/www.grieta.org.mx\/wp-content\/uploads\/2023\/02\/Periodista-e1676148199999.jpg?resize=350%2C200 1x, https:\/\/i0.wp.com\/www.grieta.org.mx\/wp-content\/uploads\/2023\/02\/Periodista-e1676148199999.jpg?resize=525%2C300 1.5x, https:\/\/i0.wp.com\/www.grieta.org.mx\/wp-content\/uploads\/2023\/02\/Periodista-e1676148199999.jpg?resize=700%2C400 2x"},"classes":[]},{"id":25202,"url":"http:\/\/www.grieta.org.mx\/index.php\/2018\/07\/14\/nuevamente-alcalde-ordena-agredir-a-periodistascampeche\/","url_meta":{"origin":72073,"position":4},"title":"Nuevamente alcalde ordena agredir a periodistas(Campeche)","author":"grieta","date":"14 julio, 2018","format":false,"excerpt":"Ciudad del Carmen, Cam, 14 Jul (El Voceador).- Dos miembros de este medio informativo fueron agredidos verbal y f\u00edsicamente por simpatizantes panistas y funcionarios del Ayuntamiento de Carmen, que se encontraban manifest\u00e1ndose en las afueras del Consejo Electoral Municipal, por instrucciones del alcalde municipal Pablo Guti\u00e9rrez Lazarus tras ser descubierto\u2026","rel":"","context":"En &quot;Campeche&quot;","block_context":{"text":"Campeche","link":"http:\/\/www.grieta.org.mx\/index.php\/category\/noticias-nacionales\/campeche\/"},"img":{"alt_text":"","src":"https:\/\/i0.wp.com\/www.grieta.org.mx\/wp-content\/uploads\/2018\/07\/agreden-a-periodistas-por-ordenes-del-alcalde.jpg?resize=350%2C200","width":350,"height":200,"srcset":"https:\/\/i0.wp.com\/www.grieta.org.mx\/wp-content\/uploads\/2018\/07\/agreden-a-periodistas-por-ordenes-del-alcalde.jpg?resize=350%2C200 1x, https:\/\/i0.wp.com\/www.grieta.org.mx\/wp-content\/uploads\/2018\/07\/agreden-a-periodistas-por-ordenes-del-alcalde.jpg?resize=525%2C300 1.5x"},"classes":[]},{"id":65049,"url":"http:\/\/www.grieta.org.mx\/index.php\/2022\/08\/31\/en-jalisco-mecanismos-de-proteccion-a-periodistas-existen-solo-en-el-papel\/","url_meta":{"origin":72073,"position":5},"title":"En Jalisco mecanismos de protecci\u00f3n a periodistas existen s\u00f3lo en el papel","author":"grieta","date":"31 agosto, 2022","format":false,"excerpt":"Imagen Jorge Alberto Mendoza Redacci\u00f3n \/ El Diario En M\u00e9xico, la protecci\u00f3n de los defensores y periodistas \u00fanicamente est\u00e1 en el papel, las comisiones encargadas no son homog\u00e9neas ni cuentan con presupuesto o personal capacitado. En Jalisco, durante la administraci\u00f3n de Jorge Arist\u00f3teles Sandoval se cre\u00f3 un consejo, nombr\u00f3 a\u2026","rel":"","context":"En &quot;CINTILLO&quot;","block_context":{"text":"CINTILLO","link":"http:\/\/www.grieta.org.mx\/index.php\/category\/cintillo\/"},"img":{"alt_text":"","src":"https:\/\/i0.wp.com\/www.grieta.org.mx\/wp-content\/uploads\/2022\/09\/2022-08-31_05-08-23___4264.jpg?resize=350%2C200","width":350,"height":200,"srcset":"https:\/\/i0.wp.com\/www.grieta.org.mx\/wp-content\/uploads\/2022\/09\/2022-08-31_05-08-23___4264.jpg?resize=350%2C200 1x, https:\/\/i0.wp.com\/www.grieta.org.mx\/wp-content\/uploads\/2022\/09\/2022-08-31_05-08-23___4264.jpg?resize=525%2C300 1.5x, https:\/\/i0.wp.com\/www.grieta.org.mx\/wp-content\/uploads\/2022\/09\/2022-08-31_05-08-23___4264.jpg?resize=700%2C400 2x"},"classes":[]}],"_links":{"self":[{"href":"http:\/\/www.grieta.org.mx\/index.php\/wp-json\/wp\/v2\/posts\/72073","targetHints":{"allow":["GET"]}}],"collection":[{"href":"http:\/\/www.grieta.org.mx\/index.php\/wp-json\/wp\/v2\/posts"}],"about":[{"href":"http:\/\/www.grieta.org.mx\/index.php\/wp-json\/wp\/v2\/types\/post"}],"author":[{"embeddable":true,"href":"http:\/\/www.grieta.org.mx\/index.php\/wp-json\/wp\/v2\/users\/2"}],"replies":[{"embeddable":true,"href":"http:\/\/www.grieta.org.mx\/index.php\/wp-json\/wp\/v2\/comments?post=72073"}],"version-history":[{"count":1,"href":"http:\/\/www.grieta.org.mx\/index.php\/wp-json\/wp\/v2\/posts\/72073\/revisions"}],"predecessor-version":[{"id":72077,"href":"http:\/\/www.grieta.org.mx\/index.php\/wp-json\/wp\/v2\/posts\/72073\/revisions\/72077"}],"wp:featuredmedia":[{"embeddable":true,"href":"http:\/\/www.grieta.org.mx\/index.php\/wp-json\/wp\/v2\/media\/72074"}],"wp:attachment":[{"href":"http:\/\/www.grieta.org.mx\/index.php\/wp-json\/wp\/v2\/media?parent=72073"}],"wp:term":[{"taxonomy":"category","embeddable":true,"href":"http:\/\/www.grieta.org.mx\/index.php\/wp-json\/wp\/v2\/categories?post=72073"},{"taxonomy":"post_tag","embeddable":true,"href":"http:\/\/www.grieta.org.mx\/index.php\/wp-json\/wp\/v2\/tags?post=72073"}],"curies":[{"name":"wp","href":"https:\/\/api.w.org\/{rel}","templated":true}]}}