{"id":71878,"date":"2025-07-02T00:07:43","date_gmt":"2025-07-02T06:07:43","guid":{"rendered":"https:\/\/www.grieta.org.mx\/?p=71878"},"modified":"2025-07-02T00:07:43","modified_gmt":"2025-07-02T06:07:43","slug":"pacientes-del-hospital-zoquiapan-de-ixtapaluca-mantienen-bloqueo-claman-que-no-los-dejen-sin-tratamiento-estado-de-mexico","status":"publish","type":"post","link":"http:\/\/www.grieta.org.mx\/index.php\/2025\/07\/02\/pacientes-del-hospital-zoquiapan-de-ixtapaluca-mantienen-bloqueo-claman-que-no-los-dejen-sin-tratamiento-estado-de-mexico\/","title":{"rendered":"Pacientes del Hospital Zoquiapan de Ixtapaluca mantienen bloqueo, claman que no los dejen sin tratamiento (Estado de M\u00e9xico)"},"content":{"rendered":"<p>Miguel Gonz\u00e1lez \/ La Jornada Estado de M\u00e9xico<\/p>\n<div class=\"story-header\">\n<p><strong>Pacientes del Hospital Zoquiapan de Ixtapaluca bloquean las afueras del nosocomio y claman que no los dejen sin tratamiento ante el retiro de equipo de hemodi\u00e1lisis.<\/strong><\/p>\n<div>\n<p>Pacientes con da\u00f1o renal del Hospital Zoquiapan \u201cDr. Pedro L\u00f3pez\u201d del municipio de Ixtapaluca, acompa\u00f1ados por familiares, bloquean la carretera federal M\u00e9xico-Puebla, en protesta por el retiro de aparatos para hemodi\u00e1lisis, di\u00e1lisis y di\u00e1lisis peritoneal, pues aseguran que al suspenderse sus tratamientos, sus vidas corren peligro.<\/p>\n<\/div>\n<div>\n<blockquote class=\"wp-block-quote is-layout-flow wp-block-quote-is-layout-flow\"><p>\u201cAnoche nos explicaron que las m\u00e1quinas fueron subrogadas, es decir, rentadas a una empresa externa y con la transici\u00f3n de la administraci\u00f3n del hospital, que pas\u00f3 del ISEM (Instituto de Salud del Estado de M\u00e9xico) al IMSS-Bienestar, se termin\u00f3 el contrato y nuestros servicios se ven afectados\u201d, alert\u00f3 Victoria Meza, paciente renal.<\/p><\/blockquote>\n<\/div>\n<div>\n<h2 class=\"wp-block-heading\">Pacientes vuelven a bloquear las afueras del Hospital Zoquiapan de Ixtapaluca<\/h2>\n<\/div>\n<div>\n<div>\n<p>Claudia Patricia Sevilla, otra de las pacientes de hemodi\u00e1lisis afectada confirm\u00f3 que hasta el mediod\u00eda la empresa Vita ten\u00eda conocimiento de que el contrato hab\u00eda concluido por lo que estaba por retirar su equipo cl\u00ednico, por lo que los pacientes y familiares mantienen el bloqueo afuera del nosocomio a fin de impedir que salga el equipo.<\/p>\n<\/div>\n<div>\n<blockquote class=\"wp-block-quote is-layout-flow wp-block-quote-is-layout-flow\"><p>\u201cHoy de plano suspendieron los tratamientos de hemodi\u00e1lisis, el director nos est\u00e1 pidiendo que quitemos el bloqueo para ver si le dan el visto bueno para reanudar las hemodi\u00e1lisis, porque al parecer va a cambiar de empresa (\u2026) con una sesi\u00f3n que se pierda est\u00e1 en riesgo nuestra vida, implica v\u00f3mitos, diarreas, sangrados, o sea son complicaciones muy graves\u201d, asever\u00f3.<\/p><\/blockquote>\n<\/div>\n<figure><picture><source srcset=\"https:\/\/lajornadaestadodemexico.com\/resizer\/f9FwTO-ziT2vllDGCeCGdcDYKks=\/350x0\/filters:format(webp)\/https:\/\/wp.lajornada.prod.andes.news\/wp-content\/uploads\/2025\/07\/pacientes-del-hospital-zoquiapan-de-ixtapaluca-mantienen-bloqueo-claman-que-no-los-dejen-sin-tratamiento-1-1024x576.jpg\" media=\"(max-width: 450px)\" \/><source srcset=\"https:\/\/lajornadaestadodemexico.com\/resizer\/0FKgcfsNtcmGS1bGs1h5-15HZjU=\/600x0\/filters:format(webp)\/https:\/\/wp.lajornada.prod.andes.news\/wp-content\/uploads\/2025\/07\/pacientes-del-hospital-zoquiapan-de-ixtapaluca-mantienen-bloqueo-claman-que-no-los-dejen-sin-tratamiento-1-1024x576.jpg\" media=\"(max-width: 768px)\" \/><img decoding=\"async\" class=\"story-content__image\" src=\"https:\/\/lajornadaestadodemexico.com\/resizer\/6v6l-5BfittVJi-SFrr0NEjLNuc=\/filters:format(webp)\/https:\/\/wp.lajornada.prod.andes.news\/wp-content\/uploads\/2025\/07\/pacientes-del-hospital-zoquiapan-de-ixtapaluca-mantienen-bloqueo-claman-que-no-los-dejen-sin-tratamiento-1-1024x576.jpg\" alt=\"Pacientes del Hospital Zoquiapan de Ixtapaluca mantienen bloqueo, claman que no los dejen sin tratamiento\" \/><\/picture><\/figure>\n<div>\n<h2><\/h2>\n<h2 class=\"wp-block-heading\">Pacientes perdieron tratamiento de hemodi\u00e1lisis<\/h2>\n<\/div>\n<div>\n<p>Explic\u00f3 que los pacientes deben recibir tres sesiones de hemodi\u00e1lisis a la semana, y\u00a0<strong>este martes 30 pacientes perdieron sus tratamientos.<\/strong><\/p>\n<\/div>\n<div>\n<div>\n<p>A<strong>lgunos de los pacientes y sus familiares pasaron la noche afuera del nosocomio con pancarta<\/strong>s y consignas para hacer visible su preocupaci\u00f3n y exigir a las autoridades de salud federales y estatales que den una soluci\u00f3n inmediata a esta problem\u00e1tica.<\/p>\n<\/div>\n<div>\n<blockquote class=\"wp-block-quote is-layout-flow wp-block-quote-is-layout-flow\"><p>\u201cLo \u00fanico que les pido es una esperanza de vida porque lamentablemente no soy el \u00fanico, somos bastantes los que sufrimos esta enfermedad y ocupamos una m\u00e1quina para vivir y esperemos que nos puedan ayudar\u201d, pidi\u00f3 Christian Fuentes, paciente de hemodi\u00e1lisis.<\/p><\/blockquote>\n<\/div>\n<figure><picture><source srcset=\"https:\/\/lajornadaestadodemexico.com\/resizer\/m6hiJHGJJI-p88qiy5v-RYNowvQ=\/350x0\/filters:format(webp)\/https:\/\/wp.lajornada.prod.andes.news\/wp-content\/uploads\/2025\/07\/pacientes-del-hospital-zoquiapan-de-ixtapaluca-mantienen-bloqueo-claman-que-no-los-dejen-sin-tratamiento-3-1024x576.jpg\" media=\"(max-width: 450px)\" \/><source srcset=\"https:\/\/lajornadaestadodemexico.com\/resizer\/UXz3JzZrsZVt5QeNRqL72AGDP4k=\/600x0\/filters:format(webp)\/https:\/\/wp.lajornada.prod.andes.news\/wp-content\/uploads\/2025\/07\/pacientes-del-hospital-zoquiapan-de-ixtapaluca-mantienen-bloqueo-claman-que-no-los-dejen-sin-tratamiento-3-1024x576.jpg\" media=\"(max-width: 768px)\" \/><img decoding=\"async\" class=\"story-content__image\" src=\"https:\/\/lajornadaestadodemexico.com\/resizer\/KzZVfnonotcQa9eENhe6dyo9Q_o=\/filters:format(webp)\/https:\/\/wp.lajornada.prod.andes.news\/wp-content\/uploads\/2025\/07\/pacientes-del-hospital-zoquiapan-de-ixtapaluca-mantienen-bloqueo-claman-que-no-los-dejen-sin-tratamiento-3-1024x576.jpg\" alt=\"Pacientes del Hospital Zoquiapan de Ixtapaluca mantienen bloqueo, claman que no los dejen sin tratamiento\" \/><\/picture><\/figure>\n<div><\/div>\n<div class=\"ad_wrapper_center\">\n<div class=\"ad-wrapper ad_desktop wrapper_rectangulo_grande_mediano_1\">\n<div id=\"div-gpt-ad-336wb280dkp11\" data-ad=\"true\" data-google-query-id=\"COPPxqHAnY4DFXHAGAId2iMq-w\">\n<div id=\"google_ads_iframe_\/22947672412\/336wb280dkp11_1__container__\"><\/div>\n<\/div>\n<\/div>\n<\/div>\n<\/div>\n<\/div>\n<h2 class=\"wp-block-heading\"><\/h2>\n<\/div>\n<div class=\"content-site-story\">\n<div class=\"details-site-story\">\n<div class=\"story-details\">\n<div class=\"story-header__story-data\">\n<div class=\"story-header__author\">\n<div>\n<h2 class=\"wp-block-heading\">Recolectan firmas y piden se agilice los tr\u00e1mites administrativos ante la transici\u00f3n a IMSS-Bienestar<\/h2>\n<\/div>\n<div>\n<p>Los inconformes redactaron un escrito con m\u00e1s de 250 firmas de pacientes 110 de hemodi\u00e1lisis y 140 de di\u00e1lisis peritoneal, todos con da\u00f1o renal de diversos grados, el cual entregaron a la Direcci\u00f3n del hospital.<\/p>\n<\/div>\n<div>\n<p>Reiteraron el llamado a la Presidenta Claudia Sheinbaum Pardo para que ordene que se agilicen los tr\u00e1mites administrativos para la reanudaci\u00f3n inmediata de este estos servicios, ya que, aseguraron que tambi\u00e9n han sido afectados otros hospitales como el General de Chimalhuac\u00e1n, Nezahualc\u00f3yotl y Naucalpan.<\/p>\n<\/div>\n<figure><picture><source srcset=\"https:\/\/lajornadaestadodemexico.com\/resizer\/sNHwfZt6FGYlQBpFlwDWN1WqY44=\/350x0\/filters:format(webp)\/https:\/\/wp.lajornada.prod.andes.news\/wp-content\/uploads\/2025\/07\/pacientes-del-hospital-zoquiapan-de-ixtapaluca-mantienen-bloqueo-claman-que-no-los-dejen-sin-tratamiento-4-1024x576.jpg\" media=\"(max-width: 450px)\" \/><source srcset=\"https:\/\/lajornadaestadodemexico.com\/resizer\/MOrfB9Mxkjr4JH6hg1ljS9MHAOs=\/600x0\/filters:format(webp)\/https:\/\/wp.lajornada.prod.andes.news\/wp-content\/uploads\/2025\/07\/pacientes-del-hospital-zoquiapan-de-ixtapaluca-mantienen-bloqueo-claman-que-no-los-dejen-sin-tratamiento-4-1024x576.jpg\" media=\"(max-width: 768px)\" \/><img decoding=\"async\" class=\"story-content__image\" src=\"https:\/\/lajornadaestadodemexico.com\/resizer\/qmZO23-coe7TJ7SI8PNP-mTNDAQ=\/filters:format(webp)\/https:\/\/wp.lajornada.prod.andes.news\/wp-content\/uploads\/2025\/07\/pacientes-del-hospital-zoquiapan-de-ixtapaluca-mantienen-bloqueo-claman-que-no-los-dejen-sin-tratamiento-4-1024x576.jpg\" alt=\"Pacientes del Hospital Zoquiapan de Ixtapaluca mantienen bloqueo, claman que no los dejen sin tratamiento\" \/><\/picture><\/figure>\n<\/div>\n<\/div>\n<\/div>\n<\/div>\n<\/div>\n<p>&nbsp;<\/p>\n<p><a href=\"https:\/\/lajornadaestadodemexico.com\/pacientes-del-hospital-zoquiapan-de-ixtapaluca-mantienen-bloqueo-claman-que-no-los-dejen-sin-tratamiento\/\" target=\"_blank\" rel=\"noopener\">https:\/\/lajornadaestadodemexico.com\/pacientes-del-hospital-zoquiapan-de-ixtapaluca-mantienen-bloqueo-claman-que-no-los-dejen-sin-tratamiento\/<\/a><\/p>\n<div class=\"content-site-story\">\n<div class=\"details-site-story\">\n<div class=\"story-details\">\n<div class=\"story-header__story-data\">\n<div class=\"story-header__author\">\n<div><\/div>\n<\/div>\n<\/div>\n<\/div>\n<\/div>\n<\/div>\n","protected":false},"excerpt":{"rendered":"<p>Miguel Gonz\u00e1lez \/ La Jornada Estado de M\u00e9xico Pacientes del Hospital Zoquiapan de Ixtapaluca bloquean las afueras del nosocomio y claman que no los dejen sin tratamiento ante el retiro &hellip; <a href=\"http:\/\/www.grieta.org.mx\/index.php\/2025\/07\/02\/pacientes-del-hospital-zoquiapan-de-ixtapaluca-mantienen-bloqueo-claman-que-no-los-dejen-sin-tratamiento-estado-de-mexico\/\" class=\"more-link\">Leer m\u00e1s<\/a><\/p>\n","protected":false},"author":2,"featured_media":71879,"comment_status":"closed","ping_status":"closed","sticky":false,"template":"","format":"standard","meta":{"ngg_post_thumbnail":0,"_jetpack_newsletter_access":"","_jetpack_dont_email_post_to_subs":false,"_jetpack_newsletter_tier_id":0,"_jetpack_memberships_contains_paywalled_content":false,"_jetpack_memberships_contains_paid_content":false,"footnotes":""},"categories":[80,918,2957,16,3035,2,83],"tags":[3133],"class_list":["post-71878","post","type-post","status-publish","format-standard","has-post-thumbnail","hentry","category-cintillo","category-privatizacion-del-sector-salud","category-crisis-del-sector-salud-en-el-estado-de-mexico","category-estado-de-mexico","category-movilizaciones-y-protestas-de-habitantes-en-el-estado-de-mexico","category-noticias-nacionales","category-temas-nacionales","tag-crisis-del-sector-salud","entry"],"jetpack_featured_media_url":"http:\/\/www.grieta.org.mx\/wp-content\/uploads\/2025\/07\/Captura-de-pantalla-2025-07-02-000613.png","jetpack_sharing_enabled":true,"jetpack_shortlink":"https:\/\/wp.me\/p7ZJR4-iHk","jetpack_likes_enabled":false,"jetpack-related-posts":[{"id":71884,"url":"http:\/\/www.grieta.org.mx\/index.php\/2025\/07\/02\/bloquean-avenida-penon-crecen-protesta-de-pacientes-en-ixtapaluca-y-chimalhuacan-estado-de-mexico\/","url_meta":{"origin":71878,"position":0},"title":"Bloquean avenida Pe\u00f1\u00f3n; crecen protesta de pacientes en Ixtapaluca y Chimalhuac\u00e1n (Estado de M\u00e9xico)","author":"grieta","date":"2 julio, 2025","format":false,"excerpt":"Daniel Casta\u00f1os \/ Quadrat\u00edn EMX CHIMALHUAC\u00c1N, Edomex., 1 de julio. \u2013 Pasado el mediod\u00eda de este martes, pacientes y familiares del\u00a0Hospital General de Chimalhuac\u00e1n\u00a0se manifestaron en la avenida Pe\u00f1\u00f3n, esto debido a la suspensi\u00f3n de los tratamientos de enfermos con problemas renales. Este hecho se suma a la manifestaci\u00f3n en\u2026","rel":"","context":"En &quot;CINTILLO&quot;","block_context":{"text":"CINTILLO","link":"http:\/\/www.grieta.org.mx\/index.php\/category\/cintillo\/"},"img":{"alt_text":"","src":"https:\/\/i0.wp.com\/www.grieta.org.mx\/wp-content\/uploads\/2025\/07\/Bloquean-avenida-Penon-crecen-protesta-de-pacientes-en-Ixtapaluca.jpg?resize=350%2C200","width":350,"height":200,"srcset":"https:\/\/i0.wp.com\/www.grieta.org.mx\/wp-content\/uploads\/2025\/07\/Bloquean-avenida-Penon-crecen-protesta-de-pacientes-en-Ixtapaluca.jpg?resize=350%2C200 1x, https:\/\/i0.wp.com\/www.grieta.org.mx\/wp-content\/uploads\/2025\/07\/Bloquean-avenida-Penon-crecen-protesta-de-pacientes-en-Ixtapaluca.jpg?resize=525%2C300 1.5x, https:\/\/i0.wp.com\/www.grieta.org.mx\/wp-content\/uploads\/2025\/07\/Bloquean-avenida-Penon-crecen-protesta-de-pacientes-en-Ixtapaluca.jpg?resize=700%2C400 2x, https:\/\/i0.wp.com\/www.grieta.org.mx\/wp-content\/uploads\/2025\/07\/Bloquean-avenida-Penon-crecen-protesta-de-pacientes-en-Ixtapaluca.jpg?resize=1050%2C600 3x"},"classes":[]},{"id":56445,"url":"http:\/\/www.grieta.org.mx\/index.php\/2021\/01\/28\/sin-recibir-hemodialisis-estan-mas-de-100-personas-en-el-adolfo-lopez-mateos-estado-de-mexico\/","url_meta":{"origin":71878,"position":1},"title":"Sin recibir hemodi\u00e1lisis est\u00e1n m\u00e1s de 100 personas en el Adolfo L\u00f3pez Mateos (Estado de M\u00e9xico)","author":"grieta","date":"28 enero, 2021","format":false,"excerpt":"Redacci\u00f3n Viceversa Noticias Toluca, M\u00e9xico; 28 de enero de 2021. A casi un mes de su primera protesta, pacientes del hospital Adolfo L\u00f3pez Mateos vuelven a las calles para denunciar la falta de hemodi\u00e1lisis en este nosocomio pues son m\u00e1s de 100 enfermos los afectados. Don Octavio Cruz, oriundo de\u2026","rel":"","context":"En &quot;CINTILLO&quot;","block_context":{"text":"CINTILLO","link":"http:\/\/www.grieta.org.mx\/index.php\/category\/cintillo\/"},"img":{"alt_text":"","src":"https:\/\/i0.wp.com\/www.grieta.org.mx\/wp-content\/uploads\/2021\/01\/Sin-recibir-hemodialisis-estan-mas-de-100-personas-en-el-Adolfo-Lopez-Mateos-edomex-ene.jpg?resize=350%2C200","width":350,"height":200,"srcset":"https:\/\/i0.wp.com\/www.grieta.org.mx\/wp-content\/uploads\/2021\/01\/Sin-recibir-hemodialisis-estan-mas-de-100-personas-en-el-Adolfo-Lopez-Mateos-edomex-ene.jpg?resize=350%2C200 1x, https:\/\/i0.wp.com\/www.grieta.org.mx\/wp-content\/uploads\/2021\/01\/Sin-recibir-hemodialisis-estan-mas-de-100-personas-en-el-Adolfo-Lopez-Mateos-edomex-ene.jpg?resize=525%2C300 1.5x, https:\/\/i0.wp.com\/www.grieta.org.mx\/wp-content\/uploads\/2021\/01\/Sin-recibir-hemodialisis-estan-mas-de-100-personas-en-el-Adolfo-Lopez-Mateos-edomex-ene.jpg?resize=700%2C400 2x"},"classes":[]},{"id":49179,"url":"http:\/\/www.grieta.org.mx\/index.php\/2020\/05\/12\/piden-reubicar-a-pacientes-de-hemodialisis-que-tienen-covid-19-en-el-issste-yucatan\/","url_meta":{"origin":71878,"position":2},"title":"Piden reubicar a pacientes de hemodi\u00e1lisis que tienen COVID-19 en el ISSSTE (Yucat\u00e1n)","author":"grieta","date":"12 mayo, 2020","format":false,"excerpt":"Informe Fracto Familiares de pacientes del Hospital Regional del ISSSTE \u201cElvia Carrillo Puerto\u201d protestaron en las puertas de ese nosocomio tras enterarse de que una paciente de hemodi\u00e1lisis dio positivo a la prueba del virus. Familiares de pacientes con insuficiencia renal del Hospital Regional del Instituto de Seguridad y Servicios\u2026","rel":"","context":"En &quot;CINTILLO&quot;","block_context":{"text":"CINTILLO","link":"http:\/\/www.grieta.org.mx\/index.php\/category\/cintillo\/"},"img":{"alt_text":"","src":"https:\/\/i0.wp.com\/www.grieta.org.mx\/wp-content\/uploads\/2020\/05\/unnamed-e1589497167443.jpg?resize=350%2C200","width":350,"height":200,"srcset":"https:\/\/i0.wp.com\/www.grieta.org.mx\/wp-content\/uploads\/2020\/05\/unnamed-e1589497167443.jpg?resize=350%2C200 1x, https:\/\/i0.wp.com\/www.grieta.org.mx\/wp-content\/uploads\/2020\/05\/unnamed-e1589497167443.jpg?resize=525%2C300 1.5x, https:\/\/i0.wp.com\/www.grieta.org.mx\/wp-content\/uploads\/2020\/05\/unnamed-e1589497167443.jpg?resize=700%2C400 2x"},"classes":[]},{"id":54788,"url":"http:\/\/www.grieta.org.mx\/index.php\/2020\/11\/04\/pacientes-del-issste-protestaron-por-suspension-de-su-tratamiento-de-hemodialisis-jalisco\/","url_meta":{"origin":71878,"position":3},"title":"Pacientes del ISSSTE protestaron por suspensi\u00f3n de su tratamiento de hemodialisis (Jalisco)","author":"grieta","date":"4 noviembre, 2020","format":false,"excerpt":"Foto: Ignacio P\u00e9rez Vega Ignacio P\u00e9rez Vega \/ UDGTV Sin dar explicaci\u00f3n alguna, pacientes del\u00a0ISSSTE se quedaron a la espera de recibir sus tratamientos de hemodi\u00e1lisis, en el Hospital \u201cValent\u00edn G\u00f3mez Far\u00edas\u201d, este martes 3 de noviembre. Los afiliados al ISSSTE expresaron su molestia e incluso se manifestaron y bloquearon\u2026","rel":"","context":"En &quot;CINTILLO&quot;","block_context":{"text":"CINTILLO","link":"http:\/\/www.grieta.org.mx\/index.php\/category\/cintillo\/"},"img":{"alt_text":"","src":"https:\/\/i0.wp.com\/www.grieta.org.mx\/wp-content\/uploads\/2020\/11\/ISSSTE-hemodialisis-Ignacio-Perez-Vega-696x522-1.jpeg?resize=350%2C200","width":350,"height":200,"srcset":"https:\/\/i0.wp.com\/www.grieta.org.mx\/wp-content\/uploads\/2020\/11\/ISSSTE-hemodialisis-Ignacio-Perez-Vega-696x522-1.jpeg?resize=350%2C200 1x, https:\/\/i0.wp.com\/www.grieta.org.mx\/wp-content\/uploads\/2020\/11\/ISSSTE-hemodialisis-Ignacio-Perez-Vega-696x522-1.jpeg?resize=525%2C300 1.5x"},"classes":[]},{"id":56100,"url":"http:\/\/www.grieta.org.mx\/index.php\/2021\/01\/02\/terminacion-de-contratos-del-imss-deja-sin-hemodialisis-a-pacientes-de-insuficiencia-renal-jalisco\/","url_meta":{"origin":71878,"position":4},"title":"Terminaci\u00f3n de contratos del IMSS deja sin hemodi\u00e1lisis a pacientes de insuficiencia renal (Jalisco)","author":"grieta","date":"2 enero, 2021","format":false,"excerpt":"Foto: Georgina Garc\u00eda Sol\u00eds Los afectados son derechohabientes del Hospital General Regional n\u00famero 45, quienes se manifestaron el viernes 1 de enero a las afueras del nosocomio Georgina Garc\u00eda Sol\u00eds \/ UDGTV Pacientes de insuficiencia renal no han podido recibir su tratamiento de hemodi\u00e1lisis\u00a0por la terminaci\u00f3n de los contratos que\u2026","rel":"","context":"En &quot;CINTILLO&quot;","block_context":{"text":"CINTILLO","link":"http:\/\/www.grieta.org.mx\/index.php\/category\/cintillo\/"},"img":{"alt_text":"","src":"https:\/\/i0.wp.com\/www.grieta.org.mx\/wp-content\/uploads\/2021\/01\/WhatsApp-Image-2021-01-02-at-15.07.01-696x522-1.jpeg?resize=350%2C200","width":350,"height":200,"srcset":"https:\/\/i0.wp.com\/www.grieta.org.mx\/wp-content\/uploads\/2021\/01\/WhatsApp-Image-2021-01-02-at-15.07.01-696x522-1.jpeg?resize=350%2C200 1x, https:\/\/i0.wp.com\/www.grieta.org.mx\/wp-content\/uploads\/2021\/01\/WhatsApp-Image-2021-01-02-at-15.07.01-696x522-1.jpeg?resize=525%2C300 1.5x"},"classes":[]},{"id":48333,"url":"http:\/\/www.grieta.org.mx\/index.php\/2020\/04\/27\/bloquean-calzada-vallejo-por-falta-de-insumos-en-el-hospital-la-raza-ciudad-de-mexico\/","url_meta":{"origin":71878,"position":5},"title":"Bloquean Calzada Vallejo por falta de insumos en el Hospital La Raza (Ciudad de M\u00e9xico)","author":"grieta","date":"27 abril, 2020","format":false,"excerpt":"Personal de La Raza exige insumos m\u00e9dicos para laborar. Foto: Germ\u00e1n Canseco Rodrigo Vera \/ Proceso Personal m\u00e9dico del Hospital La Raza realiz\u00f3 esta tarde una protesta para exigir insumos m\u00e9dicos que les permitan atender a sus pacientes con coronavirus, aparte de que, se\u00f1alan, 45 de sus compa\u00f1eros ya han\u2026","rel":"","context":"En &quot;CINTILLO&quot;","block_context":{"text":"CINTILLO","link":"http:\/\/www.grieta.org.mx\/index.php\/category\/cintillo\/"},"img":{"alt_text":"","src":"https:\/\/i0.wp.com\/www.grieta.org.mx\/wp-content\/uploads\/2020\/04\/Bloquean-Calzada-Vallejo-por-falta-de-insumos-en-el-Hospital-La-Raza-cdmx-abr.jpg?resize=350%2C200","width":350,"height":200,"srcset":"https:\/\/i0.wp.com\/www.grieta.org.mx\/wp-content\/uploads\/2020\/04\/Bloquean-Calzada-Vallejo-por-falta-de-insumos-en-el-Hospital-La-Raza-cdmx-abr.jpg?resize=350%2C200 1x, https:\/\/i0.wp.com\/www.grieta.org.mx\/wp-content\/uploads\/2020\/04\/Bloquean-Calzada-Vallejo-por-falta-de-insumos-en-el-Hospital-La-Raza-cdmx-abr.jpg?resize=525%2C300 1.5x, https:\/\/i0.wp.com\/www.grieta.org.mx\/wp-content\/uploads\/2020\/04\/Bloquean-Calzada-Vallejo-por-falta-de-insumos-en-el-Hospital-La-Raza-cdmx-abr.jpg?resize=700%2C400 2x"},"classes":[]}],"_links":{"self":[{"href":"http:\/\/www.grieta.org.mx\/index.php\/wp-json\/wp\/v2\/posts\/71878","targetHints":{"allow":["GET"]}}],"collection":[{"href":"http:\/\/www.grieta.org.mx\/index.php\/wp-json\/wp\/v2\/posts"}],"about":[{"href":"http:\/\/www.grieta.org.mx\/index.php\/wp-json\/wp\/v2\/types\/post"}],"author":[{"embeddable":true,"href":"http:\/\/www.grieta.org.mx\/index.php\/wp-json\/wp\/v2\/users\/2"}],"replies":[{"embeddable":true,"href":"http:\/\/www.grieta.org.mx\/index.php\/wp-json\/wp\/v2\/comments?post=71878"}],"version-history":[{"count":1,"href":"http:\/\/www.grieta.org.mx\/index.php\/wp-json\/wp\/v2\/posts\/71878\/revisions"}],"predecessor-version":[{"id":71880,"href":"http:\/\/www.grieta.org.mx\/index.php\/wp-json\/wp\/v2\/posts\/71878\/revisions\/71880"}],"wp:featuredmedia":[{"embeddable":true,"href":"http:\/\/www.grieta.org.mx\/index.php\/wp-json\/wp\/v2\/media\/71879"}],"wp:attachment":[{"href":"http:\/\/www.grieta.org.mx\/index.php\/wp-json\/wp\/v2\/media?parent=71878"}],"wp:term":[{"taxonomy":"category","embeddable":true,"href":"http:\/\/www.grieta.org.mx\/index.php\/wp-json\/wp\/v2\/categories?post=71878"},{"taxonomy":"post_tag","embeddable":true,"href":"http:\/\/www.grieta.org.mx\/index.php\/wp-json\/wp\/v2\/tags?post=71878"}],"curies":[{"name":"wp","href":"https:\/\/api.w.org\/{rel}","templated":true}]}}