{"id":717,"date":"2015-04-16T01:57:07","date_gmt":"2015-04-16T01:57:07","guid":{"rendered":"http:\/\/50.22.11.12\/~grietaor\/?p=717"},"modified":"2016-03-02T02:01:40","modified_gmt":"2016-03-02T02:01:40","slug":"pidio-sedena-a-pgjem-retrasar-llegada-a-tlatlaya-tras-matanza","status":"publish","type":"post","link":"http:\/\/www.grieta.org.mx\/index.php\/2015\/04\/16\/pidio-sedena-a-pgjem-retrasar-llegada-a-tlatlaya-tras-matanza\/","title":{"rendered":"Pidi\u00f3 Sedena a PGJEM retrasar llegada a Tlatlaya tras matanza"},"content":{"rendered":"<p>TOLUCA, Edomex. (apro).- El general de brigada de la 22 Zona Militar, Jos\u00e9 Luis S\u00e1nchez Le\u00f3n, intervino para que personal de la Procuradur\u00eda General de Justicia del Estado de M\u00e9xico (PGJEM) demorara su arribo a Tlatlaya por alrededor de seis horas, el pasado 30 de junio, tras la presunta masacre de 22 civiles en la comunidad de San Pedro Lim\u00f3n.<\/p>\n<p>Jos\u00e9 Manzur, secretario general de Gobierno mexiquense, revel\u00f3 ante los diputados federales de la Comisi\u00f3n de Derechos Humanos que, debido a la posibilidad de encontrarse con sujetos armados del crimen organizado, en el trayecto de Toluca a Tlatlaya se retras\u00f3 el despliegue de personal de la PGJEM.<\/p>\n<p>\u201cMe volv\u00ed a comunicar con el general \u2013Jos\u00e9 Luis S\u00e1nchez Le\u00f3n\u2013 y nos dijo que no fuera muy r\u00e1pido el personal de la Procuradur\u00eda porque todav\u00eda estaba m\u00e1s o menos oscuro\u201d, indic\u00f3.<\/p>\n<p>Con base en los primeros reportes emitidos por la Secretar\u00eda de la Defensa Nacional (Sedena), estim\u00f3 que los hechos ocurrieron alrededor de las 6:00 horas del 30 de junio.<\/p>\n<p>Durante la reuni\u00f3n de trabajo del funcionario mexiquense con diputados federales de esta comisi\u00f3n, tambi\u00e9n precis\u00f3 que las 22 v\u00edctimas y los sobrevivientes, en su mayor\u00eda, son oriundos del estado de Guerrero.<\/p>\n<p>Manzur Quiroga insisti\u00f3 en que las recomendaciones emitidas por la Comisi\u00f3n Nacional de los Derechos Humanos (CNDH) sobre el tema est\u00e1n siendo atendidas y ofreci\u00f3 que la ley se aplicar\u00e1 en contra de quienes resulten responsables de las omisiones y hechos que se les atribuyen.<\/p>\n<p>Luego record\u00f3 que el Estado de M\u00e9xico integr\u00f3 un Fideicomiso de Atenci\u00f3n a las V\u00edctimas, al que podr\u00e1n acceder las tres mujeres sobrevivientes, torturadas y agredidas sexualmente por personal de la PGJEM, conforme a las investigaciones de la CNDH.<\/p>\n<p>Los servidores p\u00fablicos involucrados en la procuraci\u00f3n de justicia mexiquense, afirm\u00f3, est\u00e1n siendo capacitados en materia de derechos humanos.<\/p>\n<p>La CNDH consider\u00f3 que en estos hechos y los subsecuentes autoridades judiciales del Estado de M\u00e9xico manipularon la escena del crimen, obstaculizaron la investigaci\u00f3n y violentaron las garant\u00edas individuales de tres v\u00edctimas que fueron detenidas, entre otras anomal\u00edas.<\/p>\n<p>Por la noche, el gobierno mexiquense difundi\u00f3 un comunicado en el que busca puntualizar las expresiones de Manssur Quiroga.<\/p>\n<p>Seg\u00fan el bolet\u00edn, \u201cel desplazamiento del equipo de agentes, secretarios y peritos de la Procuradur\u00eda de Justicia del Estado de M\u00e9xico se dio de manera inmediata, luego de que se conocieran los hechos ocurridos en Tlatlaya\u201d.<\/p>\n<p>No obstante, acota, el equipo de la PGJEM lleg\u00f3 al lugar de los hechos \u201ccuando las condiciones de seguridad, tiempo y lugar nos lo permitieron\u201d.<\/p>\n<p>Cabe destacar, justifica, \u201cque los hechos ocurrieron en un lugar lejano, situado en los l\u00edmites con el estado de Guerrero, en una comunidad de dif\u00edcil acceso, por lo que el traslado nos llev\u00f3 algunas horas y adem\u00e1s hubo la necesidad de esperar a que hubiera las condiciones suficientes de seguridad para garantizar la integridad f\u00edsica de nuestros elementos\u201d.<\/p>\n<p>El comunicado de prensa, que presuntamente rescata los comentarios del secretario general de Gobierno mexiquense, resalta que, \u201cdesde que se tom\u00f3 conocimiento de los hechos, mantuvimos comunicaci\u00f3n permanente con la Secretar\u00eda de la Defensa Nacional, quien siempre manifest\u00f3 su disposici\u00f3n y voluntad en las investigaciones del caso, adem\u00e1s de actuar de manera profesional y oportuna\u201d.<\/p>\n<p><a href=\"http:\/\/www.proceso.com.mx\/?p=401404\" target=\"_blank\">www.proceso.com.mx\/?p=401404<\/a><\/p>\n","protected":false},"excerpt":{"rendered":"<p>TOLUCA, Edomex. (apro).- El general de brigada de la 22 Zona Militar, Jos\u00e9 Luis S\u00e1nchez Le\u00f3n, intervino para que personal de la Procuradur\u00eda General de Justicia del Estado de M\u00e9xico &hellip; <a href=\"http:\/\/www.grieta.org.mx\/index.php\/2015\/04\/16\/pidio-sedena-a-pgjem-retrasar-llegada-a-tlatlaya-tras-matanza\/\" class=\"more-link\">Leer m\u00e1s<\/a><\/p>\n","protected":false},"author":2,"featured_media":21928,"comment_status":"closed","ping_status":"open","sticky":false,"template":"","format":"standard","meta":{"ngg_post_thumbnail":0,"_jetpack_newsletter_access":"","_jetpack_dont_email_post_to_subs":false,"_jetpack_newsletter_tier_id":0,"_jetpack_memberships_contains_paywalled_content":false,"_jetpack_memberships_contains_paid_content":false,"footnotes":""},"categories":[80],"tags":[92],"class_list":["post-717","post","type-post","status-publish","format-standard","has-post-thumbnail","hentry","category-cintillo","tag-estado-de-mexico","entry"],"jetpack_featured_media_url":"http:\/\/www.grieta.org.mx\/wp-content\/uploads\/2018\/03\/14524434_1106112876131411_958039263622046936_o.jpg","jetpack_sharing_enabled":true,"jetpack_shortlink":"https:\/\/wp.me\/p7ZJR4-bz","jetpack_likes_enabled":false,"jetpack-related-posts":[{"id":733,"url":"http:\/\/www.grieta.org.mx\/index.php\/2016\/06\/29\/matanza-en-tlatlaya-edomex\/","url_meta":{"origin":717,"position":0},"title":"Matanza en Tlatlaya, Edomex","author":"grieta","date":"29 junio, 2016","format":false,"excerpt":"29\/06\/16. Organizaciones civiles exigen a PGR reencauzar investigaciones del caso TlatlayaProceso 30\/03\/16. Absuelven a seis militares que participaron en la \"masacre de Tlatlaya\"Somos el Medio 03\/11\/15. La masacre de Tlatlaya y el apoyo militar de EEUUDesinform\u00e9monos 12\/10\/15. Disparen a todo lo que se mueva, orden\u00f3 militar en TlatlayaSDP Noticias 06\/10\/15.\u2026","rel":"","context":"En &quot;Estado de M\u00e9xico&quot;","block_context":{"text":"Estado de M\u00e9xico","link":"http:\/\/www.grieta.org.mx\/index.php\/category\/noticias-nacionales\/estado-de-mexico\/"},"img":{"alt_text":"","src":"https:\/\/i0.wp.com\/www.grieta.org.mx\/wp-content\/uploads\/2018\/03\/14524434_1106112876131411_958039263622046936_o.jpg?resize=350%2C200","width":350,"height":200,"srcset":"https:\/\/i0.wp.com\/www.grieta.org.mx\/wp-content\/uploads\/2018\/03\/14524434_1106112876131411_958039263622046936_o.jpg?resize=350%2C200 1x, https:\/\/i0.wp.com\/www.grieta.org.mx\/wp-content\/uploads\/2018\/03\/14524434_1106112876131411_958039263622046936_o.jpg?resize=525%2C300 1.5x, https:\/\/i0.wp.com\/www.grieta.org.mx\/wp-content\/uploads\/2018\/03\/14524434_1106112876131411_958039263622046936_o.jpg?resize=700%2C400 2x"},"classes":[]},{"id":725,"url":"http:\/\/www.grieta.org.mx\/index.php\/2015\/01\/24\/eruviel-murillo-cienfuegos-y-plascencia-encubrieron-el-crimen-en-tlatlaya-analistas\/","url_meta":{"origin":717,"position":1},"title":"Eruviel, Murillo, Cienfuegos y Plascencia encubrieron el crimen en Tlatlaya: analistas","author":"grieta","date":"24 enero, 2015","format":false,"excerpt":"Shaila Rosagel y Ariadna Ortega Ciudad de M\u00e9xico, 24 de enero (SinEmbargo).\u2013 En la ejecuci\u00f3n extrajudicial de Tlatlaya existe una clara red de complicidades y de encubrimiento para proteger al Ej\u00e9rcito mexicano, porque de \u00e9l depende la estrategia de seguridad del gobierno federal, coincidieron expertos consultados por SinEmbargo. El encubrimiento\u2026","rel":"","context":"En &quot;CINTILLO&quot;","block_context":{"text":"CINTILLO","link":"http:\/\/www.grieta.org.mx\/index.php\/category\/cintillo\/"},"img":{"alt_text":"","src":"https:\/\/i0.wp.com\/www.grieta.org.mx\/wp-content\/uploads\/2018\/03\/14524434_1106112876131411_958039263622046936_o.jpg?resize=350%2C200","width":350,"height":200,"srcset":"https:\/\/i0.wp.com\/www.grieta.org.mx\/wp-content\/uploads\/2018\/03\/14524434_1106112876131411_958039263622046936_o.jpg?resize=350%2C200 1x, https:\/\/i0.wp.com\/www.grieta.org.mx\/wp-content\/uploads\/2018\/03\/14524434_1106112876131411_958039263622046936_o.jpg?resize=525%2C300 1.5x, https:\/\/i0.wp.com\/www.grieta.org.mx\/wp-content\/uploads\/2018\/03\/14524434_1106112876131411_958039263622046936_o.jpg?resize=700%2C400 2x"},"classes":[]},{"id":718,"url":"http:\/\/www.grieta.org.mx\/index.php\/2015\/03\/19\/amnistia-internacional-pide-indagar-a-altos-mandos-del-ejercito-por-caso-tlatlaya\/","url_meta":{"origin":717,"position":2},"title":"Amnist\u00eda Internacional pide indagar a altos mandos del Ej\u00e9rcito por caso Tlatlaya","author":"grieta","date":"19 marzo, 2015","format":false,"excerpt":"Ciudad de M\u00e9xico, 19 de marzo (SinEmbargo).\u2013 La organizaci\u00f3n Amnist\u00eda Internacional (AI) solicit\u00f3 a la Procuradur\u00eda General de la Rep\u00fablica indagar a los altos mandos del Ej\u00e9rcito implicados en el caso Tlatlaya por su presunto \u201cinvolucramiento\u201d en la muerte de 22 personas. Durante una audiencia p\u00fablica entre organizaciones y los\u2026","rel":"","context":"En &quot;CINTILLO&quot;","block_context":{"text":"CINTILLO","link":"http:\/\/www.grieta.org.mx\/index.php\/category\/cintillo\/"},"img":{"alt_text":"","src":"https:\/\/i0.wp.com\/www.grieta.org.mx\/wp-content\/uploads\/2018\/03\/14524434_1106112876131411_958039263622046936_o.jpg?resize=350%2C200","width":350,"height":200,"srcset":"https:\/\/i0.wp.com\/www.grieta.org.mx\/wp-content\/uploads\/2018\/03\/14524434_1106112876131411_958039263622046936_o.jpg?resize=350%2C200 1x, https:\/\/i0.wp.com\/www.grieta.org.mx\/wp-content\/uploads\/2018\/03\/14524434_1106112876131411_958039263622046936_o.jpg?resize=525%2C300 1.5x, https:\/\/i0.wp.com\/www.grieta.org.mx\/wp-content\/uploads\/2018\/03\/14524434_1106112876131411_958039263622046936_o.jpg?resize=700%2C400 2x"},"classes":[]},{"id":1585,"url":"http:\/\/www.grieta.org.mx\/index.php\/2016\/01\/13\/a-una-semana-de-iniciar-el-2016-se-reportan-3-feminicidios-en-municipios-del-edomex-donde-se-activo-la-avg\/","url_meta":{"origin":717,"position":3},"title":"A una semana de iniciar el 2016 se reportan 3 feminicidios en municipios del Edomex donde se activ\u00f3 la AVG","author":"grieta","date":"13 enero, 2016","format":false,"excerpt":"En el Estado de M\u00e9xico (Edomex) debido al elevado n\u00famero de femicidios, mayor a los cometidos en Ciudad Ju\u00e1rez, se activ\u00f3 en julio pasado la Alerta de Violencia de G\u00e9nero (AVG) en 11 municipios, pese a esta medida en tan s\u00f3lo 7 d\u00edas del 2016 se han registrado 3 feminicidios\u2026","rel":"","context":"En &quot;CINTILLO&quot;","block_context":{"text":"CINTILLO","link":"http:\/\/www.grieta.org.mx\/index.php\/category\/cintillo\/"},"img":{"alt_text":"","src":"https:\/\/i0.wp.com\/www.grieta.org.mx\/wp-content\/uploads\/2018\/03\/14524434_1106112876131411_958039263622046936_o.jpg?resize=350%2C200","width":350,"height":200,"srcset":"https:\/\/i0.wp.com\/www.grieta.org.mx\/wp-content\/uploads\/2018\/03\/14524434_1106112876131411_958039263622046936_o.jpg?resize=350%2C200 1x, https:\/\/i0.wp.com\/www.grieta.org.mx\/wp-content\/uploads\/2018\/03\/14524434_1106112876131411_958039263622046936_o.jpg?resize=525%2C300 1.5x, https:\/\/i0.wp.com\/www.grieta.org.mx\/wp-content\/uploads\/2018\/03\/14524434_1106112876131411_958039263622046936_o.jpg?resize=700%2C400 2x"},"classes":[]},{"id":723,"url":"http:\/\/www.grieta.org.mx\/index.php\/2015\/02\/03\/caso-tlatlaya-militares-si-informaron-a-generales\/","url_meta":{"origin":717,"position":4},"title":"Caso Tlatlaya: militares s\u00ed informaron a generales","author":"grieta","date":"3 febrero, 2015","format":false,"excerpt":"Omar S\u00e1nchez de Tagle Caso Tlatlaya: militares s\u00ed informaron a generales\u2026 pero luego se retractaron en su declaraci\u00f3n Funcionarios cercanos al caso explicaron a Animal Pol\u00edtico que algunos de los militares involucrados contradicen las versiones de los hechos pues declaran que al menos 50 soldados y dos generales estaban al\u2026","rel":"","context":"En &quot;CINTILLO&quot;","block_context":{"text":"CINTILLO","link":"http:\/\/www.grieta.org.mx\/index.php\/category\/cintillo\/"},"img":{"alt_text":"","src":"https:\/\/i0.wp.com\/www.grieta.org.mx\/wp-content\/uploads\/2018\/03\/14524434_1106112876131411_958039263622046936_o.jpg?resize=350%2C200","width":350,"height":200,"srcset":"https:\/\/i0.wp.com\/www.grieta.org.mx\/wp-content\/uploads\/2018\/03\/14524434_1106112876131411_958039263622046936_o.jpg?resize=350%2C200 1x, https:\/\/i0.wp.com\/www.grieta.org.mx\/wp-content\/uploads\/2018\/03\/14524434_1106112876131411_958039263622046936_o.jpg?resize=525%2C300 1.5x, https:\/\/i0.wp.com\/www.grieta.org.mx\/wp-content\/uploads\/2018\/03\/14524434_1106112876131411_958039263622046936_o.jpg?resize=700%2C400 2x"},"classes":[]},{"id":719,"url":"http:\/\/www.grieta.org.mx\/index.php\/2015\/06\/30\/tlatlaya-respuestas-que-no-satisfacen-sospechas-sobre-militares\/","url_meta":{"origin":717,"position":5},"title":"Tlatlaya: respuestas que no satisfacen, sospechas sobre militares","author":"grieta","date":"30 junio, 2015","format":false,"excerpt":"Mayela S\u00e1nchez Ciudad de M\u00e9xico, 30 de junio (SinEmbargo).\u2013 Hace exactamente un a\u00f1o, la publicaci\u00f3n de un bolet\u00edn informativo de la Secretar\u00eda de la Defensa Nacional (Sedena) sobre un supuesto enfrentamiento entre militares y presuntos delincuentes fue la hebra que, al deshilvanarse, condujo a la historia de una ejecuci\u00f3n extrajudicial\u2026","rel":"","context":"En &quot;CINTILLO&quot;","block_context":{"text":"CINTILLO","link":"http:\/\/www.grieta.org.mx\/index.php\/category\/cintillo\/"},"img":{"alt_text":"","src":"https:\/\/i0.wp.com\/www.grieta.org.mx\/wp-content\/uploads\/2018\/03\/14524434_1106112876131411_958039263622046936_o.jpg?resize=350%2C200","width":350,"height":200,"srcset":"https:\/\/i0.wp.com\/www.grieta.org.mx\/wp-content\/uploads\/2018\/03\/14524434_1106112876131411_958039263622046936_o.jpg?resize=350%2C200 1x, https:\/\/i0.wp.com\/www.grieta.org.mx\/wp-content\/uploads\/2018\/03\/14524434_1106112876131411_958039263622046936_o.jpg?resize=525%2C300 1.5x, https:\/\/i0.wp.com\/www.grieta.org.mx\/wp-content\/uploads\/2018\/03\/14524434_1106112876131411_958039263622046936_o.jpg?resize=700%2C400 2x"},"classes":[]}],"_links":{"self":[{"href":"http:\/\/www.grieta.org.mx\/index.php\/wp-json\/wp\/v2\/posts\/717","targetHints":{"allow":["GET"]}}],"collection":[{"href":"http:\/\/www.grieta.org.mx\/index.php\/wp-json\/wp\/v2\/posts"}],"about":[{"href":"http:\/\/www.grieta.org.mx\/index.php\/wp-json\/wp\/v2\/types\/post"}],"author":[{"embeddable":true,"href":"http:\/\/www.grieta.org.mx\/index.php\/wp-json\/wp\/v2\/users\/2"}],"replies":[{"embeddable":true,"href":"http:\/\/www.grieta.org.mx\/index.php\/wp-json\/wp\/v2\/comments?post=717"}],"version-history":[{"count":1,"href":"http:\/\/www.grieta.org.mx\/index.php\/wp-json\/wp\/v2\/posts\/717\/revisions"}],"predecessor-version":[{"id":721,"href":"http:\/\/www.grieta.org.mx\/index.php\/wp-json\/wp\/v2\/posts\/717\/revisions\/721"}],"wp:featuredmedia":[{"embeddable":true,"href":"http:\/\/www.grieta.org.mx\/index.php\/wp-json\/wp\/v2\/media\/21928"}],"wp:attachment":[{"href":"http:\/\/www.grieta.org.mx\/index.php\/wp-json\/wp\/v2\/media?parent=717"}],"wp:term":[{"taxonomy":"category","embeddable":true,"href":"http:\/\/www.grieta.org.mx\/index.php\/wp-json\/wp\/v2\/categories?post=717"},{"taxonomy":"post_tag","embeddable":true,"href":"http:\/\/www.grieta.org.mx\/index.php\/wp-json\/wp\/v2\/tags?post=717"}],"curies":[{"name":"wp","href":"https:\/\/api.w.org\/{rel}","templated":true}]}}