{"id":71522,"date":"2025-04-01T20:02:30","date_gmt":"2025-04-02T02:02:30","guid":{"rendered":"https:\/\/www.grieta.org.mx\/?p=71522"},"modified":"2025-04-01T20:02:30","modified_gmt":"2025-04-02T02:02:30","slug":"mas-de-866-y-23","status":"publish","type":"post","link":"http:\/\/www.grieta.org.mx\/index.php\/2025\/04\/01\/mas-de-866-y-23\/","title":{"rendered":"M\u00c1S DE 866 Y 23\u2026"},"content":{"rendered":"<p><strong>M\u00c1S DE 866 Y 23\u2026<\/strong><\/p>\n<p>Pr\u00f3ximo a iniciarse el encuentro Re(velarte)\/ Re:(belarte), en el caracol zapatista Jacinto Canek, el pr\u00f3ximo 13 de abril de este 2025, les presentamos el corte de registros de artistas participantes:<\/p>\n<p>Se han registrado m\u00e1s de 366 artistas de hasta 23 geograf\u00edas distintas.\u00a0 A estos hay que sumar los m\u00e1s de 500 artistas zapatistas que se presentar\u00e1n.<\/p>\n<p><strong>GEOGRAF\u00cdAS DE ARTISTAS<\/strong><\/p>\n<p>Registrados participantes de 23 pa\u00edses:<\/p>\n<p>Alemania; Argentina; B\u00e9lgica; Bolivia; Brasil; Chile; Colombia; Ecuador; Espa\u00f1a; Estados Unidos; Francia; Grecia; Inglaterra; Italia; Jap\u00f3n; M\u00e9xico; Palestina; Per\u00fa; Polonia; Sud\u00e1n; Suiza; Turqu\u00eda; Venezuela.<\/p>\n<p>A continuaci\u00f3n, les presentamos sus nombres y el arte en el que se auto ubican seg\u00fan su registro:<\/p>\n<p><strong>PARTICIPACIONES COLECTIVAS REGISTRADAS<\/strong><\/p>\n<p><strong>Antipoes\u00eda<\/strong><br \/>\nErrante Pirater\u00eda Roja, M\u00e9xico<\/p>\n<p><strong>Artes pl\u00e1sticas<\/strong><br \/>\nGrupo Anarquista en Sud\u00e1n, Sud\u00e1n<\/p>\n<p><strong>Artes visuales, poes\u00eda<\/strong><br \/>\nColectivo Colibr\u00ed, Estados Unidos<\/p>\n<p><strong>Barro, cer\u00e1mica<\/strong><br \/>\nColectivo la derrota, M\u00e9xico<\/p>\n<p><strong>Bordado<\/strong><br \/>\nArtemisas Colectiva<\/p>\n<p><strong>Cine<\/strong><br \/>\n(No) Escuela Itinerante de Cine Comunal y Popular Primer Plano, Argentina;<br \/>\nAsamblea Maya M\u00fauch\u00b4Xinbal, M\u00e9xico;<br \/>\nEscuela Aut\u00f3noma Otomi de la Casa de los pueblos y Comunidades Ind\u00edgenas Samir Flores Soberanes, M\u00e9xico;<br \/>\nGrupo Ukamau \/ Radiozapatista, M\u00e9xico;<br \/>\nSal Producoes, Brasil. Deuda x Clima, M\u00e9xico<\/p>\n<p><strong>Circo<\/strong><br \/>\nColectiva Circotik, M\u00e9xico<\/p>\n<p><strong>Collage, m\u00fasica<\/strong><br \/>\nColectividad de jaraneras, M\u00e9xico<\/p>\n<p><strong>Danza<\/strong><br \/>\nForamen Danza, M\u00e9xico; Guarecer, M\u00e9xico;<br \/>\nOtra danza es posible, M\u00e9xico:<br \/>\nSentires Colectivos en Movimiento, M\u00e9xico:<br \/>\nZarah, M\u00e9xico:<br \/>\nMafia Som\u00e1tica, M\u00e9xico<\/p>\n<p><strong>Escultura<\/strong><br \/>\nUtop\u00eda, M\u00e9xico<\/p>\n<p><strong>Fotograf\u00eda<\/strong><br \/>\nBrooklyn Eviction Defense, Estados Unidos;<br \/>\nColectivo Bats\u2019i Lab, Mexico;<br \/>\nJuventud Comunista de M\u00e9xico, M\u00e9xico;<br \/>\nOleaje Negro, Colombia<\/p>\n<p><strong>Fotograf\u00eda, escritura<\/strong><br \/>\nLawen, colectivo documental, Argentina<\/p>\n<p><strong>Fotograf\u00eda, poes\u00eda<\/strong><br \/>\nUniversidad Popular de los Pueblos UPP \/ Radio Chakaruna, Colombia<\/p>\n<p><strong>Grabado\/Linograbado<\/strong><br \/>\nAsociaci\u00f3n Art\u00edstica y Popular Palabra Revuelta, Bogot\u00e1;<br \/>\nEDELO, Estados Unidos;<br \/>\nTaller de gr\u00e1fica la Chayotera, M\u00e9xico<\/p>\n<p><strong>Gr\u00e1fica<\/strong><br \/>\nANT\u00cdPODA, M\u00e9xico;<br \/>\nProyecto Bit\u00e1cora de aguas, Red trasandina diaguita de mujeres y disidencias Ancestr\u00edas del Futuro, Chile<\/p>\n<p><strong>Gr\u00e1fica, r\u00f3tulo, mural<\/strong><br \/>\nWons-BembaKlan, M\u00e9xico<\/p>\n<p><strong>Literatura<\/strong><br \/>\nAndrea Sabina, M\u00e9xico;<br \/>\nEdiciones del Espejo Somos, M\u00e9xico;<br \/>\nRadio Zapatista, M\u00e9xico:<br \/>\nRecherche AG \/ colectivo InvestigAcci\u00f3n, Alemania;<br \/>\nTa spol be, M\u00e9xico<\/p>\n<p><strong>Magia, m\u00fasica<\/strong><br \/>\nArturo y Mar\u00eda, M\u00e9xico<\/p>\n<p><strong>M\u00fasica<\/strong><br \/>\nAmparanoia, Estado Espa\u00f1ol;<br \/>\nArtemisas colectiva, M\u00e9xico;<br \/>\nBari\u00f1o y la jauria, M\u00e9xico;<br \/>\nCentro Cultural Makarenko, M\u00e9xico;<br \/>\nColectividad de jaraneras, M\u00e9xico-Estados Unidos;<br \/>\nColectivo Nodo Solidale, Italia;<br \/>\nConshas Duras SkaPunk, M\u00e9xico;<br \/>\nCvo. Tajtolmej taltipak, M\u00e9xico;<br \/>\nDionisio Clan, M\u00e9xico;<br \/>\nEl Mastuerzo\/Kloakascomunicantes, M\u00e9xico;<br \/>\nEscuadr\u00f3n Creyente, M\u00e9xico;<br \/>\nGoldy Head, Chile-M\u00e9xico-Per\u00fa-Estados Unidos;<br \/>\nHunaac-cel (del colectivo DeBatl), M\u00e9xico;<br \/>\nJuventud Comunista de M\u00e9xico, M\u00e9xico;<br \/>\nKARMHA (Kolectivo Art\u00edstico por la Recuperaci\u00f3n de la Memoria Hist\u00f3rica y Activismo, M\u00e9xico;<br \/>\nLa mosca con Smoking, M\u00e9xico;<br \/>\nLa otra Rima, M\u00e9xico;<br \/>\nLakitas; Matriasaya, Chile;<br \/>\nLengualerta, M\u00e9xico;<br \/>\nMaldita Rabia, M\u00e9xico;<br \/>\nMexican Sound System, M\u00e9xico;<br \/>\nPalabrAndo, M\u00e9xico;<br \/>\nPsicolexia;<br \/>\nProyecto musical sentakwikat;<br \/>\nRude Boys Ska, M\u00e9xico;<br \/>\nSaz\u00f3n de Mar\u00eda, M\u00e9xico;<br \/>\nSon de Ma\u00edz (MSPS. Movimiento por la Soberan\u00eda Popular y el Socialismo), M\u00e9xico;<br \/>\nZopilote, Jap\u00f3n-M\u00e9xico<\/p>\n<p><strong>Narrativa\/video<\/strong><br \/>\nKom\u00fcn Cinema, M\u00e9xico<\/p>\n<p><strong>Parkour<\/strong><br \/>\nParkour de San Crist\u00f3bal Defying Gravity, M\u00e9xico<\/p>\n<p><strong>Performance<\/strong><br \/>\nCompa\u00f1\u00eda Transnacional de Performance, M\u00e9xico;<br \/>\nGrupo de arte acci\u00f3n Chanti olli (Gacho), M\u00e9xico<\/p>\n<p><strong>Pintura<\/strong><br \/>\nAntonio Ram\u00edrez, M\u00e9xico<br \/>\nCiudades Invisibles de Universidad del Egeo, Grecia;<br \/>\nCl\u00ednica de Heridas, M\u00e9xico;<br \/>\nColectivo Callejero, M\u00e9xico;<br \/>\nDiablitxs De Fuego, M\u00e9xico;<br \/>\nEscuela Pol\u00edtica Feminista traves\u00edas por la Paz Cali, Colombia;<br \/>\nSalvajes Viajeras y Tlalmino, M\u00e9xico;<br \/>\nLucio Neftal\u00ed Espinosa Garc\u00eda, M\u00e9xico<\/p>\n<p><strong>Poes\u00eda<\/strong><br \/>\nPueblo KituKara Kara, Ecuador;<br \/>\nPoes\u00eda de Servilleta, M\u00e9xico;<br \/>\nVivxs nos queremos arte y acci\u00f3n feminista, Argentina, Italia, M\u00e9xico, Polonia;<br \/>\nXochitlanezi, M\u00e9xico<\/p>\n<p><strong>Spoken Word<\/strong><br \/>\nRegeneraci\u00f3n Radio\/ Frente Xonacatl\u00e1n en Resistencia, M\u00e9xico<\/p>\n<p><strong>Teatro<\/strong><br \/>\nLuis de Tavira;<br \/>\nLa Casa del Teatro, M\u00e9xico;<br \/>\nColectivo Teatral Mexicano Los Alichanes, M\u00e9xico;<br \/>\nAlas Comunidad de Aprendizaje en Libertad, M\u00e9xico;<br \/>\nLos Zurdos, M\u00e9xico;<br \/>\nColectivo Base Lunar, M\u00e9xico;<br \/>\nColectivo Teatro en Terrazas, M\u00e9xico;<br \/>\nLos Huitlacoches teatro, M\u00e9xico;<br \/>\nLaboratorio creativo esc\u00e9nico de San Crist\u00f3bal de las Casas, M\u00e9xico (integrantes de Espa\u00f1a, Alemania, Italia, Argentina y M\u00e9xico);<br \/>\nVosque Azul\/ Crisalium, M\u00e9xico;<br \/>\nZapamichis<\/p>\n<p><strong>Teatro, danza<\/strong><br \/>\nHierba Maga en colaboraci\u00f3n con y Elisa Beltramini y Fobos y Deimos, Argentina-Italia-M\u00e9xico.<\/p>\n<p><strong>Teatro, literatura, m\u00fasica<\/strong><br \/>\nTlalmino Teatro, M\u00e9xico.<\/p>\n<p><strong>Teatro, performance<\/strong><br \/>\nTeatro al Vac\u00edo, Argentina.<\/p>\n<p><strong>Teatro, poes\u00eda<\/strong><br \/>\nLa P\u00e1jara T\u00b4i, M\u00e9xico.<\/p>\n<p><strong>T\u00edteres<\/strong><br \/>\nEdiciones guillotina\/estilete, Italia;<br \/>\nT\u00edteres Elwaky, Bolivia<\/p>\n<p><strong>PARTICIPACIONES INDIVIDUALES REGISTRADAS<\/strong><\/p>\n<p><strong>Arte textil<\/strong><br \/>\nSof\u00eda Rosas, Argentina<\/p>\n<p><strong>Artes visuales<\/strong><br \/>\nDavid Juli\u00e1n Torres Mart\u00ednez, M\u00e9xico;<br \/>\nElijah Burciaga, Estados Unidos<\/p>\n<p><strong>Cartograf\u00eda<\/strong><br \/>\nNatalia Dopazo<\/p>\n<p><strong>Cine<\/strong><br \/>\nKarla De la Garza, M\u00e9xico<\/p>\n<p><strong>Collage<\/strong><br \/>\nRub\u00e9n Romero, M\u00e9xico;<br \/>\nSantiago Tomas, M\u00e9xico<\/p>\n<p><strong>Collage, poes\u00eda<\/strong><br \/>\nSamantha Davis, Estados Unidos<\/p>\n<p><strong>Danza<\/strong><br \/>\nCarmen Aurora Glink Buj\u00e1n, Alemania;<br \/>\nGerm\u00e1n Pizano, M\u00e9xico;<br \/>\nH\u00e9ctor Le\u00f3n, M\u00e9xico;<br \/>\nLis Ek (Gaina), M\u00e9xico;<br \/>\nLiza Fernanda Bello Aranguren, Colombia;<br \/>\nMar\u00eda Aiko Guevara Yamaguchi, M\u00e9xico;<br \/>\nMiriam \u00c1lvarez, M\u00e9xico;<br \/>\nOlivia Silvestri, Italia;<br \/>\nPaulina Segura, M\u00e9xico<\/p>\n<p><strong>Escultura<\/strong><br \/>\nAlfonso Zarate \u00c1valos, M\u00e9xico;<br \/>\nAntoine Granier Nino, Francia;<br \/>\nScarlet B\u00e1rcenas Mart\u00edn, M\u00e9xico<\/p>\n<p><strong>Escultura, literatura<\/strong><br \/>\nPaula Ram\u00edrez, M\u00e9xico<\/p>\n<p><strong>Escultura, pintura<\/strong><br \/>\nCesar Molina Aldape, M\u00e9xico;<br \/>\nNabi Alonso Orozco Torres, M\u00e9xico<\/p>\n<p><strong>Fotograf\u00eda<\/strong><br \/>\nYuriria Pantoja Mill\u00e1n, M\u00e9xico;<br \/>\nStephanie Malen Zambrano, Argentina<\/p>\n<p><strong>Gr\u00e1fica<\/strong><br \/>\nFrancisco Javier Yamilet Santin, M\u00e9xico;<br \/>\nGabriel \u00c1valos S\u00e1nchez (G r a b i e l _ G r a f i c a), M\u00e9xico;<br \/>\nNorma Ang\u00e9lica \u00c1vila Mel\u00e9ndez, M\u00e9xico<\/p>\n<p><strong>Ilustraci\u00f3n<\/strong><br \/>\nYosselin Guadalupe Molina Fern\u00e1ndez, M\u00e9xico<\/p>\n<p><strong>Literatura<\/strong><br \/>\nAlejandro Mart\u00ednez Mart\u00ednez, M\u00e9xico;<br \/>\nCarlos Servin, M\u00e9xico;<br \/>\nCarolina Fern\u00e1ndez Ares, Argentina;<br \/>\nConcepci\u00f3n Su\u00e1rez Aguilar (Coni), M\u00e9xico;<br \/>\nDelmar Penka, M\u00e9xico;<br \/>\nIsrael Gonz\u00e1lez Ru\u00edz, M\u00e9xico;<br \/>\nRicardo P\u00e9rez Pe\u00f1a, M\u00e9xico; Ruisdael Jose Vera Uribe, Venezuela \/ Ecuador<\/p>\n<p><strong>Literatura, proyecci\u00f3n<\/strong><br \/>\nBrenda N\u00fa\u00f1ez, M\u00e9xico<\/p>\n<p><strong>Marionetas<\/strong><br \/>\nEleni Peppa, Grecia;<br \/>\nMiguel Angel Soto Robles, M\u00e9xico<\/p>\n<p><strong>M\u00fasica<\/strong><br \/>\nAlejandro Fern\u00e1ndez Auza, M\u00e9xico;<br \/>\nArturo Le\u00f3n Velasco, M\u00e9xico;<br \/>\nEder Nanclares Hern\u00e1ndez, M\u00e9xico;<br \/>\nEdgar Cajero Ya\u00f1ez, M\u00e9xico;<br \/>\nFernando Escobar Z\u00fa\u00f1iga, M\u00e9xico;<br \/>\nIsaac D\u00edaz Valderrama, M\u00e9xico;<br \/>\nLuis Alberto Santoyo, M\u00e9xico;<br \/>\nLuis Daniel Vallejo, Ecuador;<br \/>\nNidia Barajas, M\u00e9xico;<br \/>\nOmar Valencia Ayala, M\u00e9xico;<br \/>\nPaola Maricela Jim\u00e9nez Enr\u00edquez, M\u00e9xico;<br \/>\nYeudiel Infante, M\u00e9xico<\/p>\n<p><strong>M\u00fasica, poes\u00eda<\/strong><br \/>\nMaria Moctezuma Garcia, M\u00e9xico<\/p>\n<p><strong>Performance<\/strong><br \/>\nDoerte; Pino Ninfa, Italia<\/p>\n<p><strong>Pintura<\/strong><br \/>\nBarone Fernando Ezequiel, Argentina;<br \/>\nBrunetti Mar\u00eda luz, Argentina;<br \/>\nDaira Ojeda Uribe, M\u00e9xico;<br \/>\nErick Tzucumo, M\u00e9xico;<br \/>\nGustavo Chavez Pavon, M\u00e9xico;<br \/>\nJordan Wade, Estados Unidos;<br \/>\nKristina Mart\u00ednez, M\u00e9xico;<br \/>\nLiza Zald\u00edvar Salazar, M\u00e9xico;<br \/>\nLucia Maza Lopez, M\u00e9xico;<br \/>\nMarijose Ocampo, M\u00e9xico;<br \/>\nMario Ben\u00edtez, M\u00e9xico;<br \/>\nMike Maese, M\u00e9xico;<br \/>\nPablo \u00c1ngel Lugo, M\u00e9xico;<br \/>\nRamiro Eduardo Mendoza, Argentina;<br \/>\nRodrigo D\u00edaz, M\u00e9xico<\/p>\n<p><strong>Pintura, escultura<\/strong><br \/>\nChloe Bellange, Francia;<br \/>\nSelda Meri\u00e7 Atalar, Turqu\u00eda<\/p>\n<p><strong>Pintura, fotograf\u00eda<\/strong><br \/>\nGabriel Flores Berber, M\u00e9xico<\/p>\n<p><strong>Poes\u00eda<\/strong><br \/>\nDulce Guadalupe Reyes L\u00f3pez, M\u00e9xico;<br \/>\nElsa Canali, Italia; Gabriel Cruz, M\u00e9xico;<br \/>\nLuis Eduardo S\u00e1nchez, M\u00e9xico;<br \/>\nMalva Marina Carrera, M\u00e9xico<\/p>\n<p><strong>Tatuaje<\/strong><br \/>\nSilvana Torres Septien, M\u00e9xico<\/p>\n<p><strong>Teatro<\/strong><br \/>\nArturo Beristain Bravo, M\u00e9xico;<br \/>\nDiane Studer, Suiza;<br \/>\nFelix Metzger, Alemania;<br \/>\nGuadalupe Err\u00e1zuriz, Colombia;<br \/>\nEduardo Sandoval, M\u00e9xico;<br \/>\nEvan Guttell, Estados Unidos;<br \/>\nJoyce Islas, M\u00e9xico<\/p>\n<p><strong>Teatro, clown<\/strong><br \/>\nMaribel Aguilar Medina<\/p>\n<p><strong>Danza<\/strong><br \/>\nCande Mart\u00ednez, Argentina<\/p>\n<p><strong>Escultura<\/strong><br \/>\nDavid Arias Dijard, M\u00e9xico<\/p>\n<p><strong>Literatura<\/strong><br \/>\n\u00c9dgar N\u00fa\u00f1ez Jim\u00e9nez, M\u00e9xico<\/p>\n<p><strong>M\u00fasica<\/strong><br \/>\nChucho R\u00e8ves; Javier Otorongo;<br \/>\nYael Antonio Espinosa Garc\u00eda, M\u00e9xico<\/p>\n<p><strong>Performance<\/strong><br \/>\nMar\u00eda Laura Buccianti, Argentina<\/p>\n<p><strong>Pintura<\/strong><br \/>\nJuan Erasto Molina Urbina, M\u00e9xico; Walpaq, Argentina<\/p>\n<p><strong>Poes\u00eda<\/strong><br \/>\nRodrigo Espinosa<\/p>\n<p>-*-<\/p>\n<p>El caracol Jacinto Canek cuenta con un auditorio cerrado con un aforo de 600 personas; un auditorio abierto, al aire libre, con un aforo de 2000 personas. Es nuevo porque apenas se est\u00e1 terminando.<\/p>\n<p>Es todo por ahora.<\/p>\n<p>Subcomandante Insurgente Mois\u00e9s.<br \/>\nM\u00e9xico, Abril del 2025.<\/p>\n<p>&nbsp;<\/p>\n<div class=\"jetpack-video-wrapper\"><iframe loading=\"lazy\" title=\"M\u00c1S DE 866 Y 23\u2026\" src=\"https:\/\/player.vimeo.com\/video\/1071631192?dnt=1&amp;app_id=122963\" width=\"1028\" height=\"578\" frameborder=\"0\" allow=\"autoplay; fullscreen; picture-in-picture; clipboard-write; encrypted-media\"><\/iframe><\/div>\n<p>Im\u00e1genes de Tercios Compas<br \/>\nM\u00fasica Mexikan Sound System \u00abSomos la Fuerza\u00bb<\/p>\n","protected":false},"excerpt":{"rendered":"<p>M\u00c1S DE 866 Y 23\u2026 Pr\u00f3ximo a iniciarse el encuentro Re(velarte)\/ Re:(belarte), en el caracol zapatista Jacinto Canek, el pr\u00f3ximo 13 de abril de este 2025, les presentamos el corte &hellip; <a href=\"http:\/\/www.grieta.org.mx\/index.php\/2025\/04\/01\/mas-de-866-y-23\/\" class=\"more-link\">Leer m\u00e1s<\/a><\/p>\n","protected":false},"author":2,"featured_media":71523,"comment_status":"closed","ping_status":"closed","sticky":false,"template":"","format":"standard","meta":{"ngg_post_thumbnail":0,"_jetpack_newsletter_access":"","_jetpack_dont_email_post_to_subs":false,"_jetpack_newsletter_tier_id":0,"_jetpack_memberships_contains_paywalled_content":false,"_jetpack_memberships_contains_paid_content":false,"footnotes":""},"categories":[80,74,4226,908,907,2,78],"tags":[2839,466],"class_list":["post-71522","post","type-post","status-publish","format-standard","has-post-thumbnail","hentry","category-cintillo","category-ezln","category-encuentros-internacionales-de-rebeldias-y-resistencias","category-eventos","category-ezln-2","category-noticias-nacionales","category-palabras-del-ezln","tag-comunicados-ezln","tag-ezln","entry"],"jetpack_featured_media_url":"http:\/\/www.grieta.org.mx\/wp-content\/uploads\/2025\/04\/masde.png","jetpack_sharing_enabled":true,"jetpack_shortlink":"https:\/\/wp.me\/p7ZJR4-iBA","jetpack_likes_enabled":false,"jetpack-related-posts":[{"id":71563,"url":"http:\/\/www.grieta.org.mx\/index.php\/2025\/04\/08\/mas-de-1000-35-y-27\/","url_meta":{"origin":71522,"position":0},"title":"M\u00e1s de 1000, 35 y 27","author":"grieta","date":"8 abril, 2025","format":false,"excerpt":"CIERRE DE REGISTRO DE PARTICIPANTES EN EL ENCUENTRO \u201cREBEL (Arte)\/ REVEL (arte). 8 de abril del 2025. Les aviso c\u00f3mo qued\u00f3 el registro de participantes para el pr\u00f3ximo encuentro de Artes, los d\u00edas del 13 al 20 de abril del 2025. Se han registrado m\u00e1s de 480 grupos e individuos\u2026","rel":"","context":"En &quot;CINTILLO&quot;","block_context":{"text":"CINTILLO","link":"http:\/\/www.grieta.org.mx\/index.php\/category\/cintillo\/"},"img":{"alt_text":"","src":"https:\/\/i0.wp.com\/www.grieta.org.mx\/wp-content\/uploads\/2025\/04\/masdemil.png?resize=350%2C200","width":350,"height":200,"srcset":"https:\/\/i0.wp.com\/www.grieta.org.mx\/wp-content\/uploads\/2025\/04\/masdemil.png?resize=350%2C200 1x, https:\/\/i0.wp.com\/www.grieta.org.mx\/wp-content\/uploads\/2025\/04\/masdemil.png?resize=525%2C300 1.5x, https:\/\/i0.wp.com\/www.grieta.org.mx\/wp-content\/uploads\/2025\/04\/masdemil.png?resize=700%2C400 2x"},"classes":[]},{"id":71220,"url":"http:\/\/www.grieta.org.mx\/index.php\/2025\/03\/06\/rebel-y-revel-arte-convocatoria-zapatista-al-encuentro-de-arte-rebeldia-y-resistencia-hacia-el-dia-despues\/","url_meta":{"origin":71522,"position":1},"title":"(REBEL Y REVEL) ARTE: CONVOCATORIA ZAPATISTA AL ENCUENTRO DE ARTE, REBELD\u00cdA Y RESISTENCIA HACIA EL D\u00cdA DESPU\u00c9S","author":"grieta","date":"6 marzo, 2025","format":false,"excerpt":"CONVOCATORIA ZAPATISTA AL ENCUENTRO DE ARTE, REBELD\u00cdA Y RESISTENCIA HACIA EL D\u00cdA DESPU\u00c9S. Marzo del 2025. Las Asambleas de Colectivos de Gobiernos Aut\u00f3nomos Zapatistas (ACEGAZ), las comunidades zapatistas y el EZLN convocan a artistas de Teatro, Danza, Gr\u00e1fica, M\u00fasica, Escultura y Literatura de M\u00e9xico y el Mundo al encuentro con\u2026","rel":"","context":"En &quot;CINTILLO&quot;","block_context":{"text":"CINTILLO","link":"http:\/\/www.grieta.org.mx\/index.php\/category\/cintillo\/"},"img":{"alt_text":"","src":"https:\/\/i0.wp.com\/www.grieta.org.mx\/wp-content\/uploads\/2025\/03\/convoc.png?resize=350%2C200","width":350,"height":200,"srcset":"https:\/\/i0.wp.com\/www.grieta.org.mx\/wp-content\/uploads\/2025\/03\/convoc.png?resize=350%2C200 1x, https:\/\/i0.wp.com\/www.grieta.org.mx\/wp-content\/uploads\/2025\/03\/convoc.png?resize=525%2C300 1.5x, https:\/\/i0.wp.com\/www.grieta.org.mx\/wp-content\/uploads\/2025\/03\/convoc.png?resize=700%2C400 2x"},"classes":[]},{"id":46224,"url":"http:\/\/www.grieta.org.mx\/index.php\/2020\/03\/16\/por-coronavirus-el-ezln-cierra-caracoles-y-llama-a-no-abandonar-las-luchas-actuales-comunicado\/","url_meta":{"origin":71522,"position":2},"title":"POR CORONAVIRUS EL EZLN CIERRA CARACOLES Y LLAMA A NO ABANDONAR LAS LUCHAS ACTUALES (COMUNICADO)","author":"grieta","date":"16 marzo, 2020","format":false,"excerpt":"COMUNICADO DEL COMIT\u00c9 CLANDESTINO REVOLUCIONARIO IND\u00cdGENA-COMANDANCIA GENERAL DEL EJ\u00c9RCITO ZAPATISTA DE LIBERACI\u00d3N NACIONAL. M\u00c9XICO. 16 DE MARZO DEL 2020. AL PUEBLO DE MEXICO: A LOS PUEBLOS DEL MUNDO: AL CONGRESO NACIONAL IND\u00cdGENA \u2013 CONCEJO IND\u00cdGENA DE GOBIERNO: A LA SEXTA NACIONAL E INTERNACIONAL: A LAS REDES DE RESISTENCIA Y REBELD\u00cdA:\u2026","rel":"","context":"En &quot;CINTILLO&quot;","block_context":{"text":"CINTILLO","link":"http:\/\/www.grieta.org.mx\/index.php\/category\/cintillo\/"},"img":{"alt_text":"","src":"https:\/\/i0.wp.com\/www.grieta.org.mx\/wp-content\/uploads\/2020\/03\/21841-ezln-ejercito-zapatista_400px.jpg?resize=350%2C200","width":350,"height":200},"classes":[]},{"id":68186,"url":"http:\/\/www.grieta.org.mx\/index.php\/2023\/12\/04\/quinceava-parte-de-noche-y-a-toda-luz\/","url_meta":{"origin":71522,"position":3},"title":"Quinceava Parte: De noche y a toda luz\u2026","author":"grieta","date":"4 diciembre, 2023","format":false,"excerpt":"https:\/\/vimeo.com\/891306166 \u00a0 Im\u00e1genes de trabajos artesanales de insurgentas e insurgentes en preparativos para la celebraci\u00f3n de los 30 a\u00f1os del inicio de la guerra contra el olvido. Fotos y videos cortes\u00eda de Los Tercios Compas. Copyleft; diciembre del 2023. M\u00fasica Dan Dan Kokoro Hikareteku (Mi coraz\u00f3n encantado), Piano: RuRu Violin:\u2026","rel":"","context":"En &quot;CINTILLO&quot;","block_context":{"text":"CINTILLO","link":"http:\/\/www.grieta.org.mx\/index.php\/category\/cintillo\/"},"img":{"alt_text":"","src":"https:\/\/i0.wp.com\/www.grieta.org.mx\/wp-content\/uploads\/2023\/12\/Diapositiva1.jpeg?resize=350%2C200","width":350,"height":200,"srcset":"https:\/\/i0.wp.com\/www.grieta.org.mx\/wp-content\/uploads\/2023\/12\/Diapositiva1.jpeg?resize=350%2C200 1x, https:\/\/i0.wp.com\/www.grieta.org.mx\/wp-content\/uploads\/2023\/12\/Diapositiva1.jpeg?resize=525%2C300 1.5x, https:\/\/i0.wp.com\/www.grieta.org.mx\/wp-content\/uploads\/2023\/12\/Diapositiva1.jpeg?resize=700%2C400 2x"},"classes":[]},{"id":57325,"url":"http:\/\/www.grieta.org.mx\/index.php\/2021\/03\/08\/las-que-no-estan\/","url_meta":{"origin":71522,"position":4},"title":"LAS QUE NO EST\u00c1N.","author":"Admin","date":"8 marzo, 2021","format":false,"excerpt":"LAS QUE NO EST\u00c1N. SUS HISTORIAS. SUS ALEGR\u00cdAS Y SUS TRISTEZAS. SUS DOLORES Y SUS RABIAS. SUS OLVIDOS Y SUS MEMORIAS. SUS RISAS Y SUS L\u00c1GRIMAS. SUS PRESENCIAS Y SUS AUSENCIAS. SUS CORAZONES. SUS ESPERANZAS. SU DIGNIDAD. SUS CALENDARIOS. LOS QUE CUMPLIERON. LOS QUE LES QUEDARON Y LES QUEDAMOS A\u2026","rel":"","context":"En &quot;CINTILLO&quot;","block_context":{"text":"CINTILLO","link":"http:\/\/www.grieta.org.mx\/index.php\/category\/cintillo\/"},"img":{"alt_text":"","src":"https:\/\/i0.wp.com\/www.grieta.org.mx\/wp-content\/uploads\/2020\/11\/21841-ezln-ejercito-zapatista_400px.jpg?resize=350%2C200","width":350,"height":200},"classes":[]},{"id":27703,"url":"http:\/\/www.grieta.org.mx\/index.php\/2018\/11\/24\/comunicado-del-cni-cig-y-ezln-al-pueblo-mapuche\/","url_meta":{"origin":71522,"position":5},"title":"Comunicado [conjunto del CNI, CIG y EZLN] al pueblo Mapuche","author":"grieta","date":"24 noviembre, 2018","format":false,"excerpt":"Comunicado: Al pueblo mapuche Al pueblo chileno A los pueblos originarios de Am\u00e9rica A la Sexta Internacional Hermanos y hermanas del digno pueblo mapuche, Los pueblos, naciones, tribus y barrios que conformamos el Congreso Nacional Ind\u00edgena, el Concejo Ind\u00edgena de Gobierno y el EZLN abrazamos solidariamente la familia del compa\u00f1ero\u2026","rel":"","context":"En &quot;CINTILLO&quot;","block_context":{"text":"CINTILLO","link":"http:\/\/www.grieta.org.mx\/index.php\/category\/cintillo\/"},"img":{"alt_text":"","src":"","width":0,"height":0},"classes":[]}],"_links":{"self":[{"href":"http:\/\/www.grieta.org.mx\/index.php\/wp-json\/wp\/v2\/posts\/71522","targetHints":{"allow":["GET"]}}],"collection":[{"href":"http:\/\/www.grieta.org.mx\/index.php\/wp-json\/wp\/v2\/posts"}],"about":[{"href":"http:\/\/www.grieta.org.mx\/index.php\/wp-json\/wp\/v2\/types\/post"}],"author":[{"embeddable":true,"href":"http:\/\/www.grieta.org.mx\/index.php\/wp-json\/wp\/v2\/users\/2"}],"replies":[{"embeddable":true,"href":"http:\/\/www.grieta.org.mx\/index.php\/wp-json\/wp\/v2\/comments?post=71522"}],"version-history":[{"count":1,"href":"http:\/\/www.grieta.org.mx\/index.php\/wp-json\/wp\/v2\/posts\/71522\/revisions"}],"predecessor-version":[{"id":71524,"href":"http:\/\/www.grieta.org.mx\/index.php\/wp-json\/wp\/v2\/posts\/71522\/revisions\/71524"}],"wp:featuredmedia":[{"embeddable":true,"href":"http:\/\/www.grieta.org.mx\/index.php\/wp-json\/wp\/v2\/media\/71523"}],"wp:attachment":[{"href":"http:\/\/www.grieta.org.mx\/index.php\/wp-json\/wp\/v2\/media?parent=71522"}],"wp:term":[{"taxonomy":"category","embeddable":true,"href":"http:\/\/www.grieta.org.mx\/index.php\/wp-json\/wp\/v2\/categories?post=71522"},{"taxonomy":"post_tag","embeddable":true,"href":"http:\/\/www.grieta.org.mx\/index.php\/wp-json\/wp\/v2\/tags?post=71522"}],"curies":[{"name":"wp","href":"https:\/\/api.w.org\/{rel}","templated":true}]}}