{"id":71220,"date":"2025-03-06T20:01:41","date_gmt":"2025-03-07T02:01:41","guid":{"rendered":"https:\/\/www.grieta.org.mx\/?p=71220"},"modified":"2025-03-06T20:01:41","modified_gmt":"2025-03-07T02:01:41","slug":"rebel-y-revel-arte-convocatoria-zapatista-al-encuentro-de-arte-rebeldia-y-resistencia-hacia-el-dia-despues","status":"publish","type":"post","link":"http:\/\/www.grieta.org.mx\/index.php\/2025\/03\/06\/rebel-y-revel-arte-convocatoria-zapatista-al-encuentro-de-arte-rebeldia-y-resistencia-hacia-el-dia-despues\/","title":{"rendered":"(REBEL Y REVEL) ARTE: CONVOCATORIA ZAPATISTA AL ENCUENTRO DE ARTE, REBELD\u00cdA Y RESISTENCIA HACIA EL D\u00cdA DESPU\u00c9S"},"content":{"rendered":"<p>CONVOCATORIA ZAPATISTA AL ENCUENTRO DE<br \/>\nARTE, REBELD\u00cdA Y RESISTENCIA HACIA EL D\u00cdA DESPU\u00c9S.<\/p>\n<p>Marzo del 2025.<\/p>\n<p>Las Asambleas de Colectivos de Gobiernos Aut\u00f3nomos Zapatistas (ACEGAZ), las comunidades zapatistas y el EZLN convocan a artistas de Teatro, Danza, Gr\u00e1fica, M\u00fasica, Escultura y Literatura de M\u00e9xico y el Mundo al encuentro con artistas zapatistas:<\/p>\n<p>(REBEL Y REVEL) ARTE:<br \/>\nARTE, REBELD\u00cdA Y RESISTENCIA HACIA EL D\u00cdA DESPU\u00c9S.<\/p>\n<p>  Que se celebrar\u00e1 los d\u00edas del 13 al 19 de abril del 2025 en 3 sedes: Caracol de Jacinto Canek, Caracol de Oventik y el CIDECI de San Crist\u00f3bal de Las Casas, Chiapas, M\u00e9xico<\/p>\n<p>  Puede participar cualquier persona que tenga como bagaje alguna o varias de las artes, que est\u00e9 contra el sistema capitalista, patriarcal, racista, discriminatorio y criminal, y, claro, que se sienta convocada.<\/p>\n<p>  Se permite mentarle la madre al gobierno de su preferencia.  Claro, siempre con Arte.  Se pueden recurrir a formas minimalistas como el ya cl\u00e1sico, un\u00e1nime y globalizado \u201cFuck Trump\u201d, y\/o sus equivalentes en sus lenguas, calendarios y geograf\u00edas.<\/p>\n<p>Registro de participantes en: participantesencuentroabril@gmail.com<\/p>\n<p>Registro de asistentes en: asistentesencuentroabril@gmail.com<\/p>\n<p>P\u00fablico en general: entrada libre.<\/p>\n<p>  Se les recuerda que en territorio zapatista est\u00e1 prohibida la producci\u00f3n, comercializaci\u00f3n, tr\u00e1fico y consumo de alcohol y drogas.  As\u00ed mismo est\u00e1 prohibida la trata de personas, el sexismo, la discriminaci\u00f3n, el racismo, la compraventa de dignidades, la rendici\u00f3n y la claudicaci\u00f3n.<\/p>\n<p>Desde las monta\u00f1as del Sureste Mexicano.<\/p>\n<p>Subcomandante Insurgente Mois\u00e9s.<br \/>\nM\u00e9xico, marzo del 2025.<\/p>\n<p><a href=\"https:\/\/enlacezapatista.ezln.org.mx\/2025\/03\/06\/rebel-y-revel-arte-convocatoria-zapatista-al-encuentro-de-arte-rebeldia-y-resistencia-hacia-el-dia-despues\/\" target=\"_blank\">https:\/\/enlacezapatista.ezln.org.mx\/2025\/03\/06\/rebel-y-revel-arte-convocatoria-zapatista-al-encuentro-de-arte-rebeldia-y-resistencia-hacia-el-dia-despues\/<\/a><\/p>\n","protected":false},"excerpt":{"rendered":"<p>CONVOCATORIA ZAPATISTA AL ENCUENTRO DE ARTE, REBELD\u00cdA Y RESISTENCIA HACIA EL D\u00cdA DESPU\u00c9S. Marzo del 2025. Las Asambleas de Colectivos de Gobiernos Aut\u00f3nomos Zapatistas (ACEGAZ), las comunidades zapatistas y el &hellip; <a href=\"http:\/\/www.grieta.org.mx\/index.php\/2025\/03\/06\/rebel-y-revel-arte-convocatoria-zapatista-al-encuentro-de-arte-rebeldia-y-resistencia-hacia-el-dia-despues\/\" class=\"more-link\">Leer m\u00e1s<\/a><\/p>\n","protected":false},"author":2,"featured_media":71221,"comment_status":"closed","ping_status":"closed","sticky":false,"template":"","format":"standard","meta":{"ngg_post_thumbnail":0,"_jetpack_newsletter_access":"","_jetpack_dont_email_post_to_subs":false,"_jetpack_newsletter_tier_id":0,"_jetpack_memberships_contains_paywalled_content":false,"_jetpack_memberships_contains_paid_content":false,"footnotes":""},"categories":[80,74,4226,908,907,2,78],"tags":[2839,466],"class_list":["post-71220","post","type-post","status-publish","format-standard","has-post-thumbnail","hentry","category-cintillo","category-ezln","category-encuentros-internacionales-de-rebeldias-y-resistencias","category-eventos","category-ezln-2","category-noticias-nacionales","category-palabras-del-ezln","tag-comunicados-ezln","tag-ezln","entry"],"jetpack_featured_media_url":"http:\/\/www.grieta.org.mx\/wp-content\/uploads\/2025\/03\/convoc.png","jetpack_sharing_enabled":true,"jetpack_shortlink":"https:\/\/wp.me\/p7ZJR4-iwI","jetpack_likes_enabled":false,"jetpack-related-posts":[{"id":71604,"url":"http:\/\/www.grieta.org.mx\/index.php\/2025\/04\/17\/rebel-y-revel-arte-encuentro-de-arte-rebeldia-y-resistencia-hacia-el-dia-despues\/","url_meta":{"origin":71220,"position":0},"title":"(REBEL Y REVEL) ARTE: ENCUENTRO DE ARTE, REBELD\u00cdA Y RESISTENCIA HACIA EL D\u00cdA DESPU\u00c9S","author":"Admin","date":"17 abril, 2025","format":false,"excerpt":"(REBEL Y REVEL) ARTE: ENCUENTRO DE ARTE, REBELD\u00cdA Y RESISTENCIA HACIA EL D\u00cdA DESPU\u00c9S INAUGURACI\u00d3N 13 DE ABRIL, 14:00 HORAS PRIMERAS PARTICIPACIONES 13 DE ABRIL, 17:00 HRS Encuentro (Rebel y Revel) Arte, 13 de abril Encuentro (Rebel y Revel) Arte, 14 y 15 de abril Encuentro (Rebel y Revel) Arte,\u2026","rel":"","context":"En &quot;CINTILLO&quot;","block_context":{"text":"CINTILLO","link":"http:\/\/www.grieta.org.mx\/index.php\/category\/cintillo\/"},"img":{"alt_text":"","src":"https:\/\/i0.wp.com\/www.grieta.org.mx\/wp-content\/uploads\/2025\/04\/cintillohome.png?resize=350%2C200","width":350,"height":200,"srcset":"https:\/\/i0.wp.com\/www.grieta.org.mx\/wp-content\/uploads\/2025\/04\/cintillohome.png?resize=350%2C200 1x, https:\/\/i0.wp.com\/www.grieta.org.mx\/wp-content\/uploads\/2025\/04\/cintillohome.png?resize=525%2C300 1.5x, https:\/\/i0.wp.com\/www.grieta.org.mx\/wp-content\/uploads\/2025\/04\/cintillohome.png?resize=700%2C400 2x"},"classes":[]},{"id":71563,"url":"http:\/\/www.grieta.org.mx\/index.php\/2025\/04\/08\/mas-de-1000-35-y-27\/","url_meta":{"origin":71220,"position":1},"title":"M\u00e1s de 1000, 35 y 27","author":"grieta","date":"8 abril, 2025","format":false,"excerpt":"CIERRE DE REGISTRO DE PARTICIPANTES EN EL ENCUENTRO \u201cREBEL (Arte)\/ REVEL (arte). 8 de abril del 2025. Les aviso c\u00f3mo qued\u00f3 el registro de participantes para el pr\u00f3ximo encuentro de Artes, los d\u00edas del 13 al 20 de abril del 2025. Se han registrado m\u00e1s de 480 grupos e individuos\u2026","rel":"","context":"En &quot;CINTILLO&quot;","block_context":{"text":"CINTILLO","link":"http:\/\/www.grieta.org.mx\/index.php\/category\/cintillo\/"},"img":{"alt_text":"","src":"https:\/\/i0.wp.com\/www.grieta.org.mx\/wp-content\/uploads\/2025\/04\/masdemil.png?resize=350%2C200","width":350,"height":200,"srcset":"https:\/\/i0.wp.com\/www.grieta.org.mx\/wp-content\/uploads\/2025\/04\/masdemil.png?resize=350%2C200 1x, https:\/\/i0.wp.com\/www.grieta.org.mx\/wp-content\/uploads\/2025\/04\/masdemil.png?resize=525%2C300 1.5x, https:\/\/i0.wp.com\/www.grieta.org.mx\/wp-content\/uploads\/2025\/04\/masdemil.png?resize=700%2C400 2x"},"classes":[]},{"id":70633,"url":"http:\/\/www.grieta.org.mx\/index.php\/2024\/12\/03\/programa-de-la-primera-sesion-de-los-encuentros-internacionales-de-resistencias-y-rebeldias-mesas-y-ponentes\/","url_meta":{"origin":71220,"position":2},"title":"PROGRAMA DE LA PRIMERA SESI\u00d3N DE LOS ENCUENTROS INTERNACIONALES DE RESISTENCIAS Y REBELD\u00cdAS.  Mesas y Ponentes.","author":"grieta","date":"3 diciembre, 2024","format":false,"excerpt":"PROGRAMA DE LA PRIMERA SESI\u00d3N DE LOS ENCUENTROS INTERNACIONALES DE RESISTENCIAS Y REBELD\u00cdAS. Mesas y Ponentes. Aqu\u00ed les ponemos el programa de participaciones: S\u00e1bado 28 de diciembre del 2024. Sede Cideci-Unitierra. SCLC, Chiapas, M\u00e9xico. Mesa I: La tormenta: el crimen, el verdugo y las v\u00edctimas. Participan: Jorge Alonso, John Holloway,\u2026","rel":"","context":"En &quot;CINTILLO&quot;","block_context":{"text":"CINTILLO","link":"http:\/\/www.grieta.org.mx\/index.php\/category\/cintillo\/"},"img":{"alt_text":"","src":"https:\/\/i0.wp.com\/www.grieta.org.mx\/wp-content\/uploads\/2024\/12\/Screenshot-2024-12-03-at-17-09-14-Enlace-Zapatista.png?resize=350%2C200","width":350,"height":200,"srcset":"https:\/\/i0.wp.com\/www.grieta.org.mx\/wp-content\/uploads\/2024\/12\/Screenshot-2024-12-03-at-17-09-14-Enlace-Zapatista.png?resize=350%2C200 1x, https:\/\/i0.wp.com\/www.grieta.org.mx\/wp-content\/uploads\/2024\/12\/Screenshot-2024-12-03-at-17-09-14-Enlace-Zapatista.png?resize=525%2C300 1.5x, https:\/\/i0.wp.com\/www.grieta.org.mx\/wp-content\/uploads\/2024\/12\/Screenshot-2024-12-03-at-17-09-14-Enlace-Zapatista.png?resize=700%2C400 2x, https:\/\/i0.wp.com\/www.grieta.org.mx\/wp-content\/uploads\/2024\/12\/Screenshot-2024-12-03-at-17-09-14-Enlace-Zapatista.png?resize=1050%2C600 3x"},"classes":[]},{"id":3720,"url":"http:\/\/www.grieta.org.mx\/index.php\/2015\/07\/13\/indice-volumen-uno-participaciones-de-la-comision-sexta-del-ezln-en-el-seminario-el-pensamiento-critico-frente-a-la-hidra-capitalista\/","url_meta":{"origin":71220,"position":3},"title":"\u00cdNDICE volumen Uno (participaciones de la Comisi\u00f3n Sexta del EZLN en el Seminario \u201cEl Pensamiento Cr\u00edtico frente a la Hidra Capitalista\u201d)","author":"grieta","date":"13 julio, 2015","format":false,"excerpt":"\u00cdNDICE volumen Uno (participaciones de la Comisi\u00f3n Sexta del EZLN en el Seminario \u201cEl Pensamiento Cr\u00edtico frente a la Hidra Capitalista\u201d) .- Pr\u00f3logo: De c\u00f3mo llegamos a la Cofa del Vig\u00eda y lo que desde ah\u00ed miramos. SupGaleano. I.- Nuestra mirada hacia dentro. Algunas pistas: .- La Tormenta, el Centinela\u2026","rel":"","context":"En &quot;Comunicados&quot;","block_context":{"text":"Comunicados","link":"http:\/\/www.grieta.org.mx\/index.php\/category\/ezln-2\/ezln\/"},"img":{"alt_text":"","src":"https:\/\/i0.wp.com\/www.grieta.org.mx\/wp-content\/uploads\/2018\/03\/14524434_1106112876131411_958039263622046936_o.jpg?resize=350%2C200","width":350,"height":200,"srcset":"https:\/\/i0.wp.com\/www.grieta.org.mx\/wp-content\/uploads\/2018\/03\/14524434_1106112876131411_958039263622046936_o.jpg?resize=350%2C200 1x, https:\/\/i0.wp.com\/www.grieta.org.mx\/wp-content\/uploads\/2018\/03\/14524434_1106112876131411_958039263622046936_o.jpg?resize=525%2C300 1.5x, https:\/\/i0.wp.com\/www.grieta.org.mx\/wp-content\/uploads\/2018\/03\/14524434_1106112876131411_958039263622046936_o.jpg?resize=700%2C400 2x"},"classes":[]},{"id":70753,"url":"http:\/\/www.grieta.org.mx\/index.php\/2024\/12\/28\/mesa-rebeldia-y-resistencia-zapatistas-parte-i-genealogia-del-comun-zapatista\/","url_meta":{"origin":71220,"position":4},"title":"Mesa Rebeld\u00eda y Resistencia Zapatistas. Parte I Genealog\u00eda del Com\u00fan Zapatista","author":"grieta","date":"28 diciembre, 2024","format":false,"excerpt":"Mesa Rebeld\u00eda y Resistencia Zapatistas. Parte I Genealog\u00eda del Com\u00fan Zapatista https:\/\/enlacezapatista.ezln.org.mx\/2024\/12\/27\/transmision-en-vivo-de-las-mesas-de-la-primera-sesion-de-los-encuentros-de-resistencia-y-rebeldia\/","rel":"","context":"En &quot;CINTILLO&quot;","block_context":{"text":"CINTILLO","link":"http:\/\/www.grieta.org.mx\/index.php\/category\/cintillo\/"},"img":{"alt_text":"","src":"https:\/\/i0.wp.com\/www.grieta.org.mx\/wp-content\/uploads\/2024\/12\/Screenshot-2024-12-27-at-22-58-54-Enlace-Zapatista.png?resize=350%2C200","width":350,"height":200,"srcset":"https:\/\/i0.wp.com\/www.grieta.org.mx\/wp-content\/uploads\/2024\/12\/Screenshot-2024-12-27-at-22-58-54-Enlace-Zapatista.png?resize=350%2C200 1x, https:\/\/i0.wp.com\/www.grieta.org.mx\/wp-content\/uploads\/2024\/12\/Screenshot-2024-12-27-at-22-58-54-Enlace-Zapatista.png?resize=525%2C300 1.5x, https:\/\/i0.wp.com\/www.grieta.org.mx\/wp-content\/uploads\/2024\/12\/Screenshot-2024-12-27-at-22-58-54-Enlace-Zapatista.png?resize=700%2C400 2x, https:\/\/i0.wp.com\/www.grieta.org.mx\/wp-content\/uploads\/2024\/12\/Screenshot-2024-12-27-at-22-58-54-Enlace-Zapatista.png?resize=1050%2C600 3x"},"classes":[]},{"id":70773,"url":"http:\/\/www.grieta.org.mx\/index.php\/2024\/12\/29\/mesa-rebeldia-y-resistencia-zapatistas-parte-iii-los-primeros-pasos-del-comun-zapatista-sabado-29-de-diciembre-del-2024\/","url_meta":{"origin":71220,"position":5},"title":"Mesa Rebeld\u00eda y Resistencia Zapatistas. Parte III Los primeros pasos del Com\u00fan Zapatista S\u00e1bado 29 de diciembre del 2024","author":"grieta","date":"29 diciembre, 2024","format":false,"excerpt":"Mesa Rebeld\u00eda y Resistencia Zapatistas. Parte III Los primeros pasos del Com\u00fan Zapatista S\u00e1bado 29 de diciembre del 2024 https:\/\/enlacezapatista.ezln.org.mx\/2024\/12\/27\/transmision-en-vivo-de-las-mesas-de-la-primera-sesion-de-los-encuentros-de-resistencia-y-rebeldia\/","rel":"","context":"En &quot;CINTILLO&quot;","block_context":{"text":"CINTILLO","link":"http:\/\/www.grieta.org.mx\/index.php\/category\/cintillo\/"},"img":{"alt_text":"","src":"https:\/\/i0.wp.com\/www.grieta.org.mx\/wp-content\/uploads\/2024\/12\/Screenshot-2024-12-27-at-22-58-54-Enlace-Zapatista.png?resize=350%2C200","width":350,"height":200,"srcset":"https:\/\/i0.wp.com\/www.grieta.org.mx\/wp-content\/uploads\/2024\/12\/Screenshot-2024-12-27-at-22-58-54-Enlace-Zapatista.png?resize=350%2C200 1x, https:\/\/i0.wp.com\/www.grieta.org.mx\/wp-content\/uploads\/2024\/12\/Screenshot-2024-12-27-at-22-58-54-Enlace-Zapatista.png?resize=525%2C300 1.5x, https:\/\/i0.wp.com\/www.grieta.org.mx\/wp-content\/uploads\/2024\/12\/Screenshot-2024-12-27-at-22-58-54-Enlace-Zapatista.png?resize=700%2C400 2x, https:\/\/i0.wp.com\/www.grieta.org.mx\/wp-content\/uploads\/2024\/12\/Screenshot-2024-12-27-at-22-58-54-Enlace-Zapatista.png?resize=1050%2C600 3x"},"classes":[]}],"_links":{"self":[{"href":"http:\/\/www.grieta.org.mx\/index.php\/wp-json\/wp\/v2\/posts\/71220","targetHints":{"allow":["GET"]}}],"collection":[{"href":"http:\/\/www.grieta.org.mx\/index.php\/wp-json\/wp\/v2\/posts"}],"about":[{"href":"http:\/\/www.grieta.org.mx\/index.php\/wp-json\/wp\/v2\/types\/post"}],"author":[{"embeddable":true,"href":"http:\/\/www.grieta.org.mx\/index.php\/wp-json\/wp\/v2\/users\/2"}],"replies":[{"embeddable":true,"href":"http:\/\/www.grieta.org.mx\/index.php\/wp-json\/wp\/v2\/comments?post=71220"}],"version-history":[{"count":1,"href":"http:\/\/www.grieta.org.mx\/index.php\/wp-json\/wp\/v2\/posts\/71220\/revisions"}],"predecessor-version":[{"id":71222,"href":"http:\/\/www.grieta.org.mx\/index.php\/wp-json\/wp\/v2\/posts\/71220\/revisions\/71222"}],"wp:featuredmedia":[{"embeddable":true,"href":"http:\/\/www.grieta.org.mx\/index.php\/wp-json\/wp\/v2\/media\/71221"}],"wp:attachment":[{"href":"http:\/\/www.grieta.org.mx\/index.php\/wp-json\/wp\/v2\/media?parent=71220"}],"wp:term":[{"taxonomy":"category","embeddable":true,"href":"http:\/\/www.grieta.org.mx\/index.php\/wp-json\/wp\/v2\/categories?post=71220"},{"taxonomy":"post_tag","embeddable":true,"href":"http:\/\/www.grieta.org.mx\/index.php\/wp-json\/wp\/v2\/tags?post=71220"}],"curies":[{"name":"wp","href":"https:\/\/api.w.org\/{rel}","templated":true}]}}