{"id":71197,"date":"2025-02-27T17:49:43","date_gmt":"2025-02-27T23:49:43","guid":{"rendered":"https:\/\/www.grieta.org.mx\/?p=71197"},"modified":"2025-03-04T18:12:50","modified_gmt":"2025-03-05T00:12:50","slug":"acciones-anti-huelga-del-rector-provoca-sancion-economica-a-la-uaz-zacatecas","status":"publish","type":"post","link":"http:\/\/www.grieta.org.mx\/index.php\/2025\/02\/27\/acciones-anti-huelga-del-rector-provoca-sancion-economica-a-la-uaz-zacatecas\/","title":{"rendered":"Acciones anti-huelga del rector provoca sanci\u00f3n econ\u00f3mica a la UAZ (Zacatecas)"},"content":{"rendered":"<p><strong>El tribunal laboral impone multa de m\u00e1s de 148 mil pesos<\/strong><\/p>\n<p>El Sol de Zacatecas, 27 de febrero de 2025<br \/>\nAna Vacio<\/p>\n<p>El Tribunal Laboral del Poder Judicial del Estado, impuso una multa de 148 mil 552.82 pesos a la Universidad Aut\u00f3noma de Zacatecas (UAZ), por varios videos en los que aparece el rector Rub\u00e9n Ibarra Reyes, donde expresa su postura en contra del estallamiento a huelga, previo a su estallamiento.<\/p>\n<p>Seg\u00fan la notificaci\u00f3n firmada por la jueza del Tribunal Laboral de la Regi\u00f3n Centro Norte, Erika Ram\u00edrez Rom\u00e1n, las manifestaciones que dirigi\u00f3 el rector a los agremiados al Sindicato del Personal Acad\u00e9mico de la UAZ (SPAUAZ), constituyen una injerencia de la parte patronal en la vida sindical.<\/p>\n<p>La autoridad se\u00f1ala que dicha conducta represent\u00f3 riesgo de un perjuicio \u201cal desarrollo arm\u00f3nico de la vida al interior del sindicato, generando conflictos internos en el sindicato, y repercutiendo en el no estallamiento a huelga (\u2026) en detrimento de los derechos laborales colectivos\u201d.<\/p>\n<p>El documento fechado el 26 de febrero, dicta una sanci\u00f3n de 148 mil 552 pesos, y otorga tres d\u00edas h\u00e1biles a la Universidad para que cumpla con el pago de la misma.<\/p>\n<p>En el documento tambi\u00e9n se refiere que la patronal neg\u00f3 los actos, con el argumento de que puede tratarse de pruebas il\u00edcitas por no precisar el permiso o consentimiento del autor, lo cual fue rechazado ya que se publicaron en el perfil de Facebook \u201cRub\u00e9n Ibarra Reyes\u201d y \u201cArquitectura UAZ\u201d.<\/p>\n<p>La resoluci\u00f3n precisa que en ellos \u201caparece la imagen del rector, es aquel quien realiza las manifestaciones dirigidas a los agremiados al sindicato, y se presume que es quien los comparti\u00f3 desde el perfil que lleva su nombre\u201d.<\/p>\n<p>Los mensajes fueron publicados el 13, 14 y 16 de febrero; al d\u00eda siguiente se realiz\u00f3 el plebiscito en el que participaron dos mil 289 acad\u00e9micos, de los cuales, el 55% votaron a favor de la huelga que estall\u00f3 el 18 de febrero.<\/p>\n<p>La sanci\u00f3n en contra de la parte patronal, se hizo p\u00fablica al cumplirse 10 d\u00edas de la paralizaci\u00f3n de las actividades universitarias y a s\u00f3lo tres d\u00edas de que iniciaron las negociaciones con el sindicato.<\/p>\n<p><a href=\"https:\/\/oem.com.mx\/elsoldezacatecas\/local\/acciones-anti-huelga-del-rector-provoca-sancion-economica-a-la-uaz-21894755.app.json\">https:\/\/oem.com.mx\/elsoldezacatecas\/local\/acciones-anti-huelga-del-rector-provoca-sancion-economica-a-la-uaz-21894755.app.json<\/a><\/p>\n","protected":false},"excerpt":{"rendered":"<p>El tribunal laboral impone multa de m\u00e1s de 148 mil pesos El Sol de Zacatecas, 27 de febrero de 2025 Ana Vacio El Tribunal Laboral del Poder Judicial del Estado, &hellip; <a href=\"http:\/\/www.grieta.org.mx\/index.php\/2025\/02\/27\/acciones-anti-huelga-del-rector-provoca-sancion-economica-a-la-uaz-zacatecas\/\" class=\"more-link\">Leer m\u00e1s<\/a><\/p>\n","protected":false},"author":2,"featured_media":71204,"comment_status":"closed","ping_status":"closed","sticky":false,"template":"","format":"standard","meta":{"ngg_post_thumbnail":0,"_jetpack_newsletter_access":"","_jetpack_dont_email_post_to_subs":false,"_jetpack_newsletter_tier_id":0,"_jetpack_memberships_contains_paywalled_content":false,"_jetpack_memberships_contains_paid_content":false,"footnotes":""},"categories":[80,2419,3773,2,3716,3864,76],"tags":[3454,2154,2476,4235],"class_list":["post-71197","post","type-post","status-publish","format-standard","has-post-thumbnail","hentry","category-cintillo","category-conflictos-en-la-universidad-autonoma-de-zacatecas","category-conflictos-laborales-en-el-sector-publico-en-zacatecas","category-noticias-nacionales","category-resistencias-en-zacatecas","category-zacatecas-2","category-zacatecas","tag-crisis-de-la-educacion-publica","tag-huelga-universidades","tag-huelgas-universitarias","tag-luchas-por-la-educacion","entry"],"jetpack_featured_media_url":"http:\/\/www.grieta.org.mx\/wp-content\/uploads\/2025\/02\/Campus-siglo-XXI-UAZ.webp","jetpack_sharing_enabled":true,"jetpack_shortlink":"https:\/\/wp.me\/p7ZJR4-iwl","jetpack_likes_enabled":false,"jetpack-related-posts":[{"id":678,"url":"http:\/\/www.grieta.org.mx\/index.php\/2016\/02\/15\/conflictos-en-la-universidad-autonoma-de-zacatecas\/","url_meta":{"origin":71197,"position":0},"title":"Conflictos en la Universidad Aut\u00f3noma de Zacatecas","author":"grieta","date":"15 febrero, 2016","format":false,"excerpt":"15\/02\/16. Otro Paro en la UAZ NTR Zacatecas 12\/02\/16. Planta rector a SPAUAZ; STUAZ rechaza huelga NTR Zacatecas 27\/01\/16. Paro general en la UAZ NTR Zacatecas 26\/01\/16. Condicionan a alumnos de medicina de la UAZ NTR Zacatecas 18\/01\/16. Denuncia SPAUAZ a rector por peculado NTR Zacatecas 17\/12\/15. Prestar\u00e1 SPAUAZ dinero\u2026","rel":"","context":"En &quot;Zacatecas&quot;","block_context":{"text":"Zacatecas","link":"http:\/\/www.grieta.org.mx\/index.php\/category\/noticias-nacionales\/zacatecas\/"},"img":{"alt_text":"","src":"https:\/\/i0.wp.com\/www.grieta.org.mx\/wp-content\/uploads\/2018\/03\/14524434_1106112876131411_958039263622046936_o.jpg?resize=350%2C200","width":350,"height":200,"srcset":"https:\/\/i0.wp.com\/www.grieta.org.mx\/wp-content\/uploads\/2018\/03\/14524434_1106112876131411_958039263622046936_o.jpg?resize=350%2C200 1x, https:\/\/i0.wp.com\/www.grieta.org.mx\/wp-content\/uploads\/2018\/03\/14524434_1106112876131411_958039263622046936_o.jpg?resize=525%2C300 1.5x, https:\/\/i0.wp.com\/www.grieta.org.mx\/wp-content\/uploads\/2018\/03\/14524434_1106112876131411_958039263622046936_o.jpg?resize=700%2C400 2x"},"classes":[]},{"id":71056,"url":"http:\/\/www.grieta.org.mx\/index.php\/2025\/02\/18\/profesores-de-la-uaz-se-van-a-huelga-para-exigir-mejores-condiciones-laborales-zacatecas\/","url_meta":{"origin":71197,"position":1},"title":"Profesores de la UAZ se van a huelga para exigir mejores condiciones laborales (Zacatecas)","author":"grieta","date":"18 febrero, 2025","format":false,"excerpt":"Proceso Por Alonso Ch\u00e1vez Landeros martes, 18 de febrero de 2025 \u00b7 ZACATECAS, Zac. (apro).- Este mediod\u00eda de martes fueron colocadas las banderas rojinegras en la Universidad Aut\u00f3noma de Zacatecas (UAZ) tras estallar la huelga los integrantes del Sindicato de Personal Acad\u00e9mico (SPAUAZ). La huelga fue aprobada por la mayor\u00eda\u2026","rel":"","context":"En &quot;CINTILLO&quot;","block_context":{"text":"CINTILLO","link":"http:\/\/www.grieta.org.mx\/index.php\/category\/cintillo\/"},"img":{"alt_text":"","src":"https:\/\/i0.wp.com\/www.grieta.org.mx\/wp-content\/uploads\/2025\/02\/f685x385-217268_254961_5050.webp?resize=350%2C200","width":350,"height":200,"srcset":"https:\/\/i0.wp.com\/www.grieta.org.mx\/wp-content\/uploads\/2025\/02\/f685x385-217268_254961_5050.webp?resize=350%2C200 1x, https:\/\/i0.wp.com\/www.grieta.org.mx\/wp-content\/uploads\/2025\/02\/f685x385-217268_254961_5050.webp?resize=525%2C300 1.5x"},"classes":[]},{"id":71079,"url":"http:\/\/www.grieta.org.mx\/index.php\/2025\/02\/18\/estalla-la-huelga-en-la-uaz-zacatecas\/","url_meta":{"origin":71197,"position":2},"title":"Estalla la huelga en la UAZ (Zacatecas)","author":"grieta","date":"18 febrero, 2025","format":false,"excerpt":"El Sol de Zacatecas, 18 de febrero de 2025 Ana Vacio La Universidad Aut\u00f3noma de Zacatecas (UAZ) se va a la huelga este martes, por primera vez en 10 a\u00f1os. Durante el plebiscito convocado por el Sindicato del Personal Acad\u00e9mico (SPAUAZ), mil 261 agremiados apoyaron el \u201cs\u00ed a la huelga\u201d,\u2026","rel":"","context":"En &quot;Aguascalientes&quot;","block_context":{"text":"Aguascalientes","link":"http:\/\/www.grieta.org.mx\/index.php\/category\/noticias-nacionales\/aguascalientes\/"},"img":{"alt_text":"El SPAUAZ realiz\u00f3 un plebiscito donde los resultados favorecieron el estallamiento de huelga. \/ Ricardo Reyes \/ El Sol de Zacatecas","src":"https:\/\/i0.wp.com\/www.grieta.org.mx\/wp-content\/uploads\/2025\/02\/Resultados-de-plebiscito-de-huelga-de-la-UAZ.webp?resize=350%2C200","width":350,"height":200,"srcset":"https:\/\/i0.wp.com\/www.grieta.org.mx\/wp-content\/uploads\/2025\/02\/Resultados-de-plebiscito-de-huelga-de-la-UAZ.webp?resize=350%2C200 1x, https:\/\/i0.wp.com\/www.grieta.org.mx\/wp-content\/uploads\/2025\/02\/Resultados-de-plebiscito-de-huelga-de-la-UAZ.webp?resize=525%2C300 1.5x, https:\/\/i0.wp.com\/www.grieta.org.mx\/wp-content\/uploads\/2025\/02\/Resultados-de-plebiscito-de-huelga-de-la-UAZ.webp?resize=700%2C400 2x, https:\/\/i0.wp.com\/www.grieta.org.mx\/wp-content\/uploads\/2025\/02\/Resultados-de-plebiscito-de-huelga-de-la-UAZ.webp?resize=1050%2C600 3x"},"classes":[]},{"id":675,"url":"http:\/\/www.grieta.org.mx\/index.php\/2015\/02\/16\/docentes-de-zacatecas-activan-paro-de-brazos-caidos\/","url_meta":{"origin":71197,"position":3},"title":"Docentes de Zacatecas activan paro de brazos ca\u00eddos","author":"grieta","date":"16 febrero, 2015","format":false,"excerpt":"Sin Embargo Por Redacci\u00f3n \/ Sin Embargo febrero 16, 2015 Zacatecas, 16 Feb (Notimex).- Los docentes de la Universidad Aut\u00f3noma de Zacatecas (UAZ) iniciaron este lunes un paro de \u201cbrazos ca\u00eddos\u201d en esa casa de estudios en demanda de la soluci\u00f3n al problema econ\u00f3mico. En entrevista, el secretario general del\u2026","rel":"","context":"En &quot;CINTILLO&quot;","block_context":{"text":"CINTILLO","link":"http:\/\/www.grieta.org.mx\/index.php\/category\/cintillo\/"},"img":{"alt_text":"","src":"https:\/\/i0.wp.com\/www.grieta.org.mx\/wp-content\/uploads\/2018\/03\/14524434_1106112876131411_958039263622046936_o.jpg?resize=350%2C200","width":350,"height":200,"srcset":"https:\/\/i0.wp.com\/www.grieta.org.mx\/wp-content\/uploads\/2018\/03\/14524434_1106112876131411_958039263622046936_o.jpg?resize=350%2C200 1x, https:\/\/i0.wp.com\/www.grieta.org.mx\/wp-content\/uploads\/2018\/03\/14524434_1106112876131411_958039263622046936_o.jpg?resize=525%2C300 1.5x, https:\/\/i0.wp.com\/www.grieta.org.mx\/wp-content\/uploads\/2018\/03\/14524434_1106112876131411_958039263622046936_o.jpg?resize=700%2C400 2x"},"classes":[]},{"id":28146,"url":"http:\/\/www.grieta.org.mx\/index.php\/2018\/12\/15\/peligran-aguinaldos-de-las-universidades\/","url_meta":{"origin":71197,"position":4},"title":"Peligran aguinaldos de las universidades","author":"grieta","date":"15 diciembre, 2018","format":false,"excerpt":"Editoras OEM\/El Sol de M\u00e9xico \u00a0 La crisis financiera que sufren\u00a0varias de las universidades p\u00fablicas\u00a0del pa\u00eds se agudiz\u00f3 con la\u00a0llegada de diciembre, mes en el\u00a0que se deben hacer los pagos de\u00a0prestaciones fuertes como el aguinaldo. Ayer, el rector de la Universidad Aut\u00f3noma\u00a0de Zacatecas (UAZ), Antonio Guzm\u00e1n\u00a0Fern\u00e1ndez dio a conocer a\u2026","rel":"","context":"En &quot;CINTILLO&quot;","block_context":{"text":"CINTILLO","link":"http:\/\/www.grieta.org.mx\/index.php\/category\/cintillo\/"},"img":{"alt_text":"","src":"https:\/\/i0.wp.com\/www.grieta.org.mx\/wp-content\/uploads\/2019\/01\/zacatecas.jpg?resize=350%2C200","width":350,"height":200,"srcset":"https:\/\/i0.wp.com\/www.grieta.org.mx\/wp-content\/uploads\/2019\/01\/zacatecas.jpg?resize=350%2C200 1x, https:\/\/i0.wp.com\/www.grieta.org.mx\/wp-content\/uploads\/2019\/01\/zacatecas.jpg?resize=525%2C300 1.5x, https:\/\/i0.wp.com\/www.grieta.org.mx\/wp-content\/uploads\/2019\/01\/zacatecas.jpg?resize=700%2C400 2x"},"classes":[]},{"id":71168,"url":"http:\/\/www.grieta.org.mx\/index.php\/2025\/03\/02\/estalla-huelga-en-la-uaz-contra-el-desprecio-hacia-la-educacion-publica-zacatecas\/","url_meta":{"origin":71197,"position":5},"title":"Estalla huelga en la UAZ: contra el desprecio hacia la educaci\u00f3n p\u00fablica. (Zacatecas)","author":"grieta","date":"2 marzo, 2025","format":false,"excerpt":"Colectivo Grieta 01 de marzo de 2025 Ciudad de M\u00e9xico.- El Sindicato de Personal Acad\u00e9mico de la Universidad Aut\u00f3noma de Zacatecas (SPAUAZ) tom\u00f3 una decisi\u00f3n contundente al votar mayoritariamente a favor del estallamiento de la huelga el mi\u00e9rcoles 19 de febrero. Este hecho no puede considerarse un evento aislado o\u2026","rel":"","context":"En &quot;CINTILLO&quot;","block_context":{"text":"CINTILLO","link":"http:\/\/www.grieta.org.mx\/index.php\/category\/cintillo\/"},"img":{"alt_text":"","src":"https:\/\/i0.wp.com\/www.grieta.org.mx\/wp-content\/uploads\/2025\/03\/Foto-de-levjardon-scaled.jpg?resize=350%2C200","width":350,"height":200,"srcset":"https:\/\/i0.wp.com\/www.grieta.org.mx\/wp-content\/uploads\/2025\/03\/Foto-de-levjardon-scaled.jpg?resize=350%2C200 1x, https:\/\/i0.wp.com\/www.grieta.org.mx\/wp-content\/uploads\/2025\/03\/Foto-de-levjardon-scaled.jpg?resize=525%2C300 1.5x, https:\/\/i0.wp.com\/www.grieta.org.mx\/wp-content\/uploads\/2025\/03\/Foto-de-levjardon-scaled.jpg?resize=700%2C400 2x, https:\/\/i0.wp.com\/www.grieta.org.mx\/wp-content\/uploads\/2025\/03\/Foto-de-levjardon-scaled.jpg?resize=1050%2C600 3x, https:\/\/i0.wp.com\/www.grieta.org.mx\/wp-content\/uploads\/2025\/03\/Foto-de-levjardon-scaled.jpg?resize=1400%2C800 4x"},"classes":[]}],"_links":{"self":[{"href":"http:\/\/www.grieta.org.mx\/index.php\/wp-json\/wp\/v2\/posts\/71197","targetHints":{"allow":["GET"]}}],"collection":[{"href":"http:\/\/www.grieta.org.mx\/index.php\/wp-json\/wp\/v2\/posts"}],"about":[{"href":"http:\/\/www.grieta.org.mx\/index.php\/wp-json\/wp\/v2\/types\/post"}],"author":[{"embeddable":true,"href":"http:\/\/www.grieta.org.mx\/index.php\/wp-json\/wp\/v2\/users\/2"}],"replies":[{"embeddable":true,"href":"http:\/\/www.grieta.org.mx\/index.php\/wp-json\/wp\/v2\/comments?post=71197"}],"version-history":[{"count":1,"href":"http:\/\/www.grieta.org.mx\/index.php\/wp-json\/wp\/v2\/posts\/71197\/revisions"}],"predecessor-version":[{"id":71205,"href":"http:\/\/www.grieta.org.mx\/index.php\/wp-json\/wp\/v2\/posts\/71197\/revisions\/71205"}],"wp:featuredmedia":[{"embeddable":true,"href":"http:\/\/www.grieta.org.mx\/index.php\/wp-json\/wp\/v2\/media\/71204"}],"wp:attachment":[{"href":"http:\/\/www.grieta.org.mx\/index.php\/wp-json\/wp\/v2\/media?parent=71197"}],"wp:term":[{"taxonomy":"category","embeddable":true,"href":"http:\/\/www.grieta.org.mx\/index.php\/wp-json\/wp\/v2\/categories?post=71197"},{"taxonomy":"post_tag","embeddable":true,"href":"http:\/\/www.grieta.org.mx\/index.php\/wp-json\/wp\/v2\/tags?post=71197"}],"curies":[{"name":"wp","href":"https:\/\/api.w.org\/{rel}","templated":true}]}}