{"id":71005,"date":"2025-01-29T17:38:05","date_gmt":"2025-01-29T23:38:05","guid":{"rendered":"https:\/\/www.grieta.org.mx\/?p=71005"},"modified":"2025-02-17T17:42:56","modified_gmt":"2025-02-17T23:42:56","slug":"en-operativo-de-busqueda-de-la-activista-sandra-dominguez-mueren-cuatro-personas-entre-ellas-un-agente-federal-oaxaca","status":"publish","type":"post","link":"http:\/\/www.grieta.org.mx\/index.php\/2025\/01\/29\/en-operativo-de-busqueda-de-la-activista-sandra-dominguez-mueren-cuatro-personas-entre-ellas-un-agente-federal-oaxaca\/","title":{"rendered":"En operativo de b\u00fasqueda de la activista Sandra Dom\u00ednguez mueren cuatro personas; entre ellas un agente federal (Oaxaca)"},"content":{"rendered":"<p>Imagen: Itsmo Prees<\/p>\n<p>Diana Manzo \/ Itsmo Press<\/p>\n<p>Oaxaca, Oax.- En un operativo de b\u00fasqueda para localizar a la activista mixe, Sandra Dom\u00ednguez y su esposo Alexander Hern\u00e1ndez encabezado por agentes federales de la Comisi\u00f3n Nacional Antisecuestros en la zona de Mar\u00eda Lombardo, Oaxaca se suscit\u00f3 un enfrentamiento con civiles armados y murieron \u00a0cuatro personas.<\/p>\n<p>Oaxaca, Oax.- En un operativo de b\u00fasqueda para localizar a la activista mixe, Sandra Dom\u00ednguez y su esposo Alexander Hern\u00e1ndez encabezado por agentes federales de la Comisi\u00f3n Nacional Antisecuestros en la zona de Mar\u00eda Lombardo, Oaxaca se suscit\u00f3 un enfrentamiento con civiles armados y murieron \u00a0cuatro personas.<\/p>\n<p class=\"p3\"><span class=\"s2\">El secretario de seguridad p\u00fablica<span class=\"Apple-converted-space\">\u00a0\u00a0<\/span>de Oaxaca Iv\u00e1n Garc\u00eda \u00c1lvarez, Secretario de Seguridad y Protecci\u00f3n Ciudadana de Oaxaca Iv\u00e1n Garc\u00eda confirm\u00f3 que se trat\u00f3 de un enfrentamiento y que hubo fallecidos, pero que ser\u00e1 la Fiscal\u00eda de Oaxaca quien d\u00e9 los detalles y mayor informaci\u00f3n.<\/span><\/p>\n<p class=\"p3\"><span class=\"s2\">En su cuenta de X, el Secretario de Seguridad y Protecci\u00f3n Ciudadana del gobierno federal, Omar Garc\u00eda Harfuch, confirm\u00f3 la noticia y lament\u00f3 el deceso de su compa\u00f1ero.<\/span><\/p>\n<p class=\"p3\"><span class=\"s2\">\u201cAl dar cumplimiento a una orden de aprehensi\u00f3n en Veracruz de una persona relacionada con la desaparici\u00f3n de la activista<\/span><\/p>\n<p class=\"p3\"><span class=\"s2\">Sandra Dom\u00ednguez, compa\u00f1eros de @SSPCMexico y de la Fiscal\u00eda General de Oaxaca fueron agredidos por hombres armados\u201d, dijo el funcionario nacional.<\/span><\/p>\n<p class=\"p3\"><span class=\"s2\">Y agreg\u00f3 que \u201cDerivado del enfrentamiento, tres agresores perdieron la vida incluyendo el l\u00edder de la c\u00e9lula delictiva. Lamentablemente un compa\u00f1ero de Investigaci\u00f3n perdi\u00f3 la vida tras ser atendido en el hospital. Nuestro compa\u00f1ero perdi\u00f3 la vida en una acci\u00f3n valiente cumpliendo con su deber y sacando de las calles a generadores de violencia que afectan a nuestro pa\u00eds\u201d.<\/span><\/p>\n<p class=\"p3\"><span class=\"s2\">La Fiscal\u00eda de Oaxaca por su parte inform\u00f3 que el enfrentamiento ocurri\u00f3 al momento en que ejecutaban la orden de aprehensi\u00f3n, el imputado y las personas que le acompa\u00f1aban realizaron disparos de arma de fuego contra las autoridades, logrando lesionar a un elemento federal identificado por las iniciales B. A. A., quien perdi\u00f3 la vida cuando recib\u00eda atenci\u00f3n m\u00e9dica.<\/span><\/p>\n<p><a href=\"https:\/\/www.istmopress.com.mx\/oaxaca\/en-operativo-de-busqueda-de-la-activista-sandra-dominguez-asesinan-a-cuatro-personas-entre-ellas-un-agente-federal\/\">https:\/\/www.istmopress.com.mx\/oaxaca\/en-operativo-de-busqueda-de-la-activista-sandra-dominguez-asesinan-a-cuatro-personas-entre-ellas-un-agente-federal\/<\/a><\/p>\n","protected":false},"excerpt":{"rendered":"<p>Imagen: Itsmo Prees Diana Manzo \/ Itsmo Press Oaxaca, Oax.- En un operativo de b\u00fasqueda para localizar a la activista mixe, Sandra Dom\u00ednguez y su esposo Alexander Hern\u00e1ndez encabezado por &hellip; <a href=\"http:\/\/www.grieta.org.mx\/index.php\/2025\/01\/29\/en-operativo-de-busqueda-de-la-activista-sandra-dominguez-mueren-cuatro-personas-entre-ellas-un-agente-federal-oaxaca\/\" class=\"more-link\">Leer m\u00e1s<\/a><\/p>\n","protected":false},"author":2,"featured_media":71006,"comment_status":"closed","ping_status":"closed","sticky":false,"template":"","format":"standard","meta":{"ngg_post_thumbnail":0,"_jetpack_newsletter_access":"","_jetpack_dont_email_post_to_subs":false,"_jetpack_newsletter_tier_id":0,"_jetpack_memberships_contains_paywalled_content":false,"_jetpack_memberships_contains_paid_content":false,"footnotes":""},"categories":[80,87,2832,2,25,83],"tags":[4005,1828,3018,121,1668,3975],"class_list":["post-71005","post","type-post","status-publish","format-standard","has-post-thumbnail","hentry","category-cintillo","category-desaparecidos","category-desaparecidos-en-oaxaca","category-noticias-nacionales","category-oaxaca","category-temas-nacionales","tag-agresiones-a-defensores-y-activistas","tag-busqueda-de-desaparecidos","tag-colectivos-de-busqueda-de-desaparecidos","tag-desaparecidos","tag-familiares-de-desaparecidos","tag-madres-de-desaparecidos","entry"],"jetpack_featured_media_url":"http:\/\/www.grieta.org.mx\/wp-content\/uploads\/2025\/02\/IMG_1863-774x445-1.jpeg","jetpack_sharing_enabled":true,"jetpack_shortlink":"https:\/\/wp.me\/p7ZJR4-itf","jetpack_likes_enabled":false,"jetpack-related-posts":[{"id":71251,"url":"http:\/\/www.grieta.org.mx\/index.php\/2025\/03\/05\/a-sandra-la-desaparecio-el-estado-marchan-para-exigir-aparicion-con-vida-de-la-activista-activista-ayuuk-sandra-dominguez-oaxaca\/","url_meta":{"origin":71005,"position":0},"title":"\u00a1A Sandra la desapareci\u00f3 el estado! : Marchan para exigir aparici\u00f3n con vida de la activista activista ayuuk Sandra Dom\u00ednguez (Oaxaca)","author":"grieta","date":"5 marzo, 2025","format":false,"excerpt":"Imagen: Istmo Press Diana Manzo \/ Istmo Press Oaxaca, Oax.- \u00a1A Sandra, la desapareci\u00f3 el estado, y la queremos con vida!, as\u00ed marcharon por las calles de la capital de Oaxaca, familiares, activistas y amigas de la defensora ayuuk Sandra Dom\u00ednguez para exigir su localizaci\u00f3n con vida a 5 meses\u2026","rel":"","context":"En &quot;CINTILLO&quot;","block_context":{"text":"CINTILLO","link":"http:\/\/www.grieta.org.mx\/index.php\/category\/cintillo\/"},"img":{"alt_text":"","src":"https:\/\/i0.wp.com\/www.grieta.org.mx\/wp-content\/uploads\/2025\/03\/71725775-070a-4a72-ba97-890138cc96a0-800x445-1.jpeg?resize=350%2C200","width":350,"height":200,"srcset":"https:\/\/i0.wp.com\/www.grieta.org.mx\/wp-content\/uploads\/2025\/03\/71725775-070a-4a72-ba97-890138cc96a0-800x445-1.jpeg?resize=350%2C200 1x, https:\/\/i0.wp.com\/www.grieta.org.mx\/wp-content\/uploads\/2025\/03\/71725775-070a-4a72-ba97-890138cc96a0-800x445-1.jpeg?resize=525%2C300 1.5x, https:\/\/i0.wp.com\/www.grieta.org.mx\/wp-content\/uploads\/2025\/03\/71725775-070a-4a72-ba97-890138cc96a0-800x445-1.jpeg?resize=700%2C400 2x"},"classes":[]},{"id":70619,"url":"http:\/\/www.grieta.org.mx\/index.php\/2024\/11\/19\/familiares-de-la-activista-desaparecida-sandra-dominguez-levantan-planton-por-hostigamiento-y-nula-voluntad-gubernamental-oaxaca\/","url_meta":{"origin":71005,"position":1},"title":"Familiares de la activista desaparecida, Sandra Dom\u00ednguez, levantan plant\u00f3n por hostigamiento y nula voluntad gubernamental (Oaxaca)","author":"grieta","date":"19 noviembre, 2024","format":false,"excerpt":"Imagen: Istmo Press #Oaxaca 19 Nov (#Istmopress) \u2013 Por hostigamiento y nula respuesta del gobierno de Oaxaca, familiares de la activista Ayuuk desaparecida, Sandra Dom\u00ednguez levantaron un plant\u00f3n que durante trece d\u00edas tuvieron d\u00eda y noche, en los pasillos del palacio de gobierno. En conferencia de prensa, la madre de\u2026","rel":"","context":"En &quot;CINTILLO&quot;","block_context":{"text":"CINTILLO","link":"http:\/\/www.grieta.org.mx\/index.php\/category\/cintillo\/"},"img":{"alt_text":"","src":"https:\/\/i0.wp.com\/www.grieta.org.mx\/wp-content\/uploads\/2024\/12\/1732072505557-800x445-1.jpg?resize=350%2C200","width":350,"height":200,"srcset":"https:\/\/i0.wp.com\/www.grieta.org.mx\/wp-content\/uploads\/2024\/12\/1732072505557-800x445-1.jpg?resize=350%2C200 1x, https:\/\/i0.wp.com\/www.grieta.org.mx\/wp-content\/uploads\/2024\/12\/1732072505557-800x445-1.jpg?resize=525%2C300 1.5x, https:\/\/i0.wp.com\/www.grieta.org.mx\/wp-content\/uploads\/2024\/12\/1732072505557-800x445-1.jpg?resize=700%2C400 2x"},"classes":[]},{"id":70122,"url":"http:\/\/www.grieta.org.mx\/index.php\/2024\/10\/13\/demandan-busqueda-eficaz-para-la-presentacion-con-vida-de-sandra-dominguez-martinez-defensora-de-derechos-humanos-oaxaca\/","url_meta":{"origin":71005,"position":2},"title":"Demandan b\u00fasqueda eficaz para la presentaci\u00f3n con vida de Sandra Dom\u00ednguez Mart\u00ednez, defensora de derechos humanos (Oaxaca)","author":"grieta","date":"13 octubre, 2024","format":false,"excerpt":"Imagen: Especial Redacci\u00f3n\u00a0 \/ Redacci\u00f3n P\u00e1gina 3 OAXACA. \u2013 Sandra Est\u00e9fana Dom\u00ednguez Mart\u00ednez esta desaparecida desde el 4 de octubre del 2024, tan pronto la familia se enter\u00f3 de tal situaci\u00f3n acudi\u00f3 a la fiscal\u00eda general de Justicia del Estado de Oaxaca a presentar la Denuncia Formal por su desaparici\u00f3n,\u2026","rel":"","context":"En &quot;CINTILLO&quot;","block_context":{"text":"CINTILLO","link":"http:\/\/www.grieta.org.mx\/index.php\/category\/cintillo\/"},"img":{"alt_text":"","src":"https:\/\/i0.wp.com\/www.grieta.org.mx\/wp-content\/uploads\/2024\/10\/SandraMartinez_Pagina3.jpeg?resize=350%2C200","width":350,"height":200,"srcset":"https:\/\/i0.wp.com\/www.grieta.org.mx\/wp-content\/uploads\/2024\/10\/SandraMartinez_Pagina3.jpeg?resize=350%2C200 1x, https:\/\/i0.wp.com\/www.grieta.org.mx\/wp-content\/uploads\/2024\/10\/SandraMartinez_Pagina3.jpeg?resize=525%2C300 1.5x, https:\/\/i0.wp.com\/www.grieta.org.mx\/wp-content\/uploads\/2024\/10\/SandraMartinez_Pagina3.jpeg?resize=700%2C400 2x, https:\/\/i0.wp.com\/www.grieta.org.mx\/wp-content\/uploads\/2024\/10\/SandraMartinez_Pagina3.jpeg?resize=1050%2C600 3x, https:\/\/i0.wp.com\/www.grieta.org.mx\/wp-content\/uploads\/2024\/10\/SandraMartinez_Pagina3.jpeg?resize=1400%2C800 4x"},"classes":[]},{"id":70318,"url":"http:\/\/www.grieta.org.mx\/index.php\/2024\/10\/17\/familiares-exigen-a-la-fiscalia-de-oaxaca-buscar-a-sus-familiares-hay-muchas-carpetas-en-el-olvido-no-hay-investigacion\/","url_meta":{"origin":71005,"position":3},"title":"Familiares exigen a la Fiscal\u00eda de Oaxaca buscar a sus familiares: \u201cHay muchas carpetas en el olvido, no hay investigaci\u00f3n\u201d","author":"grieta","date":"17 octubre, 2024","format":false,"excerpt":"Imagen: Itsmo Press Diana Manzo \/ Itsmo Press #Oaxaca 17 Oct (#Istmopress) \u2013 Para no olvidarlas y olvidarlos, familiares de personas desaparecidas realizaron una ceremonia de colocaci\u00f3n de fotograf\u00edas frente a Palacio de gobierno, en donde exigieron \u201cencontrarles\u201d. Las madres, padres y familiares con fotograf\u00eda en mano, se\u00f1alaron que a\u2026","rel":"","context":"En &quot;CINTILLO&quot;","block_context":{"text":"CINTILLO","link":"http:\/\/www.grieta.org.mx\/index.php\/category\/cintillo\/"},"img":{"alt_text":"","src":"https:\/\/i0.wp.com\/www.grieta.org.mx\/wp-content\/uploads\/2024\/10\/1729310211314-800x445-1.jpg?resize=350%2C200","width":350,"height":200,"srcset":"https:\/\/i0.wp.com\/www.grieta.org.mx\/wp-content\/uploads\/2024\/10\/1729310211314-800x445-1.jpg?resize=350%2C200 1x, https:\/\/i0.wp.com\/www.grieta.org.mx\/wp-content\/uploads\/2024\/10\/1729310211314-800x445-1.jpg?resize=525%2C300 1.5x, https:\/\/i0.wp.com\/www.grieta.org.mx\/wp-content\/uploads\/2024\/10\/1729310211314-800x445-1.jpg?resize=700%2C400 2x"},"classes":[]},{"id":65059,"url":"http:\/\/www.grieta.org.mx\/index.php\/2022\/09\/01\/oaxaca-el-estado-que-lo-tiene-todo-incluidas-las-desapariciones\/","url_meta":{"origin":71005,"position":4},"title":"Oaxaca: el estado que lo tiene todo, incluidas, las desapariciones","author":"grieta","date":"1 septiembre, 2022","format":false,"excerpt":"Imagen: Zona Docs \u201c\u00bfQu\u00e9 implica buscar a una persona desaparecida en Oaxaca?\u201d fue la pregunta que con justa rabia y dignidad respondieron integrantes de colectivos de b\u00fasqueda de este estado en el marco de la\u00a0Caravana Nacional de Memoria y Narrativas de la Desaparici\u00f3n en M\u00e9xico, que realiz\u00f3 la colectiva T\u00e9cnicas\u2026","rel":"","context":"En &quot;CINTILLO&quot;","block_context":{"text":"CINTILLO","link":"http:\/\/www.grieta.org.mx\/index.php\/category\/cintillo\/"},"img":{"alt_text":"","src":"https:\/\/i0.wp.com\/www.grieta.org.mx\/wp-content\/uploads\/2022\/09\/photo5514850506598623160-1068x801-1.jpg?resize=350%2C200","width":350,"height":200,"srcset":"https:\/\/i0.wp.com\/www.grieta.org.mx\/wp-content\/uploads\/2022\/09\/photo5514850506598623160-1068x801-1.jpg?resize=350%2C200 1x, https:\/\/i0.wp.com\/www.grieta.org.mx\/wp-content\/uploads\/2022\/09\/photo5514850506598623160-1068x801-1.jpg?resize=525%2C300 1.5x, https:\/\/i0.wp.com\/www.grieta.org.mx\/wp-content\/uploads\/2022\/09\/photo5514850506598623160-1068x801-1.jpg?resize=700%2C400 2x, https:\/\/i0.wp.com\/www.grieta.org.mx\/wp-content\/uploads\/2022\/09\/photo5514850506598623160-1068x801-1.jpg?resize=1050%2C600 3x"},"classes":[]},{"id":71572,"url":"http:\/\/www.grieta.org.mx\/index.php\/2025\/04\/09\/es-una-ofensa-de-la-presidenta-decir-que-no-hay-desapariciones-forzadas-nuestra-labor-no-es-por-gusto-reclama-martha-pablo-madre-buscadoras-de-oaxaca\/","url_meta":{"origin":71005,"position":5},"title":"\u201c Es una ofensa de la Presidenta decir que no hay desapariciones forzadas, nuestra labor no es por gusto\u201d reclama Martha Pablo, madre buscadoras de Oaxaca\u201d","author":"grieta","date":"9 abril, 2025","format":false,"excerpt":"Imagen: Istmo Press Diana Manzo \/ Istmo Press Oaxaca, Oax.- Martha Pablo desde hace casi 6 a\u00f1os se convirti\u00f3 en madre buscadora, un oficio criminalizado en M\u00e9xico, de la cual asegura no es una labor que desempe\u00f1e por gusto. La tambi\u00e9n representante de la colectiva oaxaque\u00f1a de madres, padres y\u2026","rel":"","context":"En &quot;CINTILLO&quot;","block_context":{"text":"CINTILLO","link":"http:\/\/www.grieta.org.mx\/index.php\/category\/cintillo\/"},"img":{"alt_text":"","src":"https:\/\/i0.wp.com\/www.grieta.org.mx\/wp-content\/uploads\/2025\/04\/f6c2e1ac-384d-4a55-8448-57dbe616e852-800x445-1.jpeg?resize=350%2C200","width":350,"height":200,"srcset":"https:\/\/i0.wp.com\/www.grieta.org.mx\/wp-content\/uploads\/2025\/04\/f6c2e1ac-384d-4a55-8448-57dbe616e852-800x445-1.jpeg?resize=350%2C200 1x, https:\/\/i0.wp.com\/www.grieta.org.mx\/wp-content\/uploads\/2025\/04\/f6c2e1ac-384d-4a55-8448-57dbe616e852-800x445-1.jpeg?resize=525%2C300 1.5x, https:\/\/i0.wp.com\/www.grieta.org.mx\/wp-content\/uploads\/2025\/04\/f6c2e1ac-384d-4a55-8448-57dbe616e852-800x445-1.jpeg?resize=700%2C400 2x"},"classes":[]}],"_links":{"self":[{"href":"http:\/\/www.grieta.org.mx\/index.php\/wp-json\/wp\/v2\/posts\/71005","targetHints":{"allow":["GET"]}}],"collection":[{"href":"http:\/\/www.grieta.org.mx\/index.php\/wp-json\/wp\/v2\/posts"}],"about":[{"href":"http:\/\/www.grieta.org.mx\/index.php\/wp-json\/wp\/v2\/types\/post"}],"author":[{"embeddable":true,"href":"http:\/\/www.grieta.org.mx\/index.php\/wp-json\/wp\/v2\/users\/2"}],"replies":[{"embeddable":true,"href":"http:\/\/www.grieta.org.mx\/index.php\/wp-json\/wp\/v2\/comments?post=71005"}],"version-history":[{"count":1,"href":"http:\/\/www.grieta.org.mx\/index.php\/wp-json\/wp\/v2\/posts\/71005\/revisions"}],"predecessor-version":[{"id":71008,"href":"http:\/\/www.grieta.org.mx\/index.php\/wp-json\/wp\/v2\/posts\/71005\/revisions\/71008"}],"wp:featuredmedia":[{"embeddable":true,"href":"http:\/\/www.grieta.org.mx\/index.php\/wp-json\/wp\/v2\/media\/71006"}],"wp:attachment":[{"href":"http:\/\/www.grieta.org.mx\/index.php\/wp-json\/wp\/v2\/media?parent=71005"}],"wp:term":[{"taxonomy":"category","embeddable":true,"href":"http:\/\/www.grieta.org.mx\/index.php\/wp-json\/wp\/v2\/categories?post=71005"},{"taxonomy":"post_tag","embeddable":true,"href":"http:\/\/www.grieta.org.mx\/index.php\/wp-json\/wp\/v2\/tags?post=71005"}],"curies":[{"name":"wp","href":"https:\/\/api.w.org\/{rel}","templated":true}]}}