{"id":70988,"date":"2025-02-04T08:57:24","date_gmt":"2025-02-04T14:57:24","guid":{"rendered":"https:\/\/www.grieta.org.mx\/?p=70988"},"modified":"2025-02-17T10:11:44","modified_gmt":"2025-02-17T16:11:44","slug":"denuncian-graves-irregularidades-de-empresa-encargada-de-obras-del-tren-maya-en-sur-de-quintana-roo","status":"publish","type":"post","link":"http:\/\/www.grieta.org.mx\/index.php\/2025\/02\/04\/denuncian-graves-irregularidades-de-empresa-encargada-de-obras-del-tren-maya-en-sur-de-quintana-roo\/","title":{"rendered":"Denuncian Graves Irregularidades de Empresa Encargada de Obras del Tren Maya en Sur de Quintana Roo"},"content":{"rendered":"<p>Antonio Brice\u00f1o\/CAMBIO 22<\/p>\n<blockquote><p>\u25ba Trabajadores acusan a Tizacons de despidos masivos sin pago de sueldos, aguinaldos y descansos trabajados; omisiones en materia de seguridad, ocultamiento de accidentes y hasta la alteraci\u00f3n de un diagn\u00f3stico m\u00e9dico sobre la muerte de un trabajador<\/p><\/blockquote>\n<p>CHETUMAL, 4 de febrero.- El fallecimiento de un joven, pagos inconclusos, despidos injustificados y descarrilamientos encubiertos son algunas de las irregularidades que rodean a la empresa Tizacons, encargada de los trabajos finales en los tramos del Tren Maya en el sur de Quintana Roo. La negligencia en las condiciones laborales ha quedado expuesta a trav\u00e9s de m\u00faltiples denuncias de ex empleados que, adem\u00e1s de ser v\u00edctimas de un trato injusto, han se\u00f1alado omisiones graves en materia de seguridad. Desde la alteraci\u00f3n de un diagn\u00f3stico m\u00e9dico para ocultar una muerte laboral hasta amenazas directas contra quienes exigen sus derechos, las acusaciones contra la empresa han aumentado, sin que hasta el momento las autoridades se pronuncien al respecto.<\/p>\n<p>La empresa Tizacons ha sido acusada de despedir a casi 30 empleados de manera injusta antes de las festividades decembrinas. Seg\u00fan denuncias de ex trabajadores, la empresa les habr\u00eda enga\u00f1ado al indicarles que ser\u00edan enviados de descanso por unos d\u00edas y que recibir\u00edan su pago posteriormente. Sin embargo, la llamada nunca lleg\u00f3 y los pagos no se realizaron, dejando a los trabajadores sin sus sueldos, descansos trabajados y aguinaldos. Los adeudos podr\u00edan oscilar entre los 30,000 y 40,000 pesos por empleado.<\/p>\n<p>Adem\u00e1s de los problemas econ\u00f3micos, los ex trabajadores han se\u00f1alado irregularidades en las condiciones laborales. Un ex empleado, quien prefiri\u00f3 mantenerse en el anonimato, revel\u00f3 que se han registrado varios accidentes ferroviarios relacionados con vagones de balasto, los cuales se han descarrilado debido a la mala gesti\u00f3n de los encargados. Uno de estos incidentes ocurri\u00f3 recientemente en el tramo de Bacalar, cerca de la comunidad de Limones, donde un vag\u00f3n de balasto termin\u00f3 descarrilado, poniendo en riesgo la seguridad de los trabajadores.<\/p>\n<p>Las denuncias no se limitan a los accidentes. El mismo ex trabajador narr\u00f3 c\u00f3mo, el a\u00f1o pasado, un joven de 22 a\u00f1os perdi\u00f3 la vida debido a un golpe de calor provocado por las altas temperaturas y la falta de suministro de agua y suero durante las extensas jornadas laborales. El joven fue trasladado al hospital comunitario de Bacalar, donde se confirm\u00f3 su fallecimiento. Inicialmente, el m\u00e9dico atribuy\u00f3 la muerte a un golpe de calor, pero, tras la intervenci\u00f3n de un encargado de la empresa identificado como Eloy Ramos, la versi\u00f3n cambi\u00f3 a una sobredosis por consumo de sustancias il\u00edcitas, lo que contradice el testimonio de sus compa\u00f1eros, quienes lo describ\u00edan como una persona responsable y sin vicios.<\/p>\n<p>Estas irregularidades han generado preocupaci\u00f3n y molestia entre los trabajadores, quienes exigen que se investiguen las pr\u00e1cticas de la empresa Tizacons. Los constantes se\u00f1alamientos dejan en evidencia las complicaciones en la gesti\u00f3n de las obras y la falta de resultados concretos en materia de seguridad y bienestar laboral. Incluso, cuando los trabajadores han tratado de comunicarse con Eloy Ramos, este les ha negado el pago y les ha advertido que si \u201ccontinuaban molestando\u201d no recibir\u00edan nada.<\/p>\n<p>    \u201cNunca nos contestaban el tel\u00e9fono y las pocas veces que este ingeniero nos contest\u00f3, nos respond\u00eda con rega\u00f1os, insultos y amenazas. Dec\u00eda que si segu\u00edamos pregunt\u00e1ndole, no se nos iba a pagar nada\u201d, agreg\u00f3 uno de los afectados.<\/p>\n<p>Las autoridades a\u00fan no han emitido un pronunciamiento oficial al respecto, pero los trabajadores esperan que se tomen medidas para garantizar el pago de sus adeudos y mejorar las condiciones laborales en los tramos del Tren Maya.<\/p>\n<p><a href=\"https:\/\/diariocambio22.mx\/denuncian-graves-irregularidades-de-empresa-encargada-de-obras-del-tren-maya-en-sur-de-quintana-roo\/\" target=\"_blank\">https:\/\/diariocambio22.mx\/denuncian-graves-irregularidades-de-empresa-encargada-de-obras-del-tren-maya-en-sur-de-quintana-roo\/<\/a><\/p>\n","protected":false},"excerpt":{"rendered":"<p>Antonio Brice\u00f1o\/CAMBIO 22 \u25ba Trabajadores acusan a Tizacons de despidos masivos sin pago de sueldos, aguinaldos y descansos trabajados; omisiones en materia de seguridad, ocultamiento de accidentes y hasta la &hellip; <a href=\"http:\/\/www.grieta.org.mx\/index.php\/2025\/02\/04\/denuncian-graves-irregularidades-de-empresa-encargada-de-obras-del-tren-maya-en-sur-de-quintana-roo\/\" class=\"more-link\">Leer m\u00e1s<\/a><\/p>\n","protected":false},"author":2,"featured_media":70989,"comment_status":"closed","ping_status":"closed","sticky":false,"template":"","format":"standard","meta":{"ngg_post_thumbnail":0,"_jetpack_newsletter_access":"","_jetpack_dont_email_post_to_subs":false,"_jetpack_newsletter_tier_id":0,"_jetpack_memberships_contains_paywalled_content":false,"_jetpack_memberships_contains_paid_content":false,"footnotes":""},"categories":[80,1084,910,3,922,926,944,952,2,3210,28,83,2026],"tags":[882,1690,634,105,380,2841,1082,1878],"class_list":["post-70988","post","type-post","status-publish","format-standard","has-post-thumbnail","hentry","category-cintillo","category-conflictos-laborales-en-quintana-roo","category-explotacion-y-precariedad-laboral","category-megaproyectos","category-megaproyectos-estados","category-mp-campeche","category-mp-quintana-roo","category-mp-yucatan","category-noticias-nacionales","category-precariedad-laboral-en-quintana-roo","category-quintana-roo","category-temas-nacionales","category-tren-maya","tag-accidentes-laborales","tag-adeudo-de-salarios","tag-condiciones-laborales","tag-derechos-laborales","tag-desprecio","tag-explotacion-y-precariedad-laboral","tag-falta-de-pagos","tag-tren-maya","entry"],"jetpack_featured_media_url":"http:\/\/www.grieta.org.mx\/wp-content\/uploads\/2025\/02\/Irregularidades.jpg","jetpack_sharing_enabled":true,"jetpack_shortlink":"https:\/\/wp.me\/p7ZJR4-isY","jetpack_likes_enabled":false,"jetpack-related-posts":[{"id":69500,"url":"http:\/\/www.grieta.org.mx\/index.php\/2024\/08\/19\/empleados-de-eura-e-isva-en-chetumal-protestan-por-el-adeudo-de-sus-pagos-quintana-roo\/","url_meta":{"origin":70988,"position":0},"title":"Empleados de Eura e ISVA en Chetumal protestan por el adeudo de sus pagos (Quintana Roo)","author":"grieta","date":"19 agosto, 2024","format":false,"excerpt":"Anah\u00ed Chamlati \/ Por Esto! Los trabajadores de las empresas Eura e ISVA, contratadas para las obras del Tren Maya se manifiestan a causa de la falta de pago. Los trabajadores acusaron que llevan varios d\u00edas sin recibir su sueldo. Mediante un bloqueo carretero en el tramo de Huay-Pix buscan\u2026","rel":"","context":"En &quot;CINTILLO&quot;","block_context":{"text":"CINTILLO","link":"http:\/\/www.grieta.org.mx\/index.php\/category\/cintillo\/"},"img":{"alt_text":"","src":"https:\/\/i0.wp.com\/www.grieta.org.mx\/wp-content\/uploads\/2024\/08\/Adeudos-e1724947568818.jpg?resize=350%2C200","width":350,"height":200,"srcset":"https:\/\/i0.wp.com\/www.grieta.org.mx\/wp-content\/uploads\/2024\/08\/Adeudos-e1724947568818.jpg?resize=350%2C200 1x, https:\/\/i0.wp.com\/www.grieta.org.mx\/wp-content\/uploads\/2024\/08\/Adeudos-e1724947568818.jpg?resize=525%2C300 1.5x, https:\/\/i0.wp.com\/www.grieta.org.mx\/wp-content\/uploads\/2024\/08\/Adeudos-e1724947568818.jpg?resize=700%2C400 2x"},"classes":[]},{"id":67223,"url":"http:\/\/www.grieta.org.mx\/index.php\/2023\/07\/24\/bloquean-volquetes-acceso-a-tramo-6-del-tren-maya-quintana-roo\/","url_meta":{"origin":70988,"position":1},"title":"Bloquean volquetes acceso a tramo 6 del Tren Maya (Quintana Roo)","author":"grieta","date":"24 julio, 2023","format":false,"excerpt":"Pedro Hern\u00e1ndez\/Quadrat\u00edn Quintana Roo OTH\u00d3N P. BLANCO, QRoo, 24 de julio de 2023.- Volqueteros inconformes contratados por la Secretaria de la Defensa Nacional realizan un bloqueo en los accesos a las obras del Tren Maya tramo 6. Los trabajadores denuncian que los elementos de la Secretaria de la Defenszla Nacional\u2026","rel":"","context":"En &quot;CINTILLO&quot;","block_context":{"text":"CINTILLO","link":"http:\/\/www.grieta.org.mx\/index.php\/category\/cintillo\/"},"img":{"alt_text":"","src":"https:\/\/i0.wp.com\/www.grieta.org.mx\/wp-content\/uploads\/2023\/07\/volqueteros-e1690326278300.jpg?resize=350%2C200","width":350,"height":200,"srcset":"https:\/\/i0.wp.com\/www.grieta.org.mx\/wp-content\/uploads\/2023\/07\/volqueteros-e1690326278300.jpg?resize=350%2C200 1x, https:\/\/i0.wp.com\/www.grieta.org.mx\/wp-content\/uploads\/2023\/07\/volqueteros-e1690326278300.jpg?resize=525%2C300 1.5x, https:\/\/i0.wp.com\/www.grieta.org.mx\/wp-content\/uploads\/2023\/07\/volqueteros-e1690326278300.jpg?resize=700%2C400 2x"},"classes":[]},{"id":70705,"url":"http:\/\/www.grieta.org.mx\/index.php\/2024\/12\/13\/trabajadores-del-tren-maya-bloquean-la-carretera-chetumal-bacalar-por-salarios-atrasados-quintana-roo\/","url_meta":{"origin":70988,"position":2},"title":"Trabajadores del Tren Maya Bloquean la Carretera Chetumal-Bacalar por Salarios Atrasados (Quintana Roo)","author":"grieta","date":"13 diciembre, 2024","format":false,"excerpt":"Antonio Brice\u00f1o \/ CAMBIO 22 Trabajadores del Tren Maya bloquearon esta ma\u00f1ana la carretera Chetumal-Bacalar, en protesta por la falta de pago de sus salarios desde octubre Exigen una soluci\u00f3n inmediata para poder reanudar su labor CHETUMAL, 13 de diciembre.- Un grupo de trabajadores del Tren Maya bloque\u00f3 esta ma\u00f1ana\u2026","rel":"","context":"En &quot;CINTILLO&quot;","block_context":{"text":"CINTILLO","link":"http:\/\/www.grieta.org.mx\/index.php\/category\/cintillo\/"},"img":{"alt_text":"","src":"https:\/\/i0.wp.com\/www.grieta.org.mx\/wp-content\/uploads\/2024\/12\/Bloqueo.jpg?resize=350%2C200","width":350,"height":200},"classes":[]},{"id":66796,"url":"http:\/\/www.grieta.org.mx\/index.php\/2023\/04\/13\/paran-trabajadores-de-tren-maya\/","url_meta":{"origin":70988,"position":3},"title":"Paran trabajadores de Tren Maya","author":"grieta","date":"13 abril, 2023","format":false,"excerpt":"Benito Jim\u00e9nez \/ Agencia Reforma \/ Heraldo.mx CIUDAD DE M\u00c9XICO.- Al menos 120 trabajadores de la Estaci\u00f3n Centenario del Tramo 7 del Tren Maya pararon ayer sus labores en demanda de la revisi\u00f3n de contratos y en protesta de supuestos malos tratos por parte de ingenieros militares que tienen a\u2026","rel":"","context":"En &quot;Campeche&quot;","block_context":{"text":"Campeche","link":"http:\/\/www.grieta.org.mx\/index.php\/category\/noticias-nacionales\/campeche\/"},"img":{"alt_text":"","src":"https:\/\/i0.wp.com\/www.grieta.org.mx\/wp-content\/uploads\/2023\/04\/ParanTrabajadores-e1681602408864.jpg?resize=350%2C200","width":350,"height":200,"srcset":"https:\/\/i0.wp.com\/www.grieta.org.mx\/wp-content\/uploads\/2023\/04\/ParanTrabajadores-e1681602408864.jpg?resize=350%2C200 1x, https:\/\/i0.wp.com\/www.grieta.org.mx\/wp-content\/uploads\/2023\/04\/ParanTrabajadores-e1681602408864.jpg?resize=525%2C300 1.5x, https:\/\/i0.wp.com\/www.grieta.org.mx\/wp-content\/uploads\/2023\/04\/ParanTrabajadores-e1681602408864.jpg?resize=700%2C400 2x"},"classes":[]},{"id":68775,"url":"http:\/\/www.grieta.org.mx\/index.php\/2024\/04\/04\/de-las-48-muertes-del-tren-maya-seis-ocurrieron-este-ano\/","url_meta":{"origin":70988,"position":4},"title":"De las 48 muertes del Tren Maya, seis ocurrieron este a\u00f1o","author":"grieta","date":"4 abril, 2024","format":false,"excerpt":"Itzel Chan \/Foto de Lorenzo Hern\u00e1ndez\/ Haz Ruido Las causas de muerte durante la construcci\u00f3n de esta obra son atropellamientos, aplastamiento por maquinaria pesada o por material de construcci\u00f3n, ca\u00edda desde estructuras, choques, golpe de calor, infartos y homicidio con arma de fuego durante la jornada laboral. M\u00e9rida, Yucat\u00e1n, 4\u2026","rel":"","context":"En &quot;Campeche&quot;","block_context":{"text":"Campeche","link":"http:\/\/www.grieta.org.mx\/index.php\/category\/noticias-nacionales\/campeche\/"},"img":{"alt_text":"","src":"https:\/\/i0.wp.com\/www.grieta.org.mx\/wp-content\/uploads\/2024\/04\/TrenMuerte-e1712337975869.jpg?resize=350%2C200","width":350,"height":200,"srcset":"https:\/\/i0.wp.com\/www.grieta.org.mx\/wp-content\/uploads\/2024\/04\/TrenMuerte-e1712337975869.jpg?resize=350%2C200 1x, https:\/\/i0.wp.com\/www.grieta.org.mx\/wp-content\/uploads\/2024\/04\/TrenMuerte-e1712337975869.jpg?resize=525%2C300 1.5x, https:\/\/i0.wp.com\/www.grieta.org.mx\/wp-content\/uploads\/2024\/04\/TrenMuerte-e1712337975869.jpg?resize=700%2C400 2x"},"classes":[]},{"id":69466,"url":"http:\/\/www.grieta.org.mx\/index.php\/2024\/08\/26\/bloquean-trabajadores-del-tren-maya-carretera-hacia-subteniente-lopez-y-belice-por-falta-de-pago-quintana-roo\/","url_meta":{"origin":70988,"position":5},"title":"Bloquean trabajadores del Tren Maya carretera hacia subteniente L\u00f3pez y Belice por falta de pago (Quintana Roo)","author":"grieta","date":"26 agosto, 2024","format":false,"excerpt":"Rafael Brice\u00f1o \/ Noticaribe CHETUMAL, MX.- Ante la falta de respuesta a sus peticiones de pago por el servicio prestado, trabajadores que construyen el paso del Tren Maya sobre la carretera que conduce a la comunidad de Subteniente L\u00f3pez y hacia Belice mantienen un bloqueo como protesta y medida de\u2026","rel":"","context":"En &quot;CINTILLO&quot;","block_context":{"text":"CINTILLO","link":"http:\/\/www.grieta.org.mx\/index.php\/category\/cintillo\/"},"img":{"alt_text":"","src":"https:\/\/i0.wp.com\/www.grieta.org.mx\/wp-content\/uploads\/2024\/08\/Bloquean.jpg?resize=350%2C200","width":350,"height":200,"srcset":"https:\/\/i0.wp.com\/www.grieta.org.mx\/wp-content\/uploads\/2024\/08\/Bloquean.jpg?resize=350%2C200 1x, https:\/\/i0.wp.com\/www.grieta.org.mx\/wp-content\/uploads\/2024\/08\/Bloquean.jpg?resize=525%2C300 1.5x"},"classes":[]}],"_links":{"self":[{"href":"http:\/\/www.grieta.org.mx\/index.php\/wp-json\/wp\/v2\/posts\/70988","targetHints":{"allow":["GET"]}}],"collection":[{"href":"http:\/\/www.grieta.org.mx\/index.php\/wp-json\/wp\/v2\/posts"}],"about":[{"href":"http:\/\/www.grieta.org.mx\/index.php\/wp-json\/wp\/v2\/types\/post"}],"author":[{"embeddable":true,"href":"http:\/\/www.grieta.org.mx\/index.php\/wp-json\/wp\/v2\/users\/2"}],"replies":[{"embeddable":true,"href":"http:\/\/www.grieta.org.mx\/index.php\/wp-json\/wp\/v2\/comments?post=70988"}],"version-history":[{"count":1,"href":"http:\/\/www.grieta.org.mx\/index.php\/wp-json\/wp\/v2\/posts\/70988\/revisions"}],"predecessor-version":[{"id":70990,"href":"http:\/\/www.grieta.org.mx\/index.php\/wp-json\/wp\/v2\/posts\/70988\/revisions\/70990"}],"wp:featuredmedia":[{"embeddable":true,"href":"http:\/\/www.grieta.org.mx\/index.php\/wp-json\/wp\/v2\/media\/70989"}],"wp:attachment":[{"href":"http:\/\/www.grieta.org.mx\/index.php\/wp-json\/wp\/v2\/media?parent=70988"}],"wp:term":[{"taxonomy":"category","embeddable":true,"href":"http:\/\/www.grieta.org.mx\/index.php\/wp-json\/wp\/v2\/categories?post=70988"},{"taxonomy":"post_tag","embeddable":true,"href":"http:\/\/www.grieta.org.mx\/index.php\/wp-json\/wp\/v2\/tags?post=70988"}],"curies":[{"name":"wp","href":"https:\/\/api.w.org\/{rel}","templated":true}]}}