{"id":70975,"date":"2025-01-30T17:56:49","date_gmt":"2025-01-30T23:56:49","guid":{"rendered":"https:\/\/www.grieta.org.mx\/?p=70975"},"modified":"2025-02-15T18:17:47","modified_gmt":"2025-02-16T00:17:47","slug":"comunidades-de-zacatecas-denuncian-nuevas-presiones-para-imponer-la-presa-milpillas","status":"publish","type":"post","link":"http:\/\/www.grieta.org.mx\/index.php\/2025\/01\/30\/comunidades-de-zacatecas-denuncian-nuevas-presiones-para-imponer-la-presa-milpillas\/","title":{"rendered":"Comunidades de Zacatecas denuncian nuevas presiones para imponer la Presa Milpillas"},"content":{"rendered":"<p><strong>Organizaciones y pobladores del R\u00edo Atenco rechazan la reactivaci\u00f3n de la la Presa Milpillas, denuncian manipulaci\u00f3n y exigen respeto a su territorio.<\/strong><\/p>\n<p>Por Mario Marlo \/ @Mariomarlo<br \/>\nZona Docs 30 de enero de 2025<\/p>\n<p>Zacatecas, M\u00e9xico.- Las comunidades del R\u00edo Atenco, en Zacatecas, volvieron a encender las alertas ante la reactivaci\u00f3n del proyecto de la Presa Milpillas. Desde hace m\u00e1s de ocho a\u00f1os, los pobladores han resistido la imposici\u00f3n de esta obra, que amenaza con despojarlos de su territorio y afectar gravemente su forma de vida. Ahora, denuncian que el gobierno estatal y federal han retomado estrategias de presi\u00f3n y enga\u00f1o para avanzar con el proyecto, ignorando el rechazo de los afectados.<\/p>\n<p>Seg\u00fan los habitantes de <strong>Jim\u00e9nez del Teul, Potrero, Atotonilco, Estancia de Guadalupe y Corrales<\/strong>, el gobierno de Zacatecas ha intensificado su presencia en las comunidades con visitas \u201cinformativas\u201d, entrega de despensas y la organizaci\u00f3n de eventos sociales para ganar la confianza de la poblaci\u00f3n. Sin embargo, estos acercamientos son vistos como t\u00e1cticas de manipulaci\u00f3n similares a las utilizadas en el pasado, cuando las autoridades intentaron dividir a las comunidades con promesas y presiones.<\/p>\n<figure id=\"attachment_70976\" aria-describedby=\"caption-attachment-70976\" style=\"width: 1300px\" class=\"wp-caption alignright\"><a href=\"http:\/\/www.grieta.org.mx\/wp-content\/uploads\/2025\/02\/Teul-12.jpg\"><img loading=\"lazy\" decoding=\"async\" data-attachment-id=\"70976\" data-permalink=\"http:\/\/www.grieta.org.mx\/index.php\/2025\/01\/30\/comunidades-de-zacatecas-denuncian-nuevas-presiones-para-imponer-la-presa-milpillas\/teul-12\/\" data-orig-file=\"http:\/\/www.grieta.org.mx\/wp-content\/uploads\/2025\/02\/Teul-12.jpg\" data-orig-size=\"1300,867\" data-comments-opened=\"0\" data-image-meta=\"{&quot;aperture&quot;:&quot;0&quot;,&quot;credit&quot;:&quot;&quot;,&quot;camera&quot;:&quot;&quot;,&quot;caption&quot;:&quot;&quot;,&quot;created_timestamp&quot;:&quot;0&quot;,&quot;copyright&quot;:&quot;&quot;,&quot;focal_length&quot;:&quot;0&quot;,&quot;iso&quot;:&quot;0&quot;,&quot;shutter_speed&quot;:&quot;0&quot;,&quot;title&quot;:&quot;&quot;,&quot;orientation&quot;:&quot;0&quot;}\" data-image-title=\"Teul-12\" data-image-description=\"\" data-image-caption=\"&lt;p&gt;Fotograf\u00eda: @Mariomarlo&lt;\/p&gt;\n\" data-medium-file=\"http:\/\/www.grieta.org.mx\/wp-content\/uploads\/2025\/02\/Teul-12-300x200.jpg\" data-large-file=\"http:\/\/www.grieta.org.mx\/wp-content\/uploads\/2025\/02\/Teul-12-1024x683.jpg\" src=\"http:\/\/www.grieta.org.mx\/wp-content\/uploads\/2025\/02\/Teul-12.jpg\" alt=\"\" width=\"1300\" height=\"867\" class=\"size-full wp-image-70976\" srcset=\"http:\/\/www.grieta.org.mx\/wp-content\/uploads\/2025\/02\/Teul-12.jpg 1300w, http:\/\/www.grieta.org.mx\/wp-content\/uploads\/2025\/02\/Teul-12-300x200.jpg 300w, http:\/\/www.grieta.org.mx\/wp-content\/uploads\/2025\/02\/Teul-12-1024x683.jpg 1024w, http:\/\/www.grieta.org.mx\/wp-content\/uploads\/2025\/02\/Teul-12-768x512.jpg 768w\" sizes=\"auto, (max-width: 1300px) 100vw, 1300px\" \/><\/a><figcaption id=\"caption-attachment-70976\" class=\"wp-caption-text\">Fotograf\u00eda: @Mariomarlo<\/figcaption><\/figure>\n<p>Las recientes declaraciones de Susana Rodr\u00edguez M\u00e1rquez, titular de la Secretar\u00eda del Agua y Medio Ambiente (SAMA) de Zacatecas, han generado a\u00fan m\u00e1s inquietud. La funcionaria asegur\u00f3 que se est\u00e1n realizando reuniones para \u201cbuscar el consenso\u201d y que hay avances en las negociaciones con los propietarios de los terrenos involucrados en la obra. Sin embargo, los pobladores desmienten estas afirmaciones y aseguran que el rechazo al proyecto sigue firme.<\/p>\n<p>En 2019, la Comisi\u00f3n Nacional del Agua (Conagua) retir\u00f3 una inversi\u00f3n de 504 millones de pesos destinada a la construcci\u00f3n de la presa debido al incumplimiento de acuerdos por parte del gobierno estatal. La falta de permisos y la negativa de las comunidades a vender sus tierras provocaron que la obra quedara suspendida.<\/p>\n<p>A pesar de estos antecedentes, las autoridades han incluido nuevamente la Presa Milpillas en el Plan Nacional H\u00eddrico 2024-2030. Seg\u00fan Rodr\u00edguez M\u00e1rquez, el proyecto requiere una inversi\u00f3n de 8,800 millones de pesos, monto que actualmente buscan volver a etiquetar. Esto ha despertado sospechas sobre el posible uso irregular de recursos p\u00fablicos y la insistencia en impulsar una obra que no cuenta con el respaldo de los pobladores.<\/p>\n<p>Las comunidades del R\u00edo Atenco reiteraron su negativa a la construcci\u00f3n de la presa, argumentando que el agua de la regi\u00f3n no debe destinarse a beneficiar a empresas mineras, cerveceras y refresqueras a costa de su territorio. Tambi\u00e9n han denunciado que el actual gobierno federal pretende revivir proyectos hidr\u00e1ulicos rechazados en sexenios anteriores, como la presa Las Cruces en Nayarit y la hidroel\u00e9ctrica El Naranjal en Veracruz.<\/p>\n<p>Ante este panorama, los pobladores exigen transparencia en el manejo de los recursos, una investigaci\u00f3n sobre la corrupci\u00f3n detr\u00e1s del proyecto y el respeto a su derecho a decidir sobre su territorio. <strong><em>&#8220;No queremos la presa Milpillas y no vamos a permitir que nos despojen\u201d<\/em><\/strong>, advierten.<\/p>\n<p>Las comunidades hicieron un llamado a la sociedad civil y a organismos defensores de derechos humanos para frenar la imposici\u00f3n de este proyecto y evitar que se repitan los intentos de despojo que han afectado a tantas comunidades en el pa\u00eds.<\/p>\n<p><a href=\"https:\/\/www.zonadocs.mx\/2025\/01\/30\/comunidades-de-zacatecas-denuncian-nuevas-presiones-para-imponer-la-presa-milpillas\/?utm_source=pocket_saves\">https:\/\/www.zonadocs.mx\/2025\/01\/30\/comunidades-de-zacatecas-denuncian-nuevas-presiones-para-imponer-la-presa-milpillas\/?utm_source=pocket_saves<\/a><\/p>\n","protected":false},"excerpt":{"rendered":"<p>Organizaciones y pobladores del R\u00edo Atenco rechazan la reactivaci\u00f3n de la la Presa Milpillas, denuncian manipulaci\u00f3n y exigen respeto a su territorio. Por Mario Marlo \/ @Mariomarlo Zona Docs 30 &hellip; <a href=\"http:\/\/www.grieta.org.mx\/index.php\/2025\/01\/30\/comunidades-de-zacatecas-denuncian-nuevas-presiones-para-imponer-la-presa-milpillas\/\" class=\"more-link\">Leer m\u00e1s<\/a><\/p>\n","protected":false},"author":2,"featured_media":70978,"comment_status":"closed","ping_status":"closed","sticky":false,"template":"","format":"standard","meta":{"ngg_post_thumbnail":0,"_jetpack_newsletter_access":"","_jetpack_dont_email_post_to_subs":false,"_jetpack_newsletter_tier_id":0,"_jetpack_memberships_contains_paywalled_content":false,"_jetpack_memberships_contains_paid_content":false,"footnotes":""},"categories":[80,3617,4233,2930,2,1107,1866,76],"tags":[2967,2216,4172,231,3015,1582],"class_list":["post-70975","post","type-post","status-publish","format-standard","has-post-thumbnail","hentry","category-cintillo","category-contaminacion-ambiental-en-zacatecas","category-defensa-de-la-tierra-y-el-territorio-en-zacatecas","category-despojo-de-tierras-y-territorios-en-zacatecas","category-noticias-nacionales","category-resistencia-contra-la-construccion-de-la-presa-milpillas","category-resistencia-contra-la-mineria-en-zacatecas","category-zacatecas","tag-afectaciones-por-mineria","tag-conflictos-por-mineria","tag-defensa-de-la-tierra-y-el-territorio","tag-defensores-ambientales","tag-empresas-cerveceras","tag-problemas-socioambientales","entry"],"jetpack_featured_media_url":"http:\/\/www.grieta.org.mx\/wp-content\/uploads\/2025\/02\/Teul-9-696x462-1.jpg","jetpack_sharing_enabled":true,"jetpack_shortlink":"https:\/\/wp.me\/p7ZJR4-isL","jetpack_likes_enabled":false,"jetpack-related-posts":[{"id":34681,"url":"http:\/\/www.grieta.org.mx\/index.php\/2019\/06\/12\/ong-y-pobladores-de-ocho-estados-respaldan-movimiento-contra-presa-milpillas-en-zacatecas\/","url_meta":{"origin":70975,"position":0},"title":"ONG y pobladores de ocho estados respaldan movimiento contra presa Milpillas en Zacatecas","author":"grieta","date":"12 junio, 2019","format":false,"excerpt":"Ver\u00f3nica Espinoza\/Proceso. ZACATECAS, Zac., (apro).- Representantes de pueblos y comunidades ind\u00edgenas y de organizaciones civiles defensoras del agua y territorio de ocho estados se reunieron el fin de semana en el ejido El Potrero del municipio de Jim\u00e9nez del Te\u00fal para respaldar la lucha del Movimiento en defensa del territorio\u2026","rel":"","context":"En &quot;CINTILLO&quot;","block_context":{"text":"CINTILLO","link":"http:\/\/www.grieta.org.mx\/index.php\/category\/cintillo\/"},"img":{"alt_text":"","src":"https:\/\/i0.wp.com\/www.grieta.org.mx\/wp-content\/uploads\/2019\/06\/EncuentroPueblosZac.jpg?resize=350%2C200","width":350,"height":200,"srcset":"https:\/\/i0.wp.com\/www.grieta.org.mx\/wp-content\/uploads\/2019\/06\/EncuentroPueblosZac.jpg?resize=350%2C200 1x, https:\/\/i0.wp.com\/www.grieta.org.mx\/wp-content\/uploads\/2019\/06\/EncuentroPueblosZac.jpg?resize=525%2C300 1.5x, https:\/\/i0.wp.com\/www.grieta.org.mx\/wp-content\/uploads\/2019\/06\/EncuentroPueblosZac.jpg?resize=700%2C400 2x"},"classes":[]},{"id":43062,"url":"http:\/\/www.grieta.org.mx\/index.php\/2020\/01\/13\/ratifican-ejidatarios-rechazo-a-presa-milpillas-zacatecas\/","url_meta":{"origin":70975,"position":1},"title":"Ratifican ejidatarios rechazo a presa Milpillas (Zacatecas)","author":"grieta","date":"13 enero, 2020","format":false,"excerpt":"MIRIAM SERRANO\/ NTR Zacatecas, 13 de enero de 2020 JIM\u00c9NEZ DEL TE\u00daL.- Luego de que el pasado 4 enero se llev\u00f3 a cabo una asamblea en el Ejido Atotonilco, se inform\u00f3 que ejidatarios de esta localidad y de El Potrero de manera un\u00e1nime ratificaron su rechazo a la autorizaci\u00f3n de\u2026","rel":"","context":"En &quot;CINTILLO&quot;","block_context":{"text":"CINTILLO","link":"http:\/\/www.grieta.org.mx\/index.php\/category\/cintillo\/"},"img":{"alt_text":"","src":"https:\/\/i0.wp.com\/www.grieta.org.mx\/wp-content\/uploads\/2018\/03\/14524434_1106112876131411_958039263622046936_o.jpg?resize=350%2C200","width":350,"height":200,"srcset":"https:\/\/i0.wp.com\/www.grieta.org.mx\/wp-content\/uploads\/2018\/03\/14524434_1106112876131411_958039263622046936_o.jpg?resize=350%2C200 1x, https:\/\/i0.wp.com\/www.grieta.org.mx\/wp-content\/uploads\/2018\/03\/14524434_1106112876131411_958039263622046936_o.jpg?resize=525%2C300 1.5x, https:\/\/i0.wp.com\/www.grieta.org.mx\/wp-content\/uploads\/2018\/03\/14524434_1106112876131411_958039263622046936_o.jpg?resize=700%2C400 2x"},"classes":[]},{"id":32998,"url":"http:\/\/www.grieta.org.mx\/index.php\/2019\/04\/30\/la-rema-denuncia-criminalizacion-de-ejidatarias-zacatecanas-que-se-oponen-a-la-presa-milpillas\/","url_meta":{"origin":70975,"position":2},"title":"La Rema denuncia criminalizaci\u00f3n de ejidatarias zacatecanas que se oponen a la presa Milpillas","author":"grieta","date":"30 abril, 2019","format":false,"excerpt":"Redacci\u00f3n\/Proceso ZACATECAS, Zac., (apro).- La Red Mexicana de Afectados por la Miner\u00eda (REMA) y el Movimiento en Defensa del Territorio y Del R\u00edo Atenco, acusaron a las autoridades estatales de Zacatecas de criminalizar a las mujeres ejidatarias que luchan por no llevar a cabo la construcci\u00f3n de la Presa Milpillas,\u2026","rel":"","context":"En &quot;CINTILLO&quot;","block_context":{"text":"CINTILLO","link":"http:\/\/www.grieta.org.mx\/index.php\/category\/cintillo\/"},"img":{"alt_text":"","src":"https:\/\/i0.wp.com\/www.grieta.org.mx\/wp-content\/uploads\/2019\/05\/Atotonilco-1078x671.jpg?resize=350%2C200","width":350,"height":200,"srcset":"https:\/\/i0.wp.com\/www.grieta.org.mx\/wp-content\/uploads\/2019\/05\/Atotonilco-1078x671.jpg?resize=350%2C200 1x, https:\/\/i0.wp.com\/www.grieta.org.mx\/wp-content\/uploads\/2019\/05\/Atotonilco-1078x671.jpg?resize=525%2C300 1.5x, https:\/\/i0.wp.com\/www.grieta.org.mx\/wp-content\/uploads\/2019\/05\/Atotonilco-1078x671.jpg?resize=700%2C400 2x, https:\/\/i0.wp.com\/www.grieta.org.mx\/wp-content\/uploads\/2019\/05\/Atotonilco-1078x671.jpg?resize=1050%2C600 3x"},"classes":[]},{"id":32999,"url":"http:\/\/www.grieta.org.mx\/index.php\/2019\/04\/30\/por-oponerse-a-la-presa-milpillas-mujeres-son-acusadas-de-secuestro-zacatecas\/","url_meta":{"origin":70975,"position":3},"title":"Por oponerse a la Presa Milpillas mujeres son acusadas de secuestro (Zacatecas)","author":"grieta","date":"30 abril, 2019","format":false,"excerpt":"Redacci\u00f3n\/Somos el medio Mujeres del Ejido Atotonilco son acusadas de secuestro por el gobierno de Zacatecas, al oponerse a la construcci\u00f3n de la Presa Milpillas La Red Mexicana de Afectados por la Miner\u00eda (REMA), denunci\u00f3 mediante un comunicado, al gobierno de Zacatecas de pretender criminalizar a las mujeres que forman\u2026","rel":"","context":"En &quot;CINTILLO&quot;","block_context":{"text":"CINTILLO","link":"http:\/\/www.grieta.org.mx\/index.php\/category\/cintillo\/"},"img":{"alt_text":"","src":"https:\/\/i0.wp.com\/www.grieta.org.mx\/wp-content\/uploads\/2019\/05\/milpill.jpg?resize=350%2C200","width":350,"height":200,"srcset":"https:\/\/i0.wp.com\/www.grieta.org.mx\/wp-content\/uploads\/2019\/05\/milpill.jpg?resize=350%2C200 1x, https:\/\/i0.wp.com\/www.grieta.org.mx\/wp-content\/uploads\/2019\/05\/milpill.jpg?resize=525%2C300 1.5x"},"classes":[]},{"id":52012,"url":"http:\/\/www.grieta.org.mx\/index.php\/2020\/06\/15\/presa-milpillas-la-pelea-por-el-agua-en-zacatecas-2\/","url_meta":{"origin":70975,"position":4},"title":"Presa Milpillas: la pelea por el agua en Zacatecas","author":"grieta","date":"15 junio, 2020","format":false,"excerpt":"Pobladores y campesinos de 19 ejidos del municipio de Jim\u00e9nez del Te\u00fal mantienen su resistencia contra la Presa Milpillas. Apoyados por la Red Mexicana de Afectados por la Miner\u00eda, los comuneros han comenzado a realizar acciones jur\u00eddicas Texto y fotograf\u00edas: Mario Marlo \/ ZonaDocs JIM\u00c9NEZ DEL TE\u00daL, ZACATECAS.- El 8\u2026","rel":"","context":"En &quot;CINTILLO&quot;","block_context":{"text":"CINTILLO","link":"http:\/\/www.grieta.org.mx\/index.php\/category\/cintillo\/"},"img":{"alt_text":"","src":"https:\/\/i0.wp.com\/www.grieta.org.mx\/wp-content\/uploads\/2020\/07\/Teul-12-1280x640.jpg?resize=350%2C200","width":350,"height":200,"srcset":"https:\/\/i0.wp.com\/www.grieta.org.mx\/wp-content\/uploads\/2020\/07\/Teul-12-1280x640.jpg?resize=350%2C200 1x, https:\/\/i0.wp.com\/www.grieta.org.mx\/wp-content\/uploads\/2020\/07\/Teul-12-1280x640.jpg?resize=525%2C300 1.5x, https:\/\/i0.wp.com\/www.grieta.org.mx\/wp-content\/uploads\/2020\/07\/Teul-12-1280x640.jpg?resize=700%2C400 2x, https:\/\/i0.wp.com\/www.grieta.org.mx\/wp-content\/uploads\/2020\/07\/Teul-12-1280x640.jpg?resize=1050%2C600 3x"},"classes":[]},{"id":29621,"url":"http:\/\/www.grieta.org.mx\/index.php\/2019\/02\/23\/la-presa-milpillas-amenaza-la-propiedad-ejidal-en-zacatecas\/","url_meta":{"origin":70975,"position":5},"title":"La presa Milpillas amenaza la propiedad ejidal en Zacatecas","author":"grieta","date":"23 febrero, 2019","format":false,"excerpt":"GUADALUPE ESPINOZA SAUCEDA\/Contral\u00ednea. En el Foro sobre la presa Milpillas, organizado en la Facultad de Econom\u00eda de la Universidad Aut\u00f3noma de Zacatecas, durante los d\u00edas 6 y 7 de febrero de este a\u00f1o en la capital del estado de Zacatecas, participaron las comunidades afectadas por el proyecto hidr\u00e1ulico y su\u2026","rel":"","context":"En &quot;CINTILLO&quot;","block_context":{"text":"CINTILLO","link":"http:\/\/www.grieta.org.mx\/index.php\/category\/cintillo\/"},"img":{"alt_text":"","src":"https:\/\/i0.wp.com\/www.grieta.org.mx\/wp-content\/uploads\/2019\/02\/1-Edgar-Chavez-Cuartoscuro.jpg?resize=350%2C200","width":350,"height":200,"srcset":"https:\/\/i0.wp.com\/www.grieta.org.mx\/wp-content\/uploads\/2019\/02\/1-Edgar-Chavez-Cuartoscuro.jpg?resize=350%2C200 1x, https:\/\/i0.wp.com\/www.grieta.org.mx\/wp-content\/uploads\/2019\/02\/1-Edgar-Chavez-Cuartoscuro.jpg?resize=525%2C300 1.5x"},"classes":[]}],"_links":{"self":[{"href":"http:\/\/www.grieta.org.mx\/index.php\/wp-json\/wp\/v2\/posts\/70975","targetHints":{"allow":["GET"]}}],"collection":[{"href":"http:\/\/www.grieta.org.mx\/index.php\/wp-json\/wp\/v2\/posts"}],"about":[{"href":"http:\/\/www.grieta.org.mx\/index.php\/wp-json\/wp\/v2\/types\/post"}],"author":[{"embeddable":true,"href":"http:\/\/www.grieta.org.mx\/index.php\/wp-json\/wp\/v2\/users\/2"}],"replies":[{"embeddable":true,"href":"http:\/\/www.grieta.org.mx\/index.php\/wp-json\/wp\/v2\/comments?post=70975"}],"version-history":[{"count":1,"href":"http:\/\/www.grieta.org.mx\/index.php\/wp-json\/wp\/v2\/posts\/70975\/revisions"}],"predecessor-version":[{"id":70979,"href":"http:\/\/www.grieta.org.mx\/index.php\/wp-json\/wp\/v2\/posts\/70975\/revisions\/70979"}],"wp:featuredmedia":[{"embeddable":true,"href":"http:\/\/www.grieta.org.mx\/index.php\/wp-json\/wp\/v2\/media\/70978"}],"wp:attachment":[{"href":"http:\/\/www.grieta.org.mx\/index.php\/wp-json\/wp\/v2\/media?parent=70975"}],"wp:term":[{"taxonomy":"category","embeddable":true,"href":"http:\/\/www.grieta.org.mx\/index.php\/wp-json\/wp\/v2\/categories?post=70975"},{"taxonomy":"post_tag","embeddable":true,"href":"http:\/\/www.grieta.org.mx\/index.php\/wp-json\/wp\/v2\/tags?post=70975"}],"curies":[{"name":"wp","href":"https:\/\/api.w.org\/{rel}","templated":true}]}}