{"id":70940,"date":"2025-02-03T23:48:13","date_gmt":"2025-02-04T05:48:13","guid":{"rendered":"https:\/\/www.grieta.org.mx\/?p=70940"},"modified":"2025-02-06T23:51:59","modified_gmt":"2025-02-07T05:51:59","slug":"queremos-paz-el-creciente-reclamo-en-sinaloa-ante-la-imparable-violencia-narco","status":"publish","type":"post","link":"http:\/\/www.grieta.org.mx\/index.php\/2025\/02\/03\/queremos-paz-el-creciente-reclamo-en-sinaloa-ante-la-imparable-violencia-narco\/","title":{"rendered":"&#8220;\u00a1Queremos paz!&#8221;: el creciente reclamo en Sinaloa ante la imparable violencia narco"},"content":{"rendered":"<div class=\"ArticleView-summary\">\n<div>RT<\/div>\n<div class=\"Text-root Text-type_1 \">La presidenta Claudia Sheinbaum volvi\u00f3 a culpar a EE.UU. del estallido de balaceras, secuestros y robos en ese estado del noroeste de M\u00e9xico.<\/div>\n<\/div>\n<div class=\"ArticleView-coverWrap\">\n<figure class=\"Cover-root\">\n<div class=\"Cover-image\"><picture class=\"Picture-root Picture-default\"><source srcset=\" \nhttps:\/\/mf.b37mrtl.ru\/actualidad\/public_images\/2025.01\/thumbnail\/6797c7c959bf5b725341c6f6.png 850w,\n                https:\/\/mf.b37mrtl.ru\/actualidad\/public_images\/2025.01\/article\/6797c7c959bf5b725341c6f6.png 1960w,            \" media=\"(-webkit-min-device-pixel-ratio: 2) and (min-resolution: 120dpi)\" sizes=\"964px\" data-srcset=\"\n                https:\/\/mf.b37mrtl.ru\/actualidad\/public_images\/2025.01\/thumbnail\/6797c7c959bf5b725341c6f6.png 850w,\n                https:\/\/mf.b37mrtl.ru\/actualidad\/public_images\/2025.01\/article\/6797c7c959bf5b725341c6f6.png 1960w,            \" \/><source srcset=\" \nhttps:\/\/mf.b37mrtl.ru\/actualidad\/public_images\/2025.01\/thumbnail\/6797c7c959bf5b725341c6f6.png 460w,\n              https:\/\/mf.b37mrtl.ru\/actualidad\/public_images\/2025.01\/article\/6797c7c959bf5b725341c6f6.png 980w,\n            \" sizes=\"964px\" data-srcset=\"\n              https:\/\/mf.b37mrtl.ru\/actualidad\/public_images\/2025.01\/thumbnail\/6797c7c959bf5b725341c6f6.png 460w,\n              https:\/\/mf.b37mrtl.ru\/actualidad\/public_images\/2025.01\/article\/6797c7c959bf5b725341c6f6.png 980w,\n            \" \/><img decoding=\"async\" class=\"Picture-root Picture-default lazyautosizes lazyloaded\" src=\"https:\/\/mf.b37mrtl.ru\/actualidad\/public_images\/2025.01\/thumbnail\/6797c7c959bf5b725341c6f6.png\" sizes=\"964px\" alt=\"&quot;\u00a1Queremos paz!&quot;: el creciente reclamo en Sinaloa ante la imparable violencia narco\" data-sizes=\"auto\" data-src=\"https:\/\/mf.b37mrtl.ru\/actualidad\/public_images\/2025.01\/thumbnail\/6797c7c959bf5b725341c6f6.png\" \/><\/picture><\/div><figcaption class=\"Cover-footer\"><span class=\"Cover-caption\"><span class=\"Cover-captionItem\">Marcha para exigir justicia por el asesinato de dos ni\u00f1os y el fin de la violencia, Sinaloa, Culiac\u00e1n, 24 de enero de 2025.<\/span><\/span><span class=\"Cover-source\"><span class=\"Cover-captionItem\">N+<\/span><span class=\"Cover-captionItem\">\u00a0\/ AP<\/span><\/span><\/figcaption><\/figure>\n<\/div>\n<div class=\"Text-root Text-type_5 ArticleView-text ViewText-root \">\n<p>Miles de personas salieron durante el fin de semana a las calles de Culiac\u00e1n, la capital de Sinaloa, para reclamar por la violencia que estall\u00f3 el a\u00f1o pasado y que ha\u00a0alterado\u00a0por completo la vida cotidiana en este estado del noroeste mexicano.<\/p>\n<p><strong>&#8220;\u00a1Queremos paz!, &#8220;Ning\u00fan inocente m\u00e1s&#8221;, &#8220;Paz por Sinaloa&#8221;, &#8220;Queremos vivir, no sobrevivir&#8221;<\/strong>, se\u00f1alaron algunas de las pancartas de las movilizaciones en las que uno de los principales reclamos fue la renuncia del gobernador Rub\u00e9n Rocha Moya.<\/p>\n<div class=\"EmbedBlock-root EmbedBlock-twitter\">\n<div class=\"TwitterEmbed\">\n<div class=\"twitter-tweet twitter-tweet-rendered\"><iframe id=\"twitter-widget-0\" class=\"\" title=\"X Post\" src=\"https:\/\/platform.twitter.com\/embed\/Tweet.html?dnt=false&amp;embedId=twitter-widget-0&amp;features=eyJ0ZndfdGltZWxpbmVfbGlzdCI6eyJidWNrZXQiOltdLCJ2ZXJzaW9uIjpudWxsfSwidGZ3X2ZvbGxvd2VyX2NvdW50X3N1bnNldCI6eyJidWNrZXQiOnRydWUsInZlcnNpb24iOm51bGx9LCJ0ZndfdHdlZXRfZWRpdF9iYWNrZW5kIjp7ImJ1Y2tldCI6Im9uIiwidmVyc2lvbiI6bnVsbH0sInRmd19yZWZzcmNfc2Vzc2lvbiI6eyJidWNrZXQiOiJvbiIsInZlcnNpb24iOm51bGx9LCJ0ZndfZm9zbnJfc29mdF9pbnRlcnZlbnRpb25zX2VuYWJsZWQiOnsiYnVja2V0Ijoib24iLCJ2ZXJzaW9uIjpudWxsfSwidGZ3X21peGVkX21lZGlhXzE1ODk3Ijp7ImJ1Y2tldCI6InRyZWF0bWVudCIsInZlcnNpb24iOm51bGx9LCJ0ZndfZXhwZXJpbWVudHNfY29va2llX2V4cGlyYXRpb24iOnsiYnVja2V0IjoxMjA5NjAwLCJ2ZXJzaW9uIjpudWxsfSwidGZ3X3Nob3dfYmlyZHdhdGNoX3Bpdm90c19lbmFibGVkIjp7ImJ1Y2tldCI6Im9uIiwidmVyc2lvbiI6bnVsbH0sInRmd19kdXBsaWNhdGVfc2NyaWJlc190b19zZXR0aW5ncyI6eyJidWNrZXQiOiJvbiIsInZlcnNpb24iOm51bGx9LCJ0ZndfdXNlX3Byb2ZpbGVfaW1hZ2Vfc2hhcGVfZW5hYmxlZCI6eyJidWNrZXQiOiJvbiIsInZlcnNpb24iOm51bGx9LCJ0ZndfdmlkZW9faGxzX2R5bmFtaWNfbWFuaWZlc3RzXzE1MDgyIjp7ImJ1Y2tldCI6InRydWVfYml0cmF0ZSIsInZlcnNpb24iOm51bGx9LCJ0ZndfbGVnYWN5X3RpbWVsaW5lX3N1bnNldCI6eyJidWNrZXQiOnRydWUsInZlcnNpb24iOm51bGx9LCJ0ZndfdHdlZXRfZWRpdF9mcm9udGVuZCI6eyJidWNrZXQiOiJvbiIsInZlcnNpb24iOm51bGx9fQ%3D%3D&amp;frame=false&amp;hideCard=false&amp;hideThread=false&amp;id=1883598100130083035&amp;lang=es&amp;origin=https%3A%2F%2Factualidad.rt.com%2Factualidad%2F538467-paz-creciente-reclamo-sinaloa-violencia-narco&amp;sessionId=2b54a04be1f15ec7a07fb9714e9cb0d499a23f17&amp;siteScreenName=ActualidadRT&amp;theme=light&amp;widgetsVersion=2615f7e52b7e0%3A1702314776716&amp;width=550px\" frameborder=\"0\" scrolling=\"no\" allowfullscreen=\"allowfullscreen\" data-tweet-id=\"1883598100130083035\" data-mce-fragment=\"1\"><\/iframe><\/div>\n<\/div>\n<\/div>\n<p>En las marchas, en las que predomin\u00f3 la ropa blanca como s\u00edmbolo de paz, se record\u00f3 a ni\u00f1os\u00a0asesinados\u00a0al azar en alguna balacera y a los adultos muertos o desaparecidos.<\/p>\n<p><strong>&#8220;Sal\u00ed a la escuela y no regres\u00e9&#8221;, &#8220;Te extra\u00f1o, tu esposa te espera&#8221;<\/strong>, afirmaban leyendas debajo de los rostros de las personas que fueron secuestradas, algunas incluso en sus propias casas, y cuyo paradero se desconoce.<\/p>\n<div class=\"EmbedBlock-root EmbedBlock-twitter\">\n<div class=\"TwitterEmbed\">\n<div class=\"twitter-tweet twitter-tweet-rendered\"><iframe id=\"twitter-widget-1\" class=\"\" title=\"X Post\" src=\"https:\/\/platform.twitter.com\/embed\/Tweet.html?dnt=false&amp;embedId=twitter-widget-1&amp;features=eyJ0ZndfdGltZWxpbmVfbGlzdCI6eyJidWNrZXQiOltdLCJ2ZXJzaW9uIjpudWxsfSwidGZ3X2ZvbGxvd2VyX2NvdW50X3N1bnNldCI6eyJidWNrZXQiOnRydWUsInZlcnNpb24iOm51bGx9LCJ0ZndfdHdlZXRfZWRpdF9iYWNrZW5kIjp7ImJ1Y2tldCI6Im9uIiwidmVyc2lvbiI6bnVsbH0sInRmd19yZWZzcmNfc2Vzc2lvbiI6eyJidWNrZXQiOiJvbiIsInZlcnNpb24iOm51bGx9LCJ0ZndfZm9zbnJfc29mdF9pbnRlcnZlbnRpb25zX2VuYWJsZWQiOnsiYnVja2V0Ijoib24iLCJ2ZXJzaW9uIjpudWxsfSwidGZ3X21peGVkX21lZGlhXzE1ODk3Ijp7ImJ1Y2tldCI6InRyZWF0bWVudCIsInZlcnNpb24iOm51bGx9LCJ0ZndfZXhwZXJpbWVudHNfY29va2llX2V4cGlyYXRpb24iOnsiYnVja2V0IjoxMjA5NjAwLCJ2ZXJzaW9uIjpudWxsfSwidGZ3X3Nob3dfYmlyZHdhdGNoX3Bpdm90c19lbmFibGVkIjp7ImJ1Y2tldCI6Im9uIiwidmVyc2lvbiI6bnVsbH0sInRmd19kdXBsaWNhdGVfc2NyaWJlc190b19zZXR0aW5ncyI6eyJidWNrZXQiOiJvbiIsInZlcnNpb24iOm51bGx9LCJ0ZndfdXNlX3Byb2ZpbGVfaW1hZ2Vfc2hhcGVfZW5hYmxlZCI6eyJidWNrZXQiOiJvbiIsInZlcnNpb24iOm51bGx9LCJ0ZndfdmlkZW9faGxzX2R5bmFtaWNfbWFuaWZlc3RzXzE1MDgyIjp7ImJ1Y2tldCI6InRydWVfYml0cmF0ZSIsInZlcnNpb24iOm51bGx9LCJ0ZndfbGVnYWN5X3RpbWVsaW5lX3N1bnNldCI6eyJidWNrZXQiOnRydWUsInZlcnNpb24iOm51bGx9LCJ0ZndfdHdlZXRfZWRpdF9mcm9udGVuZCI6eyJidWNrZXQiOiJvbiIsInZlcnNpb24iOm51bGx9fQ%3D%3D&amp;frame=false&amp;hideCard=false&amp;hideThread=false&amp;id=1883591355089510874&amp;lang=es&amp;origin=https%3A%2F%2Factualidad.rt.com%2Factualidad%2F538467-paz-creciente-reclamo-sinaloa-violencia-narco&amp;sessionId=2b54a04be1f15ec7a07fb9714e9cb0d499a23f17&amp;siteScreenName=ActualidadRT&amp;theme=light&amp;widgetsVersion=2615f7e52b7e0%3A1702314776716&amp;width=550px\" frameborder=\"0\" scrolling=\"no\" allowfullscreen=\"allowfullscreen\" data-tweet-id=\"1883591355089510874\" data-mce-fragment=\"1\"><\/iframe><\/div>\n<\/div>\n<\/div>\n<p>&#8220;Malditos aquellos que con sus palabras defienden al pueblo y con los hechos lo traicionan&#8221;,\u00a0<strong>&#8220;Para sacar a los delincuentes de las calles, primero hay que sacarlos del gobierno&#8221;<\/strong>, resumieron otros escritos que se refer\u00edan a las sospechas de vinculaci\u00f3n entre funcionarios y narcotraficantes.<\/p>\n<p>Uno de los momentos culminantes de las llamadas &#8216;Marchas por la paz&#8217; fue la quema de una\u00a0pi\u00f1ata\u00a0que ten\u00eda la figura del gobernador, quien en varias ocasiones ha\u00a0minimizado\u00a0el clima de violencia.<\/p>\n<div class=\"EmbedBlock-root EmbedBlock-twitter\">\n<div class=\"TwitterEmbed\">\n<div class=\"twitter-tweet twitter-tweet-rendered\"><iframe id=\"twitter-widget-2\" class=\"\" title=\"X Post\" src=\"https:\/\/platform.twitter.com\/embed\/Tweet.html?dnt=false&amp;embedId=twitter-widget-2&amp;features=eyJ0ZndfdGltZWxpbmVfbGlzdCI6eyJidWNrZXQiOltdLCJ2ZXJzaW9uIjpudWxsfSwidGZ3X2ZvbGxvd2VyX2NvdW50X3N1bnNldCI6eyJidWNrZXQiOnRydWUsInZlcnNpb24iOm51bGx9LCJ0ZndfdHdlZXRfZWRpdF9iYWNrZW5kIjp7ImJ1Y2tldCI6Im9uIiwidmVyc2lvbiI6bnVsbH0sInRmd19yZWZzcmNfc2Vzc2lvbiI6eyJidWNrZXQiOiJvbiIsInZlcnNpb24iOm51bGx9LCJ0ZndfZm9zbnJfc29mdF9pbnRlcnZlbnRpb25zX2VuYWJsZWQiOnsiYnVja2V0Ijoib24iLCJ2ZXJzaW9uIjpudWxsfSwidGZ3X21peGVkX21lZGlhXzE1ODk3Ijp7ImJ1Y2tldCI6InRyZWF0bWVudCIsInZlcnNpb24iOm51bGx9LCJ0ZndfZXhwZXJpbWVudHNfY29va2llX2V4cGlyYXRpb24iOnsiYnVja2V0IjoxMjA5NjAwLCJ2ZXJzaW9uIjpudWxsfSwidGZ3X3Nob3dfYmlyZHdhdGNoX3Bpdm90c19lbmFibGVkIjp7ImJ1Y2tldCI6Im9uIiwidmVyc2lvbiI6bnVsbH0sInRmd19kdXBsaWNhdGVfc2NyaWJlc190b19zZXR0aW5ncyI6eyJidWNrZXQiOiJvbiIsInZlcnNpb24iOm51bGx9LCJ0ZndfdXNlX3Byb2ZpbGVfaW1hZ2Vfc2hhcGVfZW5hYmxlZCI6eyJidWNrZXQiOiJvbiIsInZlcnNpb24iOm51bGx9LCJ0ZndfdmlkZW9faGxzX2R5bmFtaWNfbWFuaWZlc3RzXzE1MDgyIjp7ImJ1Y2tldCI6InRydWVfYml0cmF0ZSIsInZlcnNpb24iOm51bGx9LCJ0ZndfbGVnYWN5X3RpbWVsaW5lX3N1bnNldCI6eyJidWNrZXQiOnRydWUsInZlcnNpb24iOm51bGx9LCJ0ZndfdHdlZXRfZWRpdF9mcm9udGVuZCI6eyJidWNrZXQiOiJvbiIsInZlcnNpb24iOm51bGx9fQ%3D%3D&amp;frame=false&amp;hideCard=false&amp;hideThread=false&amp;id=1883590144655032379&amp;lang=es&amp;origin=https%3A%2F%2Factualidad.rt.com%2Factualidad%2F538467-paz-creciente-reclamo-sinaloa-violencia-narco&amp;sessionId=2b54a04be1f15ec7a07fb9714e9cb0d499a23f17&amp;siteScreenName=ActualidadRT&amp;theme=light&amp;widgetsVersion=2615f7e52b7e0%3A1702314776716&amp;width=550px\" frameborder=\"0\" scrolling=\"no\" allowfullscreen=\"allowfullscreen\" data-tweet-id=\"1883590144655032379\" data-mce-fragment=\"1\"><\/iframe><\/div>\n<\/div>\n<\/div>\n<h3>Respuesta<\/h3>\n<p>Este lunes, la presidenta de M\u00e9xico, Claudia Sheinbaum, fue cuestionada por las movilizaciones, pero\u00a0llam\u00f3 a recordar\u00a0los motivos de los\u00a0enfrentamientos\u00a0narco, adem\u00e1s de que advirti\u00f3 que no intervendr\u00e1 de ninguna manera para presionar la renuncia de Rocha Moya.<\/p>\n<p>&#8220;Estamos trabajando en Sinaloa,\u00a0<strong>hay que recordar las razones por las cuales se desat\u00f3 esta ola lamentable de violencia<\/strong>&#8220;,\u00a0dijo\u00a0al referirse al operativo que EE.UU. realiz\u00f3 en julio del a\u00f1o pasado para capturar a Ismael\u00a0&#8216;El Mayo&#8217;\u00a0Zambada, uno de los l\u00edderes del C\u00e1rtel de Sinaloa.<\/p>\n<div class=\"ReadMore-root Section-root Section-is1to3-xs_is1to1\" data-widgets=\"ReadMore\">\n<div class=\"Section-container Section-isRow-isTop-isWrap\">\n<article class=\"Card-root Card-is1to1 Card-default \">\n<div class=\"Card-imageWrap\">\n<div class=\"Card-picture\"><picture class=\"Picture-root Picture-default\"><source srcset=\" \nhttps:\/\/mf.b37mrtl.ru\/actualidad\/public_images\/2025.01\/thumbnail\/67929886e9ff717fe077169e.jpg 850w,\n                https:\/\/mf.b37mrtl.ru\/actualidad\/public_images\/2025.01\/article\/67929886e9ff717fe077169d.jpg 1960w,            \" media=\"(-webkit-min-device-pixel-ratio: 2) and (min-resolution: 120dpi)\" sizes=\"280px\" data-srcset=\"\n                https:\/\/mf.b37mrtl.ru\/actualidad\/public_images\/2025.01\/thumbnail\/67929886e9ff717fe077169e.jpg 850w,\n                https:\/\/mf.b37mrtl.ru\/actualidad\/public_images\/2025.01\/article\/67929886e9ff717fe077169d.jpg 1960w,            \" \/><source srcset=\" \nhttps:\/\/mf.b37mrtl.ru\/actualidad\/public_images\/2025.01\/thumbnail\/67929886e9ff717fe077169e.jpg 460w,\n              https:\/\/mf.b37mrtl.ru\/actualidad\/public_images\/2025.01\/article\/67929886e9ff717fe077169d.jpg 980w,\n            \" sizes=\"280px\" data-srcset=\"\n              https:\/\/mf.b37mrtl.ru\/actualidad\/public_images\/2025.01\/thumbnail\/67929886e9ff717fe077169e.jpg 460w,\n              https:\/\/mf.b37mrtl.ru\/actualidad\/public_images\/2025.01\/article\/67929886e9ff717fe077169d.jpg 980w,\n            \" \/><img decoding=\"async\" class=\"Picture-root Picture-default lazyautosizes lazyloaded\" src=\"https:\/\/mf.b37mrtl.ru\/actualidad\/public_images\/2025.01\/thumbnail\/67929886e9ff717fe077169e.jpg\" sizes=\"280px\" alt=\"Manifestantes irrumpen en el Palacio de Gobierno en Culiac\u00e1n tras el asesinato de 2 ni\u00f1os (VIDEO)\" data-sizes=\"auto\" data-src=\"https:\/\/mf.b37mrtl.ru\/actualidad\/public_images\/2025.01\/thumbnail\/67929886e9ff717fe077169e.jpg\" \/><\/picture>\n<div class=\"Picture-withVideo\"><\/div>\n<\/div>\n<\/div>\n<div class=\"Card-contentWrap\">\n<div class=\"Card-content\">\n<div class=\"Card-title\">\n<div class=\"HeaderNews-root HeaderNews-type_6 \">Manifestantes irrumpen en el Palacio de Gobierno en Culiac\u00e1n tras el asesinato de 2 ni\u00f1os (VIDEO)<\/div>\n<\/div>\n<\/div>\n<\/div>\n<\/article>\n<\/div>\n<\/div>\n<p>El Gobierno mexicano, que fue excluido por completo de la investigaci\u00f3n, ha\u00a0reclamado\u00a0de manera insistente a las autoridades estadounidenses para que aporten todos los informes de una\u00a0misi\u00f3n que ha provocado balaceras entre los grupos del C\u00e1rtel de Sinaloa que responden a Zambada y a los hijos de Joaqu\u00edn &#8216;El Chapo&#8217; Guzm\u00e1n.<\/p>\n<p>&#8220;En su momento, cuando haya la posibilidad y se asiente el Gobierno del presidente (Donald) Trump y tengamos una relaci\u00f3n m\u00e1s fluida, vamos a seguir exigiendo esta explicaci\u00f3n que es el origen de esta ola de violencia&#8221;, dijo.<\/p>\n<p>La presidenta tambi\u00e9n envi\u00f3 un mensaje al pueblo de Sinaloa. &#8220;Estamos trabajando todos los d\u00edas,\u00a0<strong>sabemos y lamentamos lo que est\u00e1n viviendo<\/strong>, no solo es una preocupaci\u00f3n, es una\u00a0 ocupaci\u00f3n permanente, llegaron m\u00e1s refuerzos a Sinaloa, estamos trabajando todos los d\u00edas para construir la paz&#8221;, afirm\u00f3.<\/p>\n<p>https:\/\/actualidad.rt.com\/actualidad\/538467-paz-creciente-reclamo-sinaloa-violencia-narco<\/p>\n<\/div>\n","protected":false},"excerpt":{"rendered":"<p>RT La presidenta Claudia Sheinbaum volvi\u00f3 a culpar a EE.UU. del estallido de balaceras, secuestros y robos en ese estado del noroeste de M\u00e9xico. Marcha para exigir justicia por el &hellip; <a href=\"http:\/\/www.grieta.org.mx\/index.php\/2025\/02\/03\/queremos-paz-el-creciente-reclamo-en-sinaloa-ante-la-imparable-violencia-narco\/\" class=\"more-link\">Leer m\u00e1s<\/a><\/p>\n","protected":false},"author":2,"featured_media":70941,"comment_status":"closed","ping_status":"closed","sticky":false,"template":"","format":"standard","meta":{"ngg_post_thumbnail":0,"_jetpack_newsletter_access":"","_jetpack_dont_email_post_to_subs":false,"_jetpack_newsletter_tier_id":0,"_jetpack_memberships_contains_paywalled_content":false,"_jetpack_memberships_contains_paid_content":false,"footnotes":""},"categories":[1203,2421,2,30],"tags":[3791,3024,3520],"class_list":["post-70940","post","type-post","status-publish","format-standard","has-post-thumbnail","hentry","category-desaparecidos-en-sinaloa","category-desplazados-por-violencia-en-sinaloa","category-noticias-nacionales","category-sinaloa","tag-acciones-por-desaparecidos","tag-aumento-de-la-violencia","tag-colectivos-de-victimas-de-violencia","entry"],"jetpack_featured_media_url":"http:\/\/www.grieta.org.mx\/wp-content\/uploads\/2025\/02\/6797c7c959bf5b725341c6f6.png","jetpack_sharing_enabled":true,"jetpack_shortlink":"https:\/\/wp.me\/p7ZJR4-isc","jetpack_likes_enabled":false,"jetpack-related-posts":[{"id":70199,"url":"http:\/\/www.grieta.org.mx\/index.php\/2024\/10\/10\/familias-de-desaparecidos-protestan-en-culiacan-por-un-alto-a-la-violencia\/","url_meta":{"origin":70940,"position":0},"title":"Familias de desaparecidos protestan en Culiac\u00e1n por un alto a la violencia","author":"grieta","date":"10 octubre, 2024","format":false,"excerpt":"El Sol de Sinaloa Colectivos de madres buscadores, recorrieron las calles de Culiac\u00e1n desde Catedral hasta la Fiscal\u00eda General del Estado ante m\u00e1s de 190 casos de desaparici\u00f3n que se han presentado en el mes de septiembre Madres buscadoras y familiares de desaparecidos se manifestaron este jueves en la ciudad\u2026","rel":"","context":"En &quot;Desaparecidos en Sinaloa&quot;","block_context":{"text":"Desaparecidos en Sinaloa","link":"http:\/\/www.grieta.org.mx\/index.php\/category\/noticias-nacionales\/sinaloa\/desaparecidos-en-sinaloa\/"},"img":{"alt_text":"","src":"https:\/\/i0.wp.com\/www.grieta.org.mx\/wp-content\/uploads\/2024\/10\/imagen.jpg?resize=350%2C200","width":350,"height":200,"srcset":"https:\/\/i0.wp.com\/www.grieta.org.mx\/wp-content\/uploads\/2024\/10\/imagen.jpg?resize=350%2C200 1x, https:\/\/i0.wp.com\/www.grieta.org.mx\/wp-content\/uploads\/2024\/10\/imagen.jpg?resize=525%2C300 1.5x, https:\/\/i0.wp.com\/www.grieta.org.mx\/wp-content\/uploads\/2024\/10\/imagen.jpg?resize=700%2C400 2x"},"classes":[]},{"id":70937,"url":"http:\/\/www.grieta.org.mx\/index.php\/2025\/02\/01\/aficion-beisbolera-protesta-contra-la-violencia-en-sinaloa-y-piden-la-renuncia-del-gobernador-con-gritos-de-fuera-rocha\/","url_meta":{"origin":70940,"position":1},"title":"Afici\u00f3n beisbolera protesta contra la violencia en Sinaloa y piden la renuncia del gobernador con gritos de \u201cfuera Rocha\u201d","author":"grieta","date":"1 febrero, 2025","format":false,"excerpt":"Desde la ma\u00f1ana de este martes 28 de enero circul\u00f3 en redes sociales una convocatoria en donde se invitaba a manifestarse contra la\u00a0violencia en Sinaloa\u00a0durante el Juego 6 de la\u00a0Serie de M\u00e9xico\u00a0de la\u00a0Liga Mexicana del Pac\u00edfico. Y mientras\u00a0Tomateros de Culiac\u00e1n\u00a0buscaba evitar la coronaci\u00f3n de\u00a0Charros de Jalisco\u00a0en un emocionante encuentro en\u2026","rel":"","context":"En &quot;Desaparecidos en Sinaloa&quot;","block_context":{"text":"Desaparecidos en Sinaloa","link":"http:\/\/www.grieta.org.mx\/index.php\/category\/noticias-nacionales\/sinaloa\/desaparecidos-en-sinaloa\/"},"img":{"alt_text":"","src":"https:\/\/i0.wp.com\/www.grieta.org.mx\/wp-content\/uploads\/2025\/02\/Marcha-ciudadana-en-Culiacan-en-la-que-exigen-la-renuncia-del-gobernador-Ruben-Rocha-Moya-600x400-1.jpg?resize=350%2C200","width":350,"height":200,"srcset":"https:\/\/i0.wp.com\/www.grieta.org.mx\/wp-content\/uploads\/2025\/02\/Marcha-ciudadana-en-Culiacan-en-la-que-exigen-la-renuncia-del-gobernador-Ruben-Rocha-Moya-600x400-1.jpg?resize=350%2C200 1x, https:\/\/i0.wp.com\/www.grieta.org.mx\/wp-content\/uploads\/2025\/02\/Marcha-ciudadana-en-Culiacan-en-la-que-exigen-la-renuncia-del-gobernador-Ruben-Rocha-Moya-600x400-1.jpg?resize=525%2C300 1.5x"},"classes":[]},{"id":40468,"url":"http:\/\/www.grieta.org.mx\/index.php\/2019\/10\/22\/sinaloa-tiene-mas-problemas-que-la-violencia-la-informalidad-y-falta-de-seguridad-social-le-pega\/","url_meta":{"origin":70940,"position":2},"title":"Sinaloa tiene m\u00e1s problemas que la violencia: la informalidad y falta de seguridad social le pega","author":"grieta","date":"22 octubre, 2019","format":false,"excerpt":"Arturo Ord\u00e1z Di\u00e1z\/Forbes La violencia e inseguridad no son los \u00fanicos problemas a los que se enfrenta Sinaloa y su capital, Culiac\u00e1n, puesto que la informalidad laboral y la falta acceso a servicios sociales forman parte de las deudas pendientes de las autoridades con su poblaci\u00f3n. A pesar de que\u2026","rel":"","context":"En &quot;CINTILLO&quot;","block_context":{"text":"CINTILLO","link":"http:\/\/www.grieta.org.mx\/index.php\/category\/cintillo\/"},"img":{"alt_text":"","src":"https:\/\/i0.wp.com\/www.grieta.org.mx\/wp-content\/uploads\/2019\/10\/ambulantes-congreso-3-640x360.jpg?resize=350%2C200","width":350,"height":200,"srcset":"https:\/\/i0.wp.com\/www.grieta.org.mx\/wp-content\/uploads\/2019\/10\/ambulantes-congreso-3-640x360.jpg?resize=350%2C200 1x, https:\/\/i0.wp.com\/www.grieta.org.mx\/wp-content\/uploads\/2019\/10\/ambulantes-congreso-3-640x360.jpg?resize=525%2C300 1.5x"},"classes":[]},{"id":11327,"url":"http:\/\/www.grieta.org.mx\/index.php\/2016\/04\/24\/movilizacion-contra-la-violencia-hacia-las-mujeres-en-sinaloa\/","url_meta":{"origin":70940,"position":3},"title":"Movilizaci\u00f3n contra la violencia hacia las mujeres en Sinaloa","author":"grieta","date":"24 abril, 2016","format":false,"excerpt":"24\/04\/16. Protestan contra violencia hacia mujeres en Sinaloa La Jornada","rel":"","context":"En &quot;Sinaloa&quot;","block_context":{"text":"Sinaloa","link":"http:\/\/www.grieta.org.mx\/index.php\/category\/noticias-nacionales\/sinaloa\/"},"img":{"alt_text":"","src":"https:\/\/i0.wp.com\/www.grieta.org.mx\/wp-content\/uploads\/2018\/03\/14524434_1106112876131411_958039263622046936_o.jpg?resize=350%2C200","width":350,"height":200,"srcset":"https:\/\/i0.wp.com\/www.grieta.org.mx\/wp-content\/uploads\/2018\/03\/14524434_1106112876131411_958039263622046936_o.jpg?resize=350%2C200 1x, https:\/\/i0.wp.com\/www.grieta.org.mx\/wp-content\/uploads\/2018\/03\/14524434_1106112876131411_958039263622046936_o.jpg?resize=525%2C300 1.5x, https:\/\/i0.wp.com\/www.grieta.org.mx\/wp-content\/uploads\/2018\/03\/14524434_1106112876131411_958039263622046936_o.jpg?resize=700%2C400 2x"},"classes":[]},{"id":20322,"url":"http:\/\/www.grieta.org.mx\/index.php\/2016\/08\/22\/violencia-contra-periodistas-en-sinaloa\/","url_meta":{"origin":70940,"position":4},"title":"Violencia contra periodistas en Sinaloa","author":"grieta","date":"22 agosto, 2016","format":false,"excerpt":"22\/08\/16. Allanan despacho de Teresa Guerra, abogada y comunicadora sinaloenseCimac Noticias","rel":"","context":"En &quot;NOTICIAS NACIONALES&quot;","block_context":{"text":"NOTICIAS NACIONALES","link":"http:\/\/www.grieta.org.mx\/index.php\/category\/noticias-nacionales\/"},"img":{"alt_text":"","src":"https:\/\/i0.wp.com\/www.grieta.org.mx\/wp-content\/uploads\/2018\/03\/14524434_1106112876131411_958039263622046936_o.jpg?resize=350%2C200","width":350,"height":200,"srcset":"https:\/\/i0.wp.com\/www.grieta.org.mx\/wp-content\/uploads\/2018\/03\/14524434_1106112876131411_958039263622046936_o.jpg?resize=350%2C200 1x, https:\/\/i0.wp.com\/www.grieta.org.mx\/wp-content\/uploads\/2018\/03\/14524434_1106112876131411_958039263622046936_o.jpg?resize=525%2C300 1.5x, https:\/\/i0.wp.com\/www.grieta.org.mx\/wp-content\/uploads\/2018\/03\/14524434_1106112876131411_958039263622046936_o.jpg?resize=700%2C400 2x"},"classes":[]},{"id":15505,"url":"http:\/\/www.grieta.org.mx\/index.php\/2016\/08\/14\/desplazados-por-violencia-en-sinaloa\/","url_meta":{"origin":70940,"position":5},"title":"Desplazados por violencia en Sinaloa","author":"grieta","date":"14 agosto, 2016","format":false,"excerpt":"14\/08\/16. Desplazados viven en la ciudad con incertidumbre (Sinaloa) El Debate 29\/07\/16. Violencia expulsa de sus estados a m\u00e1s de 281 mil El Financiero 29\/07\/16. Habitantes de la sierra claman por ayuda al Ej\u00e9rcito El Debate 13\/07\/16. Los desplazados de la zona serrana de Sinaloa claman por ayuda El Pa\u00eds\u2026","rel":"","context":"En &quot;NOTICIAS NACIONALES&quot;","block_context":{"text":"NOTICIAS NACIONALES","link":"http:\/\/www.grieta.org.mx\/index.php\/category\/noticias-nacionales\/"},"img":{"alt_text":"","src":"https:\/\/i0.wp.com\/www.grieta.org.mx\/wp-content\/uploads\/2018\/03\/14524434_1106112876131411_958039263622046936_o.jpg?resize=350%2C200","width":350,"height":200,"srcset":"https:\/\/i0.wp.com\/www.grieta.org.mx\/wp-content\/uploads\/2018\/03\/14524434_1106112876131411_958039263622046936_o.jpg?resize=350%2C200 1x, https:\/\/i0.wp.com\/www.grieta.org.mx\/wp-content\/uploads\/2018\/03\/14524434_1106112876131411_958039263622046936_o.jpg?resize=525%2C300 1.5x, https:\/\/i0.wp.com\/www.grieta.org.mx\/wp-content\/uploads\/2018\/03\/14524434_1106112876131411_958039263622046936_o.jpg?resize=700%2C400 2x"},"classes":[]}],"_links":{"self":[{"href":"http:\/\/www.grieta.org.mx\/index.php\/wp-json\/wp\/v2\/posts\/70940","targetHints":{"allow":["GET"]}}],"collection":[{"href":"http:\/\/www.grieta.org.mx\/index.php\/wp-json\/wp\/v2\/posts"}],"about":[{"href":"http:\/\/www.grieta.org.mx\/index.php\/wp-json\/wp\/v2\/types\/post"}],"author":[{"embeddable":true,"href":"http:\/\/www.grieta.org.mx\/index.php\/wp-json\/wp\/v2\/users\/2"}],"replies":[{"embeddable":true,"href":"http:\/\/www.grieta.org.mx\/index.php\/wp-json\/wp\/v2\/comments?post=70940"}],"version-history":[{"count":1,"href":"http:\/\/www.grieta.org.mx\/index.php\/wp-json\/wp\/v2\/posts\/70940\/revisions"}],"predecessor-version":[{"id":70942,"href":"http:\/\/www.grieta.org.mx\/index.php\/wp-json\/wp\/v2\/posts\/70940\/revisions\/70942"}],"wp:featuredmedia":[{"embeddable":true,"href":"http:\/\/www.grieta.org.mx\/index.php\/wp-json\/wp\/v2\/media\/70941"}],"wp:attachment":[{"href":"http:\/\/www.grieta.org.mx\/index.php\/wp-json\/wp\/v2\/media?parent=70940"}],"wp:term":[{"taxonomy":"category","embeddable":true,"href":"http:\/\/www.grieta.org.mx\/index.php\/wp-json\/wp\/v2\/categories?post=70940"},{"taxonomy":"post_tag","embeddable":true,"href":"http:\/\/www.grieta.org.mx\/index.php\/wp-json\/wp\/v2\/tags?post=70940"}],"curies":[{"name":"wp","href":"https:\/\/api.w.org\/{rel}","templated":true}]}}