{"id":70915,"date":"2025-01-25T08:59:03","date_gmt":"2025-01-25T14:59:03","guid":{"rendered":"https:\/\/www.grieta.org.mx\/?p=70915"},"modified":"2025-01-29T09:03:13","modified_gmt":"2025-01-29T15:03:13","slug":"alianza-de-medios-mx-exige-justicia-por-asesinato-del-periodista-alejandro-gallegos-leon","status":"publish","type":"post","link":"http:\/\/www.grieta.org.mx\/index.php\/2025\/01\/25\/alianza-de-medios-mx-exige-justicia-por-asesinato-del-periodista-alejandro-gallegos-leon\/","title":{"rendered":"Alianza de Medios Mx exige justicia por asesinato del periodista Alejandro Gallegos Le\u00f3n"},"content":{"rendered":"<p>Redacci\u00f3n \/ El Sol De M\u00e9xico<\/p>\n<p>25 enero 2025<\/p>\n<p><strong>La Alianza de Medios Mx se suma al llamado del gremio period\u00edstico para que las autoridades realicen una investigaci\u00f3n pronta, exhaustiva y efectiva que considere la labor period\u00edstica como l\u00ednea de investigaci\u00f3n<\/strong><\/p>\n<p>La Alianza de Medios Mx conden\u00f3 el asesinato del periodista y catedr\u00e1tico Alejandro Gallegos Le\u00f3n en Tabasco, cuyo cuerpo fue hallado este s\u00e1bado en el municipio de C\u00e1rdenas, luego que ayer se report\u00f3 su desaparici\u00f3n.<\/p>\n<p>A trav\u00e9s de un comunicado, la Alianza de Medios Mx exigi\u00f3 justicia y se suma al llamado del gremio period\u00edstico, como la Sociedad Interamericana de Prensa (SIP), para que las autoridades realicen \u201cuna investigaci\u00f3n pronta, exhaustiva y efectiva\u201d que considere su labor period\u00edstica como l\u00ednea de investigaci\u00f3n del homicidio.<\/p>\n<blockquote class=\"PullQuote_blockquote__kZUwX\"><p><q class=\"Typography_text-default__P3otY Typography_weight-normal__pqUbH Typography_text-xl__yFuoP Typography_weight-normal__pqUbH\">Su desaparici\u00f3n y posterior asesinato representan un ataque directo no solo a su persona, sino tambi\u00e9n a los valores fundamentales de una sociedad democr\u00e1tica.<\/q><\/p><\/blockquote>\n<p class=\"Typography_text-default__P3otY Typography_weight-normal__pqUbH Typography_text-default__P3otY Typography_weight-normal__pqUbH\"><b class=\"bold\">Alejandro Gallegos Le\u00f3n<\/b> fue <b class=\"bold\">fundador del portal de noticias La Voz del Pueblo<\/b> y <b class=\"bold\">catedr\u00e1tico en la Universidad Ju\u00e1rez Aut\u00f3noma de Tabasco<\/b> (UJAT), y actualmente <b class=\"bold\">colaboraba en el peri\u00f3dico Tabasco Hoy como columnista<\/b>.<\/p>\n<p class=\"Typography_text-default__P3otY Typography_weight-normal__pqUbH Typography_text-default__P3otY Typography_weight-normal__pqUbH\">\u201c<b class=\"bold\">Nos solidarizamos profundamente con la familia<\/b>, colegas y seres queridos de Alejandro Gallegos Le\u00f3n en este dif\u00edcil momento, as\u00ed como con toda la comunidad period\u00edstica\u201d, a\u00f1ade el mensaje de la<b class=\"bold\"> Alianza de Medios Mx<\/b>.<\/p>\n<div class=\"Embed_embed__IKuAw\">\n<div class=\"rsme-embed rsme-twitter-embed\">\n<div>\n<div class=\"twitter-tweet twitter-tweet-rendered\"><iframe id=\"twitter-widget-0\" class=\"\" title=\"X Post\" src=\"https:\/\/platform.twitter.com\/embed\/Tweet.html?dnt=false&amp;embedId=twitter-widget-0&amp;features=eyJ0ZndfdGltZWxpbmVfbGlzdCI6eyJidWNrZXQiOltdLCJ2ZXJzaW9uIjpudWxsfSwidGZ3X2ZvbGxvd2VyX2NvdW50X3N1bnNldCI6eyJidWNrZXQiOnRydWUsInZlcnNpb24iOm51bGx9LCJ0ZndfdHdlZXRfZWRpdF9iYWNrZW5kIjp7ImJ1Y2tldCI6Im9uIiwidmVyc2lvbiI6bnVsbH0sInRmd19yZWZzcmNfc2Vzc2lvbiI6eyJidWNrZXQiOiJvbiIsInZlcnNpb24iOm51bGx9LCJ0ZndfZm9zbnJfc29mdF9pbnRlcnZlbnRpb25zX2VuYWJsZWQiOnsiYnVja2V0Ijoib24iLCJ2ZXJzaW9uIjpudWxsfSwidGZ3X21peGVkX21lZGlhXzE1ODk3Ijp7ImJ1Y2tldCI6InRyZWF0bWVudCIsInZlcnNpb24iOm51bGx9LCJ0ZndfZXhwZXJpbWVudHNfY29va2llX2V4cGlyYXRpb24iOnsiYnVja2V0IjoxMjA5NjAwLCJ2ZXJzaW9uIjpudWxsfSwidGZ3X3Nob3dfYmlyZHdhdGNoX3Bpdm90c19lbmFibGVkIjp7ImJ1Y2tldCI6Im9uIiwidmVyc2lvbiI6bnVsbH0sInRmd19kdXBsaWNhdGVfc2NyaWJlc190b19zZXR0aW5ncyI6eyJidWNrZXQiOiJvbiIsInZlcnNpb24iOm51bGx9LCJ0ZndfdXNlX3Byb2ZpbGVfaW1hZ2Vfc2hhcGVfZW5hYmxlZCI6eyJidWNrZXQiOiJvbiIsInZlcnNpb24iOm51bGx9LCJ0ZndfdmlkZW9faGxzX2R5bmFtaWNfbWFuaWZlc3RzXzE1MDgyIjp7ImJ1Y2tldCI6InRydWVfYml0cmF0ZSIsInZlcnNpb24iOm51bGx9LCJ0ZndfbGVnYWN5X3RpbWVsaW5lX3N1bnNldCI6eyJidWNrZXQiOnRydWUsInZlcnNpb24iOm51bGx9LCJ0ZndfdHdlZXRfZWRpdF9mcm9udGVuZCI6eyJidWNrZXQiOiJvbiIsInZlcnNpb24iOm51bGx9fQ%3D%3D&amp;frame=false&amp;hideCard=false&amp;hideThread=false&amp;id=1883313941088247967&amp;lang=en&amp;origin=https%3A%2F%2Foem.com.mx%2Felsoldemexico%2Fmexico%2Falianza-de-medios-mx-exige-justicia-por-asesinato-del-periodista-alejandro-gallegos-leon-21372186&amp;sessionId=7a3e21c254888769b6d8bac282a0890162b0f0bf&amp;theme=light&amp;widgetsVersion=2615f7e52b7e0%3A1702314776716&amp;width=550px\" frameborder=\"0\" scrolling=\"no\" allowfullscreen=\"allowfullscreen\" data-tweet-id=\"1883313941088247967\" data-mce-fragment=\"1\"><\/iframe><\/div>\n<\/div>\n<\/div>\n<\/div>\n<p class=\"Typography_text-default__P3otY Typography_weight-normal__pqUbH Typography_text-default__P3otY Typography_weight-normal__pqUbH\">Tras darse a conocer la muerte del periodista, la <b class=\"bold\">Fiscal\u00eda General del Estado (FGE) <\/b>inform\u00f3 que se inici\u00f3 una investigaci\u00f3n \u201cllevando a cabo todas las<b class=\"bold\"> diligencias necesarias de an\u00e1lisis forense y de recolecci\u00f3n de pruebas y entrevistas<\/b>, a fin de esclarecer el m\u00f3vil de la desaparici\u00f3n\u201d.<\/p>\n<p class=\"Typography_text-default__P3otY Typography_weight-normal__pqUbH Typography_text-default__P3otY Typography_weight-normal__pqUbH\">Detall\u00f3 adem\u00e1s que <b class=\"bold\">el cuerpo sin vida de Gallegos <\/b>fue localizado en el kil\u00f3metro 5 de la carretera que va al<b class=\"bold\"> poblado C28 de C\u00e1rdenas<\/b>.<\/p>\n<p class=\"Typography_text-default__P3otY Typography_weight-normal__pqUbH Typography_text-default__P3otY Typography_weight-normal__pqUbH\">De acuerdo con la familia de Gallegos Le\u00f3n, la <b class=\"bold\">\u00faltima comunicaci\u00f3n <\/b>que se tuvo con \u00e9l fue el viernes, alrededor de las 14:25 horas.<\/p>\n<p class=\"Typography_text-default__P3otY Typography_weight-normal__pqUbH Typography_text-default__P3otY Typography_weight-normal__pqUbH\"><b class=\"bold\">Testimonios de colegas<\/b> del periodista expresados a <b class=\"bold\">Art\u00edculo 19<\/b>, Alejandro se especializaba en la <b class=\"bold\">cobertura de temas educativos y pol\u00edticos<\/b>, adem\u00e1s de administrar la<b class=\"bold\"> p\u00e1gina de denuncia ciudadana La Voz del Pueblo, Noticias Sin Censura<\/b>.<\/p>\n<p class=\"Typography_text-default__P3otY Typography_weight-normal__pqUbH Typography_text-default__P3otY Typography_weight-normal__pqUbH\">Desde el a\u00f1o 2000 suman en M\u00e9xico m\u00e1s de <b class=\"bold\">169 asesinatos a periodistas<\/b>, de los cuales <b class=\"bold\">dos se han registrado en la actual administraci\u00f3n<\/b> de la <b class=\"bold\">presidenta Claudia Sheinbaum.<\/b><\/p>\n<p><a href=\"https:\/\/oem.com.mx\/elsoldemexico\/mexico\/alianza-de-medios-mx-exige-justicia-por-asesinato-del-periodista-alejandro-gallegos-leon-21372186\" target=\"_blank\">https:\/\/oem.com.mx\/elsoldemexico\/mexico\/alianza-de-medios-mx-exige-justicia-por-asesinato-del-periodista-alejandro-gallegos-leon-21372186<\/a><\/p>\n","protected":false},"excerpt":{"rendered":"<p>Redacci\u00f3n \/ El Sol De M\u00e9xico 25 enero 2025 La Alianza de Medios Mx se suma al llamado del gremio period\u00edstico para que las autoridades realicen una investigaci\u00f3n pronta, exhaustiva &hellip; <a href=\"http:\/\/www.grieta.org.mx\/index.php\/2025\/01\/25\/alianza-de-medios-mx-exige-justicia-por-asesinato-del-periodista-alejandro-gallegos-leon\/\" class=\"more-link\">Leer m\u00e1s<\/a><\/p>\n","protected":false},"author":2,"featured_media":70916,"comment_status":"closed","ping_status":"closed","sticky":false,"template":"","format":"standard","meta":{"ngg_post_thumbnail":0,"_jetpack_newsletter_access":"","_jetpack_dont_email_post_to_subs":false,"_jetpack_newsletter_tier_id":0,"_jetpack_memberships_contains_paywalled_content":false,"_jetpack_memberships_contains_paid_content":false,"footnotes":""},"categories":[80,2,32,1263],"tags":[1180,1310],"class_list":["post-70915","post","type-post","status-publish","format-standard","has-post-thumbnail","hentry","category-cintillo","category-noticias-nacionales","category-tabasco","category-violencia-contra-periodistas-en-tabasco","tag-asesinato-de-periodistas","tag-protestas-contra-el-asesinato-de-periodistas","entry"],"jetpack_featured_media_url":"http:\/\/www.grieta.org.mx\/wp-content\/uploads\/2025\/01\/Screenshot-2025-01-29-at-09-05-26-Alianza-de-Medios-Mx-exige-justicia-por-asesinato-del-periodista-Alejandro-Gallegos-Leon-El-Sol-de-Mexico-Noticias-Deportes-Gossip-Columnas.png","jetpack_sharing_enabled":true,"jetpack_shortlink":"https:\/\/wp.me\/p7ZJR4-irN","jetpack_likes_enabled":false,"jetpack-related-posts":[{"id":70912,"url":"http:\/\/www.grieta.org.mx\/index.php\/2025\/01\/25\/hallan-sin-vida-a-periodista-y-catedratico-alejandro-gallegos-tabasco\/","url_meta":{"origin":70915,"position":0},"title":"Hallan sin vida a periodista y catedr\u00e1tico Alejandro Gallegos (Tabasco)","author":"grieta","date":"25 enero, 2025","format":false,"excerpt":"El Heraldo de Tabasco Alejandro Gallegos Le\u00f3n estaba desaparecido desde la tarde del viernes 24 de enero en el municipio de Centro Luego de ser reportado como desaparecido, este s\u00e1bado 25 de enero fue localizado sin vida el catedr\u00e1tico y periodista Alejandro Gallegos Le\u00f3n dentro de cultivos de ma\u00edz del\u2026","rel":"","context":"En &quot;CINTILLO&quot;","block_context":{"text":"CINTILLO","link":"http:\/\/www.grieta.org.mx\/index.php\/category\/cintillo\/"},"img":{"alt_text":"","src":"https:\/\/i0.wp.com\/www.grieta.org.mx\/wp-content\/uploads\/2025\/01\/Periodista-e1738109186795.jpg?resize=350%2C200","width":350,"height":200,"srcset":"https:\/\/i0.wp.com\/www.grieta.org.mx\/wp-content\/uploads\/2025\/01\/Periodista-e1738109186795.jpg?resize=350%2C200 1x, https:\/\/i0.wp.com\/www.grieta.org.mx\/wp-content\/uploads\/2025\/01\/Periodista-e1738109186795.jpg?resize=525%2C300 1.5x, https:\/\/i0.wp.com\/www.grieta.org.mx\/wp-content\/uploads\/2025\/01\/Periodista-e1738109186795.jpg?resize=700%2C400 2x"},"classes":[]},{"id":6292,"url":"http:\/\/www.grieta.org.mx\/index.php\/2015\/10\/02\/tabasco-una-zona-del-silencio-mas-en-mexico-por-impunidad-ante-crimenes-contra-periodistas-cdp\/","url_meta":{"origin":70915,"position":1},"title":"Tabasco, una zona del silencio m\u00e1s en M\u00e9xico por impunidad ante cr\u00edmenes contra periodistas: CDP","author":"grieta","date":"2 octubre, 2015","format":false,"excerpt":"P\u00e1gina 3 Oaxaca.- La Casa de los Derechos de Periodistas A.C, eleva su m\u00e1s en\u00e9rgica condena por el asesinato de los comunicadores Jos\u00e9 Joaqu\u00edn P\u00e9rez Morales y Aurelio Hern\u00e1ndez Herrera, de 70 y 63 a\u00f1os de edad, respectivamente, perpetrado en la ciudad de Villahermosa, Tabasco, el pasado 23 de septiembre.\u2026","rel":"","context":"En &quot;CINTILLO&quot;","block_context":{"text":"CINTILLO","link":"http:\/\/www.grieta.org.mx\/index.php\/category\/cintillo\/"},"img":{"alt_text":"","src":"https:\/\/i0.wp.com\/www.grieta.org.mx\/wp-content\/uploads\/2018\/03\/14524434_1106112876131411_958039263622046936_o.jpg?resize=350%2C200","width":350,"height":200,"srcset":"https:\/\/i0.wp.com\/www.grieta.org.mx\/wp-content\/uploads\/2018\/03\/14524434_1106112876131411_958039263622046936_o.jpg?resize=350%2C200 1x, https:\/\/i0.wp.com\/www.grieta.org.mx\/wp-content\/uploads\/2018\/03\/14524434_1106112876131411_958039263622046936_o.jpg?resize=525%2C300 1.5x, https:\/\/i0.wp.com\/www.grieta.org.mx\/wp-content\/uploads\/2018\/03\/14524434_1106112876131411_958039263622046936_o.jpg?resize=700%2C400 2x"},"classes":[]},{"id":67203,"url":"http:\/\/www.grieta.org.mx\/index.php\/2023\/07\/10\/periodistas-protestan-frente-a-la-segob-exigen-justicia-para-luis-martin-sanchez\/","url_meta":{"origin":70915,"position":2},"title":"Periodistas protestan frente a la Segob, exigen justicia para Luis Mart\u00edn S\u00e1nchez","author":"grieta","date":"10 julio, 2023","format":false,"excerpt":"Imagen: Periodistas y defensores de la libertad de expresi\u00f3n protestaron este 10 de julio a las afueras de la Secretar\u00eda de Gobernaci\u00f3n para exigir justicia y mayores medidas de protecci\u00f3n tras el reciente asesinato del periodista Luis Mart\u00edn S\u00e1nchez en Nayarit, as\u00ed como las desapariciones de otros dos comunicadores. Abraham\u2026","rel":"","context":"En &quot;CINTILLO&quot;","block_context":{"text":"CINTILLO","link":"http:\/\/www.grieta.org.mx\/index.php\/category\/cintillo\/"},"img":{"alt_text":"","src":"https:\/\/i0.wp.com\/www.grieta.org.mx\/wp-content\/uploads\/2023\/07\/photo1689054384.jpeg?resize=350%2C200","width":350,"height":200,"srcset":"https:\/\/i0.wp.com\/www.grieta.org.mx\/wp-content\/uploads\/2023\/07\/photo1689054384.jpeg?resize=350%2C200 1x, https:\/\/i0.wp.com\/www.grieta.org.mx\/wp-content\/uploads\/2023\/07\/photo1689054384.jpeg?resize=525%2C300 1.5x, https:\/\/i0.wp.com\/www.grieta.org.mx\/wp-content\/uploads\/2023\/07\/photo1689054384.jpeg?resize=700%2C400 2x, https:\/\/i0.wp.com\/www.grieta.org.mx\/wp-content\/uploads\/2023\/07\/photo1689054384.jpeg?resize=1050%2C600 3x"},"classes":[]},{"id":23917,"url":"http:\/\/www.grieta.org.mx\/index.php\/2018\/05\/29\/asesinan-a-golpes-a-hector-gonzalez-antonio-corresponsal-de-excelsior-en-tamaulipas\/","url_meta":{"origin":70915,"position":3},"title":"Asesinan a golpes a H\u00e9ctor Gonz\u00e1lez Antonio, corresponsal de Exc\u00e9lsior en Tamaulipas","author":"grieta","date":"29 mayo, 2018","format":false,"excerpt":"Redacci\u00f3n\/Proceso CIUDAD DE M\u00c9XICO (apro).- La ma\u00f1ana de este martes fue localizado en Ciudad Victoria, Tamaulipas el cad\u00e1ver del periodista H\u00e9ctor Gonz\u00e1lez Antonio, corresponsal del diario Exc\u00e9lsior y Grupo Imagen, adem\u00e1s de medios locales, quien presuntamente fue asesinado a golpes. De acuerdo con el conteo en medios de comunicaci\u00f3n, Gonz\u00e1lez\u2026","rel":"","context":"En &quot;CINTILLO&quot;","block_context":{"text":"CINTILLO","link":"http:\/\/www.grieta.org.mx\/index.php\/category\/cintillo\/"},"img":{"alt_text":"","src":"https:\/\/i0.wp.com\/www.grieta.org.mx\/wp-content\/uploads\/2018\/06\/Hector-Gonzalez-Antonio-1078x804.jpg?resize=350%2C200","width":350,"height":200,"srcset":"https:\/\/i0.wp.com\/www.grieta.org.mx\/wp-content\/uploads\/2018\/06\/Hector-Gonzalez-Antonio-1078x804.jpg?resize=350%2C200 1x, https:\/\/i0.wp.com\/www.grieta.org.mx\/wp-content\/uploads\/2018\/06\/Hector-Gonzalez-Antonio-1078x804.jpg?resize=525%2C300 1.5x, https:\/\/i0.wp.com\/www.grieta.org.mx\/wp-content\/uploads\/2018\/06\/Hector-Gonzalez-Antonio-1078x804.jpg?resize=700%2C400 2x, https:\/\/i0.wp.com\/www.grieta.org.mx\/wp-content\/uploads\/2018\/06\/Hector-Gonzalez-Antonio-1078x804.jpg?resize=1050%2C600 3x"},"classes":[]},{"id":6285,"url":"http:\/\/www.grieta.org.mx\/index.php\/2016\/02\/11\/la-violencia-en-contra-de-periodistas-sigue-un-reportero-de-tabasco-es-agredido-en-su-casa\/","url_meta":{"origin":70915,"position":4},"title":"La violencia en contra de periodistas sigue: un reportero de Tabasco es agredido en su casa","author":"grieta","date":"11 febrero, 2016","format":false,"excerpt":"Por Redacci\u00f3n \/ Sin Embargo En lo que va de esta semana, el gremio period\u00edstico ha sido v\u00edctima de diversos ataques incluido el secuestro y asesinato de la periodista veracruzana Anabel Flores, al que se le suman las amenazas en contra de al menos tres periodistas de la Ciudad de\u2026","rel":"","context":"En &quot;CINTILLO&quot;","block_context":{"text":"CINTILLO","link":"http:\/\/www.grieta.org.mx\/index.php\/category\/cintillo\/"},"img":{"alt_text":"","src":"https:\/\/i0.wp.com\/www.grieta.org.mx\/wp-content\/uploads\/2018\/03\/14524434_1106112876131411_958039263622046936_o.jpg?resize=350%2C200","width":350,"height":200,"srcset":"https:\/\/i0.wp.com\/www.grieta.org.mx\/wp-content\/uploads\/2018\/03\/14524434_1106112876131411_958039263622046936_o.jpg?resize=350%2C200 1x, https:\/\/i0.wp.com\/www.grieta.org.mx\/wp-content\/uploads\/2018\/03\/14524434_1106112876131411_958039263622046936_o.jpg?resize=525%2C300 1.5x, https:\/\/i0.wp.com\/www.grieta.org.mx\/wp-content\/uploads\/2018\/03\/14524434_1106112876131411_958039263622046936_o.jpg?resize=700%2C400 2x"},"classes":[]},{"id":38575,"url":"http:\/\/www.grieta.org.mx\/index.php\/2019\/08\/28\/asesinados-12-periodistas-en-mexico-durante-2019\/","url_meta":{"origin":70915,"position":5},"title":"Asesinados 12 periodistas en M\u00e9xico durante 2019","author":"grieta","date":"28 agosto, 2019","format":false,"excerpt":"Elizabeth R\u00edos\/El Sol de Toluca El asesinato del periodista mexiquense Nevith Cond\u00e9s Jaramillo se convirti\u00f3 en el n\u00famero 12 de este a\u00f1o en M\u00e9xico. Mientras que Art\u00edculo 19 contabiliza 11 asesinatos de periodistas en M\u00e9xico en la actual administraci\u00f3n del gobierno federal, la cual inici\u00f3 el 1 de diciembre de\u2026","rel":"","context":"En &quot;CINTILLO&quot;","block_context":{"text":"CINTILLO","link":"http:\/\/www.grieta.org.mx\/index.php\/category\/cintillo\/"},"img":{"alt_text":"","src":"https:\/\/i0.wp.com\/www.grieta.org.mx\/wp-content\/uploads\/2019\/08\/1107925.jpg?resize=350%2C200","width":350,"height":200,"srcset":"https:\/\/i0.wp.com\/www.grieta.org.mx\/wp-content\/uploads\/2019\/08\/1107925.jpg?resize=350%2C200 1x, https:\/\/i0.wp.com\/www.grieta.org.mx\/wp-content\/uploads\/2019\/08\/1107925.jpg?resize=525%2C300 1.5x, https:\/\/i0.wp.com\/www.grieta.org.mx\/wp-content\/uploads\/2019\/08\/1107925.jpg?resize=700%2C400 2x"},"classes":[]}],"_links":{"self":[{"href":"http:\/\/www.grieta.org.mx\/index.php\/wp-json\/wp\/v2\/posts\/70915","targetHints":{"allow":["GET"]}}],"collection":[{"href":"http:\/\/www.grieta.org.mx\/index.php\/wp-json\/wp\/v2\/posts"}],"about":[{"href":"http:\/\/www.grieta.org.mx\/index.php\/wp-json\/wp\/v2\/types\/post"}],"author":[{"embeddable":true,"href":"http:\/\/www.grieta.org.mx\/index.php\/wp-json\/wp\/v2\/users\/2"}],"replies":[{"embeddable":true,"href":"http:\/\/www.grieta.org.mx\/index.php\/wp-json\/wp\/v2\/comments?post=70915"}],"version-history":[{"count":1,"href":"http:\/\/www.grieta.org.mx\/index.php\/wp-json\/wp\/v2\/posts\/70915\/revisions"}],"predecessor-version":[{"id":70917,"href":"http:\/\/www.grieta.org.mx\/index.php\/wp-json\/wp\/v2\/posts\/70915\/revisions\/70917"}],"wp:featuredmedia":[{"embeddable":true,"href":"http:\/\/www.grieta.org.mx\/index.php\/wp-json\/wp\/v2\/media\/70916"}],"wp:attachment":[{"href":"http:\/\/www.grieta.org.mx\/index.php\/wp-json\/wp\/v2\/media?parent=70915"}],"wp:term":[{"taxonomy":"category","embeddable":true,"href":"http:\/\/www.grieta.org.mx\/index.php\/wp-json\/wp\/v2\/categories?post=70915"},{"taxonomy":"post_tag","embeddable":true,"href":"http:\/\/www.grieta.org.mx\/index.php\/wp-json\/wp\/v2\/tags?post=70915"}],"curies":[{"name":"wp","href":"https:\/\/api.w.org\/{rel}","templated":true}]}}