{"id":70812,"date":"2025-01-09T14:31:01","date_gmt":"2025-01-09T20:31:01","guid":{"rendered":"https:\/\/www.grieta.org.mx\/?p=70812"},"modified":"2025-01-09T14:33:07","modified_gmt":"2025-01-09T20:33:07","slug":"ecos-de-la-primera-sesion-de-los-encuentros-de-resistencia-y-rebeldia-diciembre-2024-y-1-2-de-enero-2025-participacion-zapatista-audios-y-videos-para-descargar","status":"publish","type":"post","link":"http:\/\/www.grieta.org.mx\/index.php\/2025\/01\/09\/ecos-de-la-primera-sesion-de-los-encuentros-de-resistencia-y-rebeldia-diciembre-2024-y-1-2-de-enero-2025-participacion-zapatista-audios-y-videos-para-descargar\/","title":{"rendered":"Ecos de la Primera Sesi\u00f3n de los Encuentros de Resistencia y Rebeld\u00eda. Diciembre 2024 y 1-2 de enero 2025. Participaci\u00f3n Zapatista: Audios y Videos para Descargar"},"content":{"rendered":"<p>Ecos de la Primera Sesi\u00f3n de los Encuentros de Resistencia y Rebeld\u00eda.<br \/>\nDiciembre 2024 y 1-2 de enero 2025.<\/p>\n<p>Participaci\u00f3n Zapatista: Audios y Videos para Descargar<br \/>\nPara firmantes de la Declaraci\u00f3n por la Vida, compas zapatistas y herman@s partidistas<\/p>\n<p>\u2026\u2026\u2026\u2026\u2026\u2026\u2026\u2026\u2026\u2026\u2026\u2026\u2026\u2026\u2026\u2026\u2026\u2026\u2026..<br \/>\nS\u00c1BADO 28 DE DICIEMBRE DE 2024<br \/>\n\u2026\u2026\u2026\u2026\u2026\u2026\u2026\u2026\u2026\u2026\u2026\u2026\u2026\u2026\u2026\u2026\u2026\u2026\u2026..<\/p>\n<p>Presentaci\u00f3n<\/p>\n<p>Capit\u00e1n Insurgente Marcos<br \/>\n<a href=\"https:\/\/enlacezapatista.ezln.org.mx\/wp-content\/uploads\/2025\/01\/presentacion.mp3\" download=\"presentacionCIMaudio\">DESCARGAR AUDIO<\/a><br \/>\n<a href=\"https:\/\/enlacezapatista.ezln.org.mx\/wp-content\/uploads\/2025\/01\/presen_low.mp4\" download=\"presentacionCIMvideo\">DESCARGAR VIDEO<\/a><\/p>\n<p>&nbsp;<\/p>\n<p><strong>\u2026\u2026\u2026\u2026\u2026\u2026\u2026\u2026\u2026\u2026\u2026\u2026\u2026\u2026\u2026\u2026\u2026\u2026\u2026..<br \/>\n<\/strong><strong>S\u00c1BADO 28 DE DICIEMBRE DE 2024<br \/>\n\u2026\u2026\u2026\u2026\u2026\u2026\u2026\u2026\u2026\u2026\u2026\u2026\u2026\u2026\u2026\u2026\u2026\u2026\u2026..<br \/>\n<\/strong><\/p>\n<p><strong>La Cofa del Vig\u00eda: Un largavista hacia el ayer<\/strong><\/p>\n<p>Capit\u00e1n Insurgente Marcos<br \/>\n<a href=\"https:\/\/enlacezapatista.ezln.org.mx\/wp-content\/uploads\/2024\/12\/000101_0232.mp3\" download=\"CofaVigiaCIMaudio\">DESCARGAR AUDIO<\/a><br \/>\n<a href=\"https:\/\/enlacezapatista.ezln.org.mx\/wp-content\/uploads\/2025\/01\/cofa_largavista_low.mp4\" download=\"CofaVigiaCIMvideo\">DESCARGAR VIDEO<\/a><\/p>\n<p><strong>Mesa Rebeld\u00eda y Resistencia Zapatistas. Parte I. <\/strong><strong>Genealog\u00eda del Com\u00fan Zapatista<\/strong><\/p>\n<p>Subcomandante Insurgente Mois\u00e9s y Miembros del CCRI-CG del EZLN<\/p>\n<p>AUDIOS<\/p>\n<p>CCRI-CG del EZLN<br \/>\n<a href=\"https:\/\/enlacezapatista.ezln.org.mx\/wp-content\/uploads\/2025\/01\/00comandanta1.mp3\" download=\"CCRI-CGenealogia1audio\">DESCARGAR AUDIO 1<\/a><br \/>\n<a href=\"https:\/\/enlacezapatista.ezln.org.mx\/wp-content\/uploads\/2025\/01\/01ComandanteDavid2.mp3\" download=\"CCRI-CGenealogia2audio\">DESCARGAR AUDIO 2<\/a><\/p>\n<p>Subcomandante Insurgente Mois\u00e9s<br \/>\n<a href=\"https:\/\/enlacezapatista.ezln.org.mx\/wp-content\/uploads\/2025\/01\/02SCIM1.mp3\" download=\"SCIMGenealogia3audio\">DESCARGAR AUDIO 3<\/a><\/p>\n<p>CCRI-CG del EZLN<br \/>\n<a href=\"https:\/\/enlacezapatista.ezln.org.mx\/wp-content\/uploads\/2025\/01\/03comandanta3.mp3\" download=\"CCRI-CGenealogia4audio\">DESCARGAR AUDIO 4<\/a><\/p>\n<p>Subcomandante Insurgente Mois\u00e9s<br \/>\n<a href=\"https:\/\/enlacezapatista.ezln.org.mx\/wp-content\/uploads\/2025\/01\/04SCIM2.mp3\" download=\"SCIMGenealogia5audio\">DESCARGAR AUDIO 5<\/a><\/p>\n<p>CCRI-CG del EZLN<br \/>\n<a href=\"https:\/\/enlacezapatista.ezln.org.mx\/wp-content\/uploads\/2025\/01\/05ComandanteAbraham4.mp3\" download=\"CCRI-CGenealogia6audio\">DESCARGAR AUDIO 6<\/a><\/p>\n<p>Subcomandante Insurgente Mois\u00e9s<br \/>\n<a href=\"https:\/\/enlacezapatista.ezln.org.mx\/wp-content\/uploads\/2025\/01\/06SCIM3.mp3\" download=\"SCIMGenealogia7audio\">DESCARGAR AUDIO 7<\/a><\/p>\n<p>VIDEOS<\/p>\n<p>CCRI-CG del EZLN<br \/>\n<a href=\"https:\/\/enlacezapatista.ezln.org.mx\/wp-content\/uploads\/2025\/01\/00genealogia1.mp4\" download=\"CCRI-CGenealogia1video\">DESCARGAR VIDEO 1<\/a><br \/>\n<a href=\"https:\/\/enlacezapatista.ezln.org.mx\/wp-content\/uploads\/2025\/01\/01genealogia2.mp4\" download=\"CCRI-CGenealogia2video\">DESCARGAR VIDEO 2<\/a><\/p>\n<p>Subcomandante Insurgente Mois\u00e9s<br \/>\n<a href=\"https:\/\/enlacezapatista.ezln.org.mx\/wp-content\/uploads\/2025\/01\/02genealogia3SCIM.mp4\" download=\"SCIMGenealogia3video\">DESCARGAR VIDEO 3<\/a><\/p>\n<p>CCRI-CG del EZLN<br \/>\n<a href=\"https:\/\/enlacezapatista.ezln.org.mx\/wp-content\/uploads\/2025\/01\/03genealogia4.mp4\" download=\"CCRI-CGenealogia4video\">DESCARGAR VIDEO 4<\/a><\/p>\n<p>Subcomandante Insurgente Mois\u00e9s<br \/>\n<a href=\"https:\/\/enlacezapatista.ezln.org.mx\/wp-content\/uploads\/2025\/01\/04genealogia5SCIM.mp4\" download=\"SCIMGenealogia5video\">DESCARGAR VIDEO 5<\/a><\/p>\n<p>CCRI-CG del EZLN<br \/>\n<a href=\"https:\/\/enlacezapatista.ezln.org.mx\/wp-content\/uploads\/2025\/01\/05genealogia6.mp4\" download=\"CCRI-CGenealogia6video\">DESCARGAR VIDEO 6<\/a><\/p>\n<p>Subcomandante Insurgente Mois\u00e9s<br \/>\n<a href=\"https:\/\/enlacezapatista.ezln.org.mx\/wp-content\/uploads\/2025\/01\/06genealogia7SCIM.mp4\" download=\"SCIMGenealogia7video\">DESCARGAR VIDEO 7<\/a><\/p>\n<p><strong>\u2026\u2026\u2026\u2026\u2026\u2026\u2026\u2026\u2026\u2026\u2026\u2026\u2026\u2026\u2026\u2026\u2026\u2026\u2026..<br \/>\n<\/strong><strong>DOMINGO 29 DE DICIEMBRE DE 2024<br \/>\n\u2026\u2026\u2026\u2026\u2026\u2026\u2026\u2026\u2026\u2026\u2026\u2026\u2026\u2026\u2026\u2026\u2026\u2026\u2026..<\/strong><\/p>\n<p><strong>Mesa Rebeld\u00eda y Resistencia Zapatistas. Parte II. Mujeres<br \/>\n<\/strong><br \/>\nComandantas del CCRI-CG del EZLN y autoridades de Asambleas de Colectivos de Gobiernos Aut\u00f3nomos Zapatistas.<\/p>\n<p>AUDIOS<\/p>\n<p><a href=\"https:\/\/enlacezapatista.ezln.org.mx\/wp-content\/uploads\/2024\/12\/000102_0239.mp3\" download=\"RebeldiayResistenciaMujeres1audio\">DESCARGAR AUDIO 1<\/a><br \/>\n<a href=\"https:\/\/enlacezapatista.ezln.org.mx\/wp-content\/uploads\/2024\/12\/000102_0240.mp3\" download=\"RebeldiayResistenciaMujeres2audio\">DESCARGAR AUDIO 2<\/a><br \/>\n<a href=\"https:\/\/enlacezapatista.ezln.org.mx\/wp-content\/uploads\/2024\/12\/000102_0241.mp3\" download=\"RebeldiayResistenciaMujeres3audio\">DESCARGAR AUDIO 3<\/a><br \/>\n<a href=\"https:\/\/enlacezapatista.ezln.org.mx\/wp-content\/uploads\/2024\/12\/000102_0242.mp3\" download=\"RebeldiayResistenciaMujeres4audio\">DESCARGAR AUDIO 4<\/a><br \/>\n<a href=\"https:\/\/enlacezapatista.ezln.org.mx\/wp-content\/uploads\/2024\/12\/000102_0243.mp3\" download=\"RebeldiayResistenciaMujeres5audio\">DESCARGAR AUDIO 5<\/a><br \/>\n<a href=\"https:\/\/enlacezapatista.ezln.org.mx\/wp-content\/uploads\/2024\/12\/000102_0244.mp3\" download=\"RebeldiayResistenciaMujeres6audio\">DESCARGAR AUDIO 6<\/a><br \/>\n<a href=\"https:\/\/enlacezapatista.ezln.org.mx\/wp-content\/uploads\/2024\/12\/000102_0245.mp3\" download=\"RebeldiayResistenciaMujeres7audio\">DESCARGAR AUDIO 7<\/a><br \/>\n<a href=\"https:\/\/enlacezapatista.ezln.org.mx\/wp-content\/uploads\/2024\/12\/000102_0246.mp3\" download=\"RebeldiayResistenciaMujeres8audio\">DESCARGAR AUDIO 8<\/a><\/p>\n<p>VIDEOS<\/p>\n<p><a href=\"https:\/\/enlacezapatista.ezln.org.mx\/wp-content\/uploads\/2025\/01\/Mujeres1.mp4\" download=\"RebeldiayResistenciaMujeres1video\">DESCARGAR VIDEO 1<\/a><br \/>\n<a href=\"https:\/\/enlacezapatista.ezln.org.mx\/wp-content\/uploads\/2025\/01\/Mujeres2.mp4\" download=\"RebeldiayResistenciaMujeres2video\">DESCARGAR VIDEO 2<\/a><br \/>\n<strong><br \/>\n\u2026\u2026\u2026\u2026\u2026\u2026\u2026\u2026\u2026\u2026\u2026\u2026\u2026\u2026\u2026\u2026\u2026\u2026\u2026..<br \/>\nDOMINGO 29 DE DICIEMBRE DE 2024<br \/>\n\u2026\u2026\u2026\u2026\u2026\u2026\u2026\u2026\u2026\u2026\u2026\u2026\u2026\u2026\u2026\u2026\u2026\u2026\u2026..<br \/>\n<\/strong><strong><br \/>\nMesa Rebeld\u00eda y Resistencia Zapatistas. Parte III. Los primeros pasos del Com\u00fan Zapatista<\/strong><\/p>\n<p>Subcomandante Insurgente Mois\u00e9s y Miembros del CCRI-CG del EZLN<\/p>\n<p>AUDIOS<\/p>\n<p><a href=\"https:\/\/enlacezapatista.ezln.org.mx\/wp-content\/uploads\/2025\/01\/pasos1.mp3\" download=\"RyRPrimerosPasosComun1audio\">DESCARGAR AUDIO 1<\/a><br \/>\n<a href=\"https:\/\/enlacezapatista.ezln.org.mx\/wp-content\/uploads\/2025\/01\/pasos2.mp3\" download=\"RyRPrimerosPasosComun2audio\">DESCARGAR AUDIO 2<\/a><br \/>\n<a href=\"https:\/\/enlacezapatista.ezln.org.mx\/wp-content\/uploads\/2025\/01\/pasos3.mp3\" download=\"RyRPrimerosPasosComun3audio\">DESCARGAR AUDIO 3<\/a><\/p>\n<p>VIDEOS<\/p>\n<p><a href=\"https:\/\/enlacezapatista.ezln.org.mx\/wp-content\/uploads\/2025\/01\/primerosPasos1.mp4\" download=\"RyRPrimerosPasosComun1video\">DESCARGAR VIDEO 1<\/a><br \/>\n<a href=\"https:\/\/enlacezapatista.ezln.org.mx\/wp-content\/uploads\/2025\/01\/primerospasos2.mp4\" download=\"RyRPrimerosPasosComun2video\">DESCARGAR VIDEO 2<\/a><br \/>\n<a href=\"https:\/\/enlacezapatista.ezln.org.mx\/wp-content\/uploads\/2025\/01\/primerospasos3.mp4\" download=\"RyRPrimerosPasosComun3video\">DESCARGAR VIDEO 3<\/a><\/p>\n<p>Promotoras y promotores del Sistema de Salud Aut\u00f3noma Zapatista<\/p>\n<p>AUDIOS<\/p>\n<p><a href=\"https:\/\/enlacezapatista.ezln.org.mx\/wp-content\/uploads\/2025\/01\/Promo1.mp3\" download=\"PromotoresSalud1audio\">DESCARGAR AUDIO 1<\/a><br \/>\n<a href=\"https:\/\/enlacezapatista.ezln.org.mx\/wp-content\/uploads\/2025\/01\/Promo2.mp3\" download=\"PromotoresSalud2audio\">DESCARGAR AUDIO 2<\/a><br \/>\n<a href=\"https:\/\/enlacezapatista.ezln.org.mx\/wp-content\/uploads\/2025\/01\/Promo3.mp3\" download=\"PromotoresSalud3audio\">DESCARGAR AUDIO 3<\/a><br \/>\n<a href=\"https:\/\/enlacezapatista.ezln.org.mx\/wp-content\/uploads\/2025\/01\/Promo4.mp3\" download=\"PromotoresSalud4audio\">DESCARGAR AUDIO 4<\/a><br \/>\n<a href=\"https:\/\/enlacezapatista.ezln.org.mx\/wp-content\/uploads\/2025\/01\/Promo5.mp3\" download=\"PromotoresSalud5audio\">DESCARGAR AUDIO 5<\/a><br \/>\n<a href=\"https:\/\/enlacezapatista.ezln.org.mx\/wp-content\/uploads\/2025\/01\/Promo6.mp3\" download=\"PromotoresSalud6audio\">DESCARGAR AUDIO 6<\/a><br \/>\n<a href=\"https:\/\/enlacezapatista.ezln.org.mx\/wp-content\/uploads\/2025\/01\/Promo7.mp3\" download=\"PromotoresSalud7audio\">DESCARGAR AUDIO 7<\/a><\/p>\n<p>VIDEOS<\/p>\n<p><a href=\"https:\/\/enlacezapatista.ezln.org.mx\/wp-content\/uploads\/2025\/01\/promo1.mp4\" download=\"PromotoresSalud1video\">DESCARGAR VIDEO 1<\/a><br \/>\n<a href=\"https:\/\/enlacezapatista.ezln.org.mx\/wp-content\/uploads\/2025\/01\/promo2.mp4\" download=\"PromotoresSalud2video\">DESCARGAR VIDEO 2<\/a><br \/>\n<a href=\"https:\/\/enlacezapatista.ezln.org.mx\/wp-content\/uploads\/2025\/01\/promo3.mp4\" download=\"PromotoresSalud3video\">DESCARGAR VIDEO 3<\/a><\/p>\n<p><strong>El \u00e1rbol, la piedra y el ma\u00f1ana<\/strong><\/p>\n<p>Capit\u00e1n Insurgente Marcos<br \/>\n<a href=\"https:\/\/enlacezapatista.ezln.org.mx\/wp-content\/uploads\/2025\/01\/elArbol_cuento.mp3\" download=\"ArbolPiedraMa\u00f1anaCIMaudio\">DESCARGAR AUDIO<\/a><br \/>\n<a href=\"https:\/\/enlacezapatista.ezln.org.mx\/wp-content\/uploads\/2025\/01\/CuentoArbol.mp4\" download=\"ArbolPiedraMa\u00f1anaCIMvideo\">DESCARGAR VIDEO<\/a><\/p>\n<p><strong>\u2026\u2026\u2026\u2026\u2026\u2026\u2026\u2026\u2026\u2026\u2026\u2026\u2026\u2026\u2026\u2026\u2026\u2026\u2026..<br \/>\nLUNES 30 DE DICIEMBRE DE 2024<br \/>\n\u2026\u2026\u2026\u2026\u2026\u2026\u2026\u2026\u2026\u2026\u2026\u2026\u2026\u2026\u2026\u2026\u2026\u2026\u2026..<\/strong><\/p>\n<p>Genealog\u00eda del Com\u00fan Zapatista<\/p>\n<p>Subcomandante Insurgente Mois\u00e9s<br \/>\n<a href=\"https:\/\/enlacezapatista.ezln.org.mx\/wp-content\/uploads\/2024\/12\/000103_0251.mp3\" download=\"GenealogiaComunSCIMaudio\">DESCARGAR AUDIO<\/a><br \/>\n<a href=\"https:\/\/enlacezapatista.ezln.org.mx\/wp-content\/uploads\/2025\/01\/genealogiaMoi.mp4\" download=\"GenealogiaComunSCIMvideo\">DESCARGAR VIDEO<\/a><\/p>\n<p><strong>La Cofa del Vig\u00eda: Se\u00f1ales al ma\u00f1ana<\/strong><\/p>\n<p>Capit\u00e1n Insurgente Marcos<br \/>\n<a href=\"https:\/\/enlacezapatista.ezln.org.mx\/wp-content\/uploads\/2024\/12\/000103_0252.mp3\" download=\"CofaVigiaSe\u00f1alesMa\u00f1anaCIMaudio\">DESCARGAR AUDIO<\/a><br \/>\n<a href=\"https:\/\/enlacezapatista.ezln.org.mx\/wp-content\/uploads\/2025\/01\/SenalesCapi.mp4\" download=\"CofaVigiaSe\u00f1alesMa\u00f1anaCIMvideo\">DESCARGAR VIDEO<\/a><\/p>\n<p><a href=\"https:\/\/enlacezapatista.ezln.org.mx\/2025\/01\/09\/ecos-de-la-primera-sesion-de-los-encuentros-de-resistencia-y-rebeldia-diciembre-2024-y-1-2-de-enero-2025-participacion-zapatista-audios-y-videos-para-descargar\/\" target=\"_blank\">https:\/\/enlacezapatista.ezln.org.mx\/2025\/01\/09\/ecos-de-la-primera-sesion-de-los-encuentros-de-resistencia-y-rebeldia-diciembre-2024-y-1-2-de-enero-2025-participacion-zapatista-audios-y-videos-para-descargar\/<\/a><\/p>\n","protected":false},"excerpt":{"rendered":"<p>Ecos de la Primera Sesi\u00f3n de los Encuentros de Resistencia y Rebeld\u00eda. Diciembre 2024 y 1-2 de enero 2025. Participaci\u00f3n Zapatista: Audios y Videos para Descargar Para firmantes de la &hellip; <a href=\"http:\/\/www.grieta.org.mx\/index.php\/2025\/01\/09\/ecos-de-la-primera-sesion-de-los-encuentros-de-resistencia-y-rebeldia-diciembre-2024-y-1-2-de-enero-2025-participacion-zapatista-audios-y-videos-para-descargar\/\" class=\"more-link\">Leer m\u00e1s<\/a><\/p>\n","protected":false},"author":2,"featured_media":70814,"comment_status":"closed","ping_status":"closed","sticky":false,"template":"","format":"standard","meta":{"ngg_post_thumbnail":0,"_jetpack_newsletter_access":"","_jetpack_dont_email_post_to_subs":false,"_jetpack_newsletter_tier_id":0,"_jetpack_memberships_contains_paywalled_content":false,"_jetpack_memberships_contains_paid_content":false,"footnotes":""},"categories":[80,4226,908,907,2,78],"tags":[466],"class_list":["post-70812","post","type-post","status-publish","format-standard","has-post-thumbnail","hentry","category-cintillo","category-encuentros-internacionales-de-rebeldias-y-resistencias","category-eventos","category-ezln-2","category-noticias-nacionales","category-palabras-del-ezln","tag-ezln","entry"],"jetpack_featured_media_url":"http:\/\/www.grieta.org.mx\/wp-content\/uploads\/2025\/01\/Screenshot-2025-01-09-at-14-30-25-Enlace-Zapatista.png","jetpack_sharing_enabled":true,"jetpack_shortlink":"https:\/\/wp.me\/p7ZJR4-iq8","jetpack_likes_enabled":false,"jetpack-related-posts":[{"id":70837,"url":"http:\/\/www.grieta.org.mx\/index.php\/2025\/01\/10\/ecos-de-la-primera-sesion-de-los-encuentros-de-resistencia-y-rebeldia-diciembre-2024-y-1-2-de-enero-2025-la-tormenta-y-el-dia-despues-teatro-zapatista\/","url_meta":{"origin":70812,"position":0},"title":"Ecos de la Primera Sesi\u00f3n de los Encuentros de Resistencia y Rebeld\u00eda. Diciembre 2024 y 1-2 de enero 2025.  La Tormenta y el D\u00eda Despu\u00e9s. Teatro Zapatista","author":"grieta","date":"10 enero, 2025","format":false,"excerpt":"Ecos de la Primera Sesi\u00f3n de los Encuentros de Resistencia y Rebeld\u00eda. Diciembre 2024 y 1-2 de enero 2025. La Tormenta y el D\u00eda Despu\u00e9s. Teatro Zapatista MARTES 31 DE DICIEMBRE DE 2024 EL CAPITALISMO: CRUEL, INHUMANO Y CRIMINAL OBRAS DE TEATRO Escena 1\u00a0 DESCARGAR VIDEO \u00a0 Escena 2\u00a0 DESCARGAR\u2026","rel":"","context":"En &quot;CINTILLO&quot;","block_context":{"text":"CINTILLO","link":"http:\/\/www.grieta.org.mx\/index.php\/category\/cintillo\/"},"img":{"alt_text":"","src":"https:\/\/i0.wp.com\/www.grieta.org.mx\/wp-content\/uploads\/2025\/01\/cintillo_teatro.jpg?resize=350%2C200","width":350,"height":200,"srcset":"https:\/\/i0.wp.com\/www.grieta.org.mx\/wp-content\/uploads\/2025\/01\/cintillo_teatro.jpg?resize=350%2C200 1x, https:\/\/i0.wp.com\/www.grieta.org.mx\/wp-content\/uploads\/2025\/01\/cintillo_teatro.jpg?resize=525%2C300 1.5x, https:\/\/i0.wp.com\/www.grieta.org.mx\/wp-content\/uploads\/2025\/01\/cintillo_teatro.jpg?resize=700%2C400 2x"},"classes":[]},{"id":70849,"url":"http:\/\/www.grieta.org.mx\/index.php\/2025\/01\/14\/ecos-de-la-primera-sesion-de-los-encuentros-de-resistencia-y-rebeldia-diciembre-2024-y-1-2-de-enero-2025\/","url_meta":{"origin":70812,"position":1},"title":"Ecos de la Primera Sesi\u00f3n de los Encuentros de Resistencia y Rebeld\u00eda. Diciembre 2024 y 1-2 de enero 2025.","author":"grieta","date":"14 enero, 2025","format":false,"excerpt":"Ecos de la Primera Sesi\u00f3n de los Encuentros de Resistencia y Rebeld\u00eda. Diciembre 2024 y 1-2 de enero 2025. 31 A\u00d1OS \u00a0 \u2026\u2026\u2026\u2026\u2026\u2026\u2026\u2026\u2026\u2026\u2026\u2026\u2026\u2026\u2026\u2026\u2026\u2026\u2026.. Palabras del Subcomandante Insurgente Mois\u00e9s DESCARGAR AUDIO https:\/\/enlacezapatista.ezln.org.mx\/2025\/01\/14\/31-anos\/","rel":"","context":"En &quot;CINTILLO&quot;","block_context":{"text":"CINTILLO","link":"http:\/\/www.grieta.org.mx\/index.php\/category\/cintillo\/"},"img":{"alt_text":"","src":"https:\/\/i0.wp.com\/www.grieta.org.mx\/wp-content\/uploads\/2025\/01\/Screenshot-2025-01-14-at-13-57-02-Enlace-Zapatista.png?resize=350%2C200","width":350,"height":200,"srcset":"https:\/\/i0.wp.com\/www.grieta.org.mx\/wp-content\/uploads\/2025\/01\/Screenshot-2025-01-14-at-13-57-02-Enlace-Zapatista.png?resize=350%2C200 1x, https:\/\/i0.wp.com\/www.grieta.org.mx\/wp-content\/uploads\/2025\/01\/Screenshot-2025-01-14-at-13-57-02-Enlace-Zapatista.png?resize=525%2C300 1.5x, https:\/\/i0.wp.com\/www.grieta.org.mx\/wp-content\/uploads\/2025\/01\/Screenshot-2025-01-14-at-13-57-02-Enlace-Zapatista.png?resize=700%2C400 2x, https:\/\/i0.wp.com\/www.grieta.org.mx\/wp-content\/uploads\/2025\/01\/Screenshot-2025-01-14-at-13-57-02-Enlace-Zapatista.png?resize=1050%2C600 3x"},"classes":[]},{"id":70633,"url":"http:\/\/www.grieta.org.mx\/index.php\/2024\/12\/03\/programa-de-la-primera-sesion-de-los-encuentros-internacionales-de-resistencias-y-rebeldias-mesas-y-ponentes\/","url_meta":{"origin":70812,"position":2},"title":"PROGRAMA DE LA PRIMERA SESI\u00d3N DE LOS ENCUENTROS INTERNACIONALES DE RESISTENCIAS Y REBELD\u00cdAS.  Mesas y Ponentes.","author":"grieta","date":"3 diciembre, 2024","format":false,"excerpt":"PROGRAMA DE LA PRIMERA SESI\u00d3N DE LOS ENCUENTROS INTERNACIONALES DE RESISTENCIAS Y REBELD\u00cdAS. Mesas y Ponentes. Aqu\u00ed les ponemos el programa de participaciones: S\u00e1bado 28 de diciembre del 2024. Sede Cideci-Unitierra. SCLC, Chiapas, M\u00e9xico. Mesa I: La tormenta: el crimen, el verdugo y las v\u00edctimas. Participan: Jorge Alonso, John Holloway,\u2026","rel":"","context":"En &quot;CINTILLO&quot;","block_context":{"text":"CINTILLO","link":"http:\/\/www.grieta.org.mx\/index.php\/category\/cintillo\/"},"img":{"alt_text":"","src":"https:\/\/i0.wp.com\/www.grieta.org.mx\/wp-content\/uploads\/2024\/12\/Screenshot-2024-12-03-at-17-09-14-Enlace-Zapatista.png?resize=350%2C200","width":350,"height":200,"srcset":"https:\/\/i0.wp.com\/www.grieta.org.mx\/wp-content\/uploads\/2024\/12\/Screenshot-2024-12-03-at-17-09-14-Enlace-Zapatista.png?resize=350%2C200 1x, https:\/\/i0.wp.com\/www.grieta.org.mx\/wp-content\/uploads\/2024\/12\/Screenshot-2024-12-03-at-17-09-14-Enlace-Zapatista.png?resize=525%2C300 1.5x, https:\/\/i0.wp.com\/www.grieta.org.mx\/wp-content\/uploads\/2024\/12\/Screenshot-2024-12-03-at-17-09-14-Enlace-Zapatista.png?resize=700%2C400 2x, https:\/\/i0.wp.com\/www.grieta.org.mx\/wp-content\/uploads\/2024\/12\/Screenshot-2024-12-03-at-17-09-14-Enlace-Zapatista.png?resize=1050%2C600 3x"},"classes":[]},{"id":70841,"url":"http:\/\/www.grieta.org.mx\/index.php\/2025\/01\/13\/ecos-de-la-primera-sesion-de-los-encuentros-de-resistencia-y-rebeldia-diciembre-2024-y-1-2-de-enero-2025-fragmentos-del-programa-cultural-del-encuentro-de-resistencia-y-rebeldia\/","url_meta":{"origin":70812,"position":3},"title":"Ecos de la Primera Sesi\u00f3n de los Encuentros de Resistencia y Rebeld\u00eda. Diciembre 2024 y 1-2 de enero 2025.  Fragmentos del Programa Cultural del Encuentro de Resistencia y Rebeld\u00eda","author":"grieta","date":"13 enero, 2025","format":false,"excerpt":"Ecos de la Primera Sesi\u00f3n de los Encuentros de Resistencia y Rebeld\u00eda. Diciembre 2024 y 1-2 de enero 2025. Fragmentos del Programa Cultural del Encuentro de Resistencia y Rebeld\u00eda \u00a0 \u00a0 \u00a0 \u00a0 \u00a0 \u00a0 \u00a0 \u00a0 \u00a0 \u00a0 \u00a0 \u00a0 \u00a0 \u00a0 \u00a0 \u00a0 \u00a0 \u00a0 \u00a0 \u00a0 \u00a0\u2026","rel":"","context":"En &quot;CINTILLO&quot;","block_context":{"text":"CINTILLO","link":"http:\/\/www.grieta.org.mx\/index.php\/category\/cintillo\/"},"img":{"alt_text":"","src":"https:\/\/i0.wp.com\/www.grieta.org.mx\/wp-content\/uploads\/2025\/01\/Captura-de-pantalla-2025-01-13-180726.png?resize=350%2C200","width":350,"height":200,"srcset":"https:\/\/i0.wp.com\/www.grieta.org.mx\/wp-content\/uploads\/2025\/01\/Captura-de-pantalla-2025-01-13-180726.png?resize=350%2C200 1x, https:\/\/i0.wp.com\/www.grieta.org.mx\/wp-content\/uploads\/2025\/01\/Captura-de-pantalla-2025-01-13-180726.png?resize=525%2C300 1.5x, https:\/\/i0.wp.com\/www.grieta.org.mx\/wp-content\/uploads\/2025\/01\/Captura-de-pantalla-2025-01-13-180726.png?resize=700%2C400 2x"},"classes":[]},{"id":70778,"url":"http:\/\/www.grieta.org.mx\/index.php\/2025\/01\/08\/ecos-de-la-primera-sesion-de-los-encuentros-de-resistencia-y-rebeldia-diciembre-2024-y-1-2-de-enero-2025-asistencia-algunas-partes-del-todo\/","url_meta":{"origin":70812,"position":4},"title":"Ecos de la Primera Sesi\u00f3n de los Encuentros de Resistencia y Rebeld\u00eda. Diciembre 2024 y 1-2 de enero 2025. Asistencia: \u00bfalgunas partes del todo?","author":"grieta","date":"8 enero, 2025","format":false,"excerpt":"\u00a0 Equipos de Apoyo de la Comisi\u00f3n Sexta Zapatista Ecos de la Primera Sesi\u00f3n de los Encuentros de Resistencia y Rebeld\u00eda. Diciembre 2024 y 1-2 de enero 2025. Asistencia: \u00bfalgunas partes del todo? Personas registradas hasta el 2 de enero del 2025: .- 1079 asistentes firmantes de la Declaraci\u00f3n por\u2026","rel":"","context":"En &quot;CINTILLO&quot;","block_context":{"text":"CINTILLO","link":"http:\/\/www.grieta.org.mx\/index.php\/category\/cintillo\/"},"img":{"alt_text":"","src":"https:\/\/i0.wp.com\/www.grieta.org.mx\/wp-content\/uploads\/2025\/01\/Captura.webp?resize=350%2C200","width":350,"height":200,"srcset":"https:\/\/i0.wp.com\/www.grieta.org.mx\/wp-content\/uploads\/2025\/01\/Captura.webp?resize=350%2C200 1x, https:\/\/i0.wp.com\/www.grieta.org.mx\/wp-content\/uploads\/2025\/01\/Captura.webp?resize=525%2C300 1.5x, https:\/\/i0.wp.com\/www.grieta.org.mx\/wp-content\/uploads\/2025\/01\/Captura.webp?resize=700%2C400 2x"},"classes":[]},{"id":70775,"url":"http:\/\/www.grieta.org.mx\/index.php\/2024\/12\/30\/la-cofa-del-vigia-senales-al-manana-capitan-insurgente-marcos-cideci-unitierra-sclc-chiapas-mexico-lunes-30-de-diciembre-del-2024\/","url_meta":{"origin":70812,"position":5},"title":"La Cofa del Vig\u00eda: Se\u00f1ales al ma\u00f1ana Capit\u00e1n Insurgente Marcos Cideci-Unitierra. SCLC, Chiapas, M\u00e9xico Lunes 30 de diciembre del 2024","author":"grieta","date":"30 diciembre, 2024","format":false,"excerpt":"La Cofa del Vig\u00eda: Se\u00f1ales al ma\u00f1ana Capit\u00e1n Insurgente Marcos Cideci-Unitierra. SCLC, Chiapas, M\u00e9xico Lunes 30 de diciembre del 2024 https:\/\/enlacezapatista.ezln.org.mx\/2024\/12\/27\/transmision-en-vivo-de-las-mesas-de-la-primera-sesion-de-los-encuentros-de-resistencia-y-rebeldia\/","rel":"","context":"En &quot;CINTILLO&quot;","block_context":{"text":"CINTILLO","link":"http:\/\/www.grieta.org.mx\/index.php\/category\/cintillo\/"},"img":{"alt_text":"","src":"https:\/\/i0.wp.com\/www.grieta.org.mx\/wp-content\/uploads\/2024\/12\/Screenshot-2024-12-27-at-22-58-54-Enlace-Zapatista.png?resize=350%2C200","width":350,"height":200,"srcset":"https:\/\/i0.wp.com\/www.grieta.org.mx\/wp-content\/uploads\/2024\/12\/Screenshot-2024-12-27-at-22-58-54-Enlace-Zapatista.png?resize=350%2C200 1x, https:\/\/i0.wp.com\/www.grieta.org.mx\/wp-content\/uploads\/2024\/12\/Screenshot-2024-12-27-at-22-58-54-Enlace-Zapatista.png?resize=525%2C300 1.5x, https:\/\/i0.wp.com\/www.grieta.org.mx\/wp-content\/uploads\/2024\/12\/Screenshot-2024-12-27-at-22-58-54-Enlace-Zapatista.png?resize=700%2C400 2x, https:\/\/i0.wp.com\/www.grieta.org.mx\/wp-content\/uploads\/2024\/12\/Screenshot-2024-12-27-at-22-58-54-Enlace-Zapatista.png?resize=1050%2C600 3x"},"classes":[]}],"_links":{"self":[{"href":"http:\/\/www.grieta.org.mx\/index.php\/wp-json\/wp\/v2\/posts\/70812","targetHints":{"allow":["GET"]}}],"collection":[{"href":"http:\/\/www.grieta.org.mx\/index.php\/wp-json\/wp\/v2\/posts"}],"about":[{"href":"http:\/\/www.grieta.org.mx\/index.php\/wp-json\/wp\/v2\/types\/post"}],"author":[{"embeddable":true,"href":"http:\/\/www.grieta.org.mx\/index.php\/wp-json\/wp\/v2\/users\/2"}],"replies":[{"embeddable":true,"href":"http:\/\/www.grieta.org.mx\/index.php\/wp-json\/wp\/v2\/comments?post=70812"}],"version-history":[{"count":1,"href":"http:\/\/www.grieta.org.mx\/index.php\/wp-json\/wp\/v2\/posts\/70812\/revisions"}],"predecessor-version":[{"id":70818,"href":"http:\/\/www.grieta.org.mx\/index.php\/wp-json\/wp\/v2\/posts\/70812\/revisions\/70818"}],"wp:featuredmedia":[{"embeddable":true,"href":"http:\/\/www.grieta.org.mx\/index.php\/wp-json\/wp\/v2\/media\/70814"}],"wp:attachment":[{"href":"http:\/\/www.grieta.org.mx\/index.php\/wp-json\/wp\/v2\/media?parent=70812"}],"wp:term":[{"taxonomy":"category","embeddable":true,"href":"http:\/\/www.grieta.org.mx\/index.php\/wp-json\/wp\/v2\/categories?post=70812"},{"taxonomy":"post_tag","embeddable":true,"href":"http:\/\/www.grieta.org.mx\/index.php\/wp-json\/wp\/v2\/tags?post=70812"}],"curies":[{"name":"wp","href":"https:\/\/api.w.org\/{rel}","templated":true}]}}