{"id":70778,"date":"2025-01-08T15:01:39","date_gmt":"2025-01-08T21:01:39","guid":{"rendered":"https:\/\/www.grieta.org.mx\/?p=70778"},"modified":"2025-01-08T15:02:16","modified_gmt":"2025-01-08T21:02:16","slug":"ecos-de-la-primera-sesion-de-los-encuentros-de-resistencia-y-rebeldia-diciembre-2024-y-1-2-de-enero-2025-asistencia-algunas-partes-del-todo","status":"publish","type":"post","link":"http:\/\/www.grieta.org.mx\/index.php\/2025\/01\/08\/ecos-de-la-primera-sesion-de-los-encuentros-de-resistencia-y-rebeldia-diciembre-2024-y-1-2-de-enero-2025-asistencia-algunas-partes-del-todo\/","title":{"rendered":"Ecos de la Primera Sesi\u00f3n de los Encuentros de Resistencia y Rebeld\u00eda. Diciembre 2024 y 1-2 de enero 2025. Asistencia: \u00bfalgunas partes del todo?"},"content":{"rendered":"<p>&nbsp;<\/p>\n<p>Equipos de Apoyo de la Comisi\u00f3n Sexta Zapatista<\/p>\n<p style=\"text-align: center;\"><strong>Ecos de la Primera Sesi\u00f3n de los Encuentros de Resistencia y Rebeld\u00eda.<\/strong><br \/>\n<strong>Diciembre 2024 y 1-2 de enero 2025.<\/strong><\/p>\n<p>Asistencia: \u00bfalgunas partes del todo?<\/p>\n<p>Personas registradas hasta el 2 de enero del 2025:<\/p>\n<p>.- 1079 asistentes firmantes de la Declaraci\u00f3n por la Vida.<\/p>\n<p>.- 245 grupos, colectivos, movimientos u organizaciones.<\/p>\n<p>.- 35 medios libres, aut\u00f3nomos, independientes, o como se llamen.<\/p>\n<p>.- Procedencia:<\/p>\n<p>.- 31 estados de la Rep\u00fablica Mexicana (todos menos Campeche)<\/p>\n<p>.- 46 pa\u00edses o geograf\u00edas del mundo.<\/p>\n<p>Alemania<br \/>\nArgentina<br \/>\nAustralia<br \/>\nAustria<br \/>\nB\u00e9lgica<br \/>\nBolivia<br \/>\nBrasil<br \/>\nCanad\u00e1<br \/>\nCatalu\u00f1a<br \/>\nChile<br \/>\nColombia<br \/>\nCorea del Sur<br \/>\nCosta Rica<br \/>\nCuba<br \/>\nEl Salvador<br \/>\nEslovaquia<br \/>\nEslovenia<br \/>\nEstado Espa\u00f1ol<br \/>\nEUA<br \/>\nFrancia<br \/>\nGrecia<br \/>\nGuatemala<br \/>\nHait\u00ed<\/p>\n<p>Holanda<br \/>\nInglaterra<br \/>\nIr\u00e1n<br \/>\nIrlanda<br \/>\nIsrael<br \/>\nItalia<br \/>\nKenia<br \/>\nL\u00edbano<br \/>\nLituania<br \/>\nM\u00e9xico<br \/>\nNicaragua<br \/>\nPa\u00eds Vasco<br \/>\nPalestina<br \/>\nPer\u00fa<br \/>\nPortugal<br \/>\nPuerto Rico<br \/>\nRep\u00fablica Dominicana<br \/>\nSuecia<br \/>\nSuiza<br \/>\nTrinidad y Tobago<br \/>\nUcrania<br \/>\nUruguay<br \/>\nVenezuela<\/p>\n<p>.- M\u00e1s 900 zapatistas asistentes a las mesas en CIDECI los d\u00edas 28-29 y 30 de diciembre del 2024. Autoridades aut\u00f3nomas, promotores de salud, de educaci\u00f3n y de como mujeres que somos, bases de apoyo, milicianos, milicianas, mandos pol\u00edtico-organizativos.<\/p>\n<p>Es todo.<\/p>\n<p>Equipos de Apoyo de la Comisi\u00f3n Sexta Zapatista.<br \/>\nEnero del 2025.<\/p>\n<p><a href=\"https:\/\/enlacezapatista.ezln.org.mx\/2025\/01\/08\/ecos-de-la-primera-sesion-de-los-encuentros-de-resistencia-y-rebeldia-diciembre-2024-y-1-2-de-enero-2025-asistencia-algunas-partes-del-todo\/\">https:\/\/enlacezapatista.ezln.org.mx\/2025\/01\/08\/ecos-de-la-primera-sesion-de-los-encuentros-de-resistencia-y-rebeldia-diciembre-2024-y-1-2-de-enero-2025-asistencia-algunas-partes-del-todo\/<\/a><\/p>\n","protected":false},"excerpt":{"rendered":"<p>&nbsp; Equipos de Apoyo de la Comisi\u00f3n Sexta Zapatista Ecos de la Primera Sesi\u00f3n de los Encuentros de Resistencia y Rebeld\u00eda. Diciembre 2024 y 1-2 de enero 2025. Asistencia: \u00bfalgunas &hellip; <a href=\"http:\/\/www.grieta.org.mx\/index.php\/2025\/01\/08\/ecos-de-la-primera-sesion-de-los-encuentros-de-resistencia-y-rebeldia-diciembre-2024-y-1-2-de-enero-2025-asistencia-algunas-partes-del-todo\/\" class=\"more-link\">Leer m\u00e1s<\/a><\/p>\n","protected":false},"author":2,"featured_media":70781,"comment_status":"closed","ping_status":"closed","sticky":false,"template":"","format":"standard","meta":{"ngg_post_thumbnail":0,"_jetpack_newsletter_access":"","_jetpack_dont_email_post_to_subs":false,"_jetpack_newsletter_tier_id":0,"_jetpack_memberships_contains_paywalled_content":false,"_jetpack_memberships_contains_paid_content":false,"footnotes":""},"categories":[80,4226,908,907,2],"tags":[466],"class_list":["post-70778","post","type-post","status-publish","format-standard","has-post-thumbnail","hentry","category-cintillo","category-encuentros-internacionales-de-rebeldias-y-resistencias","category-eventos","category-ezln-2","category-noticias-nacionales","tag-ezln","entry"],"jetpack_featured_media_url":"http:\/\/www.grieta.org.mx\/wp-content\/uploads\/2025\/01\/Captura.webp","jetpack_sharing_enabled":true,"jetpack_shortlink":"https:\/\/wp.me\/p7ZJR4-ipA","jetpack_likes_enabled":false,"jetpack-related-posts":[{"id":70841,"url":"http:\/\/www.grieta.org.mx\/index.php\/2025\/01\/13\/ecos-de-la-primera-sesion-de-los-encuentros-de-resistencia-y-rebeldia-diciembre-2024-y-1-2-de-enero-2025-fragmentos-del-programa-cultural-del-encuentro-de-resistencia-y-rebeldia\/","url_meta":{"origin":70778,"position":0},"title":"Ecos de la Primera Sesi\u00f3n de los Encuentros de Resistencia y Rebeld\u00eda. Diciembre 2024 y 1-2 de enero 2025.  Fragmentos del Programa Cultural del Encuentro de Resistencia y Rebeld\u00eda","author":"grieta","date":"13 enero, 2025","format":false,"excerpt":"Ecos de la Primera Sesi\u00f3n de los Encuentros de Resistencia y Rebeld\u00eda. Diciembre 2024 y 1-2 de enero 2025. Fragmentos del Programa Cultural del Encuentro de Resistencia y Rebeld\u00eda \u00a0 \u00a0 \u00a0 \u00a0 \u00a0 \u00a0 \u00a0 \u00a0 \u00a0 \u00a0 \u00a0 \u00a0 \u00a0 \u00a0 \u00a0 \u00a0 \u00a0 \u00a0 \u00a0 \u00a0 \u00a0\u2026","rel":"","context":"En &quot;CINTILLO&quot;","block_context":{"text":"CINTILLO","link":"http:\/\/www.grieta.org.mx\/index.php\/category\/cintillo\/"},"img":{"alt_text":"","src":"https:\/\/i0.wp.com\/www.grieta.org.mx\/wp-content\/uploads\/2025\/01\/Captura-de-pantalla-2025-01-13-180726.png?resize=350%2C200","width":350,"height":200,"srcset":"https:\/\/i0.wp.com\/www.grieta.org.mx\/wp-content\/uploads\/2025\/01\/Captura-de-pantalla-2025-01-13-180726.png?resize=350%2C200 1x, https:\/\/i0.wp.com\/www.grieta.org.mx\/wp-content\/uploads\/2025\/01\/Captura-de-pantalla-2025-01-13-180726.png?resize=525%2C300 1.5x, https:\/\/i0.wp.com\/www.grieta.org.mx\/wp-content\/uploads\/2025\/01\/Captura-de-pantalla-2025-01-13-180726.png?resize=700%2C400 2x"},"classes":[]},{"id":70849,"url":"http:\/\/www.grieta.org.mx\/index.php\/2025\/01\/14\/ecos-de-la-primera-sesion-de-los-encuentros-de-resistencia-y-rebeldia-diciembre-2024-y-1-2-de-enero-2025\/","url_meta":{"origin":70778,"position":1},"title":"Ecos de la Primera Sesi\u00f3n de los Encuentros de Resistencia y Rebeld\u00eda. Diciembre 2024 y 1-2 de enero 2025.","author":"grieta","date":"14 enero, 2025","format":false,"excerpt":"Ecos de la Primera Sesi\u00f3n de los Encuentros de Resistencia y Rebeld\u00eda. Diciembre 2024 y 1-2 de enero 2025. 31 A\u00d1OS \u00a0 \u2026\u2026\u2026\u2026\u2026\u2026\u2026\u2026\u2026\u2026\u2026\u2026\u2026\u2026\u2026\u2026\u2026\u2026\u2026.. Palabras del Subcomandante Insurgente Mois\u00e9s DESCARGAR AUDIO https:\/\/enlacezapatista.ezln.org.mx\/2025\/01\/14\/31-anos\/","rel":"","context":"En &quot;CINTILLO&quot;","block_context":{"text":"CINTILLO","link":"http:\/\/www.grieta.org.mx\/index.php\/category\/cintillo\/"},"img":{"alt_text":"","src":"https:\/\/i0.wp.com\/www.grieta.org.mx\/wp-content\/uploads\/2025\/01\/Screenshot-2025-01-14-at-13-57-02-Enlace-Zapatista.png?resize=350%2C200","width":350,"height":200,"srcset":"https:\/\/i0.wp.com\/www.grieta.org.mx\/wp-content\/uploads\/2025\/01\/Screenshot-2025-01-14-at-13-57-02-Enlace-Zapatista.png?resize=350%2C200 1x, https:\/\/i0.wp.com\/www.grieta.org.mx\/wp-content\/uploads\/2025\/01\/Screenshot-2025-01-14-at-13-57-02-Enlace-Zapatista.png?resize=525%2C300 1.5x, https:\/\/i0.wp.com\/www.grieta.org.mx\/wp-content\/uploads\/2025\/01\/Screenshot-2025-01-14-at-13-57-02-Enlace-Zapatista.png?resize=700%2C400 2x, https:\/\/i0.wp.com\/www.grieta.org.mx\/wp-content\/uploads\/2025\/01\/Screenshot-2025-01-14-at-13-57-02-Enlace-Zapatista.png?resize=1050%2C600 3x"},"classes":[]},{"id":70837,"url":"http:\/\/www.grieta.org.mx\/index.php\/2025\/01\/10\/ecos-de-la-primera-sesion-de-los-encuentros-de-resistencia-y-rebeldia-diciembre-2024-y-1-2-de-enero-2025-la-tormenta-y-el-dia-despues-teatro-zapatista\/","url_meta":{"origin":70778,"position":2},"title":"Ecos de la Primera Sesi\u00f3n de los Encuentros de Resistencia y Rebeld\u00eda. Diciembre 2024 y 1-2 de enero 2025.  La Tormenta y el D\u00eda Despu\u00e9s. Teatro Zapatista","author":"grieta","date":"10 enero, 2025","format":false,"excerpt":"Ecos de la Primera Sesi\u00f3n de los Encuentros de Resistencia y Rebeld\u00eda. Diciembre 2024 y 1-2 de enero 2025. La Tormenta y el D\u00eda Despu\u00e9s. Teatro Zapatista MARTES 31 DE DICIEMBRE DE 2024 EL CAPITALISMO: CRUEL, INHUMANO Y CRIMINAL OBRAS DE TEATRO Escena 1\u00a0 DESCARGAR VIDEO \u00a0 Escena 2\u00a0 DESCARGAR\u2026","rel":"","context":"En &quot;CINTILLO&quot;","block_context":{"text":"CINTILLO","link":"http:\/\/www.grieta.org.mx\/index.php\/category\/cintillo\/"},"img":{"alt_text":"","src":"https:\/\/i0.wp.com\/www.grieta.org.mx\/wp-content\/uploads\/2025\/01\/cintillo_teatro.jpg?resize=350%2C200","width":350,"height":200,"srcset":"https:\/\/i0.wp.com\/www.grieta.org.mx\/wp-content\/uploads\/2025\/01\/cintillo_teatro.jpg?resize=350%2C200 1x, https:\/\/i0.wp.com\/www.grieta.org.mx\/wp-content\/uploads\/2025\/01\/cintillo_teatro.jpg?resize=525%2C300 1.5x, https:\/\/i0.wp.com\/www.grieta.org.mx\/wp-content\/uploads\/2025\/01\/cintillo_teatro.jpg?resize=700%2C400 2x"},"classes":[]},{"id":70812,"url":"http:\/\/www.grieta.org.mx\/index.php\/2025\/01\/09\/ecos-de-la-primera-sesion-de-los-encuentros-de-resistencia-y-rebeldia-diciembre-2024-y-1-2-de-enero-2025-participacion-zapatista-audios-y-videos-para-descargar\/","url_meta":{"origin":70778,"position":3},"title":"Ecos de la Primera Sesi\u00f3n de los Encuentros de Resistencia y Rebeld\u00eda. Diciembre 2024 y 1-2 de enero 2025. Participaci\u00f3n Zapatista: Audios y Videos para Descargar","author":"grieta","date":"9 enero, 2025","format":false,"excerpt":"Ecos de la Primera Sesi\u00f3n de los Encuentros de Resistencia y Rebeld\u00eda. Diciembre 2024 y 1-2 de enero 2025. Participaci\u00f3n Zapatista: Audios y Videos para Descargar Para firmantes de la Declaraci\u00f3n por la Vida, compas zapatistas y herman@s partidistas \u2026\u2026\u2026\u2026\u2026\u2026\u2026\u2026\u2026\u2026\u2026\u2026\u2026\u2026\u2026\u2026\u2026\u2026\u2026.. S\u00c1BADO 28 DE DICIEMBRE DE 2024 \u2026\u2026\u2026\u2026\u2026\u2026\u2026\u2026\u2026\u2026\u2026\u2026\u2026\u2026\u2026\u2026\u2026\u2026\u2026.. Presentaci\u00f3n Capit\u00e1n Insurgente\u2026","rel":"","context":"En &quot;CINTILLO&quot;","block_context":{"text":"CINTILLO","link":"http:\/\/www.grieta.org.mx\/index.php\/category\/cintillo\/"},"img":{"alt_text":"","src":"https:\/\/i0.wp.com\/www.grieta.org.mx\/wp-content\/uploads\/2025\/01\/Screenshot-2025-01-09-at-14-30-25-Enlace-Zapatista.png?resize=350%2C200","width":350,"height":200,"srcset":"https:\/\/i0.wp.com\/www.grieta.org.mx\/wp-content\/uploads\/2025\/01\/Screenshot-2025-01-09-at-14-30-25-Enlace-Zapatista.png?resize=350%2C200 1x, https:\/\/i0.wp.com\/www.grieta.org.mx\/wp-content\/uploads\/2025\/01\/Screenshot-2025-01-09-at-14-30-25-Enlace-Zapatista.png?resize=525%2C300 1.5x, https:\/\/i0.wp.com\/www.grieta.org.mx\/wp-content\/uploads\/2025\/01\/Screenshot-2025-01-09-at-14-30-25-Enlace-Zapatista.png?resize=700%2C400 2x, https:\/\/i0.wp.com\/www.grieta.org.mx\/wp-content\/uploads\/2025\/01\/Screenshot-2025-01-09-at-14-30-25-Enlace-Zapatista.png?resize=1050%2C600 3x"},"classes":[]},{"id":70584,"url":"http:\/\/www.grieta.org.mx\/index.php\/2024\/12\/01\/encuentros-internacionales-de-rebeldias-y-resistencias-2024-2025-fechas-y-sedes-de-la-primera-sesion-diciembre-2024-a-enero-2025\/","url_meta":{"origin":70778,"position":4},"title":"Encuentros Internacionales de Rebeld\u00edas y Resistencias 2024-2025. FECHAS Y SEDES DE LA PRIMERA SESI\u00d3N DICIEMBRE 2024 a ENERO 2025","author":"grieta","date":"1 diciembre, 2024","format":false,"excerpt":"Encuentros Internacionales de Rebeld\u00edas y Resistencias 2024-2025. FECHAS Y SEDES DE LA PRIMERA SESI\u00d3N DICIEMBRE 2024 a ENERO 2025 A todas las personas, grupos, colectivos, organizaciones, movimientos y pueblos originarios que han suscrito la llamada Declaraci\u00f3n por la Vida: A continuaci\u00f3n, les decimos las fechas y las sedes para la\u2026","rel":"","context":"En &quot;CINTILLO&quot;","block_context":{"text":"CINTILLO","link":"http:\/\/www.grieta.org.mx\/index.php\/category\/cintillo\/"},"img":{"alt_text":"","src":"https:\/\/i0.wp.com\/www.grieta.org.mx\/wp-content\/uploads\/2024\/12\/encuentro.jpg?resize=350%2C200","width":350,"height":200,"srcset":"https:\/\/i0.wp.com\/www.grieta.org.mx\/wp-content\/uploads\/2024\/12\/encuentro.jpg?resize=350%2C200 1x, https:\/\/i0.wp.com\/www.grieta.org.mx\/wp-content\/uploads\/2024\/12\/encuentro.jpg?resize=525%2C300 1.5x, https:\/\/i0.wp.com\/www.grieta.org.mx\/wp-content\/uploads\/2024\/12\/encuentro.jpg?resize=700%2C400 2x"},"classes":[]},{"id":70633,"url":"http:\/\/www.grieta.org.mx\/index.php\/2024\/12\/03\/programa-de-la-primera-sesion-de-los-encuentros-internacionales-de-resistencias-y-rebeldias-mesas-y-ponentes\/","url_meta":{"origin":70778,"position":5},"title":"PROGRAMA DE LA PRIMERA SESI\u00d3N DE LOS ENCUENTROS INTERNACIONALES DE RESISTENCIAS Y REBELD\u00cdAS.  Mesas y Ponentes.","author":"grieta","date":"3 diciembre, 2024","format":false,"excerpt":"PROGRAMA DE LA PRIMERA SESI\u00d3N DE LOS ENCUENTROS INTERNACIONALES DE RESISTENCIAS Y REBELD\u00cdAS. Mesas y Ponentes. Aqu\u00ed les ponemos el programa de participaciones: S\u00e1bado 28 de diciembre del 2024. Sede Cideci-Unitierra. SCLC, Chiapas, M\u00e9xico. Mesa I: La tormenta: el crimen, el verdugo y las v\u00edctimas. Participan: Jorge Alonso, John Holloway,\u2026","rel":"","context":"En &quot;CINTILLO&quot;","block_context":{"text":"CINTILLO","link":"http:\/\/www.grieta.org.mx\/index.php\/category\/cintillo\/"},"img":{"alt_text":"","src":"https:\/\/i0.wp.com\/www.grieta.org.mx\/wp-content\/uploads\/2024\/12\/Screenshot-2024-12-03-at-17-09-14-Enlace-Zapatista.png?resize=350%2C200","width":350,"height":200,"srcset":"https:\/\/i0.wp.com\/www.grieta.org.mx\/wp-content\/uploads\/2024\/12\/Screenshot-2024-12-03-at-17-09-14-Enlace-Zapatista.png?resize=350%2C200 1x, https:\/\/i0.wp.com\/www.grieta.org.mx\/wp-content\/uploads\/2024\/12\/Screenshot-2024-12-03-at-17-09-14-Enlace-Zapatista.png?resize=525%2C300 1.5x, https:\/\/i0.wp.com\/www.grieta.org.mx\/wp-content\/uploads\/2024\/12\/Screenshot-2024-12-03-at-17-09-14-Enlace-Zapatista.png?resize=700%2C400 2x, https:\/\/i0.wp.com\/www.grieta.org.mx\/wp-content\/uploads\/2024\/12\/Screenshot-2024-12-03-at-17-09-14-Enlace-Zapatista.png?resize=1050%2C600 3x"},"classes":[]}],"_links":{"self":[{"href":"http:\/\/www.grieta.org.mx\/index.php\/wp-json\/wp\/v2\/posts\/70778","targetHints":{"allow":["GET"]}}],"collection":[{"href":"http:\/\/www.grieta.org.mx\/index.php\/wp-json\/wp\/v2\/posts"}],"about":[{"href":"http:\/\/www.grieta.org.mx\/index.php\/wp-json\/wp\/v2\/types\/post"}],"author":[{"embeddable":true,"href":"http:\/\/www.grieta.org.mx\/index.php\/wp-json\/wp\/v2\/users\/2"}],"replies":[{"embeddable":true,"href":"http:\/\/www.grieta.org.mx\/index.php\/wp-json\/wp\/v2\/comments?post=70778"}],"version-history":[{"count":1,"href":"http:\/\/www.grieta.org.mx\/index.php\/wp-json\/wp\/v2\/posts\/70778\/revisions"}],"predecessor-version":[{"id":70784,"href":"http:\/\/www.grieta.org.mx\/index.php\/wp-json\/wp\/v2\/posts\/70778\/revisions\/70784"}],"wp:featuredmedia":[{"embeddable":true,"href":"http:\/\/www.grieta.org.mx\/index.php\/wp-json\/wp\/v2\/media\/70781"}],"wp:attachment":[{"href":"http:\/\/www.grieta.org.mx\/index.php\/wp-json\/wp\/v2\/media?parent=70778"}],"wp:term":[{"taxonomy":"category","embeddable":true,"href":"http:\/\/www.grieta.org.mx\/index.php\/wp-json\/wp\/v2\/categories?post=70778"},{"taxonomy":"post_tag","embeddable":true,"href":"http:\/\/www.grieta.org.mx\/index.php\/wp-json\/wp\/v2\/tags?post=70778"}],"curies":[{"name":"wp","href":"https:\/\/api.w.org\/{rel}","templated":true}]}}