{"id":70771,"date":"2024-12-29T15:17:32","date_gmt":"2024-12-29T21:17:32","guid":{"rendered":"https:\/\/www.grieta.org.mx\/?p=70771"},"modified":"2024-12-29T15:17:32","modified_gmt":"2024-12-29T21:17:32","slug":"mesa-rebeldia-y-resistencia-zapatistas-parte-ii-mujeres-sabado-29-de-diciembre-del-2024","status":"publish","type":"post","link":"http:\/\/www.grieta.org.mx\/index.php\/2024\/12\/29\/mesa-rebeldia-y-resistencia-zapatistas-parte-ii-mujeres-sabado-29-de-diciembre-del-2024\/","title":{"rendered":"Mesa Rebeld\u00eda y Resistencia Zapatistas. Parte II Mujeres S\u00e1bado 29 de diciembre del 2024"},"content":{"rendered":"<p><strong>Mesa Rebeld\u00eda y Resistencia Zapatistas. Parte II<br \/>\nMujeres<br \/>\nS\u00e1bado 29 de diciembre del 2024<\/strong><\/p>\n<p>&nbsp;<\/p>\n<div class=\"jetpack-video-wrapper\"><iframe loading=\"lazy\" title=\"Mesa Rebeld\u00eda y Resistencia Zapatistas. Parte II. Mujeres\" width=\"1170\" height=\"658\" src=\"https:\/\/www.youtube.com\/embed\/HlkJ5RQYY5g?feature=oembed\" frameborder=\"0\" allow=\"accelerometer; autoplay; clipboard-write; encrypted-media; gyroscope; picture-in-picture; web-share\" referrerpolicy=\"strict-origin-when-cross-origin\" allowfullscreen><\/iframe><\/div>\n<p><a href=\"https:\/\/enlacezapatista.ezln.org.mx\/2024\/12\/27\/transmision-en-vivo-de-las-mesas-de-la-primera-sesion-de-los-encuentros-de-resistencia-y-rebeldia\/\" target=\"_blank\" rel=\"noopener\">https:\/\/enlacezapatista.ezln.org.mx\/2024\/12\/27\/transmision-en-vivo-de-las-mesas-de-la-primera-sesion-de-los-encuentros-de-resistencia-y-rebeldia\/<\/a><\/p>\n<p>&nbsp;<\/p>\n","protected":false},"excerpt":{"rendered":"<p>Mesa Rebeld\u00eda y Resistencia Zapatistas. Parte II Mujeres S\u00e1bado 29 de diciembre del 2024 &nbsp; https:\/\/enlacezapatista.ezln.org.mx\/2024\/12\/27\/transmision-en-vivo-de-las-mesas-de-la-primera-sesion-de-los-encuentros-de-resistencia-y-rebeldia\/ &nbsp;<\/p>\n","protected":false},"author":2,"featured_media":70742,"comment_status":"closed","ping_status":"closed","sticky":false,"template":"","format":"standard","meta":{"ngg_post_thumbnail":0,"_jetpack_newsletter_access":"","_jetpack_dont_email_post_to_subs":false,"_jetpack_newsletter_tier_id":0,"_jetpack_memberships_contains_paywalled_content":false,"_jetpack_memberships_contains_paid_content":false,"footnotes":""},"categories":[80,4226,908,907,2],"tags":[466],"class_list":["post-70771","post","type-post","status-publish","format-standard","has-post-thumbnail","hentry","category-cintillo","category-encuentros-internacionales-de-rebeldias-y-resistencias","category-eventos","category-ezln-2","category-noticias-nacionales","tag-ezln","entry"],"jetpack_featured_media_url":"http:\/\/www.grieta.org.mx\/wp-content\/uploads\/2024\/12\/Screenshot-2024-12-27-at-22-58-54-Enlace-Zapatista.png","jetpack_sharing_enabled":true,"jetpack_shortlink":"https:\/\/wp.me\/p7ZJR4-ipt","jetpack_likes_enabled":false,"jetpack-related-posts":[{"id":70773,"url":"http:\/\/www.grieta.org.mx\/index.php\/2024\/12\/29\/mesa-rebeldia-y-resistencia-zapatistas-parte-iii-los-primeros-pasos-del-comun-zapatista-sabado-29-de-diciembre-del-2024\/","url_meta":{"origin":70771,"position":0},"title":"Mesa Rebeld\u00eda y Resistencia Zapatistas. Parte III Los primeros pasos del Com\u00fan Zapatista S\u00e1bado 29 de diciembre del 2024","author":"grieta","date":"29 diciembre, 2024","format":false,"excerpt":"Mesa Rebeld\u00eda y Resistencia Zapatistas. Parte III Los primeros pasos del Com\u00fan Zapatista S\u00e1bado 29 de diciembre del 2024 https:\/\/enlacezapatista.ezln.org.mx\/2024\/12\/27\/transmision-en-vivo-de-las-mesas-de-la-primera-sesion-de-los-encuentros-de-resistencia-y-rebeldia\/","rel":"","context":"En &quot;CINTILLO&quot;","block_context":{"text":"CINTILLO","link":"http:\/\/www.grieta.org.mx\/index.php\/category\/cintillo\/"},"img":{"alt_text":"","src":"https:\/\/i0.wp.com\/www.grieta.org.mx\/wp-content\/uploads\/2024\/12\/Screenshot-2024-12-27-at-22-58-54-Enlace-Zapatista.png?resize=350%2C200","width":350,"height":200,"srcset":"https:\/\/i0.wp.com\/www.grieta.org.mx\/wp-content\/uploads\/2024\/12\/Screenshot-2024-12-27-at-22-58-54-Enlace-Zapatista.png?resize=350%2C200 1x, https:\/\/i0.wp.com\/www.grieta.org.mx\/wp-content\/uploads\/2024\/12\/Screenshot-2024-12-27-at-22-58-54-Enlace-Zapatista.png?resize=525%2C300 1.5x, https:\/\/i0.wp.com\/www.grieta.org.mx\/wp-content\/uploads\/2024\/12\/Screenshot-2024-12-27-at-22-58-54-Enlace-Zapatista.png?resize=700%2C400 2x, https:\/\/i0.wp.com\/www.grieta.org.mx\/wp-content\/uploads\/2024\/12\/Screenshot-2024-12-27-at-22-58-54-Enlace-Zapatista.png?resize=1050%2C600 3x"},"classes":[]},{"id":70812,"url":"http:\/\/www.grieta.org.mx\/index.php\/2025\/01\/09\/ecos-de-la-primera-sesion-de-los-encuentros-de-resistencia-y-rebeldia-diciembre-2024-y-1-2-de-enero-2025-participacion-zapatista-audios-y-videos-para-descargar\/","url_meta":{"origin":70771,"position":1},"title":"Ecos de la Primera Sesi\u00f3n de los Encuentros de Resistencia y Rebeld\u00eda. Diciembre 2024 y 1-2 de enero 2025. Participaci\u00f3n Zapatista: Audios y Videos para Descargar","author":"grieta","date":"9 enero, 2025","format":false,"excerpt":"Ecos de la Primera Sesi\u00f3n de los Encuentros de Resistencia y Rebeld\u00eda. Diciembre 2024 y 1-2 de enero 2025. Participaci\u00f3n Zapatista: Audios y Videos para Descargar Para firmantes de la Declaraci\u00f3n por la Vida, compas zapatistas y herman@s partidistas \u2026\u2026\u2026\u2026\u2026\u2026\u2026\u2026\u2026\u2026\u2026\u2026\u2026\u2026\u2026\u2026\u2026\u2026\u2026.. S\u00c1BADO 28 DE DICIEMBRE DE 2024 \u2026\u2026\u2026\u2026\u2026\u2026\u2026\u2026\u2026\u2026\u2026\u2026\u2026\u2026\u2026\u2026\u2026\u2026\u2026.. Presentaci\u00f3n Capit\u00e1n Insurgente\u2026","rel":"","context":"En &quot;CINTILLO&quot;","block_context":{"text":"CINTILLO","link":"http:\/\/www.grieta.org.mx\/index.php\/category\/cintillo\/"},"img":{"alt_text":"","src":"https:\/\/i0.wp.com\/www.grieta.org.mx\/wp-content\/uploads\/2025\/01\/Screenshot-2025-01-09-at-14-30-25-Enlace-Zapatista.png?resize=350%2C200","width":350,"height":200,"srcset":"https:\/\/i0.wp.com\/www.grieta.org.mx\/wp-content\/uploads\/2025\/01\/Screenshot-2025-01-09-at-14-30-25-Enlace-Zapatista.png?resize=350%2C200 1x, https:\/\/i0.wp.com\/www.grieta.org.mx\/wp-content\/uploads\/2025\/01\/Screenshot-2025-01-09-at-14-30-25-Enlace-Zapatista.png?resize=525%2C300 1.5x, https:\/\/i0.wp.com\/www.grieta.org.mx\/wp-content\/uploads\/2025\/01\/Screenshot-2025-01-09-at-14-30-25-Enlace-Zapatista.png?resize=700%2C400 2x, https:\/\/i0.wp.com\/www.grieta.org.mx\/wp-content\/uploads\/2025\/01\/Screenshot-2025-01-09-at-14-30-25-Enlace-Zapatista.png?resize=1050%2C600 3x"},"classes":[]},{"id":70753,"url":"http:\/\/www.grieta.org.mx\/index.php\/2024\/12\/28\/mesa-rebeldia-y-resistencia-zapatistas-parte-i-genealogia-del-comun-zapatista\/","url_meta":{"origin":70771,"position":2},"title":"Mesa Rebeld\u00eda y Resistencia Zapatistas. Parte I Genealog\u00eda del Com\u00fan Zapatista","author":"grieta","date":"28 diciembre, 2024","format":false,"excerpt":"Mesa Rebeld\u00eda y Resistencia Zapatistas. Parte I Genealog\u00eda del Com\u00fan Zapatista https:\/\/enlacezapatista.ezln.org.mx\/2024\/12\/27\/transmision-en-vivo-de-las-mesas-de-la-primera-sesion-de-los-encuentros-de-resistencia-y-rebeldia\/","rel":"","context":"En &quot;CINTILLO&quot;","block_context":{"text":"CINTILLO","link":"http:\/\/www.grieta.org.mx\/index.php\/category\/cintillo\/"},"img":{"alt_text":"","src":"https:\/\/i0.wp.com\/www.grieta.org.mx\/wp-content\/uploads\/2024\/12\/Screenshot-2024-12-27-at-22-58-54-Enlace-Zapatista.png?resize=350%2C200","width":350,"height":200,"srcset":"https:\/\/i0.wp.com\/www.grieta.org.mx\/wp-content\/uploads\/2024\/12\/Screenshot-2024-12-27-at-22-58-54-Enlace-Zapatista.png?resize=350%2C200 1x, https:\/\/i0.wp.com\/www.grieta.org.mx\/wp-content\/uploads\/2024\/12\/Screenshot-2024-12-27-at-22-58-54-Enlace-Zapatista.png?resize=525%2C300 1.5x, https:\/\/i0.wp.com\/www.grieta.org.mx\/wp-content\/uploads\/2024\/12\/Screenshot-2024-12-27-at-22-58-54-Enlace-Zapatista.png?resize=700%2C400 2x, https:\/\/i0.wp.com\/www.grieta.org.mx\/wp-content\/uploads\/2024\/12\/Screenshot-2024-12-27-at-22-58-54-Enlace-Zapatista.png?resize=1050%2C600 3x"},"classes":[]},{"id":70633,"url":"http:\/\/www.grieta.org.mx\/index.php\/2024\/12\/03\/programa-de-la-primera-sesion-de-los-encuentros-internacionales-de-resistencias-y-rebeldias-mesas-y-ponentes\/","url_meta":{"origin":70771,"position":3},"title":"PROGRAMA DE LA PRIMERA SESI\u00d3N DE LOS ENCUENTROS INTERNACIONALES DE RESISTENCIAS Y REBELD\u00cdAS.  Mesas y Ponentes.","author":"grieta","date":"3 diciembre, 2024","format":false,"excerpt":"PROGRAMA DE LA PRIMERA SESI\u00d3N DE LOS ENCUENTROS INTERNACIONALES DE RESISTENCIAS Y REBELD\u00cdAS. Mesas y Ponentes. Aqu\u00ed les ponemos el programa de participaciones: S\u00e1bado 28 de diciembre del 2024. Sede Cideci-Unitierra. SCLC, Chiapas, M\u00e9xico. Mesa I: La tormenta: el crimen, el verdugo y las v\u00edctimas. Participan: Jorge Alonso, John Holloway,\u2026","rel":"","context":"En &quot;CINTILLO&quot;","block_context":{"text":"CINTILLO","link":"http:\/\/www.grieta.org.mx\/index.php\/category\/cintillo\/"},"img":{"alt_text":"","src":"https:\/\/i0.wp.com\/www.grieta.org.mx\/wp-content\/uploads\/2024\/12\/Screenshot-2024-12-03-at-17-09-14-Enlace-Zapatista.png?resize=350%2C200","width":350,"height":200,"srcset":"https:\/\/i0.wp.com\/www.grieta.org.mx\/wp-content\/uploads\/2024\/12\/Screenshot-2024-12-03-at-17-09-14-Enlace-Zapatista.png?resize=350%2C200 1x, https:\/\/i0.wp.com\/www.grieta.org.mx\/wp-content\/uploads\/2024\/12\/Screenshot-2024-12-03-at-17-09-14-Enlace-Zapatista.png?resize=525%2C300 1.5x, https:\/\/i0.wp.com\/www.grieta.org.mx\/wp-content\/uploads\/2024\/12\/Screenshot-2024-12-03-at-17-09-14-Enlace-Zapatista.png?resize=700%2C400 2x, https:\/\/i0.wp.com\/www.grieta.org.mx\/wp-content\/uploads\/2024\/12\/Screenshot-2024-12-03-at-17-09-14-Enlace-Zapatista.png?resize=1050%2C600 3x"},"classes":[]},{"id":70741,"url":"http:\/\/www.grieta.org.mx\/index.php\/2024\/12\/27\/transmision-en-vivo-de-las-mesas-de-la-primera-sesion-de-los-encuentros-de-resistencia-y-rebeldia\/","url_meta":{"origin":70771,"position":4},"title":"Transmisi\u00f3n en vivo de las mesas de la Primera Sesi\u00f3n de los Encuentros de Resistencia y Rebeld\u00eda","author":"grieta","date":"27 diciembre, 2024","format":false,"excerpt":"S\u00e1bado 28 de diciembre del 2024 12:00 horas Mesa I: La tormenta: el crimen, el verdugo y las v\u00edctimas. Jorge Alonso John Holloway Carlos Aguirre Rojas Iv\u00e1n Prado https:\/\/enlacezapatista.ezln.org.mx\/2024\/12\/27\/transmision-en-vivo-de-las-mesas-de-la-primera-sesion-de-los-encuentros-de-resistencia-y-rebeldia\/","rel":"","context":"En &quot;CINTILLO&quot;","block_context":{"text":"CINTILLO","link":"http:\/\/www.grieta.org.mx\/index.php\/category\/cintillo\/"},"img":{"alt_text":"","src":"https:\/\/i0.wp.com\/www.grieta.org.mx\/wp-content\/uploads\/2024\/12\/Screenshot-2024-12-27-at-22-58-54-Enlace-Zapatista.png?resize=350%2C200","width":350,"height":200,"srcset":"https:\/\/i0.wp.com\/www.grieta.org.mx\/wp-content\/uploads\/2024\/12\/Screenshot-2024-12-27-at-22-58-54-Enlace-Zapatista.png?resize=350%2C200 1x, https:\/\/i0.wp.com\/www.grieta.org.mx\/wp-content\/uploads\/2024\/12\/Screenshot-2024-12-27-at-22-58-54-Enlace-Zapatista.png?resize=525%2C300 1.5x, https:\/\/i0.wp.com\/www.grieta.org.mx\/wp-content\/uploads\/2024\/12\/Screenshot-2024-12-27-at-22-58-54-Enlace-Zapatista.png?resize=700%2C400 2x, https:\/\/i0.wp.com\/www.grieta.org.mx\/wp-content\/uploads\/2024\/12\/Screenshot-2024-12-27-at-22-58-54-Enlace-Zapatista.png?resize=1050%2C600 3x"},"classes":[]},{"id":70750,"url":"http:\/\/www.grieta.org.mx\/index.php\/2024\/12\/28\/mesa-ii-la-tormenta-capitulo-mexico-el-crimen-el-verdugo-y-las-victimas-sabado-28-de-diciembre-del-2024-1700-horas\/","url_meta":{"origin":70771,"position":5},"title":"Mesa II: La tormenta cap\u00edtulo M\u00e9xico: el crimen, el verdugo y las v\u00edctimas S\u00e1bado 28 de diciembre del 2024, 17:00 horas","author":"grieta","date":"28 diciembre, 2024","format":false,"excerpt":"\ufeffMesa II: La tormenta cap\u00edtulo M\u00e9xico: el crimen, el verdugo y las v\u00edctimas S\u00e1bado 28 de diciembre del 2024, 17:00 horas https:\/\/enlacezapatista.ezln.org.mx\/2024\/12\/27\/transmision-en-vivo-de-las-mesas-de-la-primera-sesion-de-los-encuentros-de-resistencia-y-rebeldia\/","rel":"","context":"En &quot;CINTILLO&quot;","block_context":{"text":"CINTILLO","link":"http:\/\/www.grieta.org.mx\/index.php\/category\/cintillo\/"},"img":{"alt_text":"","src":"https:\/\/i0.wp.com\/www.grieta.org.mx\/wp-content\/uploads\/2024\/12\/Screenshot-2024-12-27-at-22-58-54-Enlace-Zapatista.png?resize=350%2C200","width":350,"height":200,"srcset":"https:\/\/i0.wp.com\/www.grieta.org.mx\/wp-content\/uploads\/2024\/12\/Screenshot-2024-12-27-at-22-58-54-Enlace-Zapatista.png?resize=350%2C200 1x, https:\/\/i0.wp.com\/www.grieta.org.mx\/wp-content\/uploads\/2024\/12\/Screenshot-2024-12-27-at-22-58-54-Enlace-Zapatista.png?resize=525%2C300 1.5x, https:\/\/i0.wp.com\/www.grieta.org.mx\/wp-content\/uploads\/2024\/12\/Screenshot-2024-12-27-at-22-58-54-Enlace-Zapatista.png?resize=700%2C400 2x, https:\/\/i0.wp.com\/www.grieta.org.mx\/wp-content\/uploads\/2024\/12\/Screenshot-2024-12-27-at-22-58-54-Enlace-Zapatista.png?resize=1050%2C600 3x"},"classes":[]}],"_links":{"self":[{"href":"http:\/\/www.grieta.org.mx\/index.php\/wp-json\/wp\/v2\/posts\/70771","targetHints":{"allow":["GET"]}}],"collection":[{"href":"http:\/\/www.grieta.org.mx\/index.php\/wp-json\/wp\/v2\/posts"}],"about":[{"href":"http:\/\/www.grieta.org.mx\/index.php\/wp-json\/wp\/v2\/types\/post"}],"author":[{"embeddable":true,"href":"http:\/\/www.grieta.org.mx\/index.php\/wp-json\/wp\/v2\/users\/2"}],"replies":[{"embeddable":true,"href":"http:\/\/www.grieta.org.mx\/index.php\/wp-json\/wp\/v2\/comments?post=70771"}],"version-history":[{"count":1,"href":"http:\/\/www.grieta.org.mx\/index.php\/wp-json\/wp\/v2\/posts\/70771\/revisions"}],"predecessor-version":[{"id":70772,"href":"http:\/\/www.grieta.org.mx\/index.php\/wp-json\/wp\/v2\/posts\/70771\/revisions\/70772"}],"wp:featuredmedia":[{"embeddable":true,"href":"http:\/\/www.grieta.org.mx\/index.php\/wp-json\/wp\/v2\/media\/70742"}],"wp:attachment":[{"href":"http:\/\/www.grieta.org.mx\/index.php\/wp-json\/wp\/v2\/media?parent=70771"}],"wp:term":[{"taxonomy":"category","embeddable":true,"href":"http:\/\/www.grieta.org.mx\/index.php\/wp-json\/wp\/v2\/categories?post=70771"},{"taxonomy":"post_tag","embeddable":true,"href":"http:\/\/www.grieta.org.mx\/index.php\/wp-json\/wp\/v2\/tags?post=70771"}],"curies":[{"name":"wp","href":"https:\/\/api.w.org\/{rel}","templated":true}]}}