{"id":70755,"date":"2024-12-29T09:18:57","date_gmt":"2024-12-29T15:18:57","guid":{"rendered":"https:\/\/www.grieta.org.mx\/?p=70755"},"modified":"2024-12-29T09:18:57","modified_gmt":"2024-12-29T15:18:57","slug":"como-habitar-el-mundo-sin-el-canto-de-los-pajaros-miles-asisten-a-encuentro-convocado-por-el-ezln-en-chiapas","status":"publish","type":"post","link":"http:\/\/www.grieta.org.mx\/index.php\/2024\/12\/29\/como-habitar-el-mundo-sin-el-canto-de-los-pajaros-miles-asisten-a-encuentro-convocado-por-el-ezln-en-chiapas\/","title":{"rendered":"\u00ab\u00bfC\u00f3mo habitar el mundo sin el canto de los p\u00e1jaros\u00bb, miles asisten a encuentro convocado por el EZLN en Chiapas."},"content":{"rendered":"<p>Pozol Colectivo<\/p>\n<p>\u00abSan Crist\u00f3bal de Las Casas, Chiapas. 28 de diciembre. \u00ab\u00bfC\u00f3mo habitar el mundo sin el canto de los p\u00e1jaros. C\u00f3mo sentir\u00e1 una manzana con la ausencia de las abejas?. El capital y la modernidad te llevan a la barbarie\u00bb, expres\u00f3 ante miles de asistentes nacionales e internacionales la investigadora In\u00e9s Dur\u00e1n, durante su participaci\u00f3n en la mesa II. La tormenta cap\u00edtulo M\u00e9xico: el crimen, el verdugo y las v\u00edctimas, que se lleva a cabo en el Cideci-Unitierra, de San Crist\u00f3bal de Las Casas, convocada por el EZLN. \u00abDebemos buscar respuestas antes de que sea demasiado tarde\u00bb, alert\u00f3 Dur\u00e1n, esto ante las graves afectaciones clim\u00e1ticas que se viven actualmente.<\/p>\n<p>Por su parte el especialista en derecho penal Jacobo Day\u00e1n, puntualiz\u00f3 que nos encontramos en una crisis civilizat\u00f3ria que se caracteriza por los alcances de la violencia y la capacidad de hacernos da\u00f1o.<\/p>\n<p>Al encuentro tambi\u00e9n asisti\u00f3 la abogada B\u00e1rbara Zamora, la cual evidenci\u00f3 la violencia y discriminaci\u00f3n que padecen los pueblos originarios en los tribunales agrarios y en sus comunidades. \u00abDebemos lograr una justicia radical, plena, con igualdad para todos\u00bb, convoc\u00f3.<\/p>\n<p>El abogado Carlos Gonz\u00e1lez, integrante del Congreso Nacional Ind\u00edgena (CNI), asegur\u00f3 que M\u00e9xico est\u00e1 en una guerra contra los pueblos originarios, debido a la continuidad de las pol\u00edticas neoliberales en el pa\u00eds. \u00abSe busca reordenar los territorios para imponer megaproyectos\u00bb, denunci\u00f3 el luchador social.<\/p>\n<p>Videos de las ponencias:<\/p>\n<blockquote class=\"wp-embedded-content\" data-secret=\"PBVVbCkMMc\"><p><a href=\"https:\/\/enlacezapatista.ezln.org.mx\/2024\/12\/27\/transmision-en-vivo-de-las-mesas-de-la-primera-sesion-de-los-encuentros-de-resistencia-y-rebeldia\/\">Transmisi\u00f3n en vivo de las mesas de la Primera Sesi\u00f3n de los Encuentros de Resistencia y Rebeld\u00eda<\/a><\/p><\/blockquote>\n<p><iframe loading=\"lazy\" class=\"wp-embedded-content\" sandbox=\"allow-scripts\" security=\"restricted\" style=\"position: absolute; visibility: hidden;\" title=\"\u00abTransmisi\u00f3n en vivo de las mesas de la Primera Sesi\u00f3n de los Encuentros de Resistencia y Rebeld\u00eda\u00bb \u2014 Enlace Zapatista\" src=\"https:\/\/enlacezapatista.ezln.org.mx\/2024\/12\/27\/transmision-en-vivo-de-las-mesas-de-la-primera-sesion-de-los-encuentros-de-resistencia-y-rebeldia\/embed\/#?secret=MagZKTHRoX#?secret=PBVVbCkMMc\" data-secret=\"PBVVbCkMMc\" width=\"600\" height=\"338\" frameborder=\"0\" marginwidth=\"0\" marginheight=\"0\" scrolling=\"no\"><\/iframe><\/p>\n<p>Galer\u00eda<\/p>\n<p><a href=\"https:\/\/www.facebook.com\/profile.php?id=100011590934258&amp;mibextid=ZbWKwL\" target=\"_blank\" rel=\"noopener\">https:\/\/www.facebook.com\/profile.php?id=100011590934258&amp;mibextid=ZbWKwL<\/a><\/p>\n<p>Foto Ju<\/p>\n<p><a href=\"https:\/\/pozol.espora.org\/?p=476\" target=\"_blank\" rel=\"noopener\">https:\/\/pozol.espora.org\/?p=476<\/a><\/p>\n","protected":false},"excerpt":{"rendered":"<p>Pozol Colectivo \u00abSan Crist\u00f3bal de Las Casas, Chiapas. 28 de diciembre. \u00ab\u00bfC\u00f3mo habitar el mundo sin el canto de los p\u00e1jaros. C\u00f3mo sentir\u00e1 una manzana con la ausencia de las &hellip; <a href=\"http:\/\/www.grieta.org.mx\/index.php\/2024\/12\/29\/como-habitar-el-mundo-sin-el-canto-de-los-pajaros-miles-asisten-a-encuentro-convocado-por-el-ezln-en-chiapas\/\" class=\"more-link\">Leer m\u00e1s<\/a><\/p>\n","protected":false},"author":2,"featured_media":70756,"comment_status":"closed","ping_status":"closed","sticky":false,"template":"","format":"standard","meta":{"ngg_post_thumbnail":0,"_jetpack_newsletter_access":"","_jetpack_dont_email_post_to_subs":false,"_jetpack_newsletter_tier_id":0,"_jetpack_memberships_contains_paywalled_content":false,"_jetpack_memberships_contains_paid_content":false,"footnotes":""},"categories":[80,4226,908,907,2],"tags":[466],"class_list":["post-70755","post","type-post","status-publish","format-standard","has-post-thumbnail","hentry","category-cintillo","category-encuentros-internacionales-de-rebeldias-y-resistencias","category-eventos","category-ezln-2","category-noticias-nacionales","tag-ezln","entry"],"jetpack_featured_media_url":"http:\/\/www.grieta.org.mx\/wp-content\/uploads\/2024\/12\/IMG_20241228_232233_853.jpg","jetpack_sharing_enabled":true,"jetpack_shortlink":"https:\/\/wp.me\/p7ZJR4-ipd","jetpack_likes_enabled":false,"jetpack-related-posts":[{"id":70758,"url":"http:\/\/www.grieta.org.mx\/index.php\/2024\/12\/29\/no-tiene-que-ser-asi-el-mundo-inician-encuentros-de-resistencia-y-rebeldia-convocados-por-el-ezln-en-chiapas\/","url_meta":{"origin":70755,"position":0},"title":"\u00abNo tiene que ser as\u00ed el mundo\u00bb, inician Encuentros de Resistencia y Rebeld\u00eda convocados por el EZLN en Chiapas.","author":"grieta","date":"29 diciembre, 2024","format":false,"excerpt":"Pozol Colectivo 28 de diciembre 2024. San Crist\u00f3bal de Las Casas, Chiapas. \u00abNo tiene que ser as\u00ed el mundo\u00bb, fueron las palabras del escritor John Holloway, en una carta enviada a la primera sesi\u00f3n de los Encuentros de Resistencia y Rebeld\u00eda: Mesa I. La tormenta: el crimen, el verdugo y\u2026","rel":"","context":"En &quot;CINTILLO&quot;","block_context":{"text":"CINTILLO","link":"http:\/\/www.grieta.org.mx\/index.php\/category\/cintillo\/"},"img":{"alt_text":"","src":"https:\/\/i0.wp.com\/www.grieta.org.mx\/wp-content\/uploads\/2024\/12\/IMG_20241228_163606_031.jpg?resize=350%2C200","width":350,"height":200,"srcset":"https:\/\/i0.wp.com\/www.grieta.org.mx\/wp-content\/uploads\/2024\/12\/IMG_20241228_163606_031.jpg?resize=350%2C200 1x, https:\/\/i0.wp.com\/www.grieta.org.mx\/wp-content\/uploads\/2024\/12\/IMG_20241228_163606_031.jpg?resize=525%2C300 1.5x, https:\/\/i0.wp.com\/www.grieta.org.mx\/wp-content\/uploads\/2024\/12\/IMG_20241228_163606_031.jpg?resize=700%2C400 2x, https:\/\/i0.wp.com\/www.grieta.org.mx\/wp-content\/uploads\/2024\/12\/IMG_20241228_163606_031.jpg?resize=1050%2C600 3x"},"classes":[]},{"id":70584,"url":"http:\/\/www.grieta.org.mx\/index.php\/2024\/12\/01\/encuentros-internacionales-de-rebeldias-y-resistencias-2024-2025-fechas-y-sedes-de-la-primera-sesion-diciembre-2024-a-enero-2025\/","url_meta":{"origin":70755,"position":1},"title":"Encuentros Internacionales de Rebeld\u00edas y Resistencias 2024-2025. FECHAS Y SEDES DE LA PRIMERA SESI\u00d3N DICIEMBRE 2024 a ENERO 2025","author":"grieta","date":"1 diciembre, 2024","format":false,"excerpt":"Encuentros Internacionales de Rebeld\u00edas y Resistencias 2024-2025. FECHAS Y SEDES DE LA PRIMERA SESI\u00d3N DICIEMBRE 2024 a ENERO 2025 A todas las personas, grupos, colectivos, organizaciones, movimientos y pueblos originarios que han suscrito la llamada Declaraci\u00f3n por la Vida: A continuaci\u00f3n, les decimos las fechas y las sedes para la\u2026","rel":"","context":"En &quot;CINTILLO&quot;","block_context":{"text":"CINTILLO","link":"http:\/\/www.grieta.org.mx\/index.php\/category\/cintillo\/"},"img":{"alt_text":"","src":"https:\/\/i0.wp.com\/www.grieta.org.mx\/wp-content\/uploads\/2024\/12\/encuentro.jpg?resize=350%2C200","width":350,"height":200,"srcset":"https:\/\/i0.wp.com\/www.grieta.org.mx\/wp-content\/uploads\/2024\/12\/encuentro.jpg?resize=350%2C200 1x, https:\/\/i0.wp.com\/www.grieta.org.mx\/wp-content\/uploads\/2024\/12\/encuentro.jpg?resize=525%2C300 1.5x, https:\/\/i0.wp.com\/www.grieta.org.mx\/wp-content\/uploads\/2024\/12\/encuentro.jpg?resize=700%2C400 2x"},"classes":[]},{"id":22571,"url":"http:\/\/www.grieta.org.mx\/index.php\/2018\/04\/15\/inicia-conversatorio-del-ezln-en-san-cristobal-de-las-casas\/","url_meta":{"origin":70755,"position":2},"title":"Inicia Conversatorio del EZLN en San Crist\u00f3bal de las Casas","author":"grieta","date":"15 abril, 2018","format":false,"excerpt":"Zapatistas interpretaron temas de protesta, uno de ellos dedicado a Marichuy. Participar\u00e1n diferentes personalidades del mundo pol\u00edtico, acad\u00e9mico, art\u00edstico y cultural Inici\u00f3 esta tarde en San Crist\u00f3bal de las Casas el Conversatorio Miradas, escuchas, palabras: \u00bfprohibido pensar?, organizado por el Ej\u00e9rcito Zapatista de Liberaci\u00f3n Nacional (EZLN), donde por diez d\u00edas\u2026","rel":"","context":"En &quot;CINTILLO&quot;","block_context":{"text":"CINTILLO","link":"http:\/\/www.grieta.org.mx\/index.php\/category\/cintillo\/"},"img":{"alt_text":"","src":"https:\/\/i0.wp.com\/www.grieta.org.mx\/wp-content\/uploads\/2018\/04\/5to_congreso_nacional_indigena_oventik-17_39224398.jpg?resize=350%2C200","width":350,"height":200,"srcset":"https:\/\/i0.wp.com\/www.grieta.org.mx\/wp-content\/uploads\/2018\/04\/5to_congreso_nacional_indigena_oventik-17_39224398.jpg?resize=350%2C200 1x, https:\/\/i0.wp.com\/www.grieta.org.mx\/wp-content\/uploads\/2018\/04\/5to_congreso_nacional_indigena_oventik-17_39224398.jpg?resize=525%2C300 1.5x"},"classes":[]},{"id":40992,"url":"http:\/\/www.grieta.org.mx\/index.php\/2019\/11\/06\/combo-por-la-vida-diciembre-de-resistencia-y-rebeldia\/","url_meta":{"origin":70755,"position":3},"title":"COMBO POR LA VIDA: DICIEMBRE DE RESISTENCIA Y REBELD\u00cdA","author":"grieta","date":"6 noviembre, 2019","format":false,"excerpt":"COMISI\u00d3N SEXTA DEL EZLN. M\u00e9xico. \u00a0 Noviembre del 2019. A las mujeres que luchan en todo el mundo: Al Congreso Nacional Ind\u00edgena-Concejo Ind\u00edgena de Gobierno: A la Sexta Nacional e Internacional. A las Redes en Resistencia y Rebeld\u00eda o como se llamen: A quienes se sientan convocad@s a alguna de\u2026","rel":"","context":"En &quot;CINTILLO&quot;","block_context":{"text":"CINTILLO","link":"http:\/\/www.grieta.org.mx\/index.php\/category\/cintillo\/"},"img":{"alt_text":"","src":"https:\/\/i0.wp.com\/www.grieta.org.mx\/wp-content\/uploads\/2018\/03\/14524434_1106112876131411_958039263622046936_o.jpg?resize=350%2C200","width":350,"height":200,"srcset":"https:\/\/i0.wp.com\/www.grieta.org.mx\/wp-content\/uploads\/2018\/03\/14524434_1106112876131411_958039263622046936_o.jpg?resize=350%2C200 1x, https:\/\/i0.wp.com\/www.grieta.org.mx\/wp-content\/uploads\/2018\/03\/14524434_1106112876131411_958039263622046936_o.jpg?resize=525%2C300 1.5x, https:\/\/i0.wp.com\/www.grieta.org.mx\/wp-content\/uploads\/2018\/03\/14524434_1106112876131411_958039263622046936_o.jpg?resize=700%2C400 2x"},"classes":[]},{"id":42422,"url":"http:\/\/www.grieta.org.mx\/index.php\/2019\/12\/23\/hoy-les-toca-hacer-lo-que-sonabamos-hace-37-anos-zapatistas-inauguran-el-caracol-jacinto-canek-en-san-cristobal-de-las-casas-chiapas\/","url_meta":{"origin":70755,"position":4},"title":"\u201cHoy les toca hacer lo que so\u00f1\u00e1bamos hace 37 a\u00f1os\u201d, zapatistas inauguran el Caracol Jacinto Canek, en San Crist\u00f3bal de las Casas, Chiapas.","author":"grieta","date":"23 diciembre, 2019","format":false,"excerpt":"Radio Pozol. Chiapas, M\u00e9xico. 23 de diciembre. \u201cVenimos ejerciendo y realizando los trabajos como educaci\u00f3n, salud, agroecolog\u00eda y medios de comunicaci\u00f3n. Pero el d\u00eda de hoy damos un paso m\u00e1s de nuestra lucha y la autonom\u00eda, se forma un nuevo Caracol que lo llamamos Jacinto Canek, en honor del l\u00edder\u2026","rel":"","context":"En &quot;CINTILLO&quot;","block_context":{"text":"CINTILLO","link":"http:\/\/www.grieta.org.mx\/index.php\/category\/cintillo\/"},"img":{"alt_text":"","src":"https:\/\/i0.wp.com\/www.grieta.org.mx\/wp-content\/uploads\/2019\/12\/jacintocanek2-1024x768.jpg?resize=350%2C200","width":350,"height":200,"srcset":"https:\/\/i0.wp.com\/www.grieta.org.mx\/wp-content\/uploads\/2019\/12\/jacintocanek2-1024x768.jpg?resize=350%2C200 1x, https:\/\/i0.wp.com\/www.grieta.org.mx\/wp-content\/uploads\/2019\/12\/jacintocanek2-1024x768.jpg?resize=525%2C300 1.5x, https:\/\/i0.wp.com\/www.grieta.org.mx\/wp-content\/uploads\/2019\/12\/jacintocanek2-1024x768.jpg?resize=700%2C400 2x"},"classes":[]},{"id":70633,"url":"http:\/\/www.grieta.org.mx\/index.php\/2024\/12\/03\/programa-de-la-primera-sesion-de-los-encuentros-internacionales-de-resistencias-y-rebeldias-mesas-y-ponentes\/","url_meta":{"origin":70755,"position":5},"title":"PROGRAMA DE LA PRIMERA SESI\u00d3N DE LOS ENCUENTROS INTERNACIONALES DE RESISTENCIAS Y REBELD\u00cdAS.  Mesas y Ponentes.","author":"grieta","date":"3 diciembre, 2024","format":false,"excerpt":"PROGRAMA DE LA PRIMERA SESI\u00d3N DE LOS ENCUENTROS INTERNACIONALES DE RESISTENCIAS Y REBELD\u00cdAS. Mesas y Ponentes. Aqu\u00ed les ponemos el programa de participaciones: S\u00e1bado 28 de diciembre del 2024. Sede Cideci-Unitierra. SCLC, Chiapas, M\u00e9xico. Mesa I: La tormenta: el crimen, el verdugo y las v\u00edctimas. Participan: Jorge Alonso, John Holloway,\u2026","rel":"","context":"En &quot;CINTILLO&quot;","block_context":{"text":"CINTILLO","link":"http:\/\/www.grieta.org.mx\/index.php\/category\/cintillo\/"},"img":{"alt_text":"","src":"https:\/\/i0.wp.com\/www.grieta.org.mx\/wp-content\/uploads\/2024\/12\/Screenshot-2024-12-03-at-17-09-14-Enlace-Zapatista.png?resize=350%2C200","width":350,"height":200,"srcset":"https:\/\/i0.wp.com\/www.grieta.org.mx\/wp-content\/uploads\/2024\/12\/Screenshot-2024-12-03-at-17-09-14-Enlace-Zapatista.png?resize=350%2C200 1x, https:\/\/i0.wp.com\/www.grieta.org.mx\/wp-content\/uploads\/2024\/12\/Screenshot-2024-12-03-at-17-09-14-Enlace-Zapatista.png?resize=525%2C300 1.5x, https:\/\/i0.wp.com\/www.grieta.org.mx\/wp-content\/uploads\/2024\/12\/Screenshot-2024-12-03-at-17-09-14-Enlace-Zapatista.png?resize=700%2C400 2x, https:\/\/i0.wp.com\/www.grieta.org.mx\/wp-content\/uploads\/2024\/12\/Screenshot-2024-12-03-at-17-09-14-Enlace-Zapatista.png?resize=1050%2C600 3x"},"classes":[]}],"_links":{"self":[{"href":"http:\/\/www.grieta.org.mx\/index.php\/wp-json\/wp\/v2\/posts\/70755","targetHints":{"allow":["GET"]}}],"collection":[{"href":"http:\/\/www.grieta.org.mx\/index.php\/wp-json\/wp\/v2\/posts"}],"about":[{"href":"http:\/\/www.grieta.org.mx\/index.php\/wp-json\/wp\/v2\/types\/post"}],"author":[{"embeddable":true,"href":"http:\/\/www.grieta.org.mx\/index.php\/wp-json\/wp\/v2\/users\/2"}],"replies":[{"embeddable":true,"href":"http:\/\/www.grieta.org.mx\/index.php\/wp-json\/wp\/v2\/comments?post=70755"}],"version-history":[{"count":1,"href":"http:\/\/www.grieta.org.mx\/index.php\/wp-json\/wp\/v2\/posts\/70755\/revisions"}],"predecessor-version":[{"id":70757,"href":"http:\/\/www.grieta.org.mx\/index.php\/wp-json\/wp\/v2\/posts\/70755\/revisions\/70757"}],"wp:featuredmedia":[{"embeddable":true,"href":"http:\/\/www.grieta.org.mx\/index.php\/wp-json\/wp\/v2\/media\/70756"}],"wp:attachment":[{"href":"http:\/\/www.grieta.org.mx\/index.php\/wp-json\/wp\/v2\/media?parent=70755"}],"wp:term":[{"taxonomy":"category","embeddable":true,"href":"http:\/\/www.grieta.org.mx\/index.php\/wp-json\/wp\/v2\/categories?post=70755"},{"taxonomy":"post_tag","embeddable":true,"href":"http:\/\/www.grieta.org.mx\/index.php\/wp-json\/wp\/v2\/tags?post=70755"}],"curies":[{"name":"wp","href":"https:\/\/api.w.org\/{rel}","templated":true}]}}