{"id":70741,"date":"2024-12-27T23:02:01","date_gmt":"2024-12-28T05:02:01","guid":{"rendered":"https:\/\/www.grieta.org.mx\/?p=70741"},"modified":"2024-12-28T17:38:23","modified_gmt":"2024-12-28T23:38:23","slug":"transmision-en-vivo-de-las-mesas-de-la-primera-sesion-de-los-encuentros-de-resistencia-y-rebeldia","status":"publish","type":"post","link":"http:\/\/www.grieta.org.mx\/index.php\/2024\/12\/27\/transmision-en-vivo-de-las-mesas-de-la-primera-sesion-de-los-encuentros-de-resistencia-y-rebeldia\/","title":{"rendered":"Transmisi\u00f3n en vivo de las mesas de la Primera Sesi\u00f3n de los Encuentros de Resistencia y Rebeld\u00eda"},"content":{"rendered":"<p>S\u00e1bado 28 de diciembre del 2024<\/p>\n<p>12:00 horas<\/p>\n<p>Mesa I: La tormenta: el crimen, el verdugo y las v\u00edctimas.<br \/>\nJorge Alonso<br \/>\nJohn Holloway<br \/>\nCarlos Aguirre Rojas<br \/>\nIv\u00e1n Prado<\/p>\n<p><a href=\"https:\/\/enlacezapatista.ezln.org.mx\/2024\/12\/27\/transmision-en-vivo-de-las-mesas-de-la-primera-sesion-de-los-encuentros-de-resistencia-y-rebeldia\/\" target=\"_blank\">https:\/\/enlacezapatista.ezln.org.mx\/2024\/12\/27\/transmision-en-vivo-de-las-mesas-de-la-primera-sesion-de-los-encuentros-de-resistencia-y-rebeldia\/<\/a><\/p>\n","protected":false},"excerpt":{"rendered":"<p>S\u00e1bado 28 de diciembre del 2024 12:00 horas Mesa I: La tormenta: el crimen, el verdugo y las v\u00edctimas. Jorge Alonso John Holloway Carlos Aguirre Rojas Iv\u00e1n Prado https:\/\/enlacezapatista.ezln.org.mx\/2024\/12\/27\/transmision-en-vivo-de-las-mesas-de-la-primera-sesion-de-los-encuentros-de-resistencia-y-rebeldia\/<\/p>\n","protected":false},"author":2,"featured_media":70742,"comment_status":"closed","ping_status":"closed","sticky":false,"template":"","format":"standard","meta":{"ngg_post_thumbnail":0,"_jetpack_newsletter_access":"","_jetpack_dont_email_post_to_subs":false,"_jetpack_newsletter_tier_id":0,"_jetpack_memberships_contains_paywalled_content":false,"_jetpack_memberships_contains_paid_content":false,"footnotes":""},"categories":[80,74,4226,908,907,2,78],"tags":[466],"class_list":["post-70741","post","type-post","status-publish","format-standard","has-post-thumbnail","hentry","category-cintillo","category-ezln","category-encuentros-internacionales-de-rebeldias-y-resistencias","category-eventos","category-ezln-2","category-noticias-nacionales","category-palabras-del-ezln","tag-ezln","entry"],"jetpack_featured_media_url":"http:\/\/www.grieta.org.mx\/wp-content\/uploads\/2024\/12\/Screenshot-2024-12-27-at-22-58-54-Enlace-Zapatista.png","jetpack_sharing_enabled":true,"jetpack_shortlink":"https:\/\/wp.me\/p7ZJR4-ioZ","jetpack_likes_enabled":false,"jetpack-related-posts":[{"id":70753,"url":"http:\/\/www.grieta.org.mx\/index.php\/2024\/12\/28\/mesa-rebeldia-y-resistencia-zapatistas-parte-i-genealogia-del-comun-zapatista\/","url_meta":{"origin":70741,"position":0},"title":"Mesa Rebeld\u00eda y Resistencia Zapatistas. Parte I Genealog\u00eda del Com\u00fan Zapatista","author":"grieta","date":"28 diciembre, 2024","format":false,"excerpt":"Mesa Rebeld\u00eda y Resistencia Zapatistas. Parte I Genealog\u00eda del Com\u00fan Zapatista https:\/\/enlacezapatista.ezln.org.mx\/2024\/12\/27\/transmision-en-vivo-de-las-mesas-de-la-primera-sesion-de-los-encuentros-de-resistencia-y-rebeldia\/","rel":"","context":"En &quot;CINTILLO&quot;","block_context":{"text":"CINTILLO","link":"http:\/\/www.grieta.org.mx\/index.php\/category\/cintillo\/"},"img":{"alt_text":"","src":"https:\/\/i0.wp.com\/www.grieta.org.mx\/wp-content\/uploads\/2024\/12\/Screenshot-2024-12-27-at-22-58-54-Enlace-Zapatista.png?resize=350%2C200","width":350,"height":200,"srcset":"https:\/\/i0.wp.com\/www.grieta.org.mx\/wp-content\/uploads\/2024\/12\/Screenshot-2024-12-27-at-22-58-54-Enlace-Zapatista.png?resize=350%2C200 1x, https:\/\/i0.wp.com\/www.grieta.org.mx\/wp-content\/uploads\/2024\/12\/Screenshot-2024-12-27-at-22-58-54-Enlace-Zapatista.png?resize=525%2C300 1.5x, https:\/\/i0.wp.com\/www.grieta.org.mx\/wp-content\/uploads\/2024\/12\/Screenshot-2024-12-27-at-22-58-54-Enlace-Zapatista.png?resize=700%2C400 2x, https:\/\/i0.wp.com\/www.grieta.org.mx\/wp-content\/uploads\/2024\/12\/Screenshot-2024-12-27-at-22-58-54-Enlace-Zapatista.png?resize=1050%2C600 3x"},"classes":[]},{"id":70771,"url":"http:\/\/www.grieta.org.mx\/index.php\/2024\/12\/29\/mesa-rebeldia-y-resistencia-zapatistas-parte-ii-mujeres-sabado-29-de-diciembre-del-2024\/","url_meta":{"origin":70741,"position":1},"title":"Mesa Rebeld\u00eda y Resistencia Zapatistas. Parte II Mujeres S\u00e1bado 29 de diciembre del 2024","author":"grieta","date":"29 diciembre, 2024","format":false,"excerpt":"Mesa Rebeld\u00eda y Resistencia Zapatistas. Parte II Mujeres S\u00e1bado 29 de diciembre del 2024 \u00a0 https:\/\/enlacezapatista.ezln.org.mx\/2024\/12\/27\/transmision-en-vivo-de-las-mesas-de-la-primera-sesion-de-los-encuentros-de-resistencia-y-rebeldia\/ \u00a0","rel":"","context":"En &quot;CINTILLO&quot;","block_context":{"text":"CINTILLO","link":"http:\/\/www.grieta.org.mx\/index.php\/category\/cintillo\/"},"img":{"alt_text":"","src":"https:\/\/i0.wp.com\/www.grieta.org.mx\/wp-content\/uploads\/2024\/12\/Screenshot-2024-12-27-at-22-58-54-Enlace-Zapatista.png?resize=350%2C200","width":350,"height":200,"srcset":"https:\/\/i0.wp.com\/www.grieta.org.mx\/wp-content\/uploads\/2024\/12\/Screenshot-2024-12-27-at-22-58-54-Enlace-Zapatista.png?resize=350%2C200 1x, https:\/\/i0.wp.com\/www.grieta.org.mx\/wp-content\/uploads\/2024\/12\/Screenshot-2024-12-27-at-22-58-54-Enlace-Zapatista.png?resize=525%2C300 1.5x, https:\/\/i0.wp.com\/www.grieta.org.mx\/wp-content\/uploads\/2024\/12\/Screenshot-2024-12-27-at-22-58-54-Enlace-Zapatista.png?resize=700%2C400 2x, https:\/\/i0.wp.com\/www.grieta.org.mx\/wp-content\/uploads\/2024\/12\/Screenshot-2024-12-27-at-22-58-54-Enlace-Zapatista.png?resize=1050%2C600 3x"},"classes":[]},{"id":70773,"url":"http:\/\/www.grieta.org.mx\/index.php\/2024\/12\/29\/mesa-rebeldia-y-resistencia-zapatistas-parte-iii-los-primeros-pasos-del-comun-zapatista-sabado-29-de-diciembre-del-2024\/","url_meta":{"origin":70741,"position":2},"title":"Mesa Rebeld\u00eda y Resistencia Zapatistas. Parte III Los primeros pasos del Com\u00fan Zapatista S\u00e1bado 29 de diciembre del 2024","author":"grieta","date":"29 diciembre, 2024","format":false,"excerpt":"Mesa Rebeld\u00eda y Resistencia Zapatistas. Parte III Los primeros pasos del Com\u00fan Zapatista S\u00e1bado 29 de diciembre del 2024 https:\/\/enlacezapatista.ezln.org.mx\/2024\/12\/27\/transmision-en-vivo-de-las-mesas-de-la-primera-sesion-de-los-encuentros-de-resistencia-y-rebeldia\/","rel":"","context":"En &quot;CINTILLO&quot;","block_context":{"text":"CINTILLO","link":"http:\/\/www.grieta.org.mx\/index.php\/category\/cintillo\/"},"img":{"alt_text":"","src":"https:\/\/i0.wp.com\/www.grieta.org.mx\/wp-content\/uploads\/2024\/12\/Screenshot-2024-12-27-at-22-58-54-Enlace-Zapatista.png?resize=350%2C200","width":350,"height":200,"srcset":"https:\/\/i0.wp.com\/www.grieta.org.mx\/wp-content\/uploads\/2024\/12\/Screenshot-2024-12-27-at-22-58-54-Enlace-Zapatista.png?resize=350%2C200 1x, https:\/\/i0.wp.com\/www.grieta.org.mx\/wp-content\/uploads\/2024\/12\/Screenshot-2024-12-27-at-22-58-54-Enlace-Zapatista.png?resize=525%2C300 1.5x, https:\/\/i0.wp.com\/www.grieta.org.mx\/wp-content\/uploads\/2024\/12\/Screenshot-2024-12-27-at-22-58-54-Enlace-Zapatista.png?resize=700%2C400 2x, https:\/\/i0.wp.com\/www.grieta.org.mx\/wp-content\/uploads\/2024\/12\/Screenshot-2024-12-27-at-22-58-54-Enlace-Zapatista.png?resize=1050%2C600 3x"},"classes":[]},{"id":70758,"url":"http:\/\/www.grieta.org.mx\/index.php\/2024\/12\/29\/no-tiene-que-ser-asi-el-mundo-inician-encuentros-de-resistencia-y-rebeldia-convocados-por-el-ezln-en-chiapas\/","url_meta":{"origin":70741,"position":3},"title":"\u00abNo tiene que ser as\u00ed el mundo\u00bb, inician Encuentros de Resistencia y Rebeld\u00eda convocados por el EZLN en Chiapas.","author":"grieta","date":"29 diciembre, 2024","format":false,"excerpt":"Pozol Colectivo 28 de diciembre 2024. San Crist\u00f3bal de Las Casas, Chiapas. \u00abNo tiene que ser as\u00ed el mundo\u00bb, fueron las palabras del escritor John Holloway, en una carta enviada a la primera sesi\u00f3n de los Encuentros de Resistencia y Rebeld\u00eda: Mesa I. La tormenta: el crimen, el verdugo y\u2026","rel":"","context":"En &quot;CINTILLO&quot;","block_context":{"text":"CINTILLO","link":"http:\/\/www.grieta.org.mx\/index.php\/category\/cintillo\/"},"img":{"alt_text":"","src":"https:\/\/i0.wp.com\/www.grieta.org.mx\/wp-content\/uploads\/2024\/12\/IMG_20241228_163606_031.jpg?resize=350%2C200","width":350,"height":200,"srcset":"https:\/\/i0.wp.com\/www.grieta.org.mx\/wp-content\/uploads\/2024\/12\/IMG_20241228_163606_031.jpg?resize=350%2C200 1x, https:\/\/i0.wp.com\/www.grieta.org.mx\/wp-content\/uploads\/2024\/12\/IMG_20241228_163606_031.jpg?resize=525%2C300 1.5x, https:\/\/i0.wp.com\/www.grieta.org.mx\/wp-content\/uploads\/2024\/12\/IMG_20241228_163606_031.jpg?resize=700%2C400 2x, https:\/\/i0.wp.com\/www.grieta.org.mx\/wp-content\/uploads\/2024\/12\/IMG_20241228_163606_031.jpg?resize=1050%2C600 3x"},"classes":[]},{"id":70746,"url":"http:\/\/www.grieta.org.mx\/index.php\/2024\/12\/28\/mesa-i-la-tormenta-el-crimen-el-verdugo-y-las-victimas-sabado-28-de-diciembre-del-2024-1200-horas\/","url_meta":{"origin":70741,"position":4},"title":"Mesa I: La tormenta: el crimen, el verdugo y las v\u00edctimas S\u00e1bado 28 de diciembre del 2024, 12:00 horas","author":"grieta","date":"28 diciembre, 2024","format":false,"excerpt":"Mesa I: La tormenta: el crimen, el verdugo y las v\u00edctimas S\u00e1bado 28 de diciembre del 2024, 12:00 horas https:\/\/enlacezapatista.ezln.org.mx\/2024\/12\/27\/transmision-en-vivo-de-las-mesas-de-la-primera-sesion-de-los-encuentros-de-resistencia-y-rebeldia\/","rel":"","context":"En &quot;CINTILLO&quot;","block_context":{"text":"CINTILLO","link":"http:\/\/www.grieta.org.mx\/index.php\/category\/cintillo\/"},"img":{"alt_text":"","src":"https:\/\/i0.wp.com\/www.grieta.org.mx\/wp-content\/uploads\/2024\/12\/Screenshot-2024-12-27-at-22-58-54-Enlace-Zapatista.png?resize=350%2C200","width":350,"height":200,"srcset":"https:\/\/i0.wp.com\/www.grieta.org.mx\/wp-content\/uploads\/2024\/12\/Screenshot-2024-12-27-at-22-58-54-Enlace-Zapatista.png?resize=350%2C200 1x, https:\/\/i0.wp.com\/www.grieta.org.mx\/wp-content\/uploads\/2024\/12\/Screenshot-2024-12-27-at-22-58-54-Enlace-Zapatista.png?resize=525%2C300 1.5x, https:\/\/i0.wp.com\/www.grieta.org.mx\/wp-content\/uploads\/2024\/12\/Screenshot-2024-12-27-at-22-58-54-Enlace-Zapatista.png?resize=700%2C400 2x, https:\/\/i0.wp.com\/www.grieta.org.mx\/wp-content\/uploads\/2024\/12\/Screenshot-2024-12-27-at-22-58-54-Enlace-Zapatista.png?resize=1050%2C600 3x"},"classes":[]},{"id":70750,"url":"http:\/\/www.grieta.org.mx\/index.php\/2024\/12\/28\/mesa-ii-la-tormenta-capitulo-mexico-el-crimen-el-verdugo-y-las-victimas-sabado-28-de-diciembre-del-2024-1700-horas\/","url_meta":{"origin":70741,"position":5},"title":"Mesa II: La tormenta cap\u00edtulo M\u00e9xico: el crimen, el verdugo y las v\u00edctimas S\u00e1bado 28 de diciembre del 2024, 17:00 horas","author":"grieta","date":"28 diciembre, 2024","format":false,"excerpt":"\ufeffMesa II: La tormenta cap\u00edtulo M\u00e9xico: el crimen, el verdugo y las v\u00edctimas S\u00e1bado 28 de diciembre del 2024, 17:00 horas https:\/\/enlacezapatista.ezln.org.mx\/2024\/12\/27\/transmision-en-vivo-de-las-mesas-de-la-primera-sesion-de-los-encuentros-de-resistencia-y-rebeldia\/","rel":"","context":"En &quot;CINTILLO&quot;","block_context":{"text":"CINTILLO","link":"http:\/\/www.grieta.org.mx\/index.php\/category\/cintillo\/"},"img":{"alt_text":"","src":"https:\/\/i0.wp.com\/www.grieta.org.mx\/wp-content\/uploads\/2024\/12\/Screenshot-2024-12-27-at-22-58-54-Enlace-Zapatista.png?resize=350%2C200","width":350,"height":200,"srcset":"https:\/\/i0.wp.com\/www.grieta.org.mx\/wp-content\/uploads\/2024\/12\/Screenshot-2024-12-27-at-22-58-54-Enlace-Zapatista.png?resize=350%2C200 1x, https:\/\/i0.wp.com\/www.grieta.org.mx\/wp-content\/uploads\/2024\/12\/Screenshot-2024-12-27-at-22-58-54-Enlace-Zapatista.png?resize=525%2C300 1.5x, https:\/\/i0.wp.com\/www.grieta.org.mx\/wp-content\/uploads\/2024\/12\/Screenshot-2024-12-27-at-22-58-54-Enlace-Zapatista.png?resize=700%2C400 2x, https:\/\/i0.wp.com\/www.grieta.org.mx\/wp-content\/uploads\/2024\/12\/Screenshot-2024-12-27-at-22-58-54-Enlace-Zapatista.png?resize=1050%2C600 3x"},"classes":[]}],"_links":{"self":[{"href":"http:\/\/www.grieta.org.mx\/index.php\/wp-json\/wp\/v2\/posts\/70741","targetHints":{"allow":["GET"]}}],"collection":[{"href":"http:\/\/www.grieta.org.mx\/index.php\/wp-json\/wp\/v2\/posts"}],"about":[{"href":"http:\/\/www.grieta.org.mx\/index.php\/wp-json\/wp\/v2\/types\/post"}],"author":[{"embeddable":true,"href":"http:\/\/www.grieta.org.mx\/index.php\/wp-json\/wp\/v2\/users\/2"}],"replies":[{"embeddable":true,"href":"http:\/\/www.grieta.org.mx\/index.php\/wp-json\/wp\/v2\/comments?post=70741"}],"version-history":[{"count":1,"href":"http:\/\/www.grieta.org.mx\/index.php\/wp-json\/wp\/v2\/posts\/70741\/revisions"}],"predecessor-version":[{"id":70749,"href":"http:\/\/www.grieta.org.mx\/index.php\/wp-json\/wp\/v2\/posts\/70741\/revisions\/70749"}],"wp:featuredmedia":[{"embeddable":true,"href":"http:\/\/www.grieta.org.mx\/index.php\/wp-json\/wp\/v2\/media\/70742"}],"wp:attachment":[{"href":"http:\/\/www.grieta.org.mx\/index.php\/wp-json\/wp\/v2\/media?parent=70741"}],"wp:term":[{"taxonomy":"category","embeddable":true,"href":"http:\/\/www.grieta.org.mx\/index.php\/wp-json\/wp\/v2\/categories?post=70741"},{"taxonomy":"post_tag","embeddable":true,"href":"http:\/\/www.grieta.org.mx\/index.php\/wp-json\/wp\/v2\/tags?post=70741"}],"curies":[{"name":"wp","href":"https:\/\/api.w.org\/{rel}","templated":true}]}}