{"id":70737,"date":"2024-12-23T15:15:06","date_gmt":"2024-12-23T21:15:06","guid":{"rendered":"https:\/\/www.grieta.org.mx\/?p=70737"},"modified":"2024-12-23T15:15:06","modified_gmt":"2024-12-23T21:15:06","slug":"hoy-puedo-decir-que-pude-traer-a-mi-hija-de-regreso-a-mi-casa-hallan-los-restos-de-francisca-mariner-tras-mas-de-4-anos-de-busqueda-en-cancun-siempre-estuvo-en-el-semefo-denuncia-su-madre-quin","status":"publish","type":"post","link":"http:\/\/www.grieta.org.mx\/index.php\/2024\/12\/23\/hoy-puedo-decir-que-pude-traer-a-mi-hija-de-regreso-a-mi-casa-hallan-los-restos-de-francisca-mariner-tras-mas-de-4-anos-de-busqueda-en-cancun-siempre-estuvo-en-el-semefo-denuncia-su-madre-quin\/","title":{"rendered":"&#8220;Hoy puedo decir que pude traer a mi hija de regreso a mi casa&#8221;: Hallan los restos de Francisca Mariner tras m\u00e1s de 4 a\u00f1os de b\u00fasqueda en Canc\u00fan; siempre estuvo en el Semefo, denuncia su madre (Quintana Roo)"},"content":{"rendered":"<p>Noticaribe<\/p>\n<p>CANC\u00daN, MX.- Mar\u00eda Patr\u00f3n, cabeza del colectivo Madres Buscadoras de Quintana Roo, inform\u00f3 este dia que, tras cuatro a\u00f1os y medio de b\u00fasqueda, hall\u00f3 al fin los restos de su hija, Francisca Mariner, pero en las instalaciones del Servicio M\u00e9dico Forense.<\/p>\n<p>Mediante un video difundido esta ma\u00f1ana en las redes sociales de este colectivo, Mar\u00eda Patr\u00f3n afirm\u00f3 que horas antes personal de la Fiscal\u00eda General del Estado le notific\u00f3 que el cuerpo de su hija se encontraba en dichas instalaciones.<\/p>\n<p>Cabe mencionar que Francisca Mariner fue reportada como desaparecida el 22 de junio de 2020, y desde hace dos a\u00f1os, \u00c1ngel Conrado Salas, ex pareja de la joven, se encuentra preso por el delito de feminicidio de esta mujer.<\/p>\n<p>Al respecto de este caso, la Fiscal\u00eda General del Estado ofreci\u00f3 medio mill\u00f3n de pesos a quien otorgara informaci\u00f3n que llevara a su paradero. De manera alerta, Mar\u00eda Patr\u00f3n realiz\u00f3 a lo largo de estos a\u00f1os, diversas manifestaciones y bloqueos para exigir (primero al exfiscal \u00d3scar Montes de Oca y luego al actual, Raciel L\u00f3pez Salazar) que detuvieran al presunto responsable de la desaparici\u00f3n de Francisca Mariner y adem\u00e1s que hallaran el cuerpo de esta joven.<\/p>\n<p>Mar\u00eda Patr\u00f3n se\u00f1al\u00f3 que, tras diversas pruebas de ADN que, personal forense pudo corroborar que los restos correspond\u00edan a los de su hija.<\/p>\n<p>\u201cTras cuatro a\u00f1os y medio de b\u00fasqueda, hoy puedo decir que pude traer a mi hija de regreso a mi casa, no en las condiciones que yo esperaba, pero ya est\u00e1 en mi casa, ya va a tener un lugar en mi casa\u201d, sostuvo.<\/p>\n<p>Mar\u00eda Patr\u00f3n agradeci\u00f3 a la ciudadan\u00eda por el apoyo que recibi\u00f3 durante todo el tiempo en que estuvo exigiendo que las autoridades dieran con el paradero de la joven.<\/p>\n<p>\u201cGracias por ser emp\u00e1ticos, por saber el dolor de ser madre, por entender el motivo por el que cerramos calles. S\u00e9 que a muchos les causamos afectaciones, porque llegaban tarde a su casa, a su trabajo, pero fue la \u00fanica forma de presionar para que las autoridades hicieran su trabajo\u201d, concluy\u00f3. (Agencia SIM)<\/p>\n<p><a href=\"https:\/\/noticaribe.com.mx\/2024\/12\/23\/hoy-puedo-decir-que-pude-traer-a-mi-hija-de-regreso-a-mi-casa-hallan-los-restos-de-francisca-mariner-tras-mas-de-4-anos-de-busqueda-en-cancun-madre-denuncia-que-fue-en-el-semefo\/\" target=\"_blank\">https:\/\/noticaribe.com.mx\/2024\/12\/23\/hoy-puedo-decir-que-pude-traer-a-mi-hija-de-regreso-a-mi-casa-hallan-los-restos-de-francisca-mariner-tras-mas-de-4-anos-de-busqueda-en-cancun-madre-denuncia-que-fue-en-el-semefo\/<\/a><\/p>\n","protected":false},"excerpt":{"rendered":"<p>Noticaribe CANC\u00daN, MX.- Mar\u00eda Patr\u00f3n, cabeza del colectivo Madres Buscadoras de Quintana Roo, inform\u00f3 este dia que, tras cuatro a\u00f1os y medio de b\u00fasqueda, hall\u00f3 al fin los restos de &hellip; <a href=\"http:\/\/www.grieta.org.mx\/index.php\/2024\/12\/23\/hoy-puedo-decir-que-pude-traer-a-mi-hija-de-regreso-a-mi-casa-hallan-los-restos-de-francisca-mariner-tras-mas-de-4-anos-de-busqueda-en-cancun-siempre-estuvo-en-el-semefo-denuncia-su-madre-quin\/\" class=\"more-link\">Leer m\u00e1s<\/a><\/p>\n","protected":false},"author":2,"featured_media":70738,"comment_status":"closed","ping_status":"closed","sticky":false,"template":"","format":"standard","meta":{"ngg_post_thumbnail":0,"_jetpack_newsletter_access":"","_jetpack_dont_email_post_to_subs":false,"_jetpack_newsletter_tier_id":0,"_jetpack_memberships_contains_paywalled_content":false,"_jetpack_memberships_contains_paid_content":false,"footnotes":""},"categories":[4213,80,87,2808,1340,2,28,83],"tags":[1241,2738,2484,631,380,81],"class_list":["post-70737","post","type-post","status-publish","format-standard","has-post-thumbnail","hentry","category-acciones-por-desaparecidos","category-cintillo","category-desaparecidos","category-desaparecidos-en-quintana-roo","category-feminicidios-en-quintana-roo","category-noticias-nacionales","category-quintana-roo","category-temas-nacionales","tag-autoridades-no-investigan","tag-autoridades-omisas","tag-buscadoras","tag-desaparecidas","tag-desprecio","tag-feminicidios","entry"],"jetpack_featured_media_url":"http:\/\/www.grieta.org.mx\/wp-content\/uploads\/2024\/12\/Buscadoras.jpg","jetpack_sharing_enabled":true,"jetpack_shortlink":"https:\/\/wp.me\/p7ZJR4-ioV","jetpack_likes_enabled":false,"jetpack-related-posts":[{"id":67078,"url":"http:\/\/www.grieta.org.mx\/index.php\/2023\/06\/23\/mantendran-planton-frente-a-la-fge-en-cancun-madres-buscadoras-hasta-que-las-autoridades-encuentren-a-francisca-mariner-patron-quintana-roo\/","url_meta":{"origin":70737,"position":0},"title":"Mantendr\u00e1n Plant\u00f3n Frente a la FGE en Canc\u00fan, Madres Buscadoras hasta que las Autoridades Encuentren a Francisca Mariner Patr\u00f3n  (Quintana Roo)","author":"grieta","date":"23 junio, 2023","format":false,"excerpt":"Rafael Garc\u00eda\/Cambio 22 Canc\u00fan, Q. Roo a 23 de junio.- La presidenta del Colectivo de Madres Buscadoras, Mar\u00eda Dolores Patr\u00f3n, sentenci\u00f3 que no retiraran el plant\u00f3n que mantienen en la avenida Xcaret frente a las instalaciones de la Fiscal\u00eda General del estado (FGE), hasta que el entreguen a su hija,\u2026","rel":"","context":"En &quot;CINTILLO&quot;","block_context":{"text":"CINTILLO","link":"http:\/\/www.grieta.org.mx\/index.php\/category\/cintillo\/"},"img":{"alt_text":"","src":"https:\/\/i0.wp.com\/www.grieta.org.mx\/wp-content\/uploads\/2023\/06\/Planton-e1687635912426.jpg?resize=350%2C200","width":350,"height":200,"srcset":"https:\/\/i0.wp.com\/www.grieta.org.mx\/wp-content\/uploads\/2023\/06\/Planton-e1687635912426.jpg?resize=350%2C200 1x, https:\/\/i0.wp.com\/www.grieta.org.mx\/wp-content\/uploads\/2023\/06\/Planton-e1687635912426.jpg?resize=525%2C300 1.5x, https:\/\/i0.wp.com\/www.grieta.org.mx\/wp-content\/uploads\/2023\/06\/Planton-e1687635912426.jpg?resize=700%2C400 2x"},"classes":[]},{"id":67045,"url":"http:\/\/www.grieta.org.mx\/index.php\/2023\/06\/22\/francisca-vive-la-lucha-sigue-marchan-madres-en-cancun-por-mujer-desaparecida-hace-tres-anos-quintana-roo\/","url_meta":{"origin":70737,"position":1},"title":"&#8220;Francisca vive, la lucha sigue&#8221;: Marchan madres en Canc\u00fan por mujer desaparecida hace tres a\u00f1os (Quintana Roo)","author":"grieta","date":"22 junio, 2023","format":false,"excerpt":"Noticaribe CANC\u00daN, MX.- Integrantes del colectivo Madres Buscadoras de Quintana Roo marcharon la tarde de hoy jueves desde Palacio Municipal hasta la Fiscal\u00eda General del Estado, para exigir la b\u00fasqueda de Mariner Flores Patr\u00f3n, quien hoy cumple tres a\u00f1os desaparecida. Poco antes de las 5:30 de esta tarde, los familiares\u2026","rel":"","context":"En &quot;CINTILLO&quot;","block_context":{"text":"CINTILLO","link":"http:\/\/www.grieta.org.mx\/index.php\/category\/cintillo\/"},"img":{"alt_text":"","src":"https:\/\/i0.wp.com\/www.grieta.org.mx\/wp-content\/uploads\/2023\/06\/Cancun-e1687490360317.jpg?resize=350%2C200","width":350,"height":200,"srcset":"https:\/\/i0.wp.com\/www.grieta.org.mx\/wp-content\/uploads\/2023\/06\/Cancun-e1687490360317.jpg?resize=350%2C200 1x, https:\/\/i0.wp.com\/www.grieta.org.mx\/wp-content\/uploads\/2023\/06\/Cancun-e1687490360317.jpg?resize=525%2C300 1.5x, https:\/\/i0.wp.com\/www.grieta.org.mx\/wp-content\/uploads\/2023\/06\/Cancun-e1687490360317.jpg?resize=700%2C400 2x"},"classes":[]},{"id":70896,"url":"http:\/\/www.grieta.org.mx\/index.php\/2025\/01\/05\/continua-la-lucha-colectivo-madres-buscadoras-mantiene-planton-en-la-fge-exigiendo-justicia-quintana-roo\/","url_meta":{"origin":70737,"position":2},"title":"Contin\u00faa la Lucha; Colectivo Madres Buscadoras Mantiene Plant\u00f3n en la FGE Exigiendo Justicia  (Quintana Roo)","author":"grieta","date":"5 enero, 2025","format":false,"excerpt":"Antonio Brice\u00f1o \/ CAMBIO 22 Madres integrantes del colectivo demandan avances en las investigaciones por personas desaparecidas. A trav\u00e9s de pancartas y murales, protestan en las instalaciones de la Fiscal\u00eda General del Estado en Chetumal Chetumal, 5 de enero.- La noche del 4 de enero, el colectivo Madres Buscadoras de\u2026","rel":"","context":"En &quot;acciones por desaparecidos&quot;","block_context":{"text":"acciones por desaparecidos","link":"http:\/\/www.grieta.org.mx\/index.php\/category\/noticias-nacionales\/quintana-roo\/acciones-por-desaparecidos\/"},"img":{"alt_text":"","src":"https:\/\/i0.wp.com\/www.grieta.org.mx\/wp-content\/uploads\/2025\/01\/Buscadoras-e1737501396705.jpg?resize=350%2C200","width":350,"height":200,"srcset":"https:\/\/i0.wp.com\/www.grieta.org.mx\/wp-content\/uploads\/2025\/01\/Buscadoras-e1737501396705.jpg?resize=350%2C200 1x, https:\/\/i0.wp.com\/www.grieta.org.mx\/wp-content\/uploads\/2025\/01\/Buscadoras-e1737501396705.jpg?resize=525%2C300 1.5x, https:\/\/i0.wp.com\/www.grieta.org.mx\/wp-content\/uploads\/2025\/01\/Buscadoras-e1737501396705.jpg?resize=700%2C400 2x"},"classes":[]},{"id":67802,"url":"http:\/\/www.grieta.org.mx\/index.php\/2023\/09\/16\/madres-buscadores-de-cancun-irrumpen-desfile-civico-militar-reclaman-justicia-a-autoridades-quintana-roo\/","url_meta":{"origin":70737,"position":3},"title":"Madres Buscadores de Canc\u00fan irrumpen Desfile C\u00edvico-Militar; reclaman justicia a autoridades (Quintana Roo)","author":"grieta","date":"16 septiembre, 2023","format":false,"excerpt":"Mart\u00edn Chi \/ Foto David P\u00e9rez \/ Por Esto! Las Madres Buscadoras de Canc\u00fan irrumpieron entre los participantes del Desfile C\u00edvico-Militar por el 213 aniversario del inicio de la Independencia de M\u00e9xico y se manifestaron frente al pres\u00eddium, clamando justicia por los desaparecidos. Las madres gritaron consignas buscando justicia y\u2026","rel":"","context":"En &quot;CINTILLO&quot;","block_context":{"text":"CINTILLO","link":"http:\/\/www.grieta.org.mx\/index.php\/category\/cintillo\/"},"img":{"alt_text":"","src":"https:\/\/i0.wp.com\/www.grieta.org.mx\/wp-content\/uploads\/2023\/09\/MadresBuscadoras-e1695694298833.jpg?resize=350%2C200","width":350,"height":200,"srcset":"https:\/\/i0.wp.com\/www.grieta.org.mx\/wp-content\/uploads\/2023\/09\/MadresBuscadoras-e1695694298833.jpg?resize=350%2C200 1x, https:\/\/i0.wp.com\/www.grieta.org.mx\/wp-content\/uploads\/2023\/09\/MadresBuscadoras-e1695694298833.jpg?resize=525%2C300 1.5x, https:\/\/i0.wp.com\/www.grieta.org.mx\/wp-content\/uploads\/2023\/09\/MadresBuscadoras-e1695694298833.jpg?resize=700%2C400 2x"},"classes":[]},{"id":65576,"url":"http:\/\/www.grieta.org.mx\/index.php\/2022\/10\/20\/marchan-activistas-contra-nulos-resultados-de-la-fiscalia-en-casos-de-desaparecidos-quintana-roo\/","url_meta":{"origin":70737,"position":4},"title":"Marchan activistas contra nulos resultados de la Fiscal\u00eda en casos de desaparecidos (Quintana Roo)","author":"grieta","date":"20 octubre, 2022","format":false,"excerpt":"Juan Morales \/ Grupo Pir\u00e1mide Canc\u00fan, Quintana Roo.- Miembros del colectivo Verdad, Memoria y Justicia marcharon en Canc\u00fan contra los nulos resultados de la Fiscal\u00eda General del Estado (FGE) en los reportes de personas desaparecidas, los cuales aumentaron durante septiembre con dos casos m\u00e1s. Los manifestantes arrancaron su protesta desde\u2026","rel":"","context":"En &quot;CINTILLO&quot;","block_context":{"text":"CINTILLO","link":"http:\/\/www.grieta.org.mx\/index.php\/category\/cintillo\/"},"img":{"alt_text":"","src":"https:\/\/i0.wp.com\/www.grieta.org.mx\/wp-content\/uploads\/2022\/10\/DesaparecidosQroo-e1666432285627.jpg?resize=350%2C200","width":350,"height":200,"srcset":"https:\/\/i0.wp.com\/www.grieta.org.mx\/wp-content\/uploads\/2022\/10\/DesaparecidosQroo-e1666432285627.jpg?resize=350%2C200 1x, https:\/\/i0.wp.com\/www.grieta.org.mx\/wp-content\/uploads\/2022\/10\/DesaparecidosQroo-e1666432285627.jpg?resize=525%2C300 1.5x, https:\/\/i0.wp.com\/www.grieta.org.mx\/wp-content\/uploads\/2022\/10\/DesaparecidosQroo-e1666432285627.jpg?resize=700%2C400 2x"},"classes":[]},{"id":68905,"url":"http:\/\/www.grieta.org.mx\/index.php\/2024\/05\/10\/cancun-madres-buscadoras-bloquean-la-av-xcaret-para-reclamar-por-desaparecidos-quintana-roo\/","url_meta":{"origin":70737,"position":5},"title":"Canc\u00fan: Madres buscadoras bloquean la av. Xcaret para reclamar por desaparecidos (Quintana Roo)","author":"grieta","date":"10 mayo, 2024","format":false,"excerpt":"Eduardo del Valle \/ Novedades Quintana Roo Un bloqueo de un carril de la avenida Xcaret de Canc\u00fan se hizo ayer, por Madres Buscadoras de Quintana Roo como un reclamo m\u00e1s a las autoridades por la falta de resultados en la b\u00fasqueda de desaparecidos. El carril de la Xcaret, con\u2026","rel":"","context":"En &quot;CINTILLO&quot;","block_context":{"text":"CINTILLO","link":"http:\/\/www.grieta.org.mx\/index.php\/category\/cintillo\/"},"img":{"alt_text":"","src":"https:\/\/i0.wp.com\/www.grieta.org.mx\/wp-content\/uploads\/2024\/05\/Desaparecidos-e1715553297915.jpg?resize=350%2C200","width":350,"height":200,"srcset":"https:\/\/i0.wp.com\/www.grieta.org.mx\/wp-content\/uploads\/2024\/05\/Desaparecidos-e1715553297915.jpg?resize=350%2C200 1x, https:\/\/i0.wp.com\/www.grieta.org.mx\/wp-content\/uploads\/2024\/05\/Desaparecidos-e1715553297915.jpg?resize=525%2C300 1.5x, https:\/\/i0.wp.com\/www.grieta.org.mx\/wp-content\/uploads\/2024\/05\/Desaparecidos-e1715553297915.jpg?resize=700%2C400 2x"},"classes":[]}],"_links":{"self":[{"href":"http:\/\/www.grieta.org.mx\/index.php\/wp-json\/wp\/v2\/posts\/70737","targetHints":{"allow":["GET"]}}],"collection":[{"href":"http:\/\/www.grieta.org.mx\/index.php\/wp-json\/wp\/v2\/posts"}],"about":[{"href":"http:\/\/www.grieta.org.mx\/index.php\/wp-json\/wp\/v2\/types\/post"}],"author":[{"embeddable":true,"href":"http:\/\/www.grieta.org.mx\/index.php\/wp-json\/wp\/v2\/users\/2"}],"replies":[{"embeddable":true,"href":"http:\/\/www.grieta.org.mx\/index.php\/wp-json\/wp\/v2\/comments?post=70737"}],"version-history":[{"count":1,"href":"http:\/\/www.grieta.org.mx\/index.php\/wp-json\/wp\/v2\/posts\/70737\/revisions"}],"predecessor-version":[{"id":70739,"href":"http:\/\/www.grieta.org.mx\/index.php\/wp-json\/wp\/v2\/posts\/70737\/revisions\/70739"}],"wp:featuredmedia":[{"embeddable":true,"href":"http:\/\/www.grieta.org.mx\/index.php\/wp-json\/wp\/v2\/media\/70738"}],"wp:attachment":[{"href":"http:\/\/www.grieta.org.mx\/index.php\/wp-json\/wp\/v2\/media?parent=70737"}],"wp:term":[{"taxonomy":"category","embeddable":true,"href":"http:\/\/www.grieta.org.mx\/index.php\/wp-json\/wp\/v2\/categories?post=70737"},{"taxonomy":"post_tag","embeddable":true,"href":"http:\/\/www.grieta.org.mx\/index.php\/wp-json\/wp\/v2\/tags?post=70737"}],"curies":[{"name":"wp","href":"https:\/\/api.w.org\/{rel}","templated":true}]}}