{"id":70705,"date":"2024-12-13T13:41:57","date_gmt":"2024-12-13T19:41:57","guid":{"rendered":"https:\/\/www.grieta.org.mx\/?p=70705"},"modified":"2024-12-20T13:50:38","modified_gmt":"2024-12-20T19:50:38","slug":"trabajadores-del-tren-maya-bloquean-la-carretera-chetumal-bacalar-por-salarios-atrasados-quintana-roo","status":"publish","type":"post","link":"http:\/\/www.grieta.org.mx\/index.php\/2024\/12\/13\/trabajadores-del-tren-maya-bloquean-la-carretera-chetumal-bacalar-por-salarios-atrasados-quintana-roo\/","title":{"rendered":"Trabajadores del Tren Maya Bloquean la Carretera Chetumal-Bacalar por Salarios Atrasados (Quintana Roo)"},"content":{"rendered":"<p>Antonio Brice\u00f1o \/ CAMBIO 22<\/p>\n<blockquote><p>Trabajadores del Tren Maya bloquearon esta ma\u00f1ana la carretera Chetumal-Bacalar, en protesta por la falta de pago de sus salarios desde octubre<\/p><\/blockquote>\n<blockquote><p>Exigen una soluci\u00f3n inmediata para poder reanudar su labor<\/p><\/blockquote>\n<p>CHETUMAL, 13 de diciembre.- Un grupo de trabajadores del Tren Maya bloque\u00f3 esta ma\u00f1ana la carretera Chetumal-Bacalar, espec\u00edficamente en el kil\u00f3metro 19, cerca de la planta de asfalto ubicada despu\u00e9s del puente hacia el poblado de Ucum. La manifestaci\u00f3n fue provocada por la falta de pago de sus salarios, ya que, seg\u00fan los empleados, no han recibido su remuneraci\u00f3n desde que comenzaron sus labores en octubre pasado.<\/p>\n<p>Los trabajadores, quienes han laborado bajo condiciones dif\u00edciles, expresaron su descontento por no recibir los pagos que consideran justos, lo que ha generado serias dificultades econ\u00f3micas para ellos y sus familias. La protesta busca presionar a las autoridades para que realicen los pagos pendientes y permita a los empleados continuar con la ejecuci\u00f3n de las obras del Tren Maya, uno de los proyectos m\u00e1s importantes del gobierno federal.<\/p>\n<p>El bloqueo ha tenido un impacto significativo en la circulaci\u00f3n vehicular, afectando tanto a los conductores locales como a los viajeros que transitan por la zona. La manifestaci\u00f3n ocurre en el marco de la visita de Claudia Sheinbaum Pardo, presidenta del Consejo Nacional de Morena, lo que ha intensificado la atenci\u00f3n sobre el conflicto laboral.<\/p>\n<p>Las autoridades a\u00fan no han dado una respuesta oficial, pero se espera que intervengan para resolver la situaci\u00f3n. Los trabajadores han se\u00f1alado que no levantar\u00e1n el bloqueo hasta que sus demandas sean atendidas y se les garanticen el pago de los salarios atrasados.<\/p>\n<p>JFCB<\/p>\n<p><a href=\"https:\/\/diariocambio22.mx\/trabajadores-del-tren-maya-bloquean-la-carretera-chetumal-bacalar-por-salarios-atrasados\/\" target=\"_blank\">https:\/\/diariocambio22.mx\/trabajadores-del-tren-maya-bloquean-la-carretera-chetumal-bacalar-por-salarios-atrasados\/<\/a><\/p>\n","protected":false},"excerpt":{"rendered":"<p>Antonio Brice\u00f1o \/ CAMBIO 22 Trabajadores del Tren Maya bloquearon esta ma\u00f1ana la carretera Chetumal-Bacalar, en protesta por la falta de pago de sus salarios desde octubre Exigen una soluci\u00f3n &hellip; <a href=\"http:\/\/www.grieta.org.mx\/index.php\/2024\/12\/13\/trabajadores-del-tren-maya-bloquean-la-carretera-chetumal-bacalar-por-salarios-atrasados-quintana-roo\/\" class=\"more-link\">Leer m\u00e1s<\/a><\/p>\n","protected":false},"author":2,"featured_media":70706,"comment_status":"closed","ping_status":"closed","sticky":false,"template":"","format":"standard","meta":{"ngg_post_thumbnail":0,"_jetpack_newsletter_access":"","_jetpack_dont_email_post_to_subs":false,"_jetpack_newsletter_tier_id":0,"_jetpack_memberships_contains_paywalled_content":false,"_jetpack_memberships_contains_paid_content":false,"footnotes":""},"categories":[80,1084,3,922,926,944,952,2,3210,28,2026],"tags":[1690,137,634,113,2841,1878],"class_list":["post-70705","post","type-post","status-publish","format-standard","has-post-thumbnail","hentry","category-cintillo","category-conflictos-laborales-en-quintana-roo","category-megaproyectos","category-megaproyectos-estados","category-mp-campeche","category-mp-quintana-roo","category-mp-yucatan","category-noticias-nacionales","category-precariedad-laboral-en-quintana-roo","category-quintana-roo","category-tren-maya","tag-adeudo-de-salarios","tag-bloqueo-carretero","tag-condiciones-laborales","tag-conflictos-laborales","tag-explotacion-y-precariedad-laboral","tag-tren-maya","entry"],"jetpack_featured_media_url":"http:\/\/www.grieta.org.mx\/wp-content\/uploads\/2024\/12\/Bloqueo.jpg","jetpack_sharing_enabled":true,"jetpack_shortlink":"https:\/\/wp.me\/p7ZJR4-iop","jetpack_likes_enabled":false,"jetpack-related-posts":[{"id":69500,"url":"http:\/\/www.grieta.org.mx\/index.php\/2024\/08\/19\/empleados-de-eura-e-isva-en-chetumal-protestan-por-el-adeudo-de-sus-pagos-quintana-roo\/","url_meta":{"origin":70705,"position":0},"title":"Empleados de Eura e ISVA en Chetumal protestan por el adeudo de sus pagos (Quintana Roo)","author":"grieta","date":"19 agosto, 2024","format":false,"excerpt":"Anah\u00ed Chamlati \/ Por Esto! Los trabajadores de las empresas Eura e ISVA, contratadas para las obras del Tren Maya se manifiestan a causa de la falta de pago. Los trabajadores acusaron que llevan varios d\u00edas sin recibir su sueldo. Mediante un bloqueo carretero en el tramo de Huay-Pix buscan\u2026","rel":"","context":"En &quot;CINTILLO&quot;","block_context":{"text":"CINTILLO","link":"http:\/\/www.grieta.org.mx\/index.php\/category\/cintillo\/"},"img":{"alt_text":"","src":"https:\/\/i0.wp.com\/www.grieta.org.mx\/wp-content\/uploads\/2024\/08\/Adeudos-e1724947568818.jpg?resize=350%2C200","width":350,"height":200,"srcset":"https:\/\/i0.wp.com\/www.grieta.org.mx\/wp-content\/uploads\/2024\/08\/Adeudos-e1724947568818.jpg?resize=350%2C200 1x, https:\/\/i0.wp.com\/www.grieta.org.mx\/wp-content\/uploads\/2024\/08\/Adeudos-e1724947568818.jpg?resize=525%2C300 1.5x, https:\/\/i0.wp.com\/www.grieta.org.mx\/wp-content\/uploads\/2024\/08\/Adeudos-e1724947568818.jpg?resize=700%2C400 2x"},"classes":[]},{"id":69466,"url":"http:\/\/www.grieta.org.mx\/index.php\/2024\/08\/26\/bloquean-trabajadores-del-tren-maya-carretera-hacia-subteniente-lopez-y-belice-por-falta-de-pago-quintana-roo\/","url_meta":{"origin":70705,"position":1},"title":"Bloquean trabajadores del Tren Maya carretera hacia subteniente L\u00f3pez y Belice por falta de pago (Quintana Roo)","author":"grieta","date":"26 agosto, 2024","format":false,"excerpt":"Rafael Brice\u00f1o \/ Noticaribe CHETUMAL, MX.- Ante la falta de respuesta a sus peticiones de pago por el servicio prestado, trabajadores que construyen el paso del Tren Maya sobre la carretera que conduce a la comunidad de Subteniente L\u00f3pez y hacia Belice mantienen un bloqueo como protesta y medida de\u2026","rel":"","context":"En &quot;CINTILLO&quot;","block_context":{"text":"CINTILLO","link":"http:\/\/www.grieta.org.mx\/index.php\/category\/cintillo\/"},"img":{"alt_text":"","src":"https:\/\/i0.wp.com\/www.grieta.org.mx\/wp-content\/uploads\/2024\/08\/Bloquean.jpg?resize=350%2C200","width":350,"height":200,"srcset":"https:\/\/i0.wp.com\/www.grieta.org.mx\/wp-content\/uploads\/2024\/08\/Bloquean.jpg?resize=350%2C200 1x, https:\/\/i0.wp.com\/www.grieta.org.mx\/wp-content\/uploads\/2024\/08\/Bloquean.jpg?resize=525%2C300 1.5x"},"classes":[]},{"id":68588,"url":"http:\/\/www.grieta.org.mx\/index.php\/2024\/02\/09\/colapsa-estructura-del-tren-maya-cerca-de-bacalar-hay-dos-personas-lesionadas-videoquintana-roo\/","url_meta":{"origin":70705,"position":2},"title":"Colapsa estructura del Tren Maya cerca de Bacalar; hay dos personas lesionadas (Video)(Quintana Roo)","author":"grieta","date":"9 febrero, 2024","format":false,"excerpt":"Octavio Mart\u00ednez \/ Revista Proceso El desplome de una estructura de concreto en las obras del Tren Maya cerca de Bacalar, en Quintana Roo, dej\u00f3 un saldo de dos trabajadores lesionados. CANC\u00daN, Qroo. (apro).\u2013 El desplome de una estructura de concreto en las obras del Tren Maya cerca de Bacalar,\u2026","rel":"","context":"En &quot;CINTILLO&quot;","block_context":{"text":"CINTILLO","link":"http:\/\/www.grieta.org.mx\/index.php\/category\/cintillo\/"},"img":{"alt_text":"","src":"https:\/\/i0.wp.com\/www.grieta.org.mx\/wp-content\/uploads\/2024\/03\/TrenAccidente-e1709625311972.jpg?resize=350%2C200","width":350,"height":200,"srcset":"https:\/\/i0.wp.com\/www.grieta.org.mx\/wp-content\/uploads\/2024\/03\/TrenAccidente-e1709625311972.jpg?resize=350%2C200 1x, https:\/\/i0.wp.com\/www.grieta.org.mx\/wp-content\/uploads\/2024\/03\/TrenAccidente-e1709625311972.jpg?resize=525%2C300 1.5x, https:\/\/i0.wp.com\/www.grieta.org.mx\/wp-content\/uploads\/2024\/03\/TrenAccidente-e1709625311972.jpg?resize=700%2C400 2x"},"classes":[]},{"id":67152,"url":"http:\/\/www.grieta.org.mx\/index.php\/2023\/07\/08\/ejercito-suspende-relleno-del-estero-de-chac-ante-quejas-de-habitantes-de-bacalar-quintana-roo\/","url_meta":{"origin":70705,"position":3},"title":"Ej\u00e9rcito suspende relleno del estero de Chac ante quejas de habitantes de Bacalar (Quintana Roo)","author":"grieta","date":"8 julio, 2023","format":false,"excerpt":"Emilio G\u00f3mez \/ Foto: Facebook Acci\u00f3n Juvenil Quintana Roo \/ La Jornada Maya Chetumal, Quintana Roo El Ej\u00e9rcito mexicano suspendi\u00f3 el relleno del estero de Chac, un canal de agua que parte de la ciudad de Chetumal, de norte a sur y que conecta a la laguna de Bacalar con\u2026","rel":"","context":"En &quot;CINTILLO&quot;","block_context":{"text":"CINTILLO","link":"http:\/\/www.grieta.org.mx\/index.php\/category\/cintillo\/"},"img":{"alt_text":"","src":"https:\/\/i0.wp.com\/www.grieta.org.mx\/wp-content\/uploads\/2023\/07\/RellenoChetumal-e1688839701794.jpg?resize=350%2C200","width":350,"height":200,"srcset":"https:\/\/i0.wp.com\/www.grieta.org.mx\/wp-content\/uploads\/2023\/07\/RellenoChetumal-e1688839701794.jpg?resize=350%2C200 1x, https:\/\/i0.wp.com\/www.grieta.org.mx\/wp-content\/uploads\/2023\/07\/RellenoChetumal-e1688839701794.jpg?resize=525%2C300 1.5x, https:\/\/i0.wp.com\/www.grieta.org.mx\/wp-content\/uploads\/2023\/07\/RellenoChetumal-e1688839701794.jpg?resize=700%2C400 2x"},"classes":[]},{"id":67223,"url":"http:\/\/www.grieta.org.mx\/index.php\/2023\/07\/24\/bloquean-volquetes-acceso-a-tramo-6-del-tren-maya-quintana-roo\/","url_meta":{"origin":70705,"position":4},"title":"Bloquean volquetes acceso a tramo 6 del Tren Maya (Quintana Roo)","author":"grieta","date":"24 julio, 2023","format":false,"excerpt":"Pedro Hern\u00e1ndez\/Quadrat\u00edn Quintana Roo OTH\u00d3N P. BLANCO, QRoo, 24 de julio de 2023.- Volqueteros inconformes contratados por la Secretaria de la Defensa Nacional realizan un bloqueo en los accesos a las obras del Tren Maya tramo 6. Los trabajadores denuncian que los elementos de la Secretaria de la Defenszla Nacional\u2026","rel":"","context":"En &quot;CINTILLO&quot;","block_context":{"text":"CINTILLO","link":"http:\/\/www.grieta.org.mx\/index.php\/category\/cintillo\/"},"img":{"alt_text":"","src":"https:\/\/i0.wp.com\/www.grieta.org.mx\/wp-content\/uploads\/2023\/07\/volqueteros-e1690326278300.jpg?resize=350%2C200","width":350,"height":200,"srcset":"https:\/\/i0.wp.com\/www.grieta.org.mx\/wp-content\/uploads\/2023\/07\/volqueteros-e1690326278300.jpg?resize=350%2C200 1x, https:\/\/i0.wp.com\/www.grieta.org.mx\/wp-content\/uploads\/2023\/07\/volqueteros-e1690326278300.jpg?resize=525%2C300 1.5x, https:\/\/i0.wp.com\/www.grieta.org.mx\/wp-content\/uploads\/2023\/07\/volqueteros-e1690326278300.jpg?resize=700%2C400 2x"},"classes":[]},{"id":69827,"url":"http:\/\/www.grieta.org.mx\/index.php\/2024\/09\/06\/ejidatarios-de-limones-bloquean-acceso-al-tren-maya-quintana-roo\/","url_meta":{"origin":70705,"position":5},"title":"Ejidatarios de Limones bloquean acceso al Tren Maya (Quintana Roo)","author":"grieta","date":"6 septiembre, 2024","format":false,"excerpt":"Christian Christ \/ De Peso Quintana Roo Este viernes 6 de septiembre habitantes del poblado de Limones, en el municipio de Bacalar, bloquearon temporalmente la entrada principal que conduce a la estaci\u00f3n del Tren Maya, debido al incumplimiento de acuerdos previamente pactados. El bloqueo se realiz\u00f3 en la carretera Chetumal-Canc\u00fan,\u2026","rel":"","context":"En &quot;CINTILLO&quot;","block_context":{"text":"CINTILLO","link":"http:\/\/www.grieta.org.mx\/index.php\/category\/cintillo\/"},"img":{"alt_text":"","src":"https:\/\/i0.wp.com\/www.grieta.org.mx\/wp-content\/uploads\/2024\/09\/bloqueo-e1727228798471.jpg?resize=350%2C200","width":350,"height":200,"srcset":"https:\/\/i0.wp.com\/www.grieta.org.mx\/wp-content\/uploads\/2024\/09\/bloqueo-e1727228798471.jpg?resize=350%2C200 1x, https:\/\/i0.wp.com\/www.grieta.org.mx\/wp-content\/uploads\/2024\/09\/bloqueo-e1727228798471.jpg?resize=525%2C300 1.5x, https:\/\/i0.wp.com\/www.grieta.org.mx\/wp-content\/uploads\/2024\/09\/bloqueo-e1727228798471.jpg?resize=700%2C400 2x"},"classes":[]}],"_links":{"self":[{"href":"http:\/\/www.grieta.org.mx\/index.php\/wp-json\/wp\/v2\/posts\/70705","targetHints":{"allow":["GET"]}}],"collection":[{"href":"http:\/\/www.grieta.org.mx\/index.php\/wp-json\/wp\/v2\/posts"}],"about":[{"href":"http:\/\/www.grieta.org.mx\/index.php\/wp-json\/wp\/v2\/types\/post"}],"author":[{"embeddable":true,"href":"http:\/\/www.grieta.org.mx\/index.php\/wp-json\/wp\/v2\/users\/2"}],"replies":[{"embeddable":true,"href":"http:\/\/www.grieta.org.mx\/index.php\/wp-json\/wp\/v2\/comments?post=70705"}],"version-history":[{"count":1,"href":"http:\/\/www.grieta.org.mx\/index.php\/wp-json\/wp\/v2\/posts\/70705\/revisions"}],"predecessor-version":[{"id":70707,"href":"http:\/\/www.grieta.org.mx\/index.php\/wp-json\/wp\/v2\/posts\/70705\/revisions\/70707"}],"wp:featuredmedia":[{"embeddable":true,"href":"http:\/\/www.grieta.org.mx\/index.php\/wp-json\/wp\/v2\/media\/70706"}],"wp:attachment":[{"href":"http:\/\/www.grieta.org.mx\/index.php\/wp-json\/wp\/v2\/media?parent=70705"}],"wp:term":[{"taxonomy":"category","embeddable":true,"href":"http:\/\/www.grieta.org.mx\/index.php\/wp-json\/wp\/v2\/categories?post=70705"},{"taxonomy":"post_tag","embeddable":true,"href":"http:\/\/www.grieta.org.mx\/index.php\/wp-json\/wp\/v2\/tags?post=70705"}],"curies":[{"name":"wp","href":"https:\/\/api.w.org\/{rel}","templated":true}]}}