{"id":70584,"date":"2024-12-01T08:54:37","date_gmt":"2024-12-01T14:54:37","guid":{"rendered":"https:\/\/www.grieta.org.mx\/?p=70584"},"modified":"2024-12-02T22:27:18","modified_gmt":"2024-12-03T04:27:18","slug":"encuentros-internacionales-de-rebeldias-y-resistencias-2024-2025-fechas-y-sedes-de-la-primera-sesion-diciembre-2024-a-enero-2025","status":"publish","type":"post","link":"http:\/\/www.grieta.org.mx\/index.php\/2024\/12\/01\/encuentros-internacionales-de-rebeldias-y-resistencias-2024-2025-fechas-y-sedes-de-la-primera-sesion-diciembre-2024-a-enero-2025\/","title":{"rendered":"Encuentros Internacionales de Rebeld\u00edas y Resistencias 2024-2025. FECHAS Y SEDES DE LA PRIMERA SESI\u00d3N DICIEMBRE 2024 a ENERO 2025"},"content":{"rendered":"<p style=\"text-align: center;\"><strong>Encuentros Internacionales de Rebeld\u00edas y Resistencias<\/strong><br \/>\n<strong>2024-2025.<\/strong><\/p>\n<p style=\"text-align: center;\"><strong>FECHAS Y SEDES DE LA PRIMERA SESI\u00d3N<\/strong><br \/>\n<strong>DICIEMBRE 2024 a ENERO 2025<\/strong><\/p>\n<p>A todas las personas, grupos, colectivos, organizaciones, movimientos y pueblos originarios que han suscrito la llamada Declaraci\u00f3n por la Vida:<\/p>\n<p>A continuaci\u00f3n, les decimos las fechas y las sedes para la primera sesi\u00f3n de los encuentros de Rebeld\u00eda y Resistencias.<\/p>\n<p>Diciembre 26-27.- llegada y registro. Registro en l\u00ednea en el correo:<\/p>\n<p>encuentrodiciembre2024enero2025@ezln.org.mx<\/p>\n<p>Tambi\u00e9n podr\u00e1 registrarse en forma presencial.<\/p>\n<p>Ojo: No se permitir\u00e1 la entrada a funcionarios municipales, estatales y federales de cualquier nivel.<\/p>\n<p>Diciembre 28 y 29.- Conferencias en el local de CIDECI-UNITIERRA, San Crist\u00f3bal de las Casas, Chiapas, M\u00e9xico.<\/p>\n<p>Del 30 de diciembre del 2024 al 2 de enero del 2025.- Festival Cultural en el caracol de Oventik.<\/p>\n<p>Las sedes las hemos elegido pensando en qu\u00e9 lugares tendr\u00edan m\u00e1s seguridad para su traslado y estancia.<\/p>\n<p>En estos d\u00edas les diremos del Temario y el programa de participaciones.<\/p>\n<p>Es todo.<\/p>\n<p>Desde las monta\u00f1as del Sureste Mexicano.<\/p>\n<p>Subcomandante Insurgente Mois\u00e9s.<br \/>\nM\u00e9xico, noviembre del 2024.<\/p>\n<p><a href=\"https:\/\/enlacezapatista.ezln.org.mx\/2024\/11\/30\/encuentros-internacionales-de-rebeldias-y-resistencias-2024-2025-fechas-y-sedes-de-la-primera-sesion-diciembre-2024-a-enero-2025\/\">https:\/\/enlacezapatista.ezln.org.mx\/2024\/11\/30\/encuentros-internacionales-de-rebeldias-y-resistencias-2024-2025-fechas-y-sedes-de-la-primera-sesion-diciembre-2024-a-enero-2025\/<\/a><\/p>\n","protected":false},"excerpt":{"rendered":"<p>Encuentros Internacionales de Rebeld\u00edas y Resistencias 2024-2025. FECHAS Y SEDES DE LA PRIMERA SESI\u00d3N DICIEMBRE 2024 a ENERO 2025 A todas las personas, grupos, colectivos, organizaciones, movimientos y pueblos originarios &hellip; <a href=\"http:\/\/www.grieta.org.mx\/index.php\/2024\/12\/01\/encuentros-internacionales-de-rebeldias-y-resistencias-2024-2025-fechas-y-sedes-de-la-primera-sesion-diciembre-2024-a-enero-2025\/\" class=\"more-link\">Leer m\u00e1s<\/a><\/p>\n","protected":false},"author":2,"featured_media":70585,"comment_status":"closed","ping_status":"closed","sticky":false,"template":"","format":"standard","meta":{"ngg_post_thumbnail":0,"_jetpack_newsletter_access":"","_jetpack_dont_email_post_to_subs":false,"_jetpack_newsletter_tier_id":0,"_jetpack_memberships_contains_paywalled_content":false,"_jetpack_memberships_contains_paid_content":false,"footnotes":""},"categories":[80,74,4226,908,907,2,78,83],"tags":[2839,466],"class_list":["post-70584","post","type-post","status-publish","format-standard","has-post-thumbnail","hentry","category-cintillo","category-ezln","category-encuentros-internacionales-de-rebeldias-y-resistencias","category-eventos","category-ezln-2","category-noticias-nacionales","category-palabras-del-ezln","category-temas-nacionales","tag-comunicados-ezln","tag-ezln","entry"],"jetpack_featured_media_url":"http:\/\/www.grieta.org.mx\/wp-content\/uploads\/2024\/12\/encuentro.jpg","jetpack_sharing_enabled":true,"jetpack_shortlink":"https:\/\/wp.me\/p7ZJR4-ims","jetpack_likes_enabled":false,"jetpack-related-posts":[{"id":70841,"url":"http:\/\/www.grieta.org.mx\/index.php\/2025\/01\/13\/ecos-de-la-primera-sesion-de-los-encuentros-de-resistencia-y-rebeldia-diciembre-2024-y-1-2-de-enero-2025-fragmentos-del-programa-cultural-del-encuentro-de-resistencia-y-rebeldia\/","url_meta":{"origin":70584,"position":0},"title":"Ecos de la Primera Sesi\u00f3n de los Encuentros de Resistencia y Rebeld\u00eda. Diciembre 2024 y 1-2 de enero 2025.  Fragmentos del Programa Cultural del Encuentro de Resistencia y Rebeld\u00eda","author":"grieta","date":"13 enero, 2025","format":false,"excerpt":"Ecos de la Primera Sesi\u00f3n de los Encuentros de Resistencia y Rebeld\u00eda. Diciembre 2024 y 1-2 de enero 2025. Fragmentos del Programa Cultural del Encuentro de Resistencia y Rebeld\u00eda \u00a0 \u00a0 \u00a0 \u00a0 \u00a0 \u00a0 \u00a0 \u00a0 \u00a0 \u00a0 \u00a0 \u00a0 \u00a0 \u00a0 \u00a0 \u00a0 \u00a0 \u00a0 \u00a0 \u00a0 \u00a0\u2026","rel":"","context":"En &quot;CINTILLO&quot;","block_context":{"text":"CINTILLO","link":"http:\/\/www.grieta.org.mx\/index.php\/category\/cintillo\/"},"img":{"alt_text":"","src":"https:\/\/i0.wp.com\/www.grieta.org.mx\/wp-content\/uploads\/2025\/01\/Captura-de-pantalla-2025-01-13-180726.png?resize=350%2C200","width":350,"height":200,"srcset":"https:\/\/i0.wp.com\/www.grieta.org.mx\/wp-content\/uploads\/2025\/01\/Captura-de-pantalla-2025-01-13-180726.png?resize=350%2C200 1x, https:\/\/i0.wp.com\/www.grieta.org.mx\/wp-content\/uploads\/2025\/01\/Captura-de-pantalla-2025-01-13-180726.png?resize=525%2C300 1.5x, https:\/\/i0.wp.com\/www.grieta.org.mx\/wp-content\/uploads\/2025\/01\/Captura-de-pantalla-2025-01-13-180726.png?resize=700%2C400 2x"},"classes":[]},{"id":70633,"url":"http:\/\/www.grieta.org.mx\/index.php\/2024\/12\/03\/programa-de-la-primera-sesion-de-los-encuentros-internacionales-de-resistencias-y-rebeldias-mesas-y-ponentes\/","url_meta":{"origin":70584,"position":1},"title":"PROGRAMA DE LA PRIMERA SESI\u00d3N DE LOS ENCUENTROS INTERNACIONALES DE RESISTENCIAS Y REBELD\u00cdAS.  Mesas y Ponentes.","author":"grieta","date":"3 diciembre, 2024","format":false,"excerpt":"PROGRAMA DE LA PRIMERA SESI\u00d3N DE LOS ENCUENTROS INTERNACIONALES DE RESISTENCIAS Y REBELD\u00cdAS. Mesas y Ponentes. Aqu\u00ed les ponemos el programa de participaciones: S\u00e1bado 28 de diciembre del 2024. Sede Cideci-Unitierra. SCLC, Chiapas, M\u00e9xico. Mesa I: La tormenta: el crimen, el verdugo y las v\u00edctimas. Participan: Jorge Alonso, John Holloway,\u2026","rel":"","context":"En &quot;CINTILLO&quot;","block_context":{"text":"CINTILLO","link":"http:\/\/www.grieta.org.mx\/index.php\/category\/cintillo\/"},"img":{"alt_text":"","src":"https:\/\/i0.wp.com\/www.grieta.org.mx\/wp-content\/uploads\/2024\/12\/Screenshot-2024-12-03-at-17-09-14-Enlace-Zapatista.png?resize=350%2C200","width":350,"height":200,"srcset":"https:\/\/i0.wp.com\/www.grieta.org.mx\/wp-content\/uploads\/2024\/12\/Screenshot-2024-12-03-at-17-09-14-Enlace-Zapatista.png?resize=350%2C200 1x, https:\/\/i0.wp.com\/www.grieta.org.mx\/wp-content\/uploads\/2024\/12\/Screenshot-2024-12-03-at-17-09-14-Enlace-Zapatista.png?resize=525%2C300 1.5x, https:\/\/i0.wp.com\/www.grieta.org.mx\/wp-content\/uploads\/2024\/12\/Screenshot-2024-12-03-at-17-09-14-Enlace-Zapatista.png?resize=700%2C400 2x, https:\/\/i0.wp.com\/www.grieta.org.mx\/wp-content\/uploads\/2024\/12\/Screenshot-2024-12-03-at-17-09-14-Enlace-Zapatista.png?resize=1050%2C600 3x"},"classes":[]},{"id":70849,"url":"http:\/\/www.grieta.org.mx\/index.php\/2025\/01\/14\/ecos-de-la-primera-sesion-de-los-encuentros-de-resistencia-y-rebeldia-diciembre-2024-y-1-2-de-enero-2025\/","url_meta":{"origin":70584,"position":2},"title":"Ecos de la Primera Sesi\u00f3n de los Encuentros de Resistencia y Rebeld\u00eda. Diciembre 2024 y 1-2 de enero 2025.","author":"grieta","date":"14 enero, 2025","format":false,"excerpt":"Ecos de la Primera Sesi\u00f3n de los Encuentros de Resistencia y Rebeld\u00eda. Diciembre 2024 y 1-2 de enero 2025. 31 A\u00d1OS \u00a0 \u2026\u2026\u2026\u2026\u2026\u2026\u2026\u2026\u2026\u2026\u2026\u2026\u2026\u2026\u2026\u2026\u2026\u2026\u2026.. Palabras del Subcomandante Insurgente Mois\u00e9s DESCARGAR AUDIO https:\/\/enlacezapatista.ezln.org.mx\/2025\/01\/14\/31-anos\/","rel":"","context":"En &quot;CINTILLO&quot;","block_context":{"text":"CINTILLO","link":"http:\/\/www.grieta.org.mx\/index.php\/category\/cintillo\/"},"img":{"alt_text":"","src":"https:\/\/i0.wp.com\/www.grieta.org.mx\/wp-content\/uploads\/2025\/01\/Screenshot-2025-01-14-at-13-57-02-Enlace-Zapatista.png?resize=350%2C200","width":350,"height":200,"srcset":"https:\/\/i0.wp.com\/www.grieta.org.mx\/wp-content\/uploads\/2025\/01\/Screenshot-2025-01-14-at-13-57-02-Enlace-Zapatista.png?resize=350%2C200 1x, https:\/\/i0.wp.com\/www.grieta.org.mx\/wp-content\/uploads\/2025\/01\/Screenshot-2025-01-14-at-13-57-02-Enlace-Zapatista.png?resize=525%2C300 1.5x, https:\/\/i0.wp.com\/www.grieta.org.mx\/wp-content\/uploads\/2025\/01\/Screenshot-2025-01-14-at-13-57-02-Enlace-Zapatista.png?resize=700%2C400 2x, https:\/\/i0.wp.com\/www.grieta.org.mx\/wp-content\/uploads\/2025\/01\/Screenshot-2025-01-14-at-13-57-02-Enlace-Zapatista.png?resize=1050%2C600 3x"},"classes":[]},{"id":70741,"url":"http:\/\/www.grieta.org.mx\/index.php\/2024\/12\/27\/transmision-en-vivo-de-las-mesas-de-la-primera-sesion-de-los-encuentros-de-resistencia-y-rebeldia\/","url_meta":{"origin":70584,"position":3},"title":"Transmisi\u00f3n en vivo de las mesas de la Primera Sesi\u00f3n de los Encuentros de Resistencia y Rebeld\u00eda","author":"grieta","date":"27 diciembre, 2024","format":false,"excerpt":"S\u00e1bado 28 de diciembre del 2024 12:00 horas Mesa I: La tormenta: el crimen, el verdugo y las v\u00edctimas. Jorge Alonso John Holloway Carlos Aguirre Rojas Iv\u00e1n Prado https:\/\/enlacezapatista.ezln.org.mx\/2024\/12\/27\/transmision-en-vivo-de-las-mesas-de-la-primera-sesion-de-los-encuentros-de-resistencia-y-rebeldia\/","rel":"","context":"En &quot;CINTILLO&quot;","block_context":{"text":"CINTILLO","link":"http:\/\/www.grieta.org.mx\/index.php\/category\/cintillo\/"},"img":{"alt_text":"","src":"https:\/\/i0.wp.com\/www.grieta.org.mx\/wp-content\/uploads\/2024\/12\/Screenshot-2024-12-27-at-22-58-54-Enlace-Zapatista.png?resize=350%2C200","width":350,"height":200,"srcset":"https:\/\/i0.wp.com\/www.grieta.org.mx\/wp-content\/uploads\/2024\/12\/Screenshot-2024-12-27-at-22-58-54-Enlace-Zapatista.png?resize=350%2C200 1x, https:\/\/i0.wp.com\/www.grieta.org.mx\/wp-content\/uploads\/2024\/12\/Screenshot-2024-12-27-at-22-58-54-Enlace-Zapatista.png?resize=525%2C300 1.5x, https:\/\/i0.wp.com\/www.grieta.org.mx\/wp-content\/uploads\/2024\/12\/Screenshot-2024-12-27-at-22-58-54-Enlace-Zapatista.png?resize=700%2C400 2x, https:\/\/i0.wp.com\/www.grieta.org.mx\/wp-content\/uploads\/2024\/12\/Screenshot-2024-12-27-at-22-58-54-Enlace-Zapatista.png?resize=1050%2C600 3x"},"classes":[]},{"id":70076,"url":"http:\/\/www.grieta.org.mx\/index.php\/2024\/10\/10\/convocatoria-a-los-encuentros-internacionales-de-rebeldias-y-resistencias-2024-2025-tema-la-tormenta-y-el-dia-despues\/","url_meta":{"origin":70584,"position":4},"title":"Convocatoria a los Encuentros Internacionales de Rebeld\u00edas y Resistencias 2024-2025. Tema: La Tormenta y el D\u00eda Despu\u00e9s","author":"grieta","date":"10 octubre, 2024","format":false,"excerpt":"CONVOCATORIA. Octubre del 2024. Las Asambleas de Colectivos de Gobiernos Aut\u00f3nomos Zapatistas (ACEGAZ), las comunidades zapatistas y el EZLN convocan a todas las personas, grupos, colectivos, organizaciones, movimientos y pueblos originarios que han suscrito la llamada Declaraci\u00f3n por la Vida, a los\u2026 Encuentros Internacionales de Rebeld\u00edas y Resistencias 2024-2025. Tema:\u2026","rel":"","context":"En &quot;CINTILLO&quot;","block_context":{"text":"CINTILLO","link":"http:\/\/www.grieta.org.mx\/index.php\/category\/cintillo\/"},"img":{"alt_text":"","src":"https:\/\/i0.wp.com\/www.grieta.org.mx\/wp-content\/uploads\/2024\/10\/Screenshot-2024-10-10-at-19-35-44-Enlace-Zapatista.jpg?resize=350%2C200","width":350,"height":200,"srcset":"https:\/\/i0.wp.com\/www.grieta.org.mx\/wp-content\/uploads\/2024\/10\/Screenshot-2024-10-10-at-19-35-44-Enlace-Zapatista.jpg?resize=350%2C200 1x, https:\/\/i0.wp.com\/www.grieta.org.mx\/wp-content\/uploads\/2024\/10\/Screenshot-2024-10-10-at-19-35-44-Enlace-Zapatista.jpg?resize=525%2C300 1.5x, https:\/\/i0.wp.com\/www.grieta.org.mx\/wp-content\/uploads\/2024\/10\/Screenshot-2024-10-10-at-19-35-44-Enlace-Zapatista.jpg?resize=700%2C400 2x, https:\/\/i0.wp.com\/www.grieta.org.mx\/wp-content\/uploads\/2024\/10\/Screenshot-2024-10-10-at-19-35-44-Enlace-Zapatista.jpg?resize=1050%2C600 3x"},"classes":[]},{"id":70837,"url":"http:\/\/www.grieta.org.mx\/index.php\/2025\/01\/10\/ecos-de-la-primera-sesion-de-los-encuentros-de-resistencia-y-rebeldia-diciembre-2024-y-1-2-de-enero-2025-la-tormenta-y-el-dia-despues-teatro-zapatista\/","url_meta":{"origin":70584,"position":5},"title":"Ecos de la Primera Sesi\u00f3n de los Encuentros de Resistencia y Rebeld\u00eda. Diciembre 2024 y 1-2 de enero 2025.  La Tormenta y el D\u00eda Despu\u00e9s. Teatro Zapatista","author":"grieta","date":"10 enero, 2025","format":false,"excerpt":"Ecos de la Primera Sesi\u00f3n de los Encuentros de Resistencia y Rebeld\u00eda. Diciembre 2024 y 1-2 de enero 2025. La Tormenta y el D\u00eda Despu\u00e9s. Teatro Zapatista MARTES 31 DE DICIEMBRE DE 2024 EL CAPITALISMO: CRUEL, INHUMANO Y CRIMINAL OBRAS DE TEATRO Escena 1\u00a0 DESCARGAR VIDEO \u00a0 Escena 2\u00a0 DESCARGAR\u2026","rel":"","context":"En &quot;CINTILLO&quot;","block_context":{"text":"CINTILLO","link":"http:\/\/www.grieta.org.mx\/index.php\/category\/cintillo\/"},"img":{"alt_text":"","src":"https:\/\/i0.wp.com\/www.grieta.org.mx\/wp-content\/uploads\/2025\/01\/cintillo_teatro.jpg?resize=350%2C200","width":350,"height":200,"srcset":"https:\/\/i0.wp.com\/www.grieta.org.mx\/wp-content\/uploads\/2025\/01\/cintillo_teatro.jpg?resize=350%2C200 1x, https:\/\/i0.wp.com\/www.grieta.org.mx\/wp-content\/uploads\/2025\/01\/cintillo_teatro.jpg?resize=525%2C300 1.5x, https:\/\/i0.wp.com\/www.grieta.org.mx\/wp-content\/uploads\/2025\/01\/cintillo_teatro.jpg?resize=700%2C400 2x"},"classes":[]}],"_links":{"self":[{"href":"http:\/\/www.grieta.org.mx\/index.php\/wp-json\/wp\/v2\/posts\/70584","targetHints":{"allow":["GET"]}}],"collection":[{"href":"http:\/\/www.grieta.org.mx\/index.php\/wp-json\/wp\/v2\/posts"}],"about":[{"href":"http:\/\/www.grieta.org.mx\/index.php\/wp-json\/wp\/v2\/types\/post"}],"author":[{"embeddable":true,"href":"http:\/\/www.grieta.org.mx\/index.php\/wp-json\/wp\/v2\/users\/2"}],"replies":[{"embeddable":true,"href":"http:\/\/www.grieta.org.mx\/index.php\/wp-json\/wp\/v2\/comments?post=70584"}],"version-history":[{"count":1,"href":"http:\/\/www.grieta.org.mx\/index.php\/wp-json\/wp\/v2\/posts\/70584\/revisions"}],"predecessor-version":[{"id":70586,"href":"http:\/\/www.grieta.org.mx\/index.php\/wp-json\/wp\/v2\/posts\/70584\/revisions\/70586"}],"wp:featuredmedia":[{"embeddable":true,"href":"http:\/\/www.grieta.org.mx\/index.php\/wp-json\/wp\/v2\/media\/70585"}],"wp:attachment":[{"href":"http:\/\/www.grieta.org.mx\/index.php\/wp-json\/wp\/v2\/media?parent=70584"}],"wp:term":[{"taxonomy":"category","embeddable":true,"href":"http:\/\/www.grieta.org.mx\/index.php\/wp-json\/wp\/v2\/categories?post=70584"},{"taxonomy":"post_tag","embeddable":true,"href":"http:\/\/www.grieta.org.mx\/index.php\/wp-json\/wp\/v2\/tags?post=70584"}],"curies":[{"name":"wp","href":"https:\/\/api.w.org\/{rel}","templated":true}]}}