{"id":70505,"date":"2024-11-19T15:33:08","date_gmt":"2024-11-19T21:33:08","guid":{"rendered":"https:\/\/www.grieta.org.mx\/?p=70505"},"modified":"2024-11-22T15:50:16","modified_gmt":"2024-11-22T21:50:16","slug":"jubilados-del-issemym-exigen-el-pago-de-sus-pensiones-estado-de-mexico","status":"publish","type":"post","link":"http:\/\/www.grieta.org.mx\/index.php\/2024\/11\/19\/jubilados-del-issemym-exigen-el-pago-de-sus-pensiones-estado-de-mexico\/","title":{"rendered":"Jubilados del ISSEMyM exigen el pago de sus pensiones (Estado de M\u00e9xico)"},"content":{"rendered":"<div class=\"content-body clearfix \" style=\"box-sizing: border-box; padding-right: 70px; color: #333333; font-family: 'Open Sans', 'sans-serif'; font-size: 16px; font-style: normal; font-variant-ligatures: normal; font-variant-caps: normal; font-weight: 400; letter-spacing: normal; orphans: 2; text-align: start; text-indent: 0px; text-transform: none; widows: 2; word-spacing: 0px; -webkit-text-stroke-width: 0px; white-space: normal; background-color: #ffffff; text-decoration-thickness: initial; text-decoration-style: initial; text-decoration-color: initial;\">\n<div id=\"content-body-225-12894407\" style=\"box-sizing: border-box;\"><\/div>\n<\/div>\n<div class=\"affix-start \" style=\"box-sizing: border-box; color: #333333; font-family: 'Open Sans', 'sans-serif'; font-size: 16px; font-style: normal; font-variant-ligatures: normal; font-variant-caps: normal; font-weight: 400; letter-spacing: normal; orphans: 2; text-align: start; text-indent: 0px; text-transform: none; widows: 2; word-spacing: 0px; -webkit-text-stroke-width: 0px; white-space: normal; background-color: #ffffff; text-decoration-thickness: initial; text-decoration-style: initial; text-decoration-color: initial;\">\n<p>Ximena Garc\u00eda \/ El Sol de Toluca<\/p>\n<p>Fotos: Rams\u00e9s Mercado<\/p>\n<\/div>\n<p>&nbsp;<\/p>\n<p>Acusan que son 7 mil los que viven de pr\u00e9stamos y apoyos mientras esperan<\/p>\n<p>Pensionados y pensionistas del ISSEMyM bloquearon avenida Lerdo para exigir el pago de sus pensiones, pues lamentan que viven de pr\u00e9stamos y caridad pese a que entregaron m\u00e1s de tres d\u00e9cadas de sus vidas al servicio p\u00fablico.<\/p>\n<p>Los manifestantes, muchos de ellos adultos mayores que entregaron m\u00e1s de 30 a\u00f1os al servicio p\u00fablico, recriminaron que se han tenido mesas de di\u00e1logo, incluso hace un mes llegaron a acuerdos para el avance en el otorgamiento de pensiones, pero no se han cumplido por parte del gobierno estatal.<\/p>\n<p>Entre los asistentes, Micaela, ex maestra con 34 a\u00f1os de servicio, relat\u00f3 que lleva m\u00e1s de tres a\u00f1os esperando recibir su pensi\u00f3n.<\/p>\n<p>\u201cHe tenido que pedir dinero prestado para subsistir; trabaj\u00e9 toda mi vida y ahora vivo con la incertidumbre de no saber cu\u00e1ndo me pagar\u00e1n. Adem\u00e1s no solo te esperas para que te paguen, el calvario empieza desde que esperas el dictamen y te dicen que te vas con 75% de tu sueldo cuando nosotros entramos con la ley del 94 por lo que tendr\u00eda que ser 100%&#8221;, lament\u00f3.<\/p>\n<div class=\"ece_incoming media \">\n<div class=\"teaser \">\n<div class=\"img-container picture\">\n<p><img decoding=\"async\" class=\"media-object adaptive lazy\" title=\"pensionados ISSEMyM 1 2.jpg\" src=\"https:\/\/www.elsoldetoluca.com.mx\/incoming\/c0zr2d-pensionados-issemym-1-2.jpg\/alternates\/FREE_720\/pensionados%20ISSEMyM%201%202.jpg\" alt=\"\" data-variant=\"FREE\" data-src-template=\"https:\/\/www.elsoldetoluca.com.mx\/incoming\/c0zr2d-pensionados-issemym-1-2.jpg\/BINARY\/thumbnail\/pensionados%20ISSEMyM%201%202.jpg\" data-proxy-image=\"\" data-proxy-width=\"\" data-original=\"https:\/\/www.elsoldetoluca.com.mx\/incoming\/c0zr2d-pensionados-issemym-1-2.jpg\/alternates\/FREE_720\/pensionados%20ISSEMyM%201%202.jpg\" data-selected-width=\"720\" \/><\/p>\n<div class=\"picture-caption \">\n<h4><span class=\"pic-credits\">Rams\u00e9s Mercado \/ El Sol de Toluca<\/span><\/h4>\n<\/div>\n<\/div>\n<\/div>\n<\/div>\n<p>Otra manifestante, una enfermera que prefiri\u00f3 no dar su nombre, se\u00f1al\u00f3 que lleva cuatro a\u00f1os esperando su pensi\u00f3n.<\/p>\n<p>\u201cEs indignante. Cumplimos con nuestras cuotas y con nuestra labor, pero el gobierno no cumple con nosotros\u201d, reproch\u00f3.<\/p>\n<p>Adem\u00e1s del retraso en el pago de pensiones, los jubilados denunciaron irregularidades en los descuentos aplicados a sus cheques.<\/p>\n<p>Seg\u00fan los manifestantes, se les descuenta 6.1% en concepto de salud, cuando la norma establece que deber\u00eda ser de 4.2%. Este incremento no autorizado ha generado inconformidad entre los pensionados, quienes lo calificaron como un abuso y una violaci\u00f3n a sus derechos.<\/p>\n<div class=\"teads-inread\">\n<div data-integralas-id-81bf55ee-c8f0-cd0a-5ae1-3c1aaf508a2f=\"\">\n<div id=\"teads1\" class=\"teads-player\">\n<div class=\"ece_incoming media \">\n<div class=\"teaser \">\n<div class=\"img-container picture\">\n<div id=\"standard_6\" class=\"st-placement standard_6 inImageRestricted\">\n<div class=\"st-adunit st-adunit-tagged st-reset st-show\"><\/div>\n<\/div>\n<p><img decoding=\"async\" class=\"media-object adaptive lazy\" title=\"pensionados ISSEMyM 1 3.jpg\" src=\"https:\/\/www.elsoldetoluca.com.mx\/incoming\/otnj92-pensionados-issemym-1-3.jpg\/alternates\/FREE_720\/pensionados%20ISSEMyM%201%203.jpg\" alt=\"\" data-variant=\"FREE\" data-src-template=\"https:\/\/www.elsoldetoluca.com.mx\/incoming\/otnj92-pensionados-issemym-1-3.jpg\/BINARY\/thumbnail\/pensionados%20ISSEMyM%201%203.jpg\" data-proxy-image=\"\" data-proxy-width=\"\" data-original=\"https:\/\/www.elsoldetoluca.com.mx\/incoming\/otnj92-pensionados-issemym-1-3.jpg\/alternates\/FREE_720\/pensionados%20ISSEMyM%201%203.jpg\" data-selected-width=\"720\" \/><\/p>\n<div class=\"picture-caption \">\n<h4><span class=\"pic-credits\">Rams\u00e9s Mercado \/ El Sol de Toluca<\/span><\/h4>\n<\/div>\n<\/div>\n<\/div>\n<\/div>\n<p>Ricardo Mac\u00edas, otro de los afectados, exigi\u00f3 a las autoridades que reconozcan el esfuerzo de los jubilados, quienes durante a\u00f1os contribuyeron al sistema de seguridad social a trav\u00e9s de sus cuotas.<\/p>\n<\/div>\n<\/div>\n<\/div>\n<div class=\"ece_incoming media \">\n<div class=\"teaser \">\n<div class=\"img-container picture\">\n<div id=\"standard_6\" class=\"st-placement standard_6 inImageRestricted\">\n<div class=\"st-adunit st-adunit-tagged st-reset st-show\">\n<p>El bloqueo en avenida Lerdo no es el primero protagonizado por los pensionados del ISSEMyM. Durante los \u00faltimos tres a\u00f1os, han realizado diversas manifestaciones para exigir sus derechos, pero aseguran que las respuestas de las autoridades han sido insuficientes.<\/p>\n<div class=\"ece_incoming media \">\n<div class=\"teaser \">\n<div class=\"img-container picture\">\n<p>Entre las principales demandas de los jubilados se encuentra el pago inmediato de las pensiones atrasadas, el cese de los descuentos indebidos en sus cheques y la implementaci\u00f3n de mecanismos que garanticen el cumplimiento de las obligaciones del ISSEMyM.<\/p>\n<div class=\"ece_incoming media \">\n<div class=\"teaser \">\n<div class=\"img-container picture\">\n<p><img decoding=\"async\" class=\"media-object adaptive lazy\" title=\"pensionados ISSEMyM 1 4.jpg\" src=\"https:\/\/www.elsoldetoluca.com.mx\/incoming\/hpek2o-pensionados-issemym-1-4.jpg\/alternates\/FREE_720\/pensionados%20ISSEMyM%201%204.jpg\" alt=\"\" data-variant=\"FREE\" data-src-template=\"https:\/\/www.elsoldetoluca.com.mx\/incoming\/hpek2o-pensionados-issemym-1-4.jpg\/BINARY\/thumbnail\/pensionados%20ISSEMyM%201%204.jpg\" data-proxy-image=\"\" data-proxy-width=\"\" data-original=\"https:\/\/www.elsoldetoluca.com.mx\/incoming\/hpek2o-pensionados-issemym-1-4.jpg\/alternates\/FREE_720\/pensionados%20ISSEMyM%201%204.jpg\" data-selected-width=\"720\" \/><\/p>\n<div class=\"picture-caption \">\n<h4><span class=\"pic-credits\">Rams\u00e9s Mercado \/ El Sol de Toluca<\/span><\/h4>\n<\/div>\n<\/div>\n<\/div>\n<\/div>\n<p>\u201cNo pedimos limosnas, exigimos lo que por derecho nos corresponde. No es posible que despu\u00e9s de tantos a\u00f1os de trabajo tengamos que vivir de pr\u00e9stamos y depender de la caridad de otros\u201d, expres\u00f3 otra de las manifestantes.<\/p>\n<p>Los jubilados, pensionados y pensionistas hicieron un llamado al gobierno estatal para que intervenga en la soluci\u00f3n de esta problem\u00e1tica.<\/p>\n<p>Con pancartas y consignas, los jubilados advirtieron que continuar\u00e1n con sus protestas si no reciben una respuesta pronta y efectiva. Mientras tanto, la incertidumbre y las carencias siguen siendo parte de la vida diaria para miles de pensionados del ISSEMyM.<\/p>\n<p><a href=\"https:\/\/www.elsoldetoluca.com.mx\/local\/jubilados-del-issemym-exigen-el-pago-de-sus-pensiones-12894407.html#:~:text=Entre%20las%20principales%20demandas%20de,de%20las%20obligaciones%20del%20ISSEMyM.\" target=\"_blank\" rel=\"noopener\">https:\/\/www.elsoldetoluca.com.mx\/local\/jubilados-del-issemym-exigen-el-pago-de-sus-pensiones-12894407.html#:~:text=Entre%20las%20principales%20demandas%20de,de%20las%20obligaciones%20del%20ISSEMyM.<\/a><\/p>\n<\/div>\n<\/div>\n<\/div>\n<\/div>\n<\/div>\n<\/div>\n<\/div>\n<\/div>\n","protected":false},"excerpt":{"rendered":"<p>Ximena Garc\u00eda \/ El Sol de Toluca Fotos: Rams\u00e9s Mercado &nbsp; Acusan que son 7 mil los que viven de pr\u00e9stamos y apoyos mientras esperan Pensionados y pensionistas del ISSEMyM &hellip; <a href=\"http:\/\/www.grieta.org.mx\/index.php\/2024\/11\/19\/jubilados-del-issemym-exigen-el-pago-de-sus-pensiones-estado-de-mexico\/\" class=\"more-link\">Leer m\u00e1s<\/a><\/p>\n","protected":false},"author":2,"featured_media":70506,"comment_status":"closed","ping_status":"closed","sticky":false,"template":"","format":"standard","meta":{"ngg_post_thumbnail":0,"_jetpack_newsletter_access":"","_jetpack_dont_email_post_to_subs":false,"_jetpack_newsletter_tier_id":0,"_jetpack_memberships_contains_paywalled_content":false,"_jetpack_memberships_contains_paid_content":false,"footnotes":""},"categories":[80,16,910,2768,3035,2,83],"tags":[2841,3792],"class_list":["post-70505","post","type-post","status-publish","format-standard","has-post-thumbnail","hentry","category-cintillo","category-estado-de-mexico","category-explotacion-y-precariedad-laboral","category-explotacion-y-precariedad-laboral-en-el-estado-de-mexico","category-movilizaciones-y-protestas-de-habitantes-en-el-estado-de-mexico","category-noticias-nacionales","category-temas-nacionales","tag-explotacion-y-precariedad-laboral","tag-protestas-de-jubilados-y-pensionados","entry"],"jetpack_featured_media_url":"http:\/\/www.grieta.org.mx\/wp-content\/uploads\/2024\/11\/pensionados-ISSEMyM-1-3.jpg","jetpack_sharing_enabled":true,"jetpack_shortlink":"https:\/\/wp.me\/p7ZJR4-ilb","jetpack_likes_enabled":false,"jetpack-related-posts":[{"id":48072,"url":"http:\/\/www.grieta.org.mx\/index.php\/2020\/04\/22\/bloquean-comerciantes-avenida-central-en-nezahualcoyotl-estado-de-mexico\/","url_meta":{"origin":70505,"position":0},"title":"Bloquean comerciantes avenida Central en Nezahualc\u00f3yotl  (Estado de M\u00e9xico)","author":"grieta","date":"22 abril, 2020","format":false,"excerpt":"Imagen tomada de: edomex.quadratin.com.mx Iv\u00e1n Ju\u00e1rez \/ Quadratin NEZAHUALC\u00d3YOTL, Edomex.-22 abril 2020.-Para protestar por el retiro de los puestos que est\u00e1n considerados como no esenciales, comerciantes de la colonia La Impulsora mantienen bloqueada la avenida Central, piden apoyos y que los dejen trabajar. Los manifestantes llegaron al cruce de la\u2026","rel":"","context":"En &quot;CINTILLO&quot;","block_context":{"text":"CINTILLO","link":"http:\/\/www.grieta.org.mx\/index.php\/category\/cintillo\/"},"img":{"alt_text":"","src":"https:\/\/i0.wp.com\/www.grieta.org.mx\/wp-content\/uploads\/2020\/04\/Bloquean-comerciantes-avenida-Central-en-Nezahualc%C3%B3yotl-edomex-abr.jpeg?resize=350%2C200","width":350,"height":200,"srcset":"https:\/\/i0.wp.com\/www.grieta.org.mx\/wp-content\/uploads\/2020\/04\/Bloquean-comerciantes-avenida-Central-en-Nezahualc%C3%B3yotl-edomex-abr.jpeg?resize=350%2C200 1x, https:\/\/i0.wp.com\/www.grieta.org.mx\/wp-content\/uploads\/2020\/04\/Bloquean-comerciantes-avenida-Central-en-Nezahualc%C3%B3yotl-edomex-abr.jpeg?resize=525%2C300 1.5x, https:\/\/i0.wp.com\/www.grieta.org.mx\/wp-content\/uploads\/2020\/04\/Bloquean-comerciantes-avenida-Central-en-Nezahualc%C3%B3yotl-edomex-abr.jpeg?resize=700%2C400 2x, https:\/\/i0.wp.com\/www.grieta.org.mx\/wp-content\/uploads\/2020\/04\/Bloquean-comerciantes-avenida-Central-en-Nezahualc%C3%B3yotl-edomex-abr.jpeg?resize=1050%2C600 3x"},"classes":[]},{"id":58008,"url":"http:\/\/www.grieta.org.mx\/index.php\/2021\/03\/21\/diversificaran-jubilados-lucha-para-lograr-pago-de-pensiones-en-salarios-minimos-colima\/","url_meta":{"origin":70505,"position":1},"title":"Diversificar\u00e1n jubilados lucha para lograr pago de pensiones en salarios m\u00ednimos (Colima)","author":"grieta","date":"21 marzo, 2021","format":false,"excerpt":"Foto: El Comentario Carlos A. Arevalos \/ El Comentario Las diversas\u00a0organizaciones de pensionados y jubilados\u00a0empiezan a agruparse para hacer \u201cfuerza com\u00fan\u201d en contra de la resoluci\u00f3n de la\u00a0Suprema Corte de Justicia de la Naci\u00f3n\u00a0para que el pago de sus\u00a0pensiones\u00a0sea en\u00a0Unidades de Medida y Actualizaci\u00f3n\u00a0(UMA\u2019s) en lugar del\u00a0salario m\u00ednimo general. En\u2026","rel":"","context":"En &quot;CINTILLO&quot;","block_context":{"text":"CINTILLO","link":"http:\/\/www.grieta.org.mx\/index.php\/category\/cintillo\/"},"img":{"alt_text":"","src":"https:\/\/i0.wp.com\/www.grieta.org.mx\/wp-content\/uploads\/2021\/03\/f5088d5dde577f88e4bdaa66cf87c364.jpg?resize=350%2C200","width":350,"height":200,"srcset":"https:\/\/i0.wp.com\/www.grieta.org.mx\/wp-content\/uploads\/2021\/03\/f5088d5dde577f88e4bdaa66cf87c364.jpg?resize=350%2C200 1x, https:\/\/i0.wp.com\/www.grieta.org.mx\/wp-content\/uploads\/2021\/03\/f5088d5dde577f88e4bdaa66cf87c364.jpg?resize=525%2C300 1.5x, https:\/\/i0.wp.com\/www.grieta.org.mx\/wp-content\/uploads\/2021\/03\/f5088d5dde577f88e4bdaa66cf87c364.jpg?resize=700%2C400 2x, https:\/\/i0.wp.com\/www.grieta.org.mx\/wp-content\/uploads\/2021\/03\/f5088d5dde577f88e4bdaa66cf87c364.jpg?resize=1050%2C600 3x"},"classes":[]},{"id":62406,"url":"http:\/\/www.grieta.org.mx\/index.php\/2021\/10\/15\/pensionados-y-jubilados-embargan-y-quieren-rematar-casa-de-gobierno-colima\/","url_meta":{"origin":70505,"position":2},"title":"Pensionados y jubilados embargan y quieren rematar Casa de Gobierno (Colima)","author":"grieta","date":"15 octubre, 2021","format":false,"excerpt":"Foto: El Comentario Carlos A. Ar\u00e9valo \/ El Comentario Un grupo de jubilados y pensionados de confianza del Gobierno del estado, de manera simb\u00f3lica embargaron la Casa de Gobierno, ubicada en la ciudad de Colima, para rematar el inmueble y con ese recurso se les pague sus quincenas atrasadas. La\u2026","rel":"","context":"En &quot;CINTILLO&quot;","block_context":{"text":"CINTILLO","link":"http:\/\/www.grieta.org.mx\/index.php\/category\/cintillo\/"},"img":{"alt_text":"","src":"https:\/\/i0.wp.com\/www.grieta.org.mx\/wp-content\/uploads\/2021\/10\/37057b1468d8a49389439a93ab2be3c1.jpeg?resize=350%2C200","width":350,"height":200,"srcset":"https:\/\/i0.wp.com\/www.grieta.org.mx\/wp-content\/uploads\/2021\/10\/37057b1468d8a49389439a93ab2be3c1.jpeg?resize=350%2C200 1x, https:\/\/i0.wp.com\/www.grieta.org.mx\/wp-content\/uploads\/2021\/10\/37057b1468d8a49389439a93ab2be3c1.jpeg?resize=525%2C300 1.5x, https:\/\/i0.wp.com\/www.grieta.org.mx\/wp-content\/uploads\/2021\/10\/37057b1468d8a49389439a93ab2be3c1.jpeg?resize=700%2C400 2x"},"classes":[]},{"id":57846,"url":"http:\/\/www.grieta.org.mx\/index.php\/2021\/03\/17\/se-manifiestan-maestros-jubilados-colima\/","url_meta":{"origin":70505,"position":3},"title":"Se manifiestan maestros jubilados (Colima)","author":"grieta","date":"17 marzo, 2021","format":false,"excerpt":"Foto: Especial Jes\u00fas Lozoya Baeza \/ El Noticiero Un numeroso grupo de maestros pensionados se manifestaron la tarde de ayer en el puerto de Manzanillo para pedirle al presidente de M\u00e9xico, Andr\u00e9s Manuel L\u00f3pez Obrador, que los salarios y pensiones de este sector se paguen en salarios m\u00ednimos y no\u2026","rel":"","context":"En &quot;CINTILLO&quot;","block_context":{"text":"CINTILLO","link":"http:\/\/www.grieta.org.mx\/index.php\/category\/cintillo\/"},"img":{"alt_text":"","src":"https:\/\/i0.wp.com\/www.grieta.org.mx\/wp-content\/uploads\/2021\/03\/Sin-titulo.png?resize=350%2C200","width":350,"height":200,"srcset":"https:\/\/i0.wp.com\/www.grieta.org.mx\/wp-content\/uploads\/2021\/03\/Sin-titulo.png?resize=350%2C200 1x, https:\/\/i0.wp.com\/www.grieta.org.mx\/wp-content\/uploads\/2021\/03\/Sin-titulo.png?resize=525%2C300 1.5x, https:\/\/i0.wp.com\/www.grieta.org.mx\/wp-content\/uploads\/2021\/03\/Sin-titulo.png?resize=700%2C400 2x"},"classes":[]},{"id":67735,"url":"http:\/\/www.grieta.org.mx\/index.php\/2023\/09\/14\/en-ciudad-del-carmen-jubilados-de-la-unacar-exigen-pagos-atrasados-campeche\/","url_meta":{"origin":70505,"position":4},"title":"En Ciudad del Carmen, jubilados de la Unacar exigen pagos atrasados (Campeche)","author":"grieta","date":"14 septiembre, 2023","format":false,"excerpt":"Un grupo de jubilados y pensionados de la Universidad Aut\u00f3noma del Carmen marcharon del Sindicato \u00danico de Trabajadores de la Unacar (Sutunacar) hasta rector\u00eda para exigir a las autoridades universitarias, encabezadas por Sandra Martha Laff\u00f3n Leal, como rectora, que cumpla con el pago de quincenas atrasadas, pues hay algunos a\u2026","rel":"","context":"En &quot;Campeche&quot;","block_context":{"text":"Campeche","link":"http:\/\/www.grieta.org.mx\/index.php\/category\/noticias-nacionales\/campeche\/"},"img":{"alt_text":"","src":"https:\/\/i0.wp.com\/www.grieta.org.mx\/wp-content\/uploads\/2023\/09\/CDCarmen-e1694802785883.jpg?resize=350%2C200","width":350,"height":200,"srcset":"https:\/\/i0.wp.com\/www.grieta.org.mx\/wp-content\/uploads\/2023\/09\/CDCarmen-e1694802785883.jpg?resize=350%2C200 1x, https:\/\/i0.wp.com\/www.grieta.org.mx\/wp-content\/uploads\/2023\/09\/CDCarmen-e1694802785883.jpg?resize=525%2C300 1.5x, https:\/\/i0.wp.com\/www.grieta.org.mx\/wp-content\/uploads\/2023\/09\/CDCarmen-e1694802785883.jpg?resize=700%2C400 2x"},"classes":[]},{"id":40518,"url":"http:\/\/www.grieta.org.mx\/index.php\/2019\/10\/25\/chatarreros-y-recolectores-de-basura-asfixian-accesos-a-cdmx-van-contra-ley-de-reciclaje-ciudad-de-mexico\/","url_meta":{"origin":70505,"position":5},"title":"Chatarreros y recolectores de basura asfixian accesos a CDMX; van contra Ley de Reciclaje (Ciudad de M\u00e9xico)","author":"grieta","date":"25 octubre, 2019","format":false,"excerpt":"El Gr\u00e1fico Los inconformes exigen a legisladores no aprobar propuesta del Verde que podr\u00eda dejar sin empleo a 6 mil familias Chatarreros y recolectores de basura realizaron bloqueos parciales y totales en las autopistas M\u00e9xico-Quer\u00e9taro, Toluca y Pachuca, as\u00ed como en Naucalpan y Atlacomulco, con lo que asfixiaron los accesos\u2026","rel":"","context":"En &quot;CINTILLO&quot;","block_context":{"text":"CINTILLO","link":"http:\/\/www.grieta.org.mx\/index.php\/category\/cintillo\/"},"img":{"alt_text":"","src":"https:\/\/i0.wp.com\/www.grieta.org.mx\/wp-content\/uploads\/2019\/10\/Chatarreros-y-recolectores-de-basura-asfixian-accesos-a-CDMX-van-contra-ley-de-riciclaje-cdmx-oct.jpg?resize=350%2C200","width":350,"height":200},"classes":[]}],"_links":{"self":[{"href":"http:\/\/www.grieta.org.mx\/index.php\/wp-json\/wp\/v2\/posts\/70505","targetHints":{"allow":["GET"]}}],"collection":[{"href":"http:\/\/www.grieta.org.mx\/index.php\/wp-json\/wp\/v2\/posts"}],"about":[{"href":"http:\/\/www.grieta.org.mx\/index.php\/wp-json\/wp\/v2\/types\/post"}],"author":[{"embeddable":true,"href":"http:\/\/www.grieta.org.mx\/index.php\/wp-json\/wp\/v2\/users\/2"}],"replies":[{"embeddable":true,"href":"http:\/\/www.grieta.org.mx\/index.php\/wp-json\/wp\/v2\/comments?post=70505"}],"version-history":[{"count":1,"href":"http:\/\/www.grieta.org.mx\/index.php\/wp-json\/wp\/v2\/posts\/70505\/revisions"}],"predecessor-version":[{"id":70511,"href":"http:\/\/www.grieta.org.mx\/index.php\/wp-json\/wp\/v2\/posts\/70505\/revisions\/70511"}],"wp:featuredmedia":[{"embeddable":true,"href":"http:\/\/www.grieta.org.mx\/index.php\/wp-json\/wp\/v2\/media\/70506"}],"wp:attachment":[{"href":"http:\/\/www.grieta.org.mx\/index.php\/wp-json\/wp\/v2\/media?parent=70505"}],"wp:term":[{"taxonomy":"category","embeddable":true,"href":"http:\/\/www.grieta.org.mx\/index.php\/wp-json\/wp\/v2\/categories?post=70505"},{"taxonomy":"post_tag","embeddable":true,"href":"http:\/\/www.grieta.org.mx\/index.php\/wp-json\/wp\/v2\/tags?post=70505"}],"curies":[{"name":"wp","href":"https:\/\/api.w.org\/{rel}","templated":true}]}}