{"id":70346,"date":"2024-10-24T14:29:22","date_gmt":"2024-10-24T20:29:22","guid":{"rendered":"https:\/\/www.grieta.org.mx\/?p=70346"},"modified":"2024-10-27T14:39:37","modified_gmt":"2024-10-27T20:39:37","slug":"vecinos-bloquean-acceso-al-muelle-fiscal-en-progreso-yucatan-denuncian-danos-por-construccion-del-viaducto","status":"publish","type":"post","link":"http:\/\/www.grieta.org.mx\/index.php\/2024\/10\/24\/vecinos-bloquean-acceso-al-muelle-fiscal-en-progreso-yucatan-denuncian-danos-por-construccion-del-viaducto\/","title":{"rendered":"Vecinos bloquean acceso al muelle fiscal en Progreso, Yucat\u00e1n; denuncian da\u00f1os por construcci\u00f3n del viaducto"},"content":{"rendered":"<p>Yazm\u00edn Rodr\u00edguez Galaz \/ El Universal<\/p>\n<p>Progreso, Yucat\u00e1n.- Vecinos de la calle 82 bloquearon el acceso al muelle fiscal en protesta por los da\u00f1os que ha causado la construcci\u00f3n del viaducto a sus viviendas.<\/p>\n<p>Durante un par de horas, la manifestaci\u00f3n impidi\u00f3 la salida de turistas del crucero, que arrib\u00f3 esta ma\u00f1ana al puerto, y de camiones de carga.<\/p>\n<p>Adem\u00e1s, denunciaron que esta obra, que lleva dos a\u00f1os, genera riesgos ya que ductos el\u00e9ctricos se encuentran bajo el agua, hay constantes cortes de corriente, mal olor y agujeros en toda la calle.<\/p>\n<p>Este grupo de vecinos exigi\u00f3 una respuesta urgente para recuperar la tranquilidad y demandan que se aceleren los trabajos porque aseguran que la situaci\u00f3n es insostenible.<\/p>\n<p>Hasta el lugar de la protesta arribaron agentes de la Secretar\u00eda de Seguridad P\u00fablica (SSP), quienes dialogaron con los manifestantes por varios minutos y con representantes de la constructora ICA.<\/p>\n<p>Finalmente, los vecinos se retiraron, pero advirtieron que volver\u00e1n a manifestarse si la constructora no atiende sus demandas.<\/p>\n<p><a href=\"https:\/\/www.eluniversal.com.mx\/estados\/vecinos-bloquean-acceso-al-muelle-fiscal-en-progreso-yucatan-denuncian-danos-por-construccion-del-viaducto\/\" rel=\"noopener\" target=\"_blank\">https:\/\/www.eluniversal.com.mx\/estados\/vecinos-bloquean-acceso-al-muelle-fiscal-en-progreso-yucatan-denuncian-danos-por-construccion-del-viaducto\/<\/a><\/p>\n","protected":false},"excerpt":{"rendered":"<p>Yazm\u00edn Rodr\u00edguez Galaz \/ El Universal Progreso, Yucat\u00e1n.- Vecinos de la calle 82 bloquearon el acceso al muelle fiscal en protesta por los da\u00f1os que ha causado la construcci\u00f3n del &hellip; <a href=\"http:\/\/www.grieta.org.mx\/index.php\/2024\/10\/24\/vecinos-bloquean-acceso-al-muelle-fiscal-en-progreso-yucatan-denuncian-danos-por-construccion-del-viaducto\/\" class=\"more-link\">Leer m\u00e1s<\/a><\/p>\n","protected":false},"author":2,"featured_media":70347,"comment_status":"closed","ping_status":"closed","sticky":false,"template":"","format":"standard","meta":{"ngg_post_thumbnail":0,"_jetpack_newsletter_access":"","_jetpack_dont_email_post_to_subs":false,"_jetpack_newsletter_tier_id":0,"_jetpack_memberships_contains_paywalled_content":false,"_jetpack_memberships_contains_paid_content":false,"footnotes":""},"categories":[80,2943,2,36],"tags":[354,3288],"class_list":["post-70346","post","type-post","status-publish","format-standard","has-post-thumbnail","hentry","category-cintillo","category-destruccion-y-contaminacion-ambiental-en-yucatan","category-noticias-nacionales","category-yucatan","tag-bloqueo","tag-protesta-vecinal","entry"],"jetpack_featured_media_url":"http:\/\/www.grieta.org.mx\/wp-content\/uploads\/2024\/10\/Progreso-e1730061277749.jpg","jetpack_sharing_enabled":true,"jetpack_shortlink":"https:\/\/wp.me\/p7ZJR4-iiC","jetpack_likes_enabled":false,"jetpack-related-posts":[{"id":38412,"url":"http:\/\/www.grieta.org.mx\/index.php\/2019\/08\/27\/vecinos-cierran-circulacion-como-protesta-por-servicio-de-la-cfe-yucatan\/","url_meta":{"origin":70346,"position":0},"title":"Vecinos cierran circulaci\u00f3n como protesta por servicio de la CFE (Yucat\u00e1n)","author":"grieta","date":"27 agosto, 2019","format":false,"excerpt":"Ernesto Pinz\u00f3n Franco\/Diario de Yucat\u00e1n M\u00c9RIDA.- Vecinos de los fraccionamientos San Jos\u00e9 Tzal, Bellavista y Las Perlas del Sur, cerraron la circulaci\u00f3n sobre la avenida 50, en protesta por el mal servicio que, dijeron, reciben de la Comisi\u00f3n Federal de Electricidad (CFE). La noche del lunes, los vecinos cerraron la\u2026","rel":"","context":"En &quot;CINTILLO&quot;","block_context":{"text":"CINTILLO","link":"http:\/\/www.grieta.org.mx\/index.php\/category\/cintillo\/"},"img":{"alt_text":"","src":"https:\/\/i0.wp.com\/www.grieta.org.mx\/wp-content\/uploads\/2019\/08\/CfeMerida.png?resize=350%2C200","width":350,"height":200,"srcset":"https:\/\/i0.wp.com\/www.grieta.org.mx\/wp-content\/uploads\/2019\/08\/CfeMerida.png?resize=350%2C200 1x, https:\/\/i0.wp.com\/www.grieta.org.mx\/wp-content\/uploads\/2019\/08\/CfeMerida.png?resize=525%2C300 1.5x, https:\/\/i0.wp.com\/www.grieta.org.mx\/wp-content\/uploads\/2019\/08\/CfeMerida.png?resize=700%2C400 2x"},"classes":[]},{"id":63487,"url":"http:\/\/www.grieta.org.mx\/index.php\/2022\/02\/21\/vecinos-de-san-damian-en-merida-se-manifiestan-nuevamente-contra-gasoducto-yucatan\/","url_meta":{"origin":70346,"position":1},"title":"Vecinos de San Dami\u00e1n, en M\u00e9rida, se manifiestan nuevamente contra gasoducto (Yucat\u00e1n)","author":"grieta","date":"21 febrero, 2022","format":false,"excerpt":"Itzel Chan \/ Noticaribe M\u00c9RIDA, MX.- Habitantes de la colonia San Dami\u00e1n, en M\u00e9rida, salieron a las calles una vez m\u00e1s para manifestarse y exponer su rechazo hacia el proyecto de gasoductos que pasar\u00eda por sus casas y en esta ocasi\u00f3n pidieron la intervenci\u00f3n del Juez Segundo de Distrito para\u2026","rel":"","context":"En &quot;CINTILLO&quot;","block_context":{"text":"CINTILLO","link":"http:\/\/www.grieta.org.mx\/index.php\/category\/cintillo\/"},"img":{"alt_text":"","src":"https:\/\/i0.wp.com\/www.grieta.org.mx\/wp-content\/uploads\/2022\/02\/NoAlGasoducto-1.png?resize=350%2C200","width":350,"height":200,"srcset":"https:\/\/i0.wp.com\/www.grieta.org.mx\/wp-content\/uploads\/2022\/02\/NoAlGasoducto-1.png?resize=350%2C200 1x, https:\/\/i0.wp.com\/www.grieta.org.mx\/wp-content\/uploads\/2022\/02\/NoAlGasoducto-1.png?resize=525%2C300 1.5x"},"classes":[]},{"id":52190,"url":"http:\/\/www.grieta.org.mx\/index.php\/2020\/07\/23\/vecinos-realizan-protesta-por-aguas-contaminantes-yucatan\/","url_meta":{"origin":70346,"position":2},"title":"Vecinos realizan protesta por aguas contaminantes (Yucat\u00e1n)","author":"grieta","date":"23 julio, 2020","format":false,"excerpt":"Darinka Ruiz \/ Diario de Yucat\u00e1n En Kanas\u00edn una planta ser\u00eda un foco de infecci\u00f3n Vecinos del fraccionamiento \u201cCielo Alto\u201d en Kanas\u00edn se organizaron para manifestarse la ma\u00f1ana de ayer sobre un serio problema que, aseguran, est\u00e1 afectando a las familias que ah\u00ed habitan. La planta de aguas residuales de\u2026","rel":"","context":"En &quot;CINTILLO&quot;","block_context":{"text":"CINTILLO","link":"http:\/\/www.grieta.org.mx\/index.php\/category\/cintillo\/"},"img":{"alt_text":"","src":"https:\/\/i0.wp.com\/www.grieta.org.mx\/wp-content\/uploads\/2020\/08\/CieloAlto.png?resize=350%2C200","width":350,"height":200,"srcset":"https:\/\/i0.wp.com\/www.grieta.org.mx\/wp-content\/uploads\/2020\/08\/CieloAlto.png?resize=350%2C200 1x, https:\/\/i0.wp.com\/www.grieta.org.mx\/wp-content\/uploads\/2020\/08\/CieloAlto.png?resize=525%2C300 1.5x, https:\/\/i0.wp.com\/www.grieta.org.mx\/wp-content\/uploads\/2020\/08\/CieloAlto.png?resize=700%2C400 2x"},"classes":[]},{"id":67106,"url":"http:\/\/www.grieta.org.mx\/index.php\/2023\/06\/22\/sindicalizados-del-cobay-de-progreso-yucatan-se-une-a-paro-nacional-de-labores\/","url_meta":{"origin":70346,"position":3},"title":"Sindicalizados del Cobay de Progreso, Yucat\u00e1n, se une a paro nacional de labores","author":"grieta","date":"22 junio, 2023","format":false,"excerpt":"Jes\u00fas L\u00f3pez \/ Por Esto! Las manifestaciones en Progreso contin\u00faan para organismos p\u00fablicos y privados, aunque han sido las escuelas de diferentes niveles quienes han protagonizado estas \u00faltimas protestas, siendo este jueves el turno del Colegio de Bachilleres de Yucat\u00e1n quienes se unieron a un paro laboral a nivel nacional.\u2026","rel":"","context":"En &quot;CINTILLO&quot;","block_context":{"text":"CINTILLO","link":"http:\/\/www.grieta.org.mx\/index.php\/category\/cintillo\/"},"img":{"alt_text":"","src":"https:\/\/i0.wp.com\/www.grieta.org.mx\/wp-content\/uploads\/2023\/07\/CobayProgreso-e1688246256157.jpg?resize=350%2C200","width":350,"height":200,"srcset":"https:\/\/i0.wp.com\/www.grieta.org.mx\/wp-content\/uploads\/2023\/07\/CobayProgreso-e1688246256157.jpg?resize=350%2C200 1x, https:\/\/i0.wp.com\/www.grieta.org.mx\/wp-content\/uploads\/2023\/07\/CobayProgreso-e1688246256157.jpg?resize=525%2C300 1.5x, https:\/\/i0.wp.com\/www.grieta.org.mx\/wp-content\/uploads\/2023\/07\/CobayProgreso-e1688246256157.jpg?resize=700%2C400 2x"},"classes":[]},{"id":62753,"url":"http:\/\/www.grieta.org.mx\/index.php\/2021\/11\/27\/temen-que-explote-el-gasoducto-y-salen-a-protestar-yucatan\/","url_meta":{"origin":70346,"position":4},"title":"Temen que explote el gasoducto y salen a protestar (Yucat\u00e1n)","author":"grieta","date":"27 noviembre, 2021","format":false,"excerpt":"Herbeth Escalante \/ Haz Ruido Vecinas y vecinos de San Dami\u00e1n y Pensiones manifestaron su indignaci\u00f3n porque de la noche a la ma\u00f1ana la empresa Engie inici\u00f3 la instalaci\u00f3n subterr\u00e1nea del ducto de gas natural, sin consultarles y vulnerando sus derechos. M\u00e9rida, Yucat\u00e1n, 27 de noviembre de 2021.- Vecinas y\u2026","rel":"","context":"En &quot;CINTILLO&quot;","block_context":{"text":"CINTILLO","link":"http:\/\/www.grieta.org.mx\/index.php\/category\/cintillo\/"},"img":{"alt_text":"","src":"https:\/\/i0.wp.com\/www.grieta.org.mx\/wp-content\/uploads\/2021\/12\/NoAlGasoducto-e1638464272760.png?resize=350%2C200","width":350,"height":200,"srcset":"https:\/\/i0.wp.com\/www.grieta.org.mx\/wp-content\/uploads\/2021\/12\/NoAlGasoducto-e1638464272760.png?resize=350%2C200 1x, https:\/\/i0.wp.com\/www.grieta.org.mx\/wp-content\/uploads\/2021\/12\/NoAlGasoducto-e1638464272760.png?resize=525%2C300 1.5x, https:\/\/i0.wp.com\/www.grieta.org.mx\/wp-content\/uploads\/2021\/12\/NoAlGasoducto-e1638464272760.png?resize=700%2C400 2x"},"classes":[]},{"id":71162,"url":"http:\/\/www.grieta.org.mx\/index.php\/2025\/02\/25\/otra-privatizacion-ilegal-de-playas-ahora-en-yucalpeten-yucatan\/","url_meta":{"origin":70346,"position":5},"title":"Otra privatizaci\u00f3n ilegal de playas, ahora en Yucalpet\u00e9n (Yucat\u00e1n)","author":"grieta","date":"25 febrero, 2025","format":false,"excerpt":"Redacci\u00f3n\/Sol Yucat\u00e1n Habitantes de Progreso han denunciado la privatizaci\u00f3n ilegal de playas en la zona de Yucalpet\u00e9n, donde un complejo habitacional en construcci\u00f3n ha comenzado a bloquear el acceso al mar. Guardias de seguridad impiden el paso a pescadores y visitantes. La historia de Canc\u00fan se repite en Yucat\u00e1n. Habitantes\u2026","rel":"","context":"En &quot;CINTILLO&quot;","block_context":{"text":"CINTILLO","link":"http:\/\/www.grieta.org.mx\/index.php\/category\/cintillo\/"},"img":{"alt_text":"","src":"https:\/\/i0.wp.com\/www.grieta.org.mx\/wp-content\/uploads\/2025\/02\/Yucalpeten-e1740755140271.jpg?resize=350%2C200","width":350,"height":200,"srcset":"https:\/\/i0.wp.com\/www.grieta.org.mx\/wp-content\/uploads\/2025\/02\/Yucalpeten-e1740755140271.jpg?resize=350%2C200 1x, https:\/\/i0.wp.com\/www.grieta.org.mx\/wp-content\/uploads\/2025\/02\/Yucalpeten-e1740755140271.jpg?resize=525%2C300 1.5x, https:\/\/i0.wp.com\/www.grieta.org.mx\/wp-content\/uploads\/2025\/02\/Yucalpeten-e1740755140271.jpg?resize=700%2C400 2x"},"classes":[]}],"_links":{"self":[{"href":"http:\/\/www.grieta.org.mx\/index.php\/wp-json\/wp\/v2\/posts\/70346","targetHints":{"allow":["GET"]}}],"collection":[{"href":"http:\/\/www.grieta.org.mx\/index.php\/wp-json\/wp\/v2\/posts"}],"about":[{"href":"http:\/\/www.grieta.org.mx\/index.php\/wp-json\/wp\/v2\/types\/post"}],"author":[{"embeddable":true,"href":"http:\/\/www.grieta.org.mx\/index.php\/wp-json\/wp\/v2\/users\/2"}],"replies":[{"embeddable":true,"href":"http:\/\/www.grieta.org.mx\/index.php\/wp-json\/wp\/v2\/comments?post=70346"}],"version-history":[{"count":1,"href":"http:\/\/www.grieta.org.mx\/index.php\/wp-json\/wp\/v2\/posts\/70346\/revisions"}],"predecessor-version":[{"id":70348,"href":"http:\/\/www.grieta.org.mx\/index.php\/wp-json\/wp\/v2\/posts\/70346\/revisions\/70348"}],"wp:featuredmedia":[{"embeddable":true,"href":"http:\/\/www.grieta.org.mx\/index.php\/wp-json\/wp\/v2\/media\/70347"}],"wp:attachment":[{"href":"http:\/\/www.grieta.org.mx\/index.php\/wp-json\/wp\/v2\/media?parent=70346"}],"wp:term":[{"taxonomy":"category","embeddable":true,"href":"http:\/\/www.grieta.org.mx\/index.php\/wp-json\/wp\/v2\/categories?post=70346"},{"taxonomy":"post_tag","embeddable":true,"href":"http:\/\/www.grieta.org.mx\/index.php\/wp-json\/wp\/v2\/tags?post=70346"}],"curies":[{"name":"wp","href":"https:\/\/api.w.org\/{rel}","templated":true}]}}