{"id":70255,"date":"2024-10-20T08:54:39","date_gmt":"2024-10-20T14:54:39","guid":{"rendered":"https:\/\/www.grieta.org.mx\/?p=70255"},"modified":"2024-10-20T08:54:39","modified_gmt":"2024-10-20T14:54:39","slug":"en-un-solo-dia-se-reporta-la-desaparicion-de-siete-personas-en-villa-de-arista-slp","status":"publish","type":"post","link":"http:\/\/www.grieta.org.mx\/index.php\/2024\/10\/20\/en-un-solo-dia-se-reporta-la-desaparicion-de-siete-personas-en-villa-de-arista-slp\/","title":{"rendered":"En un solo d\u00eda se reporta la desaparici\u00f3n de siete personas en Villa de Arista, SLP"},"content":{"rendered":"<p>Redacci\u00f3n\/El Universal San Luis Potos\u00ed<br \/>\n18 octubre 2024<\/p>\n<blockquote><p>De acuerdo con el colectivo de madres buscadoras \u201cVoz y dignidad por los nuestros\u201d, el municipio de San Luis Potos\u00ed se encuentra en la franja de las demarcaciones con mayor \u00edndice de desapariciones<\/p><\/blockquote>\n<p>A trav\u00e9s de la Fiscal\u00eda Especializada en Derechos Humanos se emitieron las fichas de b\u00fasqueda de siete personas desaparecidas en menos de 24 horas en el municipio de Villa de Arista.<\/p>\n<p>En la primera de las fichas se incluye a tres j\u00f3venes desaparecidos, dos mujeres y un hombre, todos desaparecidos al mismo tiempo, se trata de dos hermanos: Gladys Rub\u00ed Rodr\u00edguez Gonz\u00e1lez de 24 a\u00f1os de edad y Alan Osiel Rodr\u00edguez Gonz\u00e1lez de 20 a\u00f1os de edad, as\u00ed como Guadalupe Jaqueline Gonz\u00e1lez Hern\u00e1ndez de 28 a\u00f1os de edad; los tres fueron vistos por \u00faltima vez el 17 de octubre.<\/p>\n<p>Mientras que, el 16 de octubre se report\u00f3 la desaparici\u00f3n de cuatro personas: Luis Fernando Ni\u00f1o Mart\u00ednez de 36 a\u00f1os de edad, V\u00edctor Manuel Castillo G\u00e1mez de 33 a\u00f1os de edad, Daniel G\u00e1mez Gonz\u00e1lez de 33 a\u00f1os de edad y Carlos Ram\u00edrez S\u00e1nchez de 35 a\u00f1os de edad, todos ellos vistos por \u00faltima ocasi\u00f3n en la zona centro del municipio.<\/p>\n<p>Las y los habitantes mediante redes han compartido las fichas para dar con su paradero, adem\u00e1s de externar la preocupaci\u00f3n y el estado de alerta en la demarcaci\u00f3n por esta ola de desapariciones.<\/p>\n<p>Cabe se\u00f1alar que de acuerdo al colectivo de madres buscadoras \u201cVoz y dignidad por los nuestros\u201d, el municipio de Villa de Arista se encuentra en la franja de las demarcaciones del estado con mayor \u00edndice de desapariciones.<\/p>\n<p><a href=\"https:\/\/sanluis.eluniversal.com.mx\/municipios\/en-un-solo-dia-se-reportan-siete-personas-desaparecidas-en-villa-de-arista-slp\/#:~:text=A%20trav%C3%A9s%20de%20la%20Fiscal%C3%ADa,municipio%20de%20Villa%20de%20Arista.\" rel=\"noopener\" target=\"_blank\">https:\/\/sanluis.eluniversal.com.mx\/municipios\/en-un-solo-dia-se-reportan-siete-personas-desaparecidas-en-villa-de-arista-slp\/#:~:text=A%20trav%C3%A9s%20de%20la%20Fiscal%C3%ADa,municipio%20de%20Villa%20de%20Arista.<\/a><\/p>\n","protected":false},"excerpt":{"rendered":"<p>Redacci\u00f3n\/El Universal San Luis Potos\u00ed 18 octubre 2024 De acuerdo con el colectivo de madres buscadoras \u201cVoz y dignidad por los nuestros\u201d, el municipio de San Luis Potos\u00ed se encuentra &hellip; <a href=\"http:\/\/www.grieta.org.mx\/index.php\/2024\/10\/20\/en-un-solo-dia-se-reporta-la-desaparicion-de-siete-personas-en-villa-de-arista-slp\/\" class=\"more-link\">Leer m\u00e1s<\/a><\/p>\n","protected":false},"author":2,"featured_media":70257,"comment_status":"closed","ping_status":"closed","sticky":false,"template":"","format":"standard","meta":{"ngg_post_thumbnail":0,"_jetpack_newsletter_access":"","_jetpack_dont_email_post_to_subs":false,"_jetpack_newsletter_tier_id":0,"_jetpack_memberships_contains_paywalled_content":false,"_jetpack_memberships_contains_paid_content":false,"footnotes":""},"categories":[80,87,1272,2,29,83],"tags":[3700,3018,121],"class_list":["post-70255","post","type-post","status-publish","format-standard","has-post-thumbnail","hentry","category-cintillo","category-desaparecidos","category-desaparecidos-en-san-luis-potosi","category-noticias-nacionales","category-san-luis-potosi","category-temas-nacionales","tag-aumento-desaparecidos","tag-colectivos-de-busqueda-de-desaparecidos","tag-desaparecidos","entry"],"jetpack_featured_media_url":"http:\/\/www.grieta.org.mx\/wp-content\/uploads\/2024\/10\/villa-de-arista.png","jetpack_sharing_enabled":true,"jetpack_shortlink":"https:\/\/wp.me\/p7ZJR4-ih9","jetpack_likes_enabled":false,"jetpack-related-posts":[{"id":54700,"url":"http:\/\/www.grieta.org.mx\/index.php\/2020\/11\/02\/hallan-a-13-desaparecidos-en-fosas-clandestinas-de-slp\/","url_meta":{"origin":70255,"position":0},"title":"Hallan a 13 desaparecidos en fosas clandestinas de SLP","author":"grieta","date":"2 noviembre, 2020","format":false,"excerpt":"Martha Arriaga\/Quadrat\u00edn SLP 2 noviembre 2020 SAN LUIS POTOS\u00cd, SLP., 2 de noviembre 2020.- Hace poco m\u00e1s de un mes en el municipio de Villa de Arista, se lograron recuperar ocho cuerpos en dos fosas clandestinas, y otros cinco sobre superficie en Ciudad Fern\u00e1ndez, para un total de 13, de\u2026","rel":"","context":"En &quot;CINTILLO&quot;","block_context":{"text":"CINTILLO","link":"http:\/\/www.grieta.org.mx\/index.php\/category\/cintillo\/"},"img":{"alt_text":"","src":"https:\/\/i0.wp.com\/www.grieta.org.mx\/wp-content\/uploads\/2020\/11\/WhatsApp-Image-2020-11-01-at-7.05.14-PM-1160x700-1.jpeg?resize=350%2C200","width":350,"height":200,"srcset":"https:\/\/i0.wp.com\/www.grieta.org.mx\/wp-content\/uploads\/2020\/11\/WhatsApp-Image-2020-11-01-at-7.05.14-PM-1160x700-1.jpeg?resize=350%2C200 1x, https:\/\/i0.wp.com\/www.grieta.org.mx\/wp-content\/uploads\/2020\/11\/WhatsApp-Image-2020-11-01-at-7.05.14-PM-1160x700-1.jpeg?resize=525%2C300 1.5x, https:\/\/i0.wp.com\/www.grieta.org.mx\/wp-content\/uploads\/2020\/11\/WhatsApp-Image-2020-11-01-at-7.05.14-PM-1160x700-1.jpeg?resize=700%2C400 2x, https:\/\/i0.wp.com\/www.grieta.org.mx\/wp-content\/uploads\/2020\/11\/WhatsApp-Image-2020-11-01-at-7.05.14-PM-1160x700-1.jpeg?resize=1050%2C600 3x"},"classes":[]},{"id":54397,"url":"http:\/\/www.grieta.org.mx\/index.php\/2020\/08\/30\/buscan-a-250-desaparecidos-en-slp\/","url_meta":{"origin":70255,"position":1},"title":"Buscan a 250 desaparecidos en SLP","author":"grieta","date":"30 agosto, 2020","format":false,"excerpt":"Ruth Berrones\/Quadrat\u00edn SLP 30 agosto 2020 SAN LUIS POTOS\u00cd, SLP., 30 de agosto 2020.- Este domingo en el D\u00eda Internacional de las V\u00edctimas de Desaparici\u00f3n Forzada, familiares de personas desaparecidas realizaron una marcha para solicitar a las autoridades que se localicen a sus familiares. Edith P\u00e9rez Rodr\u00edguez, de la asociaci\u00f3n\u2026","rel":"","context":"En &quot;CINTILLO&quot;","block_context":{"text":"CINTILLO","link":"http:\/\/www.grieta.org.mx\/index.php\/category\/cintillo\/"},"img":{"alt_text":"","src":"https:\/\/i0.wp.com\/www.grieta.org.mx\/wp-content\/uploads\/2020\/10\/WhatsApp-Image-2020-08-30-at-4.36.21-PM-1160x700-1.jpeg?resize=350%2C200","width":350,"height":200,"srcset":"https:\/\/i0.wp.com\/www.grieta.org.mx\/wp-content\/uploads\/2020\/10\/WhatsApp-Image-2020-08-30-at-4.36.21-PM-1160x700-1.jpeg?resize=350%2C200 1x, https:\/\/i0.wp.com\/www.grieta.org.mx\/wp-content\/uploads\/2020\/10\/WhatsApp-Image-2020-08-30-at-4.36.21-PM-1160x700-1.jpeg?resize=525%2C300 1.5x, https:\/\/i0.wp.com\/www.grieta.org.mx\/wp-content\/uploads\/2020\/10\/WhatsApp-Image-2020-08-30-at-4.36.21-PM-1160x700-1.jpeg?resize=700%2C400 2x, https:\/\/i0.wp.com\/www.grieta.org.mx\/wp-content\/uploads\/2020\/10\/WhatsApp-Image-2020-08-30-at-4.36.21-PM-1160x700-1.jpeg?resize=1050%2C600 3x"},"classes":[]},{"id":65614,"url":"http:\/\/www.grieta.org.mx\/index.php\/2022\/10\/14\/ninas-y-ninos-continuan-siendo-desaparecidos-en-san-luis-potosi\/","url_meta":{"origin":70255,"position":2},"title":"Ni\u00f1as y ni\u00f1os contin\u00faan siendo desaparecidos en San Lu\u00eds Potos\u00ed","author":"grieta","date":"14 octubre, 2022","format":false,"excerpt":"Edwin Gonz\u00e1lez\/Debate 14 octubre 2022 San Lu\u00eds Potos\u00ed, San Lu\u00eds Potos\u00ed. - En San Lu\u00eds Potos\u00ed se sigue reportando que mujeres y hombres menores de edad contin\u00faan siendo desaparecidos, pues, como te hemos comentado en DEBATE, entre el 25 de septiembre al cuatro de octubre se report\u00f3 seis menores en\u2026","rel":"","context":"En &quot;CINTILLO&quot;","block_context":{"text":"CINTILLO","link":"http:\/\/www.grieta.org.mx\/index.php\/category\/cintillo\/"},"img":{"alt_text":"","src":"https:\/\/i0.wp.com\/www.grieta.org.mx\/wp-content\/uploads\/2022\/10\/desaparecidospotosx1_1_crop1665769035381.jpg_172596871.webp?resize=350%2C200","width":350,"height":200,"srcset":"https:\/\/i0.wp.com\/www.grieta.org.mx\/wp-content\/uploads\/2022\/10\/desaparecidospotosx1_1_crop1665769035381.jpg_172596871.webp?resize=350%2C200 1x, https:\/\/i0.wp.com\/www.grieta.org.mx\/wp-content\/uploads\/2022\/10\/desaparecidospotosx1_1_crop1665769035381.jpg_172596871.webp?resize=525%2C300 1.5x, https:\/\/i0.wp.com\/www.grieta.org.mx\/wp-content\/uploads\/2022\/10\/desaparecidospotosx1_1_crop1665769035381.jpg_172596871.webp?resize=700%2C400 2x, https:\/\/i0.wp.com\/www.grieta.org.mx\/wp-content\/uploads\/2022\/10\/desaparecidospotosx1_1_crop1665769035381.jpg_172596871.webp?resize=1050%2C600 3x"},"classes":[]},{"id":41759,"url":"http:\/\/www.grieta.org.mx\/index.php\/2019\/11\/19\/comision-de-busqueda-atiende-39-reportes-san-luis-potosi\/","url_meta":{"origin":70255,"position":3},"title":"Comisi\u00f3n de B\u00fasqueda atiende 39 reportes (San Luis Potos\u00ed)","author":"grieta","date":"19 noviembre, 2019","format":false,"excerpt":"29 son del caso Pirasol; hace 10 a\u00f1os que desapareci\u00f3 un autob\u00fas con trabajadores y siguen desaparecidos Mayra Trist\u00e1n\/El Sol de San Luis La Comisi\u00f3n Estatal de B\u00fasqueda tiene reporte de 39 personas desparecidas en San Luis Potos\u00ed, de las cuales, 10 son migrantes mexicanos y centroamericanos, inform\u00f3 Jes\u00fas Ju\u00e1rez\u2026","rel":"","context":"En &quot;CINTILLO&quot;","block_context":{"text":"CINTILLO","link":"http:\/\/www.grieta.org.mx\/index.php\/category\/cintillo\/"},"img":{"alt_text":"","src":"https:\/\/i0.wp.com\/www.grieta.org.mx\/wp-content\/uploads\/2019\/12\/desaparecidos.png?resize=350%2C200","width":350,"height":200,"srcset":"https:\/\/i0.wp.com\/www.grieta.org.mx\/wp-content\/uploads\/2019\/12\/desaparecidos.png?resize=350%2C200 1x, https:\/\/i0.wp.com\/www.grieta.org.mx\/wp-content\/uploads\/2019\/12\/desaparecidos.png?resize=525%2C300 1.5x, https:\/\/i0.wp.com\/www.grieta.org.mx\/wp-content\/uploads\/2019\/12\/desaparecidos.png?resize=700%2C400 2x"},"classes":[]},{"id":55011,"url":"http:\/\/www.grieta.org.mx\/index.php\/2020\/11\/11\/recorte-de-fideicomisos-afectara-busqueda-de-desaparecidos-en-san-luis-potosi\/","url_meta":{"origin":70255,"position":4},"title":"Recorte de fideicomisos afectar\u00e1 b\u00fasqueda de desaparecidos en San Luis Potos\u00ed","author":"grieta","date":"11 noviembre, 2020","format":false,"excerpt":"Juan Hern\u00e1ndez\/Quadrat\u00edn San Luis Potos\u00ed 11 noviembre 2020 SAN LUIS POTOS\u00cd, SLP., 11 de noviembre 2020.- La desaparici\u00f3n del Fondo de Ayuda, Asistencia y Reparaci\u00f3n Integral, por parte del Senado de la Rep\u00fablica, provocar\u00e1 que las labores de b\u00fasqueda quedar\u00e1n suspendidas para varias personas que integran el colectivo Voz y\u2026","rel":"","context":"En &quot;CINTILLO&quot;","block_context":{"text":"CINTILLO","link":"http:\/\/www.grieta.org.mx\/index.php\/category\/cintillo\/"},"img":{"alt_text":"","src":"https:\/\/i0.wp.com\/www.grieta.org.mx\/wp-content\/uploads\/2020\/11\/WhatsApp-Image-2020-11-10-at-5.15.41-PM-1160x700-1.jpeg?resize=350%2C200","width":350,"height":200,"srcset":"https:\/\/i0.wp.com\/www.grieta.org.mx\/wp-content\/uploads\/2020\/11\/WhatsApp-Image-2020-11-10-at-5.15.41-PM-1160x700-1.jpeg?resize=350%2C200 1x, https:\/\/i0.wp.com\/www.grieta.org.mx\/wp-content\/uploads\/2020\/11\/WhatsApp-Image-2020-11-10-at-5.15.41-PM-1160x700-1.jpeg?resize=525%2C300 1.5x, https:\/\/i0.wp.com\/www.grieta.org.mx\/wp-content\/uploads\/2020\/11\/WhatsApp-Image-2020-11-10-at-5.15.41-PM-1160x700-1.jpeg?resize=700%2C400 2x, https:\/\/i0.wp.com\/www.grieta.org.mx\/wp-content\/uploads\/2020\/11\/WhatsApp-Image-2020-11-10-at-5.15.41-PM-1160x700-1.jpeg?resize=1050%2C600 3x"},"classes":[]},{"id":41297,"url":"http:\/\/www.grieta.org.mx\/index.php\/2019\/11\/07\/desde-julio-se-han-localizado-26-fosas-clandestinas-en-san-luis-potosi\/","url_meta":{"origin":70255,"position":5},"title":"Desde julio se han localizado 26 fosas clandestinas en San Luis Potos\u00ed","author":"grieta","date":"7 noviembre, 2019","format":false,"excerpt":"La Comisi\u00f3n Nacional de B\u00fasqueda de Personas Desaparecidas realiza trabajos de recolecci\u00f3n de restos en el municipio Moctezuma. https:\/\/youtu.be\/vFXgbGwHeMg Roc\u00edo L\u00f3pez\/Milenio 7 noviembre 2019 La titular de la Comisi\u00f3n Nacional de B\u00fasqueda de Personas Desaparecidas, Karla Quintana, encabez\u00f3 los trabajos de recolecci\u00f3n de restos en las fosas encontradas en el\u2026","rel":"","context":"En &quot;CINTILLO&quot;","block_context":{"text":"CINTILLO","link":"http:\/\/www.grieta.org.mx\/index.php\/category\/cintillo\/"},"img":{"alt_text":"","src":"https:\/\/i0.wp.com\/www.grieta.org.mx\/wp-content\/uploads\/2019\/11\/indicios-restos-corresponden-migrantes-centroamericanos_0_62_958_595.jpeg?resize=350%2C200","width":350,"height":200,"srcset":"https:\/\/i0.wp.com\/www.grieta.org.mx\/wp-content\/uploads\/2019\/11\/indicios-restos-corresponden-migrantes-centroamericanos_0_62_958_595.jpeg?resize=350%2C200 1x, https:\/\/i0.wp.com\/www.grieta.org.mx\/wp-content\/uploads\/2019\/11\/indicios-restos-corresponden-migrantes-centroamericanos_0_62_958_595.jpeg?resize=525%2C300 1.5x, https:\/\/i0.wp.com\/www.grieta.org.mx\/wp-content\/uploads\/2019\/11\/indicios-restos-corresponden-migrantes-centroamericanos_0_62_958_595.jpeg?resize=700%2C400 2x"},"classes":[]}],"_links":{"self":[{"href":"http:\/\/www.grieta.org.mx\/index.php\/wp-json\/wp\/v2\/posts\/70255","targetHints":{"allow":["GET"]}}],"collection":[{"href":"http:\/\/www.grieta.org.mx\/index.php\/wp-json\/wp\/v2\/posts"}],"about":[{"href":"http:\/\/www.grieta.org.mx\/index.php\/wp-json\/wp\/v2\/types\/post"}],"author":[{"embeddable":true,"href":"http:\/\/www.grieta.org.mx\/index.php\/wp-json\/wp\/v2\/users\/2"}],"replies":[{"embeddable":true,"href":"http:\/\/www.grieta.org.mx\/index.php\/wp-json\/wp\/v2\/comments?post=70255"}],"version-history":[{"count":1,"href":"http:\/\/www.grieta.org.mx\/index.php\/wp-json\/wp\/v2\/posts\/70255\/revisions"}],"predecessor-version":[{"id":70258,"href":"http:\/\/www.grieta.org.mx\/index.php\/wp-json\/wp\/v2\/posts\/70255\/revisions\/70258"}],"wp:featuredmedia":[{"embeddable":true,"href":"http:\/\/www.grieta.org.mx\/index.php\/wp-json\/wp\/v2\/media\/70257"}],"wp:attachment":[{"href":"http:\/\/www.grieta.org.mx\/index.php\/wp-json\/wp\/v2\/media?parent=70255"}],"wp:term":[{"taxonomy":"category","embeddable":true,"href":"http:\/\/www.grieta.org.mx\/index.php\/wp-json\/wp\/v2\/categories?post=70255"},{"taxonomy":"post_tag","embeddable":true,"href":"http:\/\/www.grieta.org.mx\/index.php\/wp-json\/wp\/v2\/tags?post=70255"}],"curies":[{"name":"wp","href":"https:\/\/api.w.org\/{rel}","templated":true}]}}