{"id":70199,"date":"2024-10-10T22:38:19","date_gmt":"2024-10-11T04:38:19","guid":{"rendered":"https:\/\/www.grieta.org.mx\/?p=70199"},"modified":"2024-10-17T22:44:46","modified_gmt":"2024-10-18T04:44:46","slug":"familias-de-desaparecidos-protestan-en-culiacan-por-un-alto-a-la-violencia","status":"publish","type":"post","link":"http:\/\/www.grieta.org.mx\/index.php\/2024\/10\/10\/familias-de-desaparecidos-protestan-en-culiacan-por-un-alto-a-la-violencia\/","title":{"rendered":"Familias de desaparecidos protestan en Culiac\u00e1n por un alto a la violencia"},"content":{"rendered":"<p>El Sol de Sinaloa<br \/>\nColectivos de madres buscadores, recorrieron las calles de Culiac\u00e1n desde Catedral hasta la Fiscal\u00eda General del Estado ante m\u00e1s de 190 casos de desaparici\u00f3n que se han presentado en el mes de septiembre<\/p>\n<p>Madres buscadoras y familiares de desaparecidos se manifestaron este jueves en la ciudad de Culiac\u00e1n, desde la Catedral hasta la Fiscal\u00eda General del Estado.<\/p>\n<p>La marcha fue convocada por la asociaci\u00f3n Sabuesos Guerreras, quienes con pancartas y lonas visibilizaron las fichas de b\u00fasqueda de sus familiares desaparecidos y exhortaron tanto a las autoridades como a la ciudadan\u00eda a no normalizar la violencia que ha prevalecido por casi un mes en la capital sinaloense.<\/p>\n<p>Tambi\u00e9n puedes leer: Sabuesos Guerreras denuncian desinter\u00e9s de la FGE para localizar a sus hijos<\/p>\n<p>Mar\u00eda Isabel Cruz, representante de Sabuesos Guerreras, puntualiz\u00f3 que como organizaci\u00f3n tienen contabilizados 195 casos de personas desaparecidas desde el 9 de septiembre, fecha en que empezaron los sucesos violentos en Sinaloa.<\/p>\n<p>Sin embargo, se\u00f1al\u00f3 que la Fiscal\u00eda General del Estado solo cuenta con 159 casos denunciados y con una carpeta de investigaci\u00f3n iniciada.<\/p>\n<p>&#8220;Hijo, escucha tu madre, est\u00e1 en la lucha, \u00danete, es tu hijo, puede ser, si la sociedad se uniera como debiera&#8221;, fueron algunas de las consignas expresadas por las protestantes.<\/p>\n<p>https:\/\/www.elsoldesinaloa.com.mx\/local\/familias-de-desaparecidos-protestan-en-culiacan-por-un-alto-a-la-violencia-12650792.html<\/p>\n","protected":false},"excerpt":{"rendered":"<p>El Sol de Sinaloa Colectivos de madres buscadores, recorrieron las calles de Culiac\u00e1n desde Catedral hasta la Fiscal\u00eda General del Estado ante m\u00e1s de 190 casos de desaparici\u00f3n que se &hellip; <a href=\"http:\/\/www.grieta.org.mx\/index.php\/2024\/10\/10\/familias-de-desaparecidos-protestan-en-culiacan-por-un-alto-a-la-violencia\/\" class=\"more-link\">Leer m\u00e1s<\/a><\/p>\n","protected":false},"author":2,"featured_media":70200,"comment_status":"closed","ping_status":"closed","sticky":false,"template":"","format":"standard","meta":{"ngg_post_thumbnail":0,"_jetpack_newsletter_access":"","_jetpack_dont_email_post_to_subs":false,"_jetpack_newsletter_tier_id":0,"_jetpack_memberships_contains_paywalled_content":false,"_jetpack_memberships_contains_paid_content":false,"footnotes":""},"categories":[1203,30,83],"tags":[3791,3700,2484,3520],"class_list":["post-70199","post","type-post","status-publish","format-standard","has-post-thumbnail","hentry","category-desaparecidos-en-sinaloa","category-sinaloa","category-temas-nacionales","tag-acciones-por-desaparecidos","tag-aumento-desaparecidos","tag-buscadoras","tag-colectivos-de-victimas-de-violencia","entry"],"jetpack_featured_media_url":"http:\/\/www.grieta.org.mx\/wp-content\/uploads\/2024\/10\/imagen.jpg","jetpack_sharing_enabled":true,"jetpack_shortlink":"https:\/\/wp.me\/p7ZJR4-igf","jetpack_likes_enabled":false,"jetpack-related-posts":[{"id":70202,"url":"http:\/\/www.grieta.org.mx\/index.php\/2024\/10\/17\/marchan-familiares-y-colectivos-para-exigir-la-busqueda-de-sus-desaparecidos-en-culiacan\/","url_meta":{"origin":70199,"position":0},"title":"Marchan familiares y colectivos para exigir la b\u00fasqueda de sus desaparecidos, en Culiac\u00e1n","author":"grieta","date":"17 octubre, 2024","format":false,"excerpt":"RioDoce\/Jos\u00e9 Almaguer Familiares de personas desaparecidas, y colectivos de b\u00fasqueda marcharon este mi\u00e9rcoles, en Culiac\u00e1n, para reclamar que la Fiscal\u00eda General del Estado realice acciones de b\u00fasqueda y exigir un alto a las desapariciones en Sinaloa. Marcharon desde la Lomita hasta catedral bajo la consigna \u201c\u00fanete, \u00fanete que tu hijo\u2026","rel":"","context":"En &quot;Desaparecidos&quot;","block_context":{"text":"Desaparecidos","link":"http:\/\/www.grieta.org.mx\/index.php\/category\/temas-nacionales\/desaparecidos\/"},"img":{"alt_text":"","src":"https:\/\/i0.wp.com\/www.grieta.org.mx\/wp-content\/uploads\/2024\/10\/Diseno-sin-titulo-78.png?resize=350%2C200","width":350,"height":200,"srcset":"https:\/\/i0.wp.com\/www.grieta.org.mx\/wp-content\/uploads\/2024\/10\/Diseno-sin-titulo-78.png?resize=350%2C200 1x, https:\/\/i0.wp.com\/www.grieta.org.mx\/wp-content\/uploads\/2024\/10\/Diseno-sin-titulo-78.png?resize=525%2C300 1.5x, https:\/\/i0.wp.com\/www.grieta.org.mx\/wp-content\/uploads\/2024\/10\/Diseno-sin-titulo-78.png?resize=700%2C400 2x"},"classes":[]},{"id":34921,"url":"http:\/\/www.grieta.org.mx\/index.php\/2019\/06\/16\/nada-que-celebrar-en-el-dia-del-padre-sabuesos-guerreras-sinaloa\/","url_meta":{"origin":70199,"position":1},"title":"&#8220;Nada que celebrar&#8221; en el d\u00eda del padre: Sabuesos Guerreras (Sinaloa)","author":"grieta","date":"16 junio, 2019","format":false,"excerpt":"Jes\u00fas Verdugo \/ El Sol de Sinaloa Culiac\u00e1n,Sin.\u00a0El grupo de b\u00fasqueda de desaparecidos;\u00a0Sabuesos Guerreras A.C.\u00a0protest\u00f3 pac\u00edficamente\u00a0en el kiosko de la Plazuela Obreg\u00f3n a un costado de la Catedral colgando lonas con la leyenda \"no m\u00e1s desaparecidos\" y fotos de los hijos y familiares de sus integrantes. Mar\u00eda Isabel Bernal, dirigente\u2026","rel":"","context":"En &quot;CINTILLO&quot;","block_context":{"text":"CINTILLO","link":"http:\/\/www.grieta.org.mx\/index.php\/category\/cintillo\/"},"img":{"alt_text":"","src":"https:\/\/i0.wp.com\/www.grieta.org.mx\/wp-content\/uploads\/2019\/06\/sabuesos-guerreras-manifestacion-catedral-4-1-o89mlge361iz7fxyaf0c1tgbomndh4w4k23jcdfv60.jpeg?resize=350%2C200","width":350,"height":200,"srcset":"https:\/\/i0.wp.com\/www.grieta.org.mx\/wp-content\/uploads\/2019\/06\/sabuesos-guerreras-manifestacion-catedral-4-1-o89mlge361iz7fxyaf0c1tgbomndh4w4k23jcdfv60.jpeg?resize=350%2C200 1x, https:\/\/i0.wp.com\/www.grieta.org.mx\/wp-content\/uploads\/2019\/06\/sabuesos-guerreras-manifestacion-catedral-4-1-o89mlge361iz7fxyaf0c1tgbomndh4w4k23jcdfv60.jpeg?resize=525%2C300 1.5x, https:\/\/i0.wp.com\/www.grieta.org.mx\/wp-content\/uploads\/2019\/06\/sabuesos-guerreras-manifestacion-catedral-4-1-o89mlge361iz7fxyaf0c1tgbomndh4w4k23jcdfv60.jpeg?resize=700%2C400 2x, https:\/\/i0.wp.com\/www.grieta.org.mx\/wp-content\/uploads\/2019\/06\/sabuesos-guerreras-manifestacion-catedral-4-1-o89mlge361iz7fxyaf0c1tgbomndh4w4k23jcdfv60.jpeg?resize=1050%2C600 3x"},"classes":[]},{"id":66707,"url":"http:\/\/www.grieta.org.mx\/index.php\/2023\/03\/26\/colectivo-de-busqueda-tapiza-el-centro-de-culiacan-con-fichas-de-desaparecidos\/","url_meta":{"origin":70199,"position":2},"title":"Colectivo de b\u00fasqueda tapiza el centro de Culiac\u00e1n con fichas de desaparecidos","author":"grieta","date":"26 marzo, 2023","format":false,"excerpt":"Miembros del colectivo de b\u00fasqueda Sabuesos Guerreras en compa\u00f1\u00eda de la Comisi\u00f3n Estatal de B\u00fasqueda y la Polic\u00eda Municipal realizaron la pega de fichas El colectivo Sabuesos Guerreras peg\u00f3 las fichas de sus familiares desaparecidos en el centro de la ciudad. Foto: Manuela Bustamante | El Sol de Sinaloa Manuela\u2026","rel":"","context":"En &quot;Desaparecidos en Sinaloa&quot;","block_context":{"text":"Desaparecidos en Sinaloa","link":"http:\/\/www.grieta.org.mx\/index.php\/category\/noticias-nacionales\/sinaloa\/desaparecidos-en-sinaloa\/"},"img":{"alt_text":"","src":"https:\/\/i0.wp.com\/www.grieta.org.mx\/wp-content\/uploads\/2023\/03\/crearan-registro-de-desaparecidos-en-sonora-sinaloa-y-durango-172202-1.jpeg?resize=350%2C200","width":350,"height":200,"srcset":"https:\/\/i0.wp.com\/www.grieta.org.mx\/wp-content\/uploads\/2023\/03\/crearan-registro-de-desaparecidos-en-sonora-sinaloa-y-durango-172202-1.jpeg?resize=350%2C200 1x, https:\/\/i0.wp.com\/www.grieta.org.mx\/wp-content\/uploads\/2023\/03\/crearan-registro-de-desaparecidos-en-sonora-sinaloa-y-durango-172202-1.jpeg?resize=525%2C300 1.5x, https:\/\/i0.wp.com\/www.grieta.org.mx\/wp-content\/uploads\/2023\/03\/crearan-registro-de-desaparecidos-en-sonora-sinaloa-y-durango-172202-1.jpeg?resize=700%2C400 2x"},"classes":[]},{"id":6752,"url":"http:\/\/www.grieta.org.mx\/index.php\/2015\/09\/26\/marchan-en-culiacan-por-los-43-de-ayotzinapa-y-los-mil-583-de-sinaloa\/","url_meta":{"origin":70199,"position":3},"title":"Marchan en Culiac\u00e1n por los 43 de Ayotzinapa y los mil 583 de Sinaloa","author":"grieta","date":"26 septiembre, 2015","format":false,"excerpt":"Marcos Vizcarra, Sinaloa. CULIAC\u00c1N._ Familiares de desaparecidos, defensores de derechos humanos y colectivos civiles iniciaron a marchar esta tarde desde la Lomita por los 43 de Ayotzinapa y los mil 583 de Sinaloa. El grupo Voces Unidas por la Vida, que aglutina 52 casos de desaparecidos del Estado, encabeza esta\u2026","rel":"","context":"En &quot;CINTILLO&quot;","block_context":{"text":"CINTILLO","link":"http:\/\/www.grieta.org.mx\/index.php\/category\/cintillo\/"},"img":{"alt_text":"","src":"https:\/\/i0.wp.com\/www.grieta.org.mx\/wp-content\/uploads\/2018\/03\/14524434_1106112876131411_958039263622046936_o.jpg?resize=350%2C200","width":350,"height":200,"srcset":"https:\/\/i0.wp.com\/www.grieta.org.mx\/wp-content\/uploads\/2018\/03\/14524434_1106112876131411_958039263622046936_o.jpg?resize=350%2C200 1x, https:\/\/i0.wp.com\/www.grieta.org.mx\/wp-content\/uploads\/2018\/03\/14524434_1106112876131411_958039263622046936_o.jpg?resize=525%2C300 1.5x, https:\/\/i0.wp.com\/www.grieta.org.mx\/wp-content\/uploads\/2018\/03\/14524434_1106112876131411_958039263622046936_o.jpg?resize=700%2C400 2x"},"classes":[]},{"id":56492,"url":"http:\/\/www.grieta.org.mx\/index.php\/2021\/01\/28\/agredieron-a-balazos-a-un-grupo-de-madres-que-busca-a-sus-hijos-desaparecidos-sinaloa\/","url_meta":{"origin":70199,"position":4},"title":"Agredieron a balazos a un grupo de madres que busca a sus hijos desaparecidos (Sinaloa)","author":"grieta","date":"28 enero, 2021","format":false,"excerpt":"INFOBAE CULIAC\u00c1N, SINALOA, 25ENERO2021.- El colectivo de buscadoras de desaparecidos en Sinaloa, Sabuesos Guerreras, fue agredida a balazos, despu\u00e9s de hallar restos humanos en una hacienda abandonada FOTO: JUAN CARLOS CRUZ\/CUARTOSCURO Un colectivo de madres rastreadoras de desaparecidos llamado \u201cSabuesos Guerreras\u201d fueron atacadas a balazos en\u00a0los alrededores de Culiacancito, en\u2026","rel":"","context":"En &quot;CINTILLO&quot;","block_context":{"text":"CINTILLO","link":"http:\/\/www.grieta.org.mx\/index.php\/category\/cintillo\/"},"img":{"alt_text":"","src":"https:\/\/i0.wp.com\/www.grieta.org.mx\/wp-content\/uploads\/2021\/01\/KACM34KTVVAVJIYFXFHVZ7UF7I.jpg?resize=350%2C200","width":350,"height":200,"srcset":"https:\/\/i0.wp.com\/www.grieta.org.mx\/wp-content\/uploads\/2021\/01\/KACM34KTVVAVJIYFXFHVZ7UF7I.jpg?resize=350%2C200 1x, https:\/\/i0.wp.com\/www.grieta.org.mx\/wp-content\/uploads\/2021\/01\/KACM34KTVVAVJIYFXFHVZ7UF7I.jpg?resize=525%2C300 1.5x, https:\/\/i0.wp.com\/www.grieta.org.mx\/wp-content\/uploads\/2021\/01\/KACM34KTVVAVJIYFXFHVZ7UF7I.jpg?resize=700%2C400 2x"},"classes":[]},{"id":25893,"url":"http:\/\/www.grieta.org.mx\/index.php\/2018\/08\/27\/familiares-de-desaparecidos-no-dejaran-de-exigir-justicia-sinaloa\/","url_meta":{"origin":70199,"position":5},"title":"Familiares de desaparecidos no dejar\u00e1n de exigir justicia (Sinaloa)","author":"grieta","date":"27 agosto, 2018","format":false,"excerpt":"Retrato de los 43 estudiantes desaparecidos de Ayotzinapa en la Plazuela \u00c1lvaro Obreg\u00f3n en Culiac\u00e1n, Sinaloa. | Foto: El Debate Al lugar acudieron cientos de familiares de personas desaparecidas en todo el estado Francisca Mart\u00ednez Culiac\u00e1n, Sinaloa.- Unidos por la angustia y el dolor cada 26 de cada mes, decenas\u2026","rel":"","context":"En &quot;CINTILLO&quot;","block_context":{"text":"CINTILLO","link":"http:\/\/www.grieta.org.mx\/index.php\/category\/cintillo\/"},"img":{"alt_text":"","src":"https:\/\/i0.wp.com\/www.grieta.org.mx\/wp-content\/uploads\/2018\/08\/ayotzi_desaparecidos.jpg_539665225.jpg?resize=350%2C200","width":350,"height":200,"srcset":"https:\/\/i0.wp.com\/www.grieta.org.mx\/wp-content\/uploads\/2018\/08\/ayotzi_desaparecidos.jpg_539665225.jpg?resize=350%2C200 1x, https:\/\/i0.wp.com\/www.grieta.org.mx\/wp-content\/uploads\/2018\/08\/ayotzi_desaparecidos.jpg_539665225.jpg?resize=525%2C300 1.5x"},"classes":[]}],"_links":{"self":[{"href":"http:\/\/www.grieta.org.mx\/index.php\/wp-json\/wp\/v2\/posts\/70199","targetHints":{"allow":["GET"]}}],"collection":[{"href":"http:\/\/www.grieta.org.mx\/index.php\/wp-json\/wp\/v2\/posts"}],"about":[{"href":"http:\/\/www.grieta.org.mx\/index.php\/wp-json\/wp\/v2\/types\/post"}],"author":[{"embeddable":true,"href":"http:\/\/www.grieta.org.mx\/index.php\/wp-json\/wp\/v2\/users\/2"}],"replies":[{"embeddable":true,"href":"http:\/\/www.grieta.org.mx\/index.php\/wp-json\/wp\/v2\/comments?post=70199"}],"version-history":[{"count":1,"href":"http:\/\/www.grieta.org.mx\/index.php\/wp-json\/wp\/v2\/posts\/70199\/revisions"}],"predecessor-version":[{"id":70201,"href":"http:\/\/www.grieta.org.mx\/index.php\/wp-json\/wp\/v2\/posts\/70199\/revisions\/70201"}],"wp:featuredmedia":[{"embeddable":true,"href":"http:\/\/www.grieta.org.mx\/index.php\/wp-json\/wp\/v2\/media\/70200"}],"wp:attachment":[{"href":"http:\/\/www.grieta.org.mx\/index.php\/wp-json\/wp\/v2\/media?parent=70199"}],"wp:term":[{"taxonomy":"category","embeddable":true,"href":"http:\/\/www.grieta.org.mx\/index.php\/wp-json\/wp\/v2\/categories?post=70199"},{"taxonomy":"post_tag","embeddable":true,"href":"http:\/\/www.grieta.org.mx\/index.php\/wp-json\/wp\/v2\/tags?post=70199"}],"curies":[{"name":"wp","href":"https:\/\/api.w.org\/{rel}","templated":true}]}}