{"id":70194,"date":"2024-10-20T08:41:22","date_gmt":"2024-10-20T14:41:22","guid":{"rendered":"https:\/\/www.grieta.org.mx\/?p=70194"},"modified":"2024-10-20T08:41:22","modified_gmt":"2024-10-20T14:41:22","slug":"madres-buscadoras-y-victimas-de-tortura-se-reunen-en-aguascalientes","status":"publish","type":"post","link":"http:\/\/www.grieta.org.mx\/index.php\/2024\/10\/20\/madres-buscadoras-y-victimas-de-tortura-se-reunen-en-aguascalientes\/","title":{"rendered":"Madres buscadoras y v\u00edctimas de tortura se re\u00fanen en Aguascalientes"},"content":{"rendered":"<p>Dulce Rodr\u00edguez\/Newsweek Espa\u00f1ol<br \/>\n15 octubre 2024<\/p>\n<p>El III Encuentro de Mujeres Buscadoras, Familiares de V\u00edctimas y Sobrevivientes de Tortura o Violencia Sexual comenz\u00f3 el 11 de octubre de 2024 en Aguascalientes. Este evento re\u00fane a 65 mujeres buscadoras, activistas y defensoras de derechos humanos de diferentes estados de M\u00e9xico, como Baja California, Guanajuato, Jalisco, Sonora, Michoac\u00e1n, Nuevo Le\u00f3n, Guerrero, Tamaulipas, Zacatecas y Aguascalientes.<\/p>\n<p>El encuentro tiene como objetivo crear un espacio de escucha, acompa\u00f1amiento, articulaci\u00f3n, incidencia y retroalimentaci\u00f3n para garantizar la seguridad, acceso a la verdad y justicia para las mujeres que luchan en el pa\u00eds. El evento es organizado por el Centro de Derechos Humanos Miguel Agust\u00edn Pro Ju\u00e1rez (Centro Prodh) y el Observatorio de Violencia Social y de G\u00e9nero de Aguascalientes.<\/p>\n<p>Entre las actividades destacadas se encuentra la toma de muestras para elaboraci\u00f3n de perfil gen\u00e9tico de m\u00e1s de 40 compa\u00f1eras buscadoras, facilitada por el Centro de Identificaci\u00f3n Humana de Jalisco. Esta acci\u00f3n se considera un gran logro en gesti\u00f3n e incidencia.<\/p>\n<p>Este encuentro re\u00fane no solo a madres buscadoras, sino tambi\u00e9n a activistas y defensoras de derechos humanos, v\u00edctimas indirectas de feminicidio, sobrevivientes de tortura y violencia sexual y defensoras de la tierra y el agua.<\/p>\n<p>Las actividades cuentan con la participaci\u00f3n de especialistas en derechos humanos que trabajan junto con la sociedad civil. El encuentro busca abordar la situaci\u00f3n de las mujeres buscadoras en M\u00e9xico, donde m\u00e1s de 20 han sido asesinadas y se han registrado desapariciones desde 2010, en un pa\u00eds que suma m\u00e1s de 115 mil personas desaparecidas.<\/p>\n<p><a href=\"https:\/\/newsweekespanol.com\/2024\/10\/15\/madres-buscadoras-y-victimas-de-tortura-se-reunen-en-aguascalientes\/\" rel=\"noopener\" target=\"_blank\"> https:\/\/newsweekespanol.com\/2024\/10\/15\/madres-buscadoras-y-victimas-de-tortura-se-reunen-en-aguascalientes\/<\/a><\/p>\n","protected":false},"excerpt":{"rendered":"<p>Dulce Rodr\u00edguez\/Newsweek Espa\u00f1ol 15 octubre 2024 El III Encuentro de Mujeres Buscadoras, Familiares de V\u00edctimas y Sobrevivientes de Tortura o Violencia Sexual comenz\u00f3 el 11 de octubre de 2024 en &hellip; <a href=\"http:\/\/www.grieta.org.mx\/index.php\/2024\/10\/20\/madres-buscadoras-y-victimas-de-tortura-se-reunen-en-aguascalientes\/\" class=\"more-link\">Leer m\u00e1s<\/a><\/p>\n","protected":false},"author":2,"featured_media":70195,"comment_status":"closed","ping_status":"closed","sticky":false,"template":"","format":"standard","meta":{"ngg_post_thumbnail":0,"_jetpack_newsletter_access":"","_jetpack_dont_email_post_to_subs":false,"_jetpack_newsletter_tier_id":0,"_jetpack_memberships_contains_paywalled_content":false,"_jetpack_memberships_contains_paid_content":false,"footnotes":""},"categories":[4,80,1189,1186,2,1938,2491],"tags":[2484,4220,3193,3152],"class_list":["post-70194","post","type-post","status-publish","format-standard","has-post-thumbnail","hentry","category-aguascalientes","category-cintillo","category-desaparecidos-en-aguascalientes","category-feminicidios-en-aguascalientes","category-noticias-nacionales","category-criminalizacion-del-derecho-a-decidir-en-aguascalientes","category-violencia-contra-las-mujeres-en-aguascalientes","tag-buscadoras","tag-centro-prodh","tag-lucha-contra-el-feminicidio","tag-observatorio-de-violencia-social-y-genero","entry"],"jetpack_featured_media_url":"http:\/\/www.grieta.org.mx\/wp-content\/uploads\/2024\/10\/WhatsApp-Image-2024-10-11-at-2.15.05-PM-1140x570-1.jpeg","jetpack_sharing_enabled":true,"jetpack_shortlink":"https:\/\/wp.me\/p7ZJR4-iga","jetpack_likes_enabled":false,"jetpack-related-posts":[{"id":11160,"url":"http:\/\/www.grieta.org.mx\/index.php\/2016\/05\/29\/movilizacion-contra-la-violencia-hacia-las-mujeres-en-aguascalientes\/","url_meta":{"origin":70194,"position":0},"title":"Movilizaci\u00f3n contra la violencia hacia las mujeres en Aguascalientes","author":"grieta","date":"29 mayo, 2016","format":false,"excerpt":"29\/05\/16. Edad promedio de mujeres ante primer acoso en Aguascalientes es de 14 a\u00f1os La Jornada Aguascalientes 24\/04\/16. Movilizaci\u00f3n en contra de las violencias machistas La Jornada Aguascalientes","rel":"","context":"En &quot;Aguascalientes&quot;","block_context":{"text":"Aguascalientes","link":"http:\/\/www.grieta.org.mx\/index.php\/category\/noticias-nacionales\/aguascalientes\/"},"img":{"alt_text":"","src":"https:\/\/i0.wp.com\/www.grieta.org.mx\/wp-content\/uploads\/2018\/03\/14524434_1106112876131411_958039263622046936_o.jpg?resize=350%2C200","width":350,"height":200,"srcset":"https:\/\/i0.wp.com\/www.grieta.org.mx\/wp-content\/uploads\/2018\/03\/14524434_1106112876131411_958039263622046936_o.jpg?resize=350%2C200 1x, https:\/\/i0.wp.com\/www.grieta.org.mx\/wp-content\/uploads\/2018\/03\/14524434_1106112876131411_958039263622046936_o.jpg?resize=525%2C300 1.5x, https:\/\/i0.wp.com\/www.grieta.org.mx\/wp-content\/uploads\/2018\/03\/14524434_1106112876131411_958039263622046936_o.jpg?resize=700%2C400 2x"},"classes":[]},{"id":40824,"url":"http:\/\/www.grieta.org.mx\/index.php\/2019\/10\/30\/en-aguascalientes-se-han-tipificado-hasta-septiembre-cuatro-feminicidios\/","url_meta":{"origin":70194,"position":1},"title":"EN AGUASCALIENTES SE HAN TIPIFICADO HASTA SEPTIEMBRE CUATRO FEMINICIDIOS","author":"grieta","date":"30 octubre, 2019","format":false,"excerpt":"Adrian Javier Flores Nieves\/La Jornada Aguascalientes 30 octubre 2019 Septiembre es el tercer mes consecutivo en el que se presenta un asesinato de esa \u00edndole este a\u00f1o, el otro ocurri\u00f3 en febrero En todo el pa\u00eds se reportaron 140,503 llamadas relacionadas con violencia contra la mujer, de la cuales 1,614\u2026","rel":"","context":"En &quot;Aguascalientes&quot;","block_context":{"text":"Aguascalientes","link":"http:\/\/www.grieta.org.mx\/index.php\/category\/noticias-nacionales\/aguascalientes\/"},"img":{"alt_text":"","src":"https:\/\/i0.wp.com\/www.grieta.org.mx\/wp-content\/uploads\/2019\/11\/feminicidio-GG.jpg?resize=350%2C200","width":350,"height":200,"srcset":"https:\/\/i0.wp.com\/www.grieta.org.mx\/wp-content\/uploads\/2019\/11\/feminicidio-GG.jpg?resize=350%2C200 1x, https:\/\/i0.wp.com\/www.grieta.org.mx\/wp-content\/uploads\/2019\/11\/feminicidio-GG.jpg?resize=525%2C300 1.5x"},"classes":[]},{"id":49876,"url":"http:\/\/www.grieta.org.mx\/index.php\/2020\/05\/26\/se-atendieron-132-llamadas-por-violencia-a-mujeres-en-aguascalientes-en-abril\/","url_meta":{"origin":70194,"position":2},"title":"Se atendieron 132 llamadas por violencia a mujeres en Aguascalientes en abril","author":"grieta","date":"26 mayo, 2020","format":false,"excerpt":"Alejandro Romo\/Newsweek Aguascalientes 26 mayo 2020 Foto: Pixabay Durante el periodo de contingencia sanitaria por el coronavirus Covid-19 en abril, el servicio de emergencias 911 report\u00f3 132 llamadas de mujeres que padecieron alg\u00fan tipo de violencia al interior de sus hogares, principalmente, seg\u00fan los datos del Secretariado Ejecutivo del Sistema\u2026","rel":"","context":"En &quot;Aguascalientes&quot;","block_context":{"text":"Aguascalientes","link":"http:\/\/www.grieta.org.mx\/index.php\/category\/noticias-nacionales\/aguascalientes\/"},"img":{"alt_text":"","src":"https:\/\/i0.wp.com\/www.grieta.org.mx\/wp-content\/uploads\/2020\/05\/violencia.-violaci%C3%B3n.jpg?resize=350%2C200","width":350,"height":200,"srcset":"https:\/\/i0.wp.com\/www.grieta.org.mx\/wp-content\/uploads\/2020\/05\/violencia.-violaci%C3%B3n.jpg?resize=350%2C200 1x, https:\/\/i0.wp.com\/www.grieta.org.mx\/wp-content\/uploads\/2020\/05\/violencia.-violaci%C3%B3n.jpg?resize=525%2C300 1.5x"},"classes":[]},{"id":46197,"url":"http:\/\/www.grieta.org.mx\/index.php\/2020\/03\/04\/mujeres-no-se-sienten-seguras-en-aguascalientes\/","url_meta":{"origin":70194,"position":3},"title":"Mujeres no se sienten seguras en Aguascalientes","author":"grieta","date":"4 marzo, 2020","format":false,"excerpt":"Alejandro Manrique\/Newsweek Aguascalientes 4 marzo 2020 Pocas mujeres se sienten seguras en Aguascalientes, seg\u00fan se pudo conocer durante un sondeo realizado por Newsweek Aguascalientes en la zona centro de la capital, de ah\u00ed que muchas se sientan identificadas con el movimiento del pr\u00f3ximo 9 de marzo. \u201cTodos los d\u00edas soy\u2026","rel":"","context":"En &quot;Aguascalientes&quot;","block_context":{"text":"Aguascalientes","link":"http:\/\/www.grieta.org.mx\/index.php\/category\/noticias-nacionales\/aguascalientes\/"},"img":{"alt_text":"","src":"https:\/\/i0.wp.com\/www.grieta.org.mx\/wp-content\/uploads\/2020\/03\/39953873854_278d855e09_c.jpg?resize=350%2C200","width":350,"height":200,"srcset":"https:\/\/i0.wp.com\/www.grieta.org.mx\/wp-content\/uploads\/2020\/03\/39953873854_278d855e09_c.jpg?resize=350%2C200 1x, https:\/\/i0.wp.com\/www.grieta.org.mx\/wp-content\/uploads\/2020\/03\/39953873854_278d855e09_c.jpg?resize=525%2C300 1.5x"},"classes":[]},{"id":43578,"url":"http:\/\/www.grieta.org.mx\/index.php\/2020\/01\/23\/aguascalientes-20-mil-casos-de-abuso-sexual-pero-no-se-investiga-ninguno\/","url_meta":{"origin":70194,"position":4},"title":"Aguascalientes: 20 mil casos de abuso sexual, pero no se investiga ninguno","author":"grieta","date":"23 enero, 2020","format":false,"excerpt":"Redacci\u00f3n\/La Silla Rota 23 enero 2020. En esta entidad, donde hay 672 mil 453 mujeres y 640 mil 91 hombres, son ellas las que vuelven a ser v\u00edctimas de violencia sexual y acoso. En Aguascalientes, un estado con un alto \u00cdndice de Desarrollo Humano, las agresiones contra las mujeres y\u2026","rel":"","context":"En &quot;Aguascalientes&quot;","block_context":{"text":"Aguascalientes","link":"http:\/\/www.grieta.org.mx\/index.php\/category\/noticias-nacionales\/aguascalientes\/"},"img":{"alt_text":"","src":"https:\/\/i0.wp.com\/www.grieta.org.mx\/wp-content\/uploads\/2020\/01\/mujeres-focus-min0.05-0.28-983-557.jpg?resize=350%2C200","width":350,"height":200,"srcset":"https:\/\/i0.wp.com\/www.grieta.org.mx\/wp-content\/uploads\/2020\/01\/mujeres-focus-min0.05-0.28-983-557.jpg?resize=350%2C200 1x, https:\/\/i0.wp.com\/www.grieta.org.mx\/wp-content\/uploads\/2020\/01\/mujeres-focus-min0.05-0.28-983-557.jpg?resize=525%2C300 1.5x, https:\/\/i0.wp.com\/www.grieta.org.mx\/wp-content\/uploads\/2020\/01\/mujeres-focus-min0.05-0.28-983-557.jpg?resize=700%2C400 2x"},"classes":[]},{"id":41865,"url":"http:\/\/www.grieta.org.mx\/index.php\/2019\/11\/26\/exige-comunidad-feminista-un-aguascalientes-libre-y-seguro\/","url_meta":{"origin":70194,"position":5},"title":"EXIGE COMUNIDAD FEMINISTA UN AGUASCALIENTES LIBRE Y SEGURO","author":"grieta","date":"26 noviembre, 2019","format":false,"excerpt":"Redacci\u00f3n\/La Jornada Aguascalientes 26 noviembre 2019 Este 25 de noviembre, la Comunidad Feminista de Aguascalientes llev\u00f3 a cabo una movilizaci\u00f3n con motivo del D\u00eda Internacional de la Eliminaci\u00f3n de la Violencia contra la Mujer \u201cEs alarmante que en pleno 2019 persista una falta de reconocimiento del Poder Judicial del Estado\u2026","rel":"","context":"En &quot;Aguascalientes&quot;","block_context":{"text":"Aguascalientes","link":"http:\/\/www.grieta.org.mx\/index.php\/category\/noticias-nacionales\/aguascalientes\/"},"img":{"alt_text":"","src":"https:\/\/i0.wp.com\/www.grieta.org.mx\/wp-content\/uploads\/2019\/12\/49125848797_fcaca72bb4_c.jpg?resize=350%2C200","width":350,"height":200,"srcset":"https:\/\/i0.wp.com\/www.grieta.org.mx\/wp-content\/uploads\/2019\/12\/49125848797_fcaca72bb4_c.jpg?resize=350%2C200 1x, https:\/\/i0.wp.com\/www.grieta.org.mx\/wp-content\/uploads\/2019\/12\/49125848797_fcaca72bb4_c.jpg?resize=525%2C300 1.5x, https:\/\/i0.wp.com\/www.grieta.org.mx\/wp-content\/uploads\/2019\/12\/49125848797_fcaca72bb4_c.jpg?resize=700%2C400 2x"},"classes":[]}],"_links":{"self":[{"href":"http:\/\/www.grieta.org.mx\/index.php\/wp-json\/wp\/v2\/posts\/70194","targetHints":{"allow":["GET"]}}],"collection":[{"href":"http:\/\/www.grieta.org.mx\/index.php\/wp-json\/wp\/v2\/posts"}],"about":[{"href":"http:\/\/www.grieta.org.mx\/index.php\/wp-json\/wp\/v2\/types\/post"}],"author":[{"embeddable":true,"href":"http:\/\/www.grieta.org.mx\/index.php\/wp-json\/wp\/v2\/users\/2"}],"replies":[{"embeddable":true,"href":"http:\/\/www.grieta.org.mx\/index.php\/wp-json\/wp\/v2\/comments?post=70194"}],"version-history":[{"count":1,"href":"http:\/\/www.grieta.org.mx\/index.php\/wp-json\/wp\/v2\/posts\/70194\/revisions"}],"predecessor-version":[{"id":70196,"href":"http:\/\/www.grieta.org.mx\/index.php\/wp-json\/wp\/v2\/posts\/70194\/revisions\/70196"}],"wp:featuredmedia":[{"embeddable":true,"href":"http:\/\/www.grieta.org.mx\/index.php\/wp-json\/wp\/v2\/media\/70195"}],"wp:attachment":[{"href":"http:\/\/www.grieta.org.mx\/index.php\/wp-json\/wp\/v2\/media?parent=70194"}],"wp:term":[{"taxonomy":"category","embeddable":true,"href":"http:\/\/www.grieta.org.mx\/index.php\/wp-json\/wp\/v2\/categories?post=70194"},{"taxonomy":"post_tag","embeddable":true,"href":"http:\/\/www.grieta.org.mx\/index.php\/wp-json\/wp\/v2\/tags?post=70194"}],"curies":[{"name":"wp","href":"https:\/\/api.w.org\/{rel}","templated":true}]}}