{"id":7018,"date":"2015-12-21T05:33:59","date_gmt":"2015-12-21T05:33:59","guid":{"rendered":"http:\/\/50.22.11.12\/~grietaor\/?p=7018"},"modified":"2016-03-29T05:36:05","modified_gmt":"2016-03-29T05:36:05","slug":"exigen-justicia-por-asesinatos-de-mujeres","status":"publish","type":"post","link":"http:\/\/www.grieta.org.mx\/index.php\/2015\/12\/21\/exigen-justicia-por-asesinatos-de-mujeres\/","title":{"rendered":"Exigen justicia por asesinatos de mujeres"},"content":{"rendered":"<p>Jorge G\u00f3mez, Ensenada B.C.<\/p>\n<p>Debido a lo que dicen es un repunte de asesinatos cometidos contra mujeres en la ciudad de Ensenada, miembros de organismos civiles realizaron una concentraci\u00f3n para exigir justicia y apoyo a los familiares de las v\u00edctimas, y tambi\u00e9n a exhortar a las autoridades a que se active la alerta de violencia de g\u00e9nero en la entidad.<\/p>\n<p>Dicha concentraci\u00f3n se llev\u00f3 a cabo en el Monumento a la Madre, en las Calles Obreg\u00f3n y Avenida Ju\u00e1rez, en la zona centro de la ciudad. Acudieron alrededor de 50 personas.<\/p>\n<p>Tadeo Meza, activista y organizador de esta concentraci\u00f3n, mencion\u00f3 que la estad\u00edstica en seis d\u00edas de tres mujeres asesinadas es preocupante, y que desde hace seis meses que solicitan dicha alerta, \u201cqueremos visibilizar el problema, queremos concientizar a la poblaci\u00f3n de Ensenada de todo este gran problema que nos interfiere a todos, absolutamente a todos, hombres, mujeres, no se trata de un problema de un solo g\u00e9nero\u201d, se\u00f1al\u00f3.<\/p>\n<p>Manuel Mariano representante de Colectivo Estudiantil Cimarrones, habl\u00f3 por el caso de Amairani Castro S\u00e1nchez quien estudiaba en UABC y de la nula respuesta por parte de la instituci\u00f3n. \u201cConsideramos que la problem\u00e1tica es mucho m\u00e1s grave de lo que se puede ver [\u2026] nos sorprende que la Universidad Aut\u00f3noma de Baja California mantenga un mutismo total ante el asesinato brutal de una de sus hijas, de unas de sus integrantes de la comunidad estudiantil de la universidad\u201d.<\/p>\n<p>Miram Cano, activista por los derechos de las mujeres, mencion\u00f3 que el Gobierno del Estado ha hecho caso omiso al llamado a cumplir con su obligaci\u00f3n de brindar seguridad a la poblaci\u00f3n, tambi\u00e9n advierte que \u201cha sido simulador\u201d en el tema de las recomendaciones sobre la violencia de g\u00e9nero, y que seg\u00fan el Estado cumpli\u00f3 con cabalidad, sin embargo no se han visto resultados.<\/p>\n<p>Durante la manifestaci\u00f3n se hicieron donaciones para algunas de las familias de las victimas, y a\u00fan sigue abierto el centro de acopio, lo que se necesita es lo de primera necesidad para ni\u00f1os de 1 y 3 a\u00f1os, el lugar donde se recopilar\u00e1 esto ser\u00e1 en el Foro Coincidir, ubicado en en Calle Iturbide entre las calles 8 y 9.<\/p>\n<p><a href=\"http:\/\/www.plexmx.info\/2015\/12\/21\/exigen-justicia-por-asesinatos-de-mujeres\/\" target=\"_blank\">www.plexmx.info\/2015\/12\/21\/exigen-justicia-por-asesinatos-de-mujeres\/<\/a><\/p>\n","protected":false},"excerpt":{"rendered":"<p>Jorge G\u00f3mez, Ensenada B.C. Debido a lo que dicen es un repunte de asesinatos cometidos contra mujeres en la ciudad de Ensenada, miembros de organismos civiles realizaron una concentraci\u00f3n para &hellip; <a href=\"http:\/\/www.grieta.org.mx\/index.php\/2015\/12\/21\/exigen-justicia-por-asesinatos-de-mujeres\/\" class=\"more-link\">Leer m\u00e1s<\/a><\/p>\n","protected":false},"author":2,"featured_media":21928,"comment_status":"closed","ping_status":"open","sticky":false,"template":"","format":"standard","meta":{"ngg_post_thumbnail":0,"_jetpack_newsletter_access":"","_jetpack_dont_email_post_to_subs":false,"_jetpack_newsletter_tier_id":0,"_jetpack_memberships_contains_paywalled_content":false,"_jetpack_memberships_contains_paid_content":false,"footnotes":""},"categories":[80],"tags":[81],"class_list":["post-7018","post","type-post","status-publish","format-standard","has-post-thumbnail","hentry","category-cintillo","tag-feminicidios","entry"],"jetpack_featured_media_url":"http:\/\/www.grieta.org.mx\/wp-content\/uploads\/2018\/03\/14524434_1106112876131411_958039263622046936_o.jpg","jetpack_sharing_enabled":true,"jetpack_shortlink":"https:\/\/wp.me\/p7ZJR4-1Pc","jetpack_likes_enabled":false,"jetpack-related-posts":[{"id":7012,"url":"http:\/\/www.grieta.org.mx\/index.php\/2016\/01\/06\/alto-al-feminicidio-exigen-en-ensenada\/","url_meta":{"origin":7018,"position":0},"title":"\u201c\u00a1Alto al feminicidio!\u201d, exigen en Ensenada","author":"grieta","date":"6 enero, 2016","format":false,"excerpt":"Javier Cruz, Ensenada, B.C. Con profunda indignaci\u00f3n por la creciente cantidad de asesinatos contra mujeres que se est\u00e1n cometiendo en Ensenada, por primera vez se realiz\u00f3 en este puerto una concentraci\u00f3n de ciudadanos y familiares de las v\u00edctimas para exigir justicia para las mujeres inmoladas. Con flores blancas en sus\u2026","rel":"","context":"En &quot;CINTILLO&quot;","block_context":{"text":"CINTILLO","link":"http:\/\/www.grieta.org.mx\/index.php\/category\/cintillo\/"},"img":{"alt_text":"","src":"https:\/\/i0.wp.com\/www.grieta.org.mx\/wp-content\/uploads\/2018\/03\/14524434_1106112876131411_958039263622046936_o.jpg?resize=350%2C200","width":350,"height":200,"srcset":"https:\/\/i0.wp.com\/www.grieta.org.mx\/wp-content\/uploads\/2018\/03\/14524434_1106112876131411_958039263622046936_o.jpg?resize=350%2C200 1x, https:\/\/i0.wp.com\/www.grieta.org.mx\/wp-content\/uploads\/2018\/03\/14524434_1106112876131411_958039263622046936_o.jpg?resize=525%2C300 1.5x, https:\/\/i0.wp.com\/www.grieta.org.mx\/wp-content\/uploads\/2018\/03\/14524434_1106112876131411_958039263622046936_o.jpg?resize=700%2C400 2x"},"classes":[]},{"id":57468,"url":"http:\/\/www.grieta.org.mx\/index.php\/2021\/03\/07\/pintan-consignas-feministas-en-casa-del-alcalde-de-ensenada-baja-california\/","url_meta":{"origin":7018,"position":1},"title":"Pintan consignas feministas en casa del Alcalde de Ensenada (Baja California)","author":"grieta","date":"7 marzo, 2021","format":false,"excerpt":"Lindero Norte \/ Jorge Heras. A horas de que inicien las protestas en el puerto de Ensenada por el D\u00eda Internacional de la Mujer, fueron pintadas varias consignas en la casa del Alcalde, Armando Ayala Robles. Las expresiones feministas fueron colocadas en el domicilio ubicado en la avenida Ryerson y\u2026","rel":"","context":"En &quot;Baja California&quot;","block_context":{"text":"Baja California","link":"http:\/\/www.grieta.org.mx\/index.php\/category\/noticias-nacionales\/baja-california\/"},"img":{"alt_text":"","src":"https:\/\/i0.wp.com\/www.grieta.org.mx\/wp-content\/uploads\/2018\/03\/14524434_1106112876131411_958039263622046936_o.jpg?resize=350%2C200","width":350,"height":200,"srcset":"https:\/\/i0.wp.com\/www.grieta.org.mx\/wp-content\/uploads\/2018\/03\/14524434_1106112876131411_958039263622046936_o.jpg?resize=350%2C200 1x, https:\/\/i0.wp.com\/www.grieta.org.mx\/wp-content\/uploads\/2018\/03\/14524434_1106112876131411_958039263622046936_o.jpg?resize=525%2C300 1.5x, https:\/\/i0.wp.com\/www.grieta.org.mx\/wp-content\/uploads\/2018\/03\/14524434_1106112876131411_958039263622046936_o.jpg?resize=700%2C400 2x"},"classes":[]},{"id":23197,"url":"http:\/\/www.grieta.org.mx\/index.php\/2018\/05\/17\/por-contaminacion-visual-ordenan-retirar-mantas-de-desaparecidos-en-ensenada-baja-california\/","url_meta":{"origin":7018,"position":2},"title":"Por &#8220;contaminaci\u00f3n visual&#8221;, ordenan retirar mantas de desaparecidos en Ensenada (Baja California)","author":"grieta","date":"17 mayo, 2018","format":false,"excerpt":"Por Redacci\u00f3n Ensenada, 17 de mayo.- Familiares de personas desaparecidas de Ensenada denunciaron que el alcalde, Marco Antonio Novelo, bajo el argumento de que son \"contaminaci\u00f3n visual\" y deben pagar por el espacio, orden\u00f3 retirar lonas con los rostros y datos de las v\u00edctimas que colocaron en puentes p\u00fablicos para\u2026","rel":"","context":"En &quot;Baja California&quot;","block_context":{"text":"Baja California","link":"http:\/\/www.grieta.org.mx\/index.php\/category\/noticias-nacionales\/baja-california\/"},"img":{"alt_text":"","src":"https:\/\/i0.wp.com\/www.grieta.org.mx\/wp-content\/uploads\/2018\/05\/mantas_0.png?resize=350%2C200","width":350,"height":200,"srcset":"https:\/\/i0.wp.com\/www.grieta.org.mx\/wp-content\/uploads\/2018\/05\/mantas_0.png?resize=350%2C200 1x, https:\/\/i0.wp.com\/www.grieta.org.mx\/wp-content\/uploads\/2018\/05\/mantas_0.png?resize=525%2C300 1.5x"},"classes":[]},{"id":36875,"url":"http:\/\/www.grieta.org.mx\/index.php\/2019\/07\/22\/han-asesinado-a-117-mujeres-en-baja-california-solo-8-han-sido-tipificados-como-feminicidios\/","url_meta":{"origin":7018,"position":3},"title":"Han asesinado a 117 mujeres en Baja California; s\u00f3lo 8 han sido tipificados como Feminicidios","author":"grieta","date":"22 julio, 2019","format":false,"excerpt":"Antonio Heras \/ Lindero Norte Mexicali.- Primero se escucharon detonaciones de arma de fuego, despu\u00e9s silencio. Los vecinos del fraccionamiento Los Encinas del puerto de Ensenada descubrieron el cuerpo sin vida de una mujer en la avenida Fresnos. Se encuentra sin ser reconocida, aunque se le identific\u00f3 en las estad\u00edsticas\u2026","rel":"","context":"En &quot;Baja California&quot;","block_context":{"text":"Baja California","link":"http:\/\/www.grieta.org.mx\/index.php\/category\/noticias-nacionales\/baja-california\/"},"img":{"alt_text":"","src":"https:\/\/i0.wp.com\/www.grieta.org.mx\/wp-content\/uploads\/2019\/07\/images-100-1.jpeg?resize=350%2C200","width":350,"height":200,"srcset":"https:\/\/i0.wp.com\/www.grieta.org.mx\/wp-content\/uploads\/2019\/07\/images-100-1.jpeg?resize=350%2C200 1x, https:\/\/i0.wp.com\/www.grieta.org.mx\/wp-content\/uploads\/2019\/07\/images-100-1.jpeg?resize=525%2C300 1.5x, https:\/\/i0.wp.com\/www.grieta.org.mx\/wp-content\/uploads\/2019\/07\/images-100-1.jpeg?resize=700%2C400 2x"},"classes":[]},{"id":56252,"url":"http:\/\/www.grieta.org.mx\/index.php\/2021\/01\/02\/reportan-en-ensenada-primer-asesinato-de-mujer-en-2021-victima-por-arma-de-fuego-baja-california\/","url_meta":{"origin":7018,"position":4},"title":"Reportan en Ensenada primer asesinato de mujer en 2021; v\u00edctima por arma de fuego (Baja California)","author":"grieta","date":"2 enero, 2021","format":false,"excerpt":"Lindero Norte \/ Antonio Heras. Mexicali.- Con disparos de arma de fuego fue asesinada la primer mujer en Baja California, conforme a un reporte polic\u00edaco. El reporte se\u00f1ala que a las 09:40 horas, se produjo un ataque armado en el ex ejido Ruiz Cortines del puerto de Ensenada. El cad\u00e1ver\u2026","rel":"","context":"En &quot;Baja California&quot;","block_context":{"text":"Baja California","link":"http:\/\/www.grieta.org.mx\/index.php\/category\/noticias-nacionales\/baja-california\/"},"img":{"alt_text":"","src":"https:\/\/i0.wp.com\/www.grieta.org.mx\/wp-content\/uploads\/2021\/01\/1-4.jpg?resize=350%2C200","width":350,"height":200,"srcset":"https:\/\/i0.wp.com\/www.grieta.org.mx\/wp-content\/uploads\/2021\/01\/1-4.jpg?resize=350%2C200 1x, https:\/\/i0.wp.com\/www.grieta.org.mx\/wp-content\/uploads\/2021\/01\/1-4.jpg?resize=525%2C300 1.5x, https:\/\/i0.wp.com\/www.grieta.org.mx\/wp-content\/uploads\/2021\/01\/1-4.jpg?resize=700%2C400 2x"},"classes":[]},{"id":7006,"url":"http:\/\/www.grieta.org.mx\/index.php\/2016\/05\/04\/feminicidios-en-baja-california\/","url_meta":{"origin":7018,"position":5},"title":"Feminicidios en Baja California","author":"grieta","date":"4 mayo, 2016","format":false,"excerpt":"Movilizaciones en contra de feminicidios 04\/05\/16. Hacen plant\u00f3n por muerte de Eneyda El Vig\u00eda 04\/05\/16. [VIDEO] Piden justicia para Eneyda Zeta 04\/05\/16. \"Ni una m\u00e1s\", advierten compa\u00f1eros de Eneyda La Jornada BC 06\/01\/16. \u201c\u00a1Alto al feminicidio!\u201d, exigen en Ensenada La Jornada BC 21\/12\/15. Exigen justicia por asesinatos de mujeres Plex\u2026","rel":"","context":"En &quot;Baja California&quot;","block_context":{"text":"Baja California","link":"http:\/\/www.grieta.org.mx\/index.php\/category\/noticias-nacionales\/baja-california\/"},"img":{"alt_text":"","src":"https:\/\/i0.wp.com\/www.grieta.org.mx\/wp-content\/uploads\/2018\/03\/14524434_1106112876131411_958039263622046936_o.jpg?resize=350%2C200","width":350,"height":200,"srcset":"https:\/\/i0.wp.com\/www.grieta.org.mx\/wp-content\/uploads\/2018\/03\/14524434_1106112876131411_958039263622046936_o.jpg?resize=350%2C200 1x, https:\/\/i0.wp.com\/www.grieta.org.mx\/wp-content\/uploads\/2018\/03\/14524434_1106112876131411_958039263622046936_o.jpg?resize=525%2C300 1.5x, https:\/\/i0.wp.com\/www.grieta.org.mx\/wp-content\/uploads\/2018\/03\/14524434_1106112876131411_958039263622046936_o.jpg?resize=700%2C400 2x"},"classes":[]}],"_links":{"self":[{"href":"http:\/\/www.grieta.org.mx\/index.php\/wp-json\/wp\/v2\/posts\/7018","targetHints":{"allow":["GET"]}}],"collection":[{"href":"http:\/\/www.grieta.org.mx\/index.php\/wp-json\/wp\/v2\/posts"}],"about":[{"href":"http:\/\/www.grieta.org.mx\/index.php\/wp-json\/wp\/v2\/types\/post"}],"author":[{"embeddable":true,"href":"http:\/\/www.grieta.org.mx\/index.php\/wp-json\/wp\/v2\/users\/2"}],"replies":[{"embeddable":true,"href":"http:\/\/www.grieta.org.mx\/index.php\/wp-json\/wp\/v2\/comments?post=7018"}],"version-history":[{"count":1,"href":"http:\/\/www.grieta.org.mx\/index.php\/wp-json\/wp\/v2\/posts\/7018\/revisions"}],"predecessor-version":[{"id":7028,"href":"http:\/\/www.grieta.org.mx\/index.php\/wp-json\/wp\/v2\/posts\/7018\/revisions\/7028"}],"wp:featuredmedia":[{"embeddable":true,"href":"http:\/\/www.grieta.org.mx\/index.php\/wp-json\/wp\/v2\/media\/21928"}],"wp:attachment":[{"href":"http:\/\/www.grieta.org.mx\/index.php\/wp-json\/wp\/v2\/media?parent=7018"}],"wp:term":[{"taxonomy":"category","embeddable":true,"href":"http:\/\/www.grieta.org.mx\/index.php\/wp-json\/wp\/v2\/categories?post=7018"},{"taxonomy":"post_tag","embeddable":true,"href":"http:\/\/www.grieta.org.mx\/index.php\/wp-json\/wp\/v2\/tags?post=7018"}],"curies":[{"name":"wp","href":"https:\/\/api.w.org\/{rel}","templated":true}]}}