{"id":70139,"date":"2024-10-11T23:35:09","date_gmt":"2024-10-12T05:35:09","guid":{"rendered":"https:\/\/www.grieta.org.mx\/?p=70139"},"modified":"2024-10-14T23:43:53","modified_gmt":"2024-10-15T05:43:53","slug":"policia-estatal-disuade-violentamente-protesta-pacifica-de-colectivo-verdad-memoria-y-justicia-en-chetumal-quintana-roo","status":"publish","type":"post","link":"http:\/\/www.grieta.org.mx\/index.php\/2024\/10\/11\/policia-estatal-disuade-violentamente-protesta-pacifica-de-colectivo-verdad-memoria-y-justicia-en-chetumal-quintana-roo\/","title":{"rendered":"Polic\u00eda estatal disuade violentamente protesta pac\u00edfica de colectivo Verdad, Memoria y Justicia en Chetumal (Quintana Roo)"},"content":{"rendered":"<p>Adriana Varillas \/ Estamos Aqu\u00ed<\/p>\n<p>11 de octubre\/ Canc\u00fan, Q. Roo.- Integrantes del colectivo \u201cVerdad, Memoria y Justicia\u201d, conformado por familiares de v\u00edctimas de desaparici\u00f3n, fueron violentamente reprimidas por polic\u00edas estatales cuando realizaban bloqueos intermitentes del acceso vial a Chetumal, a la altura de avenida Insurgentes, esta tarde.<\/p>\n<p>Las mujeres, v\u00edctimas indirectas del delito de desaparici\u00f3n exig\u00edan en la capital del estado que la Fiscal\u00eda General de Quintana Roo (FGE) rindiera cuentas sobre el desmantelamiento de un crematorio descubierto por el colectivo, que operaba de forma irregular o clandestina en el asentamiento irregular de Tres Reyes, en Canc\u00fan. En ese sitio fueron encontrados restos \u00f3seos de personas calcinadas.<\/p>\n<p>En Chetumal las madres buscadoras, provenientes de municipios como Oth\u00f3n P. Blanco, Bacalar y Felipe Carrillo Puerto, relataban las omisiones y dilaciones de la autoridad, en torno a la desaparici\u00f3n de sus hijos, algunos de ellos, trabajadores del Tren Maya, como Ricardo Ya\u00f1ez Casta\u00f1eda, de 31 a\u00f1os, quien el 15 de octubre cumplir\u00e1 un a\u00f1o m\u00e1s.<\/p>\n<p>Testimonios de participantes y diversos videos difundidos sobre los hechos, registrados entre las 13 y 15 horas de este viernes, dan cuenta del operativo implementado para disuadir a las manifestantes, quienes fueron videograbadas, hostigadas, insultadas y jaloneadas por agentes de polic\u00eda, entre quienes figuraban mujeres.<\/p>\n<p>El argumento de las autoridades fue que los bloqueos, a\u00fan siendo intermitentes, trastocaban el tr\u00e1nsito \u2013ya de por s\u00ed complicado por las obras del Tren Maya\u2013 afectando a la ciudadan\u00eda.<\/p>\n<p>Las mujeres manifestantes reportaron que hubo automovilistas que les aventaron el auto, lo mismo que motociclistas, y que presuntamente hubo polic\u00edas que advirtieron que no intervendr\u00edan para evitarlo.<\/p>\n<p>\u201cQue nos los avienten, porque si me matan, un favor me van a hacer, as\u00ed se acaba mi dolor. S\u00e9 que no voy a encontrar a mi hijo, pero se acaba mi dolor\u201d, dijo Mar\u00eda Soledad, entre l\u00e1grimas, al hablar de su familiar, desaparecido en Bacalar.<\/p>\n<p>En la acci\u00f3n pac\u00edfica se encontraba la fundadora del colectivo, \u201cVerdad, Memoria y Justicia\u201d, Romana Rivera, quien ante el arribo de la fuerza p\u00fablica se separ\u00f3 del contingente para entablar conversaciones con autoridades de la Fiscal\u00eda, momento en que la situaci\u00f3n se sali\u00f3 de control.<\/p>\n<p>Asistentes al lugar refirieron que hab\u00eda gente armada, vestida de civil, mezclada con elementos de la Guardia Nacional, de la Secretar\u00eda de Seguridad Ciudadana y de la propia FGE.<\/p>\n<p>Reporteros consultados que daban cobertura en el sitio informaron que la se\u00f1al telef\u00f3nica fue inhibida, que al igual que ocurri\u00f3 con las manifestantes fueron videograbados y fotografiados por autoridades y civiles, en un ambiente de fuerte tensi\u00f3n que carec\u00eda de garant\u00edas de seguridad para ejercer su labor.<\/p>\n<p>Los \u00e1nimos crecieron cuando un hombre fue sometido por polic\u00edas quienes lo arrastraron e intentaban cargarlo para llevarlo detenido, ante los esfuerzos de las madres buscadoras por impedirlo.<\/p>\n<p>\u201cEl g\u00fcero agredi\u00f3, igual que una polic\u00eda mujer, a las femeninas, al cual yo le digo que no tiene por qu\u00e9 tocar a las mujeres. Viene el polic\u00eda, rompe mi mochila, me avienta de espaldas, me agarra a patadas y me pega dos pu\u00f1etazos. Al polic\u00eda ahorita lo mencion\u00e9 y no fueron capaz (sic) de hacer nada, solamente porque dije que tienen miedo a los narcos, porque no hacen nada por defendernos al pueblo.<\/p>\n<p>\u201cPorque ellos tambi\u00e9n tienen hijos y va a llegar el momento en que van a tocar a su familia y la corporaci\u00f3n les va a dar la espalda. Eso fue lo que yo dije y me golpearon. Tengo libertad de expresarme con dolor, porque mi hijo est\u00e1 perdido. Ninguno tiene un hijo perdido, pero el d\u00eda que lo tenga, su propia corporaci\u00f3n les va a dar la espalda, lo que hoy est\u00e1n haciendo lo van a pagar a lo doble\u201d, expres\u00f3 el agredido.<\/p>\n<p><a href=\"https:\/\/estamosaqui.mx\/2024\/10\/11\/policia-estatal-disuade-violentamente-protesta-pacifica-de-colectivo-verdad-memoria-y-justicia-en-chetumal\/\" rel=\"noopener\" target=\"_blank\">https:\/\/estamosaqui.mx\/2024\/10\/11\/policia-estatal-disuade-violentamente-protesta-pacifica-de-colectivo-verdad-memoria-y-justicia-en-chetumal\/<\/a><\/p>\n","protected":false},"excerpt":{"rendered":"<p>Adriana Varillas \/ Estamos Aqu\u00ed 11 de octubre\/ Canc\u00fan, Q. Roo.- Integrantes del colectivo \u201cVerdad, Memoria y Justicia\u201d, conformado por familiares de v\u00edctimas de desaparici\u00f3n, fueron violentamente reprimidas por polic\u00edas &hellip; <a href=\"http:\/\/www.grieta.org.mx\/index.php\/2024\/10\/11\/policia-estatal-disuade-violentamente-protesta-pacifica-de-colectivo-verdad-memoria-y-justicia-en-chetumal-quintana-roo\/\" class=\"more-link\">Leer m\u00e1s<\/a><\/p>\n","protected":false},"author":2,"featured_media":70140,"comment_status":"closed","ping_status":"closed","sticky":false,"template":"","format":"standard","meta":{"ngg_post_thumbnail":0,"_jetpack_newsletter_access":"","_jetpack_dont_email_post_to_subs":false,"_jetpack_newsletter_tier_id":0,"_jetpack_memberships_contains_paywalled_content":false,"_jetpack_memberships_contains_paid_content":false,"footnotes":""},"categories":[2809,4213,80,2808,2,28],"tags":[3791,2484,3793],"class_list":["post-70139","post","type-post","status-publish","format-standard","has-post-thumbnail","hentry","category-abuso-policiaco-en-quintana-roo","category-acciones-por-desaparecidos","category-cintillo","category-desaparecidos-en-quintana-roo","category-noticias-nacionales","category-quintana-roo","tag-acciones-por-desaparecidos","tag-buscadoras","tag-represion-contra-familiares-de-desaparecidos","entry"],"jetpack_featured_media_url":"http:\/\/www.grieta.org.mx\/wp-content\/uploads\/2024\/10\/Represion-e1728970709926.jpg","jetpack_sharing_enabled":true,"jetpack_shortlink":"https:\/\/wp.me\/p7ZJR4-ifh","jetpack_likes_enabled":false,"jetpack-related-posts":[{"id":69534,"url":"http:\/\/www.grieta.org.mx\/index.php\/2024\/08\/30\/marchan-por-desaparecidos-en-cancun-y-chetumal-quintana-roo\/","url_meta":{"origin":70139,"position":0},"title":"Marchan por desaparecidos en Canc\u00fan y Chetumal (Quintana Roo)","author":"grieta","date":"30 agosto, 2024","format":false,"excerpt":"Noticaribe CANC\u00daN, MX.- Madres y otros familiares de personas desaparecidos marcharon hoy en Canc\u00fan y en Chetumal para conmemorar el D\u00eda de la B\u00fasqueda de Personas. En Canc\u00fan, dos colectivos, el \u201d Verdad y Justicia\u201d, as\u00ed como las \u201cMadres Buscadoras\u201d marcharon por separado rumbo al Palacio Municipal. Integrantes de \u201cVerdad,\u2026","rel":"","context":"En &quot;CINTILLO&quot;","block_context":{"text":"CINTILLO","link":"http:\/\/www.grieta.org.mx\/index.php\/category\/cintillo\/"},"img":{"alt_text":"","src":"https:\/\/i0.wp.com\/www.grieta.org.mx\/wp-content\/uploads\/2024\/08\/Marchan-e1725139943721.jpg?resize=350%2C200","width":350,"height":200,"srcset":"https:\/\/i0.wp.com\/www.grieta.org.mx\/wp-content\/uploads\/2024\/08\/Marchan-e1725139943721.jpg?resize=350%2C200 1x, https:\/\/i0.wp.com\/www.grieta.org.mx\/wp-content\/uploads\/2024\/08\/Marchan-e1725139943721.jpg?resize=525%2C300 1.5x, https:\/\/i0.wp.com\/www.grieta.org.mx\/wp-content\/uploads\/2024\/08\/Marchan-e1725139943721.jpg?resize=700%2C400 2x"},"classes":[]},{"id":69523,"url":"http:\/\/www.grieta.org.mx\/index.php\/2024\/08\/30\/denuncia-colectivo-verdad-memoria-y-justicia-alza-de-desaparecidos-en-quintana-roo-piden-a-autoridades-mas-acciones\/","url_meta":{"origin":70139,"position":1},"title":"Denuncia colectivo &#8216;Verdad, Memoria y Justicia&#8217; alza de desaparecidos en Quintana Roo; piden a autoridades m\u00e1s acciones","author":"grieta","date":"30 agosto, 2024","format":false,"excerpt":"Samanta Carrera \/ Noticaribe Canc\u00fan.- El colectivo \u201cVerdad, Memoria y Justicia'\u201d denunci\u00f3 esta tarde, mediante una conferencia de prensa, que ha aumentado de manera exponencial el n\u00famero de personas desaparecidas en Quintana Roo. En la sede de la Fiscal\u00eda General del Estado en Canc\u00fan Romana Rivera, representante de este colectivo,\u2026","rel":"","context":"En &quot;CINTILLO&quot;","block_context":{"text":"CINTILLO","link":"http:\/\/www.grieta.org.mx\/index.php\/category\/cintillo\/"},"img":{"alt_text":"","src":"https:\/\/i0.wp.com\/www.grieta.org.mx\/wp-content\/uploads\/2024\/08\/VerdadYJusticia-e1725137696985.jpg?resize=350%2C200","width":350,"height":200,"srcset":"https:\/\/i0.wp.com\/www.grieta.org.mx\/wp-content\/uploads\/2024\/08\/VerdadYJusticia-e1725137696985.jpg?resize=350%2C200 1x, https:\/\/i0.wp.com\/www.grieta.org.mx\/wp-content\/uploads\/2024\/08\/VerdadYJusticia-e1725137696985.jpg?resize=525%2C300 1.5x, https:\/\/i0.wp.com\/www.grieta.org.mx\/wp-content\/uploads\/2024\/08\/VerdadYJusticia-e1725137696985.jpg?resize=700%2C400 2x"},"classes":[]},{"id":68909,"url":"http:\/\/www.grieta.org.mx\/index.php\/2024\/04\/14\/al-menos-106-familias-buscan-a-un-ser-querido-desaparecido-en-q-roo\/","url_meta":{"origin":70139,"position":2},"title":"Al menos 106 familias buscan a un ser querido desaparecido en Q. Roo","author":"grieta","date":"14 abril, 2024","format":false,"excerpt":"Eduardo del Valle \/ Sipse Al menos 106 familiares de personas desaparecidas integran el colectivo Verdad, Memoria y Justicia, de los cuales ninguno ha encontrado con vida a sus parientes durante este 2024. Romana Rivero Ram\u00edrez, presidenta del colectivo, declar\u00f3 este a\u00f1o se han unido seis familias nuevas, cada una\u2026","rel":"","context":"En &quot;CINTILLO&quot;","block_context":{"text":"CINTILLO","link":"http:\/\/www.grieta.org.mx\/index.php\/category\/cintillo\/"},"img":{"alt_text":"","src":"https:\/\/i0.wp.com\/www.grieta.org.mx\/wp-content\/uploads\/2024\/05\/Desaparecidos3-e1715553945316.jpg?resize=350%2C200","width":350,"height":200,"srcset":"https:\/\/i0.wp.com\/www.grieta.org.mx\/wp-content\/uploads\/2024\/05\/Desaparecidos3-e1715553945316.jpg?resize=350%2C200 1x, https:\/\/i0.wp.com\/www.grieta.org.mx\/wp-content\/uploads\/2024\/05\/Desaparecidos3-e1715553945316.jpg?resize=525%2C300 1.5x, https:\/\/i0.wp.com\/www.grieta.org.mx\/wp-content\/uploads\/2024\/05\/Desaparecidos3-e1715553945316.jpg?resize=700%2C400 2x"},"classes":[]},{"id":70896,"url":"http:\/\/www.grieta.org.mx\/index.php\/2025\/01\/05\/continua-la-lucha-colectivo-madres-buscadoras-mantiene-planton-en-la-fge-exigiendo-justicia-quintana-roo\/","url_meta":{"origin":70139,"position":3},"title":"Contin\u00faa la Lucha; Colectivo Madres Buscadoras Mantiene Plant\u00f3n en la FGE Exigiendo Justicia  (Quintana Roo)","author":"grieta","date":"5 enero, 2025","format":false,"excerpt":"Antonio Brice\u00f1o \/ CAMBIO 22 Madres integrantes del colectivo demandan avances en las investigaciones por personas desaparecidas. A trav\u00e9s de pancartas y murales, protestan en las instalaciones de la Fiscal\u00eda General del Estado en Chetumal Chetumal, 5 de enero.- La noche del 4 de enero, el colectivo Madres Buscadoras de\u2026","rel":"","context":"En &quot;acciones por desaparecidos&quot;","block_context":{"text":"acciones por desaparecidos","link":"http:\/\/www.grieta.org.mx\/index.php\/category\/noticias-nacionales\/quintana-roo\/acciones-por-desaparecidos\/"},"img":{"alt_text":"","src":"https:\/\/i0.wp.com\/www.grieta.org.mx\/wp-content\/uploads\/2025\/01\/Buscadoras-e1737501396705.jpg?resize=350%2C200","width":350,"height":200,"srcset":"https:\/\/i0.wp.com\/www.grieta.org.mx\/wp-content\/uploads\/2025\/01\/Buscadoras-e1737501396705.jpg?resize=350%2C200 1x, https:\/\/i0.wp.com\/www.grieta.org.mx\/wp-content\/uploads\/2025\/01\/Buscadoras-e1737501396705.jpg?resize=525%2C300 1.5x, https:\/\/i0.wp.com\/www.grieta.org.mx\/wp-content\/uploads\/2025\/01\/Buscadoras-e1737501396705.jpg?resize=700%2C400 2x"},"classes":[]},{"id":68717,"url":"http:\/\/www.grieta.org.mx\/index.php\/2024\/03\/21\/madres-de-personas-desaparecidas-convocan-a-sociedad-a-sumarse-a-jornada-nacional-de-busqueda-y-concentracion-pacifica-quintana-roo\/","url_meta":{"origin":70139,"position":4},"title":"Madres de personas desaparecidas convocan a sociedad a sumarse a Jornada Nacional de B\u00fasqueda y concentraci\u00f3n pac\u00edfica (Quintana Roo)","author":"grieta","date":"21 marzo, 2024","format":false,"excerpt":"Adriana Varillas \/ Estamos Aqu\u00ed 21 de marzo\/ Canc\u00fan, Q. Roo.- Colectivos de familiares de personas desaparecidas en Quintana Roo, convocaron a los movimientos feministas, a las y los defensores de derechos humanos, de la Tierra y del territorio, de las disidencias sexuales, a las expresiones religiosas, a la academia,\u2026","rel":"","context":"En &quot;CINTILLO&quot;","block_context":{"text":"CINTILLO","link":"http:\/\/www.grieta.org.mx\/index.php\/category\/cintillo\/"},"img":{"alt_text":"","src":"https:\/\/i0.wp.com\/www.grieta.org.mx\/wp-content\/uploads\/2024\/03\/MadresBuscadoras-e1711914841303.jpg?resize=350%2C200","width":350,"height":200,"srcset":"https:\/\/i0.wp.com\/www.grieta.org.mx\/wp-content\/uploads\/2024\/03\/MadresBuscadoras-e1711914841303.jpg?resize=350%2C200 1x, https:\/\/i0.wp.com\/www.grieta.org.mx\/wp-content\/uploads\/2024\/03\/MadresBuscadoras-e1711914841303.jpg?resize=525%2C300 1.5x, https:\/\/i0.wp.com\/www.grieta.org.mx\/wp-content\/uploads\/2024\/03\/MadresBuscadoras-e1711914841303.jpg?resize=700%2C400 2x"},"classes":[]},{"id":72356,"url":"http:\/\/www.grieta.org.mx\/index.php\/2025\/10\/02\/marchan-en-cancun-por-desapariciones-en-memoria-de-la-masacre-de-tlatelolco-quintana-roo\/","url_meta":{"origin":70139,"position":5},"title":"Marchan en Canc\u00fan por desapariciones en memoria de la Masacre de Tlatelolco (Quintana Roo)","author":"grieta","date":"2 octubre, 2025","format":false,"excerpt":"Noticaribe CANC\u00daN, MX.\u2013 En silencio y con una cinta en la boca con la palabra \u201cjusticia\u201d, integrantes del colectivo Verdad, Memoria y Justicia y otras organizaciones marcharon este jueves desde la Plaza de la Reforma hasta la Fiscal\u00eda Especializada en Desaparici\u00f3n de Personas, sobre la avenida Cob\u00e1, para denunciar impunidad\u2026","rel":"","context":"En &quot;acciones por desaparecidos&quot;","block_context":{"text":"acciones por desaparecidos","link":"http:\/\/www.grieta.org.mx\/index.php\/category\/noticias-nacionales\/quintana-roo\/acciones-por-desaparecidos\/"},"img":{"alt_text":"","src":"https:\/\/i0.wp.com\/www.grieta.org.mx\/wp-content\/uploads\/2025\/10\/Cancun-e1760221982314.jpg?resize=350%2C200","width":350,"height":200,"srcset":"https:\/\/i0.wp.com\/www.grieta.org.mx\/wp-content\/uploads\/2025\/10\/Cancun-e1760221982314.jpg?resize=350%2C200 1x, https:\/\/i0.wp.com\/www.grieta.org.mx\/wp-content\/uploads\/2025\/10\/Cancun-e1760221982314.jpg?resize=525%2C300 1.5x, https:\/\/i0.wp.com\/www.grieta.org.mx\/wp-content\/uploads\/2025\/10\/Cancun-e1760221982314.jpg?resize=700%2C400 2x"},"classes":[]}],"_links":{"self":[{"href":"http:\/\/www.grieta.org.mx\/index.php\/wp-json\/wp\/v2\/posts\/70139","targetHints":{"allow":["GET"]}}],"collection":[{"href":"http:\/\/www.grieta.org.mx\/index.php\/wp-json\/wp\/v2\/posts"}],"about":[{"href":"http:\/\/www.grieta.org.mx\/index.php\/wp-json\/wp\/v2\/types\/post"}],"author":[{"embeddable":true,"href":"http:\/\/www.grieta.org.mx\/index.php\/wp-json\/wp\/v2\/users\/2"}],"replies":[{"embeddable":true,"href":"http:\/\/www.grieta.org.mx\/index.php\/wp-json\/wp\/v2\/comments?post=70139"}],"version-history":[{"count":1,"href":"http:\/\/www.grieta.org.mx\/index.php\/wp-json\/wp\/v2\/posts\/70139\/revisions"}],"predecessor-version":[{"id":70141,"href":"http:\/\/www.grieta.org.mx\/index.php\/wp-json\/wp\/v2\/posts\/70139\/revisions\/70141"}],"wp:featuredmedia":[{"embeddable":true,"href":"http:\/\/www.grieta.org.mx\/index.php\/wp-json\/wp\/v2\/media\/70140"}],"wp:attachment":[{"href":"http:\/\/www.grieta.org.mx\/index.php\/wp-json\/wp\/v2\/media?parent=70139"}],"wp:term":[{"taxonomy":"category","embeddable":true,"href":"http:\/\/www.grieta.org.mx\/index.php\/wp-json\/wp\/v2\/categories?post=70139"},{"taxonomy":"post_tag","embeddable":true,"href":"http:\/\/www.grieta.org.mx\/index.php\/wp-json\/wp\/v2\/tags?post=70139"}],"curies":[{"name":"wp","href":"https:\/\/api.w.org\/{rel}","templated":true}]}}