{"id":7013,"date":"2015-10-14T05:31:07","date_gmt":"2015-10-14T05:31:07","guid":{"rendered":"http:\/\/50.22.11.12\/~grietaor\/?p=7013"},"modified":"2016-03-29T05:33:04","modified_gmt":"2016-03-29T05:33:04","slug":"construiran-dos-termoelectricas-en-sinaloa-con-1200-mdd","status":"publish","type":"post","link":"http:\/\/www.grieta.org.mx\/index.php\/2015\/10\/14\/construiran-dos-termoelectricas-en-sinaloa-con-1200-mdd\/","title":{"rendered":"Construir\u00e1n dos termoel\u00e9ctricas en Sinaloa con 1,200 mdd"},"content":{"rendered":"<p>Irene S\u00e1nchez, Sinaloa<\/p>\n<p>Mazatl\u00e1n, Sin., Sinaloa contar\u00e1 con dos termoel\u00e9ctricas m\u00e1s que se construir\u00e1n en Topolobampo, con una inversi\u00f3n de mil 200 millones de d\u00f3lares, adem\u00e1s de otra en Mazatl\u00e1n y una m\u00e1s en Ahome, que ser\u00e1n reconvertidas a ciclo combinado, con una inversi\u00f3n de 70 millones de d\u00f3lares, para que dejen de usar combust\u00f3leo di\u00e9sel y pasen a emplear gas natural, anunci\u00f3 el secretario de Energ\u00eda, Pedro Joaqu\u00edn Coldwell.<\/p>\n<p>El funcionario asisti\u00f3 a dar el banderazo final de la obra de transporte y suministro de gas natural norte- noroeste, sobre la entrada a la planta termoel\u00e9ctrica, denominado Proyecto Oro, con lo que se concluye el tendido de tubos.<\/p>\n<p>La directora general de Transcanaval, Lorena Paterson, que dirigi\u00f3 la operaci\u00f3n del programa del gasoducto, indic\u00f3 que las obras comenzaron en 2012, y ahora los ductos recorren todo el territorio de la entidad y se conectan con otro segmento del estado de Chihuahua, que se realiz\u00f3 con la colaboraci\u00f3n del gobierno de Sinaloa, de la Secretar\u00eda de Energ\u00eda, la Comisi\u00f3n Federal de Electricidad y las comunidades por donde atravesaron los ductos.<\/p>\n<p>En conferencia de prensa, el funcionario federal destac\u00f3 el beneficio del gas natural que emplear\u00e1n las termoel\u00e9ctricas, con lo que se reducir\u00e1n hasta en 70 por ciento las emisiones de efecto invernadero adem\u00e1s de que ser\u00e1 menos costoso y contaminante generar electricidad. Explic\u00f3 que de las dos termoel\u00e9ctricas nuevas, la primera, Topo 1 ya se licita, y en noviembre se har\u00e1 la Topo 2.<\/p>\n<p><a href=\"http:\/\/www.jornada.unam.mx\/2015\/10\/14\/economia\/023n4eco\" target=\"_blank\">www.jornada.unam.mx\/2015\/10\/14\/economia\/023n4eco<\/a><\/p>\n","protected":false},"excerpt":{"rendered":"<p>Irene S\u00e1nchez, Sinaloa Mazatl\u00e1n, Sin., Sinaloa contar\u00e1 con dos termoel\u00e9ctricas m\u00e1s que se construir\u00e1n en Topolobampo, con una inversi\u00f3n de mil 200 millones de d\u00f3lares, adem\u00e1s de otra en Mazatl\u00e1n &hellip; <a href=\"http:\/\/www.grieta.org.mx\/index.php\/2015\/10\/14\/construiran-dos-termoelectricas-en-sinaloa-con-1200-mdd\/\" class=\"more-link\">Leer m\u00e1s<\/a><\/p>\n","protected":false},"author":2,"featured_media":21928,"comment_status":"closed","ping_status":"open","sticky":false,"template":"","format":"standard","meta":{"ngg_post_thumbnail":0,"_jetpack_newsletter_access":"","_jetpack_dont_email_post_to_subs":false,"_jetpack_newsletter_tier_id":0,"_jetpack_memberships_contains_paywalled_content":false,"_jetpack_memberships_contains_paid_content":false,"footnotes":""},"categories":[80,164],"tags":[350,96,428],"class_list":["post-7013","post","type-post","status-publish","format-standard","has-post-thumbnail","hentry","category-cintillo","category-sinaloa","tag-gasoducto","tag-megaproyectos","tag-termoelectrica","entry"],"jetpack_featured_media_url":"http:\/\/www.grieta.org.mx\/wp-content\/uploads\/2018\/03\/14524434_1106112876131411_958039263622046936_o.jpg","jetpack_sharing_enabled":true,"jetpack_shortlink":"https:\/\/wp.me\/p7ZJR4-1P7","jetpack_likes_enabled":false,"jetpack-related-posts":[{"id":7017,"url":"http:\/\/www.grieta.org.mx\/index.php\/2015\/10\/14\/termoelectricas-en-sinaloa\/","url_meta":{"origin":7013,"position":0},"title":"Termoel\u00e9ctricas en Sinaloa","author":"grieta","date":"14 octubre, 2015","format":false,"excerpt":"14\/10\/15. Construir\u00e1n dos termoel\u00e9ctricas en Sinaloa con 1,200 mdd La Jornada","rel":"","context":"En &quot;Hidrocarburos&quot;","block_context":{"text":"Hidrocarburos","link":"http:\/\/www.grieta.org.mx\/index.php\/category\/megaproyectos\/hidrocarburos\/"},"img":{"alt_text":"","src":"https:\/\/i0.wp.com\/www.grieta.org.mx\/wp-content\/uploads\/2018\/03\/14524434_1106112876131411_958039263622046936_o.jpg?resize=350%2C200","width":350,"height":200,"srcset":"https:\/\/i0.wp.com\/www.grieta.org.mx\/wp-content\/uploads\/2018\/03\/14524434_1106112876131411_958039263622046936_o.jpg?resize=350%2C200 1x, https:\/\/i0.wp.com\/www.grieta.org.mx\/wp-content\/uploads\/2018\/03\/14524434_1106112876131411_958039263622046936_o.jpg?resize=525%2C300 1.5x, https:\/\/i0.wp.com\/www.grieta.org.mx\/wp-content\/uploads\/2018\/03\/14524434_1106112876131411_958039263622046936_o.jpg?resize=700%2C400 2x"},"classes":[]},{"id":31033,"url":"http:\/\/www.grieta.org.mx\/index.php\/2019\/03\/22\/rastreadoras-hallan-nueva-fosa-clandestina-en-mazatlan-sinaloa\/","url_meta":{"origin":7013,"position":1},"title":"Rastreadoras hallan nueva fosa clandestina en Mazatl\u00e1n (Sinaloa)","author":"grieta","date":"22 marzo, 2019","format":false,"excerpt":"Los trabajos se realizan cerca de la termoel\u00e9ctrica en El Castillo; se han encontrado dos cuerpos Redacci\u00f3n \/ Noroeste MAZATL\u00c1N._ El colectivo de rastreadoras \"Tesoros perdidos hasta encontrarlos\" localiz\u00f3 este viernes una fosa clandestina con dos cuerpos en el Ejido El Castillo, en las inmediaciones de la planta termoel\u00e9ctrica Jos\u00e9\u2026","rel":"","context":"En &quot;CINTILLO&quot;","block_context":{"text":"CINTILLO","link":"http:\/\/www.grieta.org.mx\/index.php\/category\/cintillo\/"},"img":{"alt_text":"","src":"https:\/\/i0.wp.com\/www.grieta.org.mx\/wp-content\/uploads\/2019\/03\/WhatsApp_Image_2019_03_22_at_13_02_42-258036.jpeg?resize=350%2C200","width":350,"height":200,"srcset":"https:\/\/i0.wp.com\/www.grieta.org.mx\/wp-content\/uploads\/2019\/03\/WhatsApp_Image_2019_03_22_at_13_02_42-258036.jpeg?resize=350%2C200 1x, https:\/\/i0.wp.com\/www.grieta.org.mx\/wp-content\/uploads\/2019\/03\/WhatsApp_Image_2019_03_22_at_13_02_42-258036.jpeg?resize=525%2C300 1.5x, https:\/\/i0.wp.com\/www.grieta.org.mx\/wp-content\/uploads\/2019\/03\/WhatsApp_Image_2019_03_22_at_13_02_42-258036.jpeg?resize=700%2C400 2x, https:\/\/i0.wp.com\/www.grieta.org.mx\/wp-content\/uploads\/2019\/03\/WhatsApp_Image_2019_03_22_at_13_02_42-258036.jpeg?resize=1050%2C600 3x, https:\/\/i0.wp.com\/www.grieta.org.mx\/wp-content\/uploads\/2019\/03\/WhatsApp_Image_2019_03_22_at_13_02_42-258036.jpeg?resize=1400%2C800 4x"},"classes":[]},{"id":19666,"url":"http:\/\/www.grieta.org.mx\/index.php\/2016\/08\/14\/en-manos-de-mineras-al-menos-el-19-del-territorio-estatal-sinaloa\/","url_meta":{"origin":7013,"position":2},"title":"En manos de mineras al menos el 19% del territorio estatal (Sinaloa)","author":"grieta","date":"14 agosto, 2016","format":false,"excerpt":"Sinaloa es tercer lugar en atracci\u00f3n de proyectos de exploraci\u00f3n minera en el pa\u00eds Mazatl\u00e1n, Sinaloa.- Sinaloa tiene un elevado potencial para que en sus tierras se detone la miner\u00eda. Actualmente, en el estado hay registrados al menos 12 grandes proyectos mineros, que abarcan de norte a sur todo el\u2026","rel":"","context":"En &quot;CINTILLO&quot;","block_context":{"text":"CINTILLO","link":"http:\/\/www.grieta.org.mx\/index.php\/category\/cintillo\/"},"img":{"alt_text":"","src":"https:\/\/i0.wp.com\/www.grieta.org.mx\/wp-content\/uploads\/2018\/03\/14524434_1106112876131411_958039263622046936_o.jpg?resize=350%2C200","width":350,"height":200,"srcset":"https:\/\/i0.wp.com\/www.grieta.org.mx\/wp-content\/uploads\/2018\/03\/14524434_1106112876131411_958039263622046936_o.jpg?resize=350%2C200 1x, https:\/\/i0.wp.com\/www.grieta.org.mx\/wp-content\/uploads\/2018\/03\/14524434_1106112876131411_958039263622046936_o.jpg?resize=525%2C300 1.5x, https:\/\/i0.wp.com\/www.grieta.org.mx\/wp-content\/uploads\/2018\/03\/14524434_1106112876131411_958039263622046936_o.jpg?resize=700%2C400 2x"},"classes":[]},{"id":10113,"url":"http:\/\/www.grieta.org.mx\/index.php\/2016\/04\/07\/sinaloa-ve-solucion-a-conflicto-del-gasoducto\/","url_meta":{"origin":7013,"position":3},"title":"Sinaloa ve soluci\u00f3n a conflicto del gasoducto","author":"grieta","date":"7 abril, 2016","format":false,"excerpt":"Javier Vega, Sinaloa. Choix, Sinaloa.- Los problemas que retrasaron la instalaci\u00f3n del gasoducto en Los Pozos y El Descanso, Choix, est\u00e1n a punto de resolverse y con esto se tiene plena confianza en que las obras se reanuden y se cumpla con la fecha marcada para la llegada del gas\u2026","rel":"","context":"En &quot;CINTILLO&quot;","block_context":{"text":"CINTILLO","link":"http:\/\/www.grieta.org.mx\/index.php\/category\/cintillo\/"},"img":{"alt_text":"","src":"https:\/\/i0.wp.com\/www.grieta.org.mx\/wp-content\/uploads\/2018\/03\/14524434_1106112876131411_958039263622046936_o.jpg?resize=350%2C200","width":350,"height":200,"srcset":"https:\/\/i0.wp.com\/www.grieta.org.mx\/wp-content\/uploads\/2018\/03\/14524434_1106112876131411_958039263622046936_o.jpg?resize=350%2C200 1x, https:\/\/i0.wp.com\/www.grieta.org.mx\/wp-content\/uploads\/2018\/03\/14524434_1106112876131411_958039263622046936_o.jpg?resize=525%2C300 1.5x, https:\/\/i0.wp.com\/www.grieta.org.mx\/wp-content\/uploads\/2018\/03\/14524434_1106112876131411_958039263622046936_o.jpg?resize=700%2C400 2x"},"classes":[]},{"id":45856,"url":"http:\/\/www.grieta.org.mx\/index.php\/2020\/03\/10\/galeria-de-fotos-del-dia-internacional-de-la-mujer-en-mazatlan-sinaloa\/","url_meta":{"origin":7013,"position":4},"title":"Galer\u00eda de fotos del d\u00eda Internacional de la Mujer en Mazatl\u00e1n, Sinaloa","author":"Admin","date":"10 marzo, 2020","format":false,"excerpt":"Colectivo Grieta D\u00eda internacional de la mujer. Actividad: Bocina informativa, manta, cartulinas con informaci\u00f3n y mesa con nuestra de nuestro proyecto econ\u00f3mico (toallas ecol\u00f3gicas) y repartimos mo\u00f1os negros Lugar: Mazatl\u00e1n, Sinaloa De: Colectivo Sirenas en Resistencia perteneciente a la Red de Resistencia y Rebeld\u00eda","rel":"","context":"En &quot;CINTILLO&quot;","block_context":{"text":"CINTILLO","link":"http:\/\/www.grieta.org.mx\/index.php\/category\/cintillo\/"},"img":{"alt_text":"","src":"https:\/\/i0.wp.com\/www.grieta.org.mx\/wp-content\/uploads\/2020\/03\/IMG_20200308_103031.jpg?resize=350%2C200","width":350,"height":200,"srcset":"https:\/\/i0.wp.com\/www.grieta.org.mx\/wp-content\/uploads\/2020\/03\/IMG_20200308_103031.jpg?resize=350%2C200 1x, https:\/\/i0.wp.com\/www.grieta.org.mx\/wp-content\/uploads\/2020\/03\/IMG_20200308_103031.jpg?resize=525%2C300 1.5x, https:\/\/i0.wp.com\/www.grieta.org.mx\/wp-content\/uploads\/2020\/03\/IMG_20200308_103031.jpg?resize=700%2C400 2x, https:\/\/i0.wp.com\/www.grieta.org.mx\/wp-content\/uploads\/2020\/03\/IMG_20200308_103031.jpg?resize=1050%2C600 3x, https:\/\/i0.wp.com\/www.grieta.org.mx\/wp-content\/uploads\/2020\/03\/IMG_20200308_103031.jpg?resize=1400%2C800 4x"},"classes":[]},{"id":31703,"url":"http:\/\/www.grieta.org.mx\/index.php\/2019\/03\/28\/lo-que-sabemos-del-gasoducto-a-las-faldas-del-popocatepetl\/","url_meta":{"origin":7013,"position":5},"title":"Lo que sabemos del gasoducto a las faldas del Popocat\u00e9petl","author":"grieta","date":"28 marzo, 2019","format":false,"excerpt":"Carolina Garc\u00eda \/ El Universal El Proyecto Integral Morelos (PIM) consiste en la construcci\u00f3n de dos termoel\u00e9ctricas de ciclo combinado de 622 megawatts en la comunidad de Huexca, un gasoducto de 160 km de longitud y 30 pulgadas de di\u00e1metro (con capacidad para transportar diariamente 9 mil millones de litros\u2026","rel":"","context":"En &quot;10. Huexca&quot;","block_context":{"text":"10. Huexca","link":"http:\/\/www.grieta.org.mx\/index.php\/category\/espejos-de-la-resistencia\/10-huexca\/"},"img":{"alt_text":"","src":"https:\/\/i0.wp.com\/www.grieta.org.mx\/wp-content\/uploads\/2019\/04\/direct-4.jpg?resize=350%2C200","width":350,"height":200,"srcset":"https:\/\/i0.wp.com\/www.grieta.org.mx\/wp-content\/uploads\/2019\/04\/direct-4.jpg?resize=350%2C200 1x, https:\/\/i0.wp.com\/www.grieta.org.mx\/wp-content\/uploads\/2019\/04\/direct-4.jpg?resize=525%2C300 1.5x"},"classes":[]}],"_links":{"self":[{"href":"http:\/\/www.grieta.org.mx\/index.php\/wp-json\/wp\/v2\/posts\/7013","targetHints":{"allow":["GET"]}}],"collection":[{"href":"http:\/\/www.grieta.org.mx\/index.php\/wp-json\/wp\/v2\/posts"}],"about":[{"href":"http:\/\/www.grieta.org.mx\/index.php\/wp-json\/wp\/v2\/types\/post"}],"author":[{"embeddable":true,"href":"http:\/\/www.grieta.org.mx\/index.php\/wp-json\/wp\/v2\/users\/2"}],"replies":[{"embeddable":true,"href":"http:\/\/www.grieta.org.mx\/index.php\/wp-json\/wp\/v2\/comments?post=7013"}],"version-history":[{"count":1,"href":"http:\/\/www.grieta.org.mx\/index.php\/wp-json\/wp\/v2\/posts\/7013\/revisions"}],"predecessor-version":[{"id":7016,"href":"http:\/\/www.grieta.org.mx\/index.php\/wp-json\/wp\/v2\/posts\/7013\/revisions\/7016"}],"wp:featuredmedia":[{"embeddable":true,"href":"http:\/\/www.grieta.org.mx\/index.php\/wp-json\/wp\/v2\/media\/21928"}],"wp:attachment":[{"href":"http:\/\/www.grieta.org.mx\/index.php\/wp-json\/wp\/v2\/media?parent=7013"}],"wp:term":[{"taxonomy":"category","embeddable":true,"href":"http:\/\/www.grieta.org.mx\/index.php\/wp-json\/wp\/v2\/categories?post=7013"},{"taxonomy":"post_tag","embeddable":true,"href":"http:\/\/www.grieta.org.mx\/index.php\/wp-json\/wp\/v2\/tags?post=7013"}],"curies":[{"name":"wp","href":"https:\/\/api.w.org\/{rel}","templated":true}]}}