{"id":7012,"date":"2016-01-06T05:30:50","date_gmt":"2016-01-06T05:30:50","guid":{"rendered":"http:\/\/50.22.11.12\/~grietaor\/?p=7012"},"modified":"2016-03-29T05:32:56","modified_gmt":"2016-03-29T05:32:56","slug":"alto-al-feminicidio-exigen-en-ensenada","status":"publish","type":"post","link":"http:\/\/www.grieta.org.mx\/index.php\/2016\/01\/06\/alto-al-feminicidio-exigen-en-ensenada\/","title":{"rendered":"\u201c\u00a1Alto al feminicidio!\u201d, exigen en Ensenada"},"content":{"rendered":"<p>Javier Cruz, Ensenada, B.C.<\/p>\n<p>Con profunda indignaci\u00f3n por la creciente cantidad de asesinatos contra mujeres que se est\u00e1n cometiendo en Ensenada, por primera vez se realiz\u00f3 en este puerto una concentraci\u00f3n de ciudadanos y familiares de las v\u00edctimas para exigir justicia para las mujeres inmoladas.<\/p>\n<p>Con flores blancas en sus manos, personas vestidas de negro en se\u00f1al de luto, se concentraron en el Monumento a la Madre, junto al Parque Revoluci\u00f3n, en demanda de justicia para Amairani Castro, Rosa \u00c1vila, Maribel S\u00e1nchez y las dem\u00e1s mujeres asesinadas en Baja California, cuyas muertes contin\u00faan impunes.<\/p>\n<p>\u201c\u00a1Alto al feminicidio!\u201d, fue la consigna que gritaron a una voz hombres y mujeres.<\/p>\n<p>Fue una protesta ciudadana, convocada a trav\u00e9s de las redes sociales por activistas como Tadeo Meza y Miriam Cano, quienes enfatizaron la preocupaci\u00f3n de los ensenadenses porque en solo seis d\u00edas fueron asesinadas tres mujeres en esta ciudad.<\/p>\n<p>Conminaron a la solidaridad con los hu\u00e9rfanos de las madres asesinadas.<\/p>\n<p>Adem\u00e1s de flores, llegaron con ropa, alimentos, zapatos y pa\u00f1ales para las ni\u00f1as de Maribel S\u00e1nchez Bautista, de 21 a\u00f1os, asesinada a golpes en su hogar de la colonia Estado de M\u00e9xico, la tarde del jueves 17 de diciembre.<\/p>\n<p>Luc\u00eda Bautista, madre de Maribel, agradeci\u00f3 el apoyo de la gente y, con voz quebrada por el dolor, exigi\u00f3 que la muerte de su hija no quede impune.<\/p>\n<p>Amairani Castro S\u00e1nchez, tambi\u00e9n de 21 a\u00f1os, fue asesinada seis d\u00edas antes, el viernes 11 de diciembre. Ataron sus manos y sus pies, y la apu\u00f1alaron en su departamento, ubicado de la Calle Nueve, a una cuadra de las oficinas de la Comisi\u00f3n Estatal de Derechos Humanos.<\/p>\n<p>La joven, originaria de Tijuana, se hab\u00eda mudado a este puerto un a\u00f1o antes, para estudiar en la escuela de Enolog\u00eda y Gastronom\u00eda de la Universidad Aut\u00f3noma de Baja California.<\/p>\n<p>Rosa \u00c1vila Alvarado, de 52 a\u00f1os, fue asesinada 48 horas despu\u00e9s, el domingo 13 de diciembre; muri\u00f3 acuchillada en su casa, en la calle Guadalupe Victoria 771 de la delegaci\u00f3n de Maneadero, a 12 kil\u00f3metros de la ciudad de Ensenada. Agentes de la Direcci\u00f3n de Seguridad P\u00fablica Municipal que Rosa \u00c1vila fueron informados por los vecinos, que ella compart\u00eda su casa desde hace cuatro a\u00f1os con su pareja, un hombre de la tercera edad, a quien las autoridades ubican como el principal sospechoso del crimen.<\/p>\n<p>Los tres casos son investigados por agentes de la Polic\u00eda Ministerial.<\/p>\n<p>Otras v\u00edctimas<\/p>\n<p>La Subsecretar\u00eda del Sistema Estatal de Seguridad P\u00fablica inform\u00f3 que hasta el 30 de noviembre se reportaron 36 homicidios dolosos en el municipio de Ensenada, pero no precis\u00f3 el g\u00e9nero de las v\u00edctimas.<\/p>\n<p>La Jornada Baja California, en una revisi\u00f3n en hemeroteca virtual, encontr\u00f3 datos de otras cuatro mujeres asesinadas en el 2015 en este municipio.<\/p>\n<p>El primer caso corresponde a una mujer no identificada, de aproximadamente 35 a\u00f1os, encontrada muerta el 3 de abril en los l\u00edmites de Ensenada con Tecate, con signos de golpes y violaci\u00f3n sexual, as\u00ed como la boca tapada con un cinto de tela.<\/p>\n<p>Al tercer d\u00eda, en la madrugada del 6 de abril, Martha Alicia Garc\u00eda Murillo, de 29 a\u00f1os, fue estrangulada y su cad\u00e1ver abandonado en un pante\u00f3n de la ciudad. Juan Antonio Blanco Alegr\u00eda est\u00e1 sujeto a juicio penal acusado de feminicidio por la PGJE.<\/p>\n<p>El 24 de abril, Soledad Garc\u00eda Sotelo, de 74 a\u00f1os de edad, residente de la colonia Lomitas, donde realizaba diversas gestiones administrativas ante las autoridades locales, amaneci\u00f3 muerta sin aparentes lesiones en el cuerpo. La PGJE a\u00fan no determina la causa del deceso<\/p>\n<p>Ana Bertha Quintero D\u00edaz, de 58 a\u00f1os, fue asesinada el 27 de agosto en su hogar del fraccionamiento P\u00f3rticos del Mar. Present\u00f3 una herida producida por arma blanca en el costado izquierdo del t\u00f3rax.<\/p>\n<p>La dependencia report\u00f3 que al 30 de noviembre en Ensenada se denunciaron 118 casos de violaci\u00f3n sexual, 20 de estupro y 300 m\u00e1s que calific\u00f3 como violaci\u00f3n en grado de tentativa, violaci\u00f3n equiparada, violaci\u00f3n impropia y abuso sexual.<\/p>\n<p><a href=\"http:\/\/jornadabc.mx\/tijuana\/06-01-2016\/alto-al-feminicidio-exigen-en-ensenada\" target=\"_blank\">jornadabc.mx\/tijuana\/06-01-2016\/alto-al-feminicidio-exigen-en-ensenada<\/a><\/p>\n","protected":false},"excerpt":{"rendered":"<p>Javier Cruz, Ensenada, B.C. Con profunda indignaci\u00f3n por la creciente cantidad de asesinatos contra mujeres que se est\u00e1n cometiendo en Ensenada, por primera vez se realiz\u00f3 en este puerto una &hellip; <a href=\"http:\/\/www.grieta.org.mx\/index.php\/2016\/01\/06\/alto-al-feminicidio-exigen-en-ensenada\/\" class=\"more-link\">Leer m\u00e1s<\/a><\/p>\n","protected":false},"author":2,"featured_media":21928,"comment_status":"closed","ping_status":"open","sticky":false,"template":"","format":"standard","meta":{"ngg_post_thumbnail":0,"_jetpack_newsletter_access":"","_jetpack_dont_email_post_to_subs":false,"_jetpack_newsletter_tier_id":0,"_jetpack_memberships_contains_paywalled_content":false,"_jetpack_memberships_contains_paid_content":false,"footnotes":""},"categories":[80],"tags":[81],"class_list":["post-7012","post","type-post","status-publish","format-standard","has-post-thumbnail","hentry","category-cintillo","tag-feminicidios","entry"],"jetpack_featured_media_url":"http:\/\/www.grieta.org.mx\/wp-content\/uploads\/2018\/03\/14524434_1106112876131411_958039263622046936_o.jpg","jetpack_sharing_enabled":true,"jetpack_shortlink":"https:\/\/wp.me\/p7ZJR4-1P6","jetpack_likes_enabled":false,"jetpack-related-posts":[{"id":7018,"url":"http:\/\/www.grieta.org.mx\/index.php\/2015\/12\/21\/exigen-justicia-por-asesinatos-de-mujeres\/","url_meta":{"origin":7012,"position":0},"title":"Exigen justicia por asesinatos de mujeres","author":"grieta","date":"21 diciembre, 2015","format":false,"excerpt":"Jorge G\u00f3mez, Ensenada B.C. Debido a lo que dicen es un repunte de asesinatos cometidos contra mujeres en la ciudad de Ensenada, miembros de organismos civiles realizaron una concentraci\u00f3n para exigir justicia y apoyo a los familiares de las v\u00edctimas, y tambi\u00e9n a exhortar a las autoridades a que se\u2026","rel":"","context":"En &quot;CINTILLO&quot;","block_context":{"text":"CINTILLO","link":"http:\/\/www.grieta.org.mx\/index.php\/category\/cintillo\/"},"img":{"alt_text":"","src":"https:\/\/i0.wp.com\/www.grieta.org.mx\/wp-content\/uploads\/2018\/03\/14524434_1106112876131411_958039263622046936_o.jpg?resize=350%2C200","width":350,"height":200,"srcset":"https:\/\/i0.wp.com\/www.grieta.org.mx\/wp-content\/uploads\/2018\/03\/14524434_1106112876131411_958039263622046936_o.jpg?resize=350%2C200 1x, https:\/\/i0.wp.com\/www.grieta.org.mx\/wp-content\/uploads\/2018\/03\/14524434_1106112876131411_958039263622046936_o.jpg?resize=525%2C300 1.5x, https:\/\/i0.wp.com\/www.grieta.org.mx\/wp-content\/uploads\/2018\/03\/14524434_1106112876131411_958039263622046936_o.jpg?resize=700%2C400 2x"},"classes":[]},{"id":7006,"url":"http:\/\/www.grieta.org.mx\/index.php\/2016\/05\/04\/feminicidios-en-baja-california\/","url_meta":{"origin":7012,"position":1},"title":"Feminicidios en Baja California","author":"grieta","date":"4 mayo, 2016","format":false,"excerpt":"Movilizaciones en contra de feminicidios 04\/05\/16. Hacen plant\u00f3n por muerte de Eneyda El Vig\u00eda 04\/05\/16. [VIDEO] Piden justicia para Eneyda Zeta 04\/05\/16. \"Ni una m\u00e1s\", advierten compa\u00f1eros de Eneyda La Jornada BC 06\/01\/16. \u201c\u00a1Alto al feminicidio!\u201d, exigen en Ensenada La Jornada BC 21\/12\/15. Exigen justicia por asesinatos de mujeres Plex\u2026","rel":"","context":"En &quot;Baja California&quot;","block_context":{"text":"Baja California","link":"http:\/\/www.grieta.org.mx\/index.php\/category\/noticias-nacionales\/baja-california\/"},"img":{"alt_text":"","src":"https:\/\/i0.wp.com\/www.grieta.org.mx\/wp-content\/uploads\/2018\/03\/14524434_1106112876131411_958039263622046936_o.jpg?resize=350%2C200","width":350,"height":200,"srcset":"https:\/\/i0.wp.com\/www.grieta.org.mx\/wp-content\/uploads\/2018\/03\/14524434_1106112876131411_958039263622046936_o.jpg?resize=350%2C200 1x, https:\/\/i0.wp.com\/www.grieta.org.mx\/wp-content\/uploads\/2018\/03\/14524434_1106112876131411_958039263622046936_o.jpg?resize=525%2C300 1.5x, https:\/\/i0.wp.com\/www.grieta.org.mx\/wp-content\/uploads\/2018\/03\/14524434_1106112876131411_958039263622046936_o.jpg?resize=700%2C400 2x"},"classes":[]},{"id":57468,"url":"http:\/\/www.grieta.org.mx\/index.php\/2021\/03\/07\/pintan-consignas-feministas-en-casa-del-alcalde-de-ensenada-baja-california\/","url_meta":{"origin":7012,"position":2},"title":"Pintan consignas feministas en casa del Alcalde de Ensenada (Baja California)","author":"grieta","date":"7 marzo, 2021","format":false,"excerpt":"Lindero Norte \/ Jorge Heras. A horas de que inicien las protestas en el puerto de Ensenada por el D\u00eda Internacional de la Mujer, fueron pintadas varias consignas en la casa del Alcalde, Armando Ayala Robles. Las expresiones feministas fueron colocadas en el domicilio ubicado en la avenida Ryerson y\u2026","rel":"","context":"En &quot;Baja California&quot;","block_context":{"text":"Baja California","link":"http:\/\/www.grieta.org.mx\/index.php\/category\/noticias-nacionales\/baja-california\/"},"img":{"alt_text":"","src":"https:\/\/i0.wp.com\/www.grieta.org.mx\/wp-content\/uploads\/2018\/03\/14524434_1106112876131411_958039263622046936_o.jpg?resize=350%2C200","width":350,"height":200,"srcset":"https:\/\/i0.wp.com\/www.grieta.org.mx\/wp-content\/uploads\/2018\/03\/14524434_1106112876131411_958039263622046936_o.jpg?resize=350%2C200 1x, https:\/\/i0.wp.com\/www.grieta.org.mx\/wp-content\/uploads\/2018\/03\/14524434_1106112876131411_958039263622046936_o.jpg?resize=525%2C300 1.5x, https:\/\/i0.wp.com\/www.grieta.org.mx\/wp-content\/uploads\/2018\/03\/14524434_1106112876131411_958039263622046936_o.jpg?resize=700%2C400 2x"},"classes":[]},{"id":19158,"url":"http:\/\/www.grieta.org.mx\/index.php\/2016\/08\/07\/se-realizo-la-segunda-marcha-de-las-putas\/","url_meta":{"origin":7012,"position":3},"title":"Se realiz\u00f3 la segunda \u201cMarcha de las Putas\u201d","author":"grieta","date":"7 agosto, 2016","format":false,"excerpt":"Por: Jorge G\u00f3mez \/ plex Ensenada, B.C.- Un contingente de alrededor de 40 personas conformado por mujeres, hombres y ni\u00f1os, se dieron cita en el monumento a Benito Ju\u00e1rez, para protestar contra el acoso callejero hacia las mujeres, \u201cliberarse de todos los estereotipos y transitar libremente\u201d. Se trat\u00f3 de una\u2026","rel":"","context":"En &quot;CINTILLO&quot;","block_context":{"text":"CINTILLO","link":"http:\/\/www.grieta.org.mx\/index.php\/category\/cintillo\/"},"img":{"alt_text":"","src":"https:\/\/i0.wp.com\/www.grieta.org.mx\/wp-content\/uploads\/2018\/03\/14524434_1106112876131411_958039263622046936_o.jpg?resize=350%2C200","width":350,"height":200,"srcset":"https:\/\/i0.wp.com\/www.grieta.org.mx\/wp-content\/uploads\/2018\/03\/14524434_1106112876131411_958039263622046936_o.jpg?resize=350%2C200 1x, https:\/\/i0.wp.com\/www.grieta.org.mx\/wp-content\/uploads\/2018\/03\/14524434_1106112876131411_958039263622046936_o.jpg?resize=525%2C300 1.5x, https:\/\/i0.wp.com\/www.grieta.org.mx\/wp-content\/uploads\/2018\/03\/14524434_1106112876131411_958039263622046936_o.jpg?resize=700%2C400 2x"},"classes":[]},{"id":57544,"url":"http:\/\/www.grieta.org.mx\/index.php\/2021\/03\/09\/con-una-marcha-colectivos-exigen-justicia-en-san-luis-potosi\/","url_meta":{"origin":7012,"position":4},"title":"Con una marcha colectivos exigen justicia en San Luis Potos\u00ed","author":"grieta","date":"9 marzo, 2021","format":false,"excerpt":"Recorrieron calles para hacer alto frente a la Fiscal\u00eda y despu\u00e9s a las Plazas del Carmen y de Armas Norma Rivera\/El Sol de San Luis 9 marzo 2021 Alrededor de 200 feministas independientes y de algunos colectivos, marcharon pac\u00edficamente este lunes exigiendo justicia y seguridad para las mujeres v\u00edctimas de\u2026","rel":"","context":"En &quot;CINTILLO&quot;","block_context":{"text":"CINTILLO","link":"http:\/\/www.grieta.org.mx\/index.php\/category\/cintillo\/"},"img":{"alt_text":"","src":"https:\/\/i0.wp.com\/www.grieta.org.mx\/wp-content\/uploads\/2021\/03\/a-todo-pulmon-marcha-feminista-feministas-colectivo-colectivos.jpg?resize=350%2C200","width":350,"height":200,"srcset":"https:\/\/i0.wp.com\/www.grieta.org.mx\/wp-content\/uploads\/2021\/03\/a-todo-pulmon-marcha-feminista-feministas-colectivo-colectivos.jpg?resize=350%2C200 1x, https:\/\/i0.wp.com\/www.grieta.org.mx\/wp-content\/uploads\/2021\/03\/a-todo-pulmon-marcha-feminista-feministas-colectivo-colectivos.jpg?resize=525%2C300 1.5x, https:\/\/i0.wp.com\/www.grieta.org.mx\/wp-content\/uploads\/2021\/03\/a-todo-pulmon-marcha-feminista-feministas-colectivo-colectivos.jpg?resize=700%2C400 2x"},"classes":[]},{"id":66408,"url":"http:\/\/www.grieta.org.mx\/index.php\/2023\/03\/01\/mujeres-en-la-mixteca-exigen-justicia-por-la-muerte-de-jenni-flor-oaxaca\/","url_meta":{"origin":7012,"position":5},"title":"Mujeres en la Mixteca exigen justicia por la muerte de Jenni Flor (Oaxaca)","author":"grieta","date":"1 marzo, 2023","format":false,"excerpt":"Imagen: Cortes\u00eda Leslie Aguilar \/\u00a0 NVI Noticias HUAJUAPAN DE LE\u00d3N, Oaxaca.- La colectiva feminista Marea Verde Mixteca pidi\u00f3 justicia por el feminismo de Jenni Flor, de 25 a\u00f1os de edad, quien fue asesinada la tarde del 27 de febrero en la comunidad de Santa Cruz Tacache de Mina por su\u2026","rel":"","context":"En &quot;CINTILLO&quot;","block_context":{"text":"CINTILLO","link":"http:\/\/www.grieta.org.mx\/index.php\/category\/cintillo\/"},"img":{"alt_text":"","src":"https:\/\/i0.wp.com\/www.grieta.org.mx\/wp-content\/uploads\/2023\/03\/protesta_por_jenni.webp?resize=350%2C200","width":350,"height":200,"srcset":"https:\/\/i0.wp.com\/www.grieta.org.mx\/wp-content\/uploads\/2023\/03\/protesta_por_jenni.webp?resize=350%2C200 1x, https:\/\/i0.wp.com\/www.grieta.org.mx\/wp-content\/uploads\/2023\/03\/protesta_por_jenni.webp?resize=525%2C300 1.5x, https:\/\/i0.wp.com\/www.grieta.org.mx\/wp-content\/uploads\/2023\/03\/protesta_por_jenni.webp?resize=700%2C400 2x"},"classes":[]}],"_links":{"self":[{"href":"http:\/\/www.grieta.org.mx\/index.php\/wp-json\/wp\/v2\/posts\/7012","targetHints":{"allow":["GET"]}}],"collection":[{"href":"http:\/\/www.grieta.org.mx\/index.php\/wp-json\/wp\/v2\/posts"}],"about":[{"href":"http:\/\/www.grieta.org.mx\/index.php\/wp-json\/wp\/v2\/types\/post"}],"author":[{"embeddable":true,"href":"http:\/\/www.grieta.org.mx\/index.php\/wp-json\/wp\/v2\/users\/2"}],"replies":[{"embeddable":true,"href":"http:\/\/www.grieta.org.mx\/index.php\/wp-json\/wp\/v2\/comments?post=7012"}],"version-history":[{"count":1,"href":"http:\/\/www.grieta.org.mx\/index.php\/wp-json\/wp\/v2\/posts\/7012\/revisions"}],"predecessor-version":[{"id":7015,"href":"http:\/\/www.grieta.org.mx\/index.php\/wp-json\/wp\/v2\/posts\/7012\/revisions\/7015"}],"wp:featuredmedia":[{"embeddable":true,"href":"http:\/\/www.grieta.org.mx\/index.php\/wp-json\/wp\/v2\/media\/21928"}],"wp:attachment":[{"href":"http:\/\/www.grieta.org.mx\/index.php\/wp-json\/wp\/v2\/media?parent=7012"}],"wp:term":[{"taxonomy":"category","embeddable":true,"href":"http:\/\/www.grieta.org.mx\/index.php\/wp-json\/wp\/v2\/categories?post=7012"},{"taxonomy":"post_tag","embeddable":true,"href":"http:\/\/www.grieta.org.mx\/index.php\/wp-json\/wp\/v2\/tags?post=7012"}],"curies":[{"name":"wp","href":"https:\/\/api.w.org\/{rel}","templated":true}]}}