{"id":70066,"date":"2024-10-06T13:47:32","date_gmt":"2024-10-06T19:47:32","guid":{"rendered":"https:\/\/www.grieta.org.mx\/?p=70066"},"modified":"2024-10-08T14:04:04","modified_gmt":"2024-10-08T20:04:04","slug":"acusan-despidos-masivos-en-empresas-que-trabajan-para-pemex-en-ciudad-del-carmen-campeche","status":"publish","type":"post","link":"http:\/\/www.grieta.org.mx\/index.php\/2024\/10\/06\/acusan-despidos-masivos-en-empresas-que-trabajan-para-pemex-en-ciudad-del-carmen-campeche\/","title":{"rendered":"Acusan despidos masivos en empresas que trabajan para PEMEX en Ciudad del Carmen (Campeche)"},"content":{"rendered":"<p>Perla Prado \/ Por Esto!<\/p>\n<p>Si en a\u00f1os anteriores cuando Petr\u00f3leos Mexicanos (PEMEX) le pagaba a sus proveedores los trabajadores sufr\u00edan por no recibir su aguinaldo, este 2024 el panorama se vislumbra peor debido a que ya empezaron los despidos masivos para no cumplir con esa prestaci\u00f3n anual, manifestaron algunos afectados carmelitas. A decir de trabajadores de empresas que trabajan para la paraestatal existen pocas esperanzas para que esta situaci\u00f3n no se convierta en un caos, pues aunque les han se\u00f1alado que se preparen para lo que podr\u00eda venir, pensar en demandar ser\u00eda \u201cm\u00e1s de lo mismo\u201d ya que las autoridades laborales se van de vacaciones, est\u00e1n compradas por las compa\u00f1\u00edas que se congracian llev\u00e1ndoles regalos y hasta posadas les organizan con tal de que no procedan sus denuncias.<\/p>\n<p>Luego de que la exadministraci\u00f3n de Petr\u00f3leos Mexicanos actuara en detrimento de proveedores de todo el pa\u00eds al no pagarles los servicios contratados, los inconformes indicaron que han estado pensando en esa situaci\u00f3n debido a que los aguinaldos est\u00e1n \u201ca la vuelta de la esquina\u201d, y se dicen conscientes de que las empresas pondr\u00e1n eso de pretexto para no cumplir con la prestaci\u00f3n laboral. Argumentaron que si cuando las compa\u00f1\u00edas cobraban normal hab\u00eda problemas para entregarles su aguinaldo ahora que no les pagaron habr\u00e1 m\u00e1s conflictos laborales por los despidos masivos que ya se est\u00e1n registrando en la Isla.<\/p>\n<figure id=\"attachment_70068\" aria-describedby=\"caption-attachment-70068\" style=\"width: 800px\" class=\"wp-caption alignright\"><a href=\"http:\/\/www.grieta.org.mx\/wp-content\/uploads\/2024\/10\/Petroleros2-e1728417555359.jpg\"><img loading=\"lazy\" decoding=\"async\" data-attachment-id=\"70068\" data-permalink=\"http:\/\/www.grieta.org.mx\/index.php\/2024\/10\/06\/acusan-despidos-masivos-en-empresas-que-trabajan-para-pemex-en-ciudad-del-carmen-campeche\/screenshot-168\/\" data-orig-file=\"http:\/\/www.grieta.org.mx\/wp-content\/uploads\/2024\/10\/Petroleros2-e1728417555359.jpg\" data-orig-size=\"800,291\" data-comments-opened=\"0\" data-image-meta=\"{&quot;aperture&quot;:&quot;0&quot;,&quot;credit&quot;:&quot;&quot;,&quot;camera&quot;:&quot;&quot;,&quot;caption&quot;:&quot;Screenshot&quot;,&quot;created_timestamp&quot;:&quot;0&quot;,&quot;copyright&quot;:&quot;&quot;,&quot;focal_length&quot;:&quot;0&quot;,&quot;iso&quot;:&quot;0&quot;,&quot;shutter_speed&quot;:&quot;0&quot;,&quot;title&quot;:&quot;Screenshot&quot;,&quot;orientation&quot;:&quot;1&quot;}\" data-image-title=\"Screenshot\" data-image-description=\"\" data-image-caption=\"&lt;p&gt;Para los inconformes, las compa\u00f1\u00edas tienen compradas a las dependencias \/ Especial&lt;\/p&gt;\n\" data-medium-file=\"http:\/\/www.grieta.org.mx\/wp-content\/uploads\/2024\/10\/Petroleros2-300x109.jpg\" data-large-file=\"http:\/\/www.grieta.org.mx\/wp-content\/uploads\/2024\/10\/Petroleros2-1024x372.jpg\" src=\"http:\/\/www.grieta.org.mx\/wp-content\/uploads\/2024\/10\/Petroleros2-e1728417555359.jpg\" alt=\"\" width=\"800\" height=\"291\" class=\"size-full wp-image-70068\" \/><\/a><figcaption id=\"caption-attachment-70068\" class=\"wp-caption-text\">Para los inconformes, las compa\u00f1\u00edas tienen compradas a las dependencias \/ Especial<br \/><\/figcaption><\/figure>\n<p>Mala perspectiva \u201cSe ha dicho que nos preparemos y estemos conscientes de lo que podr\u00eda venir en los pr\u00f3ximos d\u00edas, porque el hecho de que PEMEX quede a deber tanto dinero a sus proveedores y prestadores de servicios tendr\u00e1 repercusiones y esto no va a terminar en diciembre, ciertamente nos han medio asesorado para formalizar las inconformidades, pero la verdad eso sirve de poco\u201d, se\u00f1al\u00f3 un grupo de afectados. Dijeron que poner una demanda ante las autoridades laborales no es la soluci\u00f3n, ya que nada hacen a favor de los obreros porque las compa\u00f1\u00edas petroleras tienen compradas a las dependencias, \u201csolo basta con acercarse a esas ofi cinas en la ciudad antes del 20 de diciembre y se da uno cuenta de que les hacen posadas, llevan regalos a los abogados para tenerlos contentos, y es cuando nos damos cuenta como trabajadores que es imposible ganar un juicio contra tantos privilegios\u201d.<\/p>\n<p>Efra\u00edn Mar\u00edn Chabl\u00e9, secretario general del Sindicato de Trabajadores Marginados Carmelitas, por su parte critic\u00f3 la incongruencia en la Ley Federal del Trabajo que establece como fecha l\u00edmite para el pago de aguinaldo el 20 de diciembre, pues justo despu\u00e9s de ese d\u00eda las ofi cinas de dependencias laborales se van de vacaciones, \u201csi deseas hacer valer la ley te debes esperar hasta el siguiente a\u00f1o sin tu prestaci\u00f3n para disfrutar con la familia, algo que es injusto y una barbarie para la clase obrera\u201d, manifest\u00f3. Consider\u00f3 que para diciembre ya deber\u00e1n existir disposiciones de las nuevas autoridades federales y ojal\u00e1 el panorama cambie, incluso, que PEMEX pague y se eviten problemas que ya se est\u00e1n vislumbrando y preocupando al trabajador.<\/p>\n<p>JY<\/p>\n<p><a href=\"https:\/\/www.poresto.net\/campeche\/ciudad-carmen\/2024\/10\/6\/acusan-despidos-masivos-en-empresas-que-trabajan-para-pemex-en-ciudad-del-carmen.html\" rel=\"noopener\" target=\"_blank\">https:\/\/www.poresto.net\/campeche\/ciudad-carmen\/2024\/10\/6\/acusan-despidos-masivos-en-empresas-que-trabajan-para-pemex-en-ciudad-del-carmen.html<\/a><\/p>\n","protected":false},"excerpt":{"rendered":"<p>Perla Prado \/ Por Esto! Si en a\u00f1os anteriores cuando Petr\u00f3leos Mexicanos (PEMEX) le pagaba a sus proveedores los trabajadores sufr\u00edan por no recibir su aguinaldo, este 2024 el panorama &hellip; <a href=\"http:\/\/www.grieta.org.mx\/index.php\/2024\/10\/06\/acusan-despidos-masivos-en-empresas-que-trabajan-para-pemex-en-ciudad-del-carmen-campeche\/\" class=\"more-link\">Leer m\u00e1s<\/a><\/p>\n","protected":false},"author":2,"featured_media":70067,"comment_status":"closed","ping_status":"closed","sticky":false,"template":"","format":"standard","meta":{"ngg_post_thumbnail":0,"_jetpack_newsletter_access":"","_jetpack_dont_email_post_to_subs":false,"_jetpack_newsletter_tier_id":0,"_jetpack_memberships_contains_paywalled_content":false,"_jetpack_memberships_contains_paid_content":false,"footnotes":""},"categories":[11,80,1040,910,2,3212,83],"tags":[634,105,3549,2841,2945],"class_list":["post-70066","post","type-post","status-publish","format-standard","has-post-thumbnail","hentry","category-campeche","category-cintillo","category-conflictos-laborales-en-campeche","category-explotacion-y-precariedad-laboral","category-noticias-nacionales","category-precariedad-laboral-en-campeche","category-temas-nacionales","tag-condiciones-laborales","tag-derechos-laborales","tag-despidos-injustificados","tag-explotacion-y-precariedad-laboral","tag-sin-aguinaldo","entry"],"jetpack_featured_media_url":"http:\/\/www.grieta.org.mx\/wp-content\/uploads\/2024\/10\/Petroleros-e1728417423180.jpg","jetpack_sharing_enabled":true,"jetpack_shortlink":"https:\/\/wp.me\/p7ZJR4-ie6","jetpack_likes_enabled":false,"jetpack-related-posts":[{"id":69574,"url":"http:\/\/www.grieta.org.mx\/index.php\/2024\/08\/23\/ayuntamiento-de-campeche-inicia-despidos-en-el-smapac-por-privatizacion-de-servicios-publicos\/","url_meta":{"origin":70066,"position":0},"title":"Ayuntamiento de Campeche inicia despidos en el Smapac por privatizaci\u00f3n de servicios p\u00fablicos","author":"grieta","date":"23 agosto, 2024","format":false,"excerpt":"Roberto Espinoza \/ Por Esto! El cese de los trabajadores en el Ayuntamiento de Campeche no se hizo esperar. Desde este viernes por la tarde, un grupo de cinco trabajadores sindicalizados del Sistema Municipal de Agua Potable y Alcantarillado de Campeche (Smapac) indic\u00f3 que hab\u00edan sido dados de baja sin\u2026","rel":"","context":"En &quot;Campeche&quot;","block_context":{"text":"Campeche","link":"http:\/\/www.grieta.org.mx\/index.php\/category\/noticias-nacionales\/campeche\/"},"img":{"alt_text":"","src":"https:\/\/i0.wp.com\/www.grieta.org.mx\/wp-content\/uploads\/2024\/09\/Despido-e1725466200453.jpg?resize=350%2C200","width":350,"height":200,"srcset":"https:\/\/i0.wp.com\/www.grieta.org.mx\/wp-content\/uploads\/2024\/09\/Despido-e1725466200453.jpg?resize=350%2C200 1x, https:\/\/i0.wp.com\/www.grieta.org.mx\/wp-content\/uploads\/2024\/09\/Despido-e1725466200453.jpg?resize=525%2C300 1.5x, https:\/\/i0.wp.com\/www.grieta.org.mx\/wp-content\/uploads\/2024\/09\/Despido-e1725466200453.jpg?resize=700%2C400 2x"},"classes":[]},{"id":69786,"url":"http:\/\/www.grieta.org.mx\/index.php\/2024\/09\/09\/sindicalizados-del-ayuntamiento-de-campeche-protestan-ante-los-despidos-injustificados\/","url_meta":{"origin":70066,"position":1},"title":"Sindicalizados del Ayuntamiento de Campeche protestan ante los despidos injustificados","author":"grieta","date":"9 septiembre, 2024","format":false,"excerpt":"Wilbert Casanova Villamonte \/ Por Esto! Una fracci\u00f3n del Sindicato \u00danico de Trabajadores al Servicio del Gobierno Municipal (Sutsgm), presidida por Luis Fernando Chab Ruiz, llev\u00f3 a cabo una protesta en la sede del Ayuntamiento de Campeche. La manifestaci\u00f3n se centr\u00f3 en la demanda de que cesen los despidos que\u2026","rel":"","context":"En &quot;Campeche&quot;","block_context":{"text":"Campeche","link":"http:\/\/www.grieta.org.mx\/index.php\/category\/noticias-nacionales\/campeche\/"},"img":{"alt_text":"","src":"https:\/\/i0.wp.com\/www.grieta.org.mx\/wp-content\/uploads\/2024\/09\/Despidos-e1727142053526.jpg?resize=350%2C200","width":350,"height":200,"srcset":"https:\/\/i0.wp.com\/www.grieta.org.mx\/wp-content\/uploads\/2024\/09\/Despidos-e1727142053526.jpg?resize=350%2C200 1x, https:\/\/i0.wp.com\/www.grieta.org.mx\/wp-content\/uploads\/2024\/09\/Despidos-e1727142053526.jpg?resize=525%2C300 1.5x, https:\/\/i0.wp.com\/www.grieta.org.mx\/wp-content\/uploads\/2024\/09\/Despidos-e1727142053526.jpg?resize=700%2C400 2x"},"classes":[]},{"id":69346,"url":"http:\/\/www.grieta.org.mx\/index.php\/2024\/07\/26\/amagan-con-cerrar-puente-llevan-seis-meses-sin-cobrar-campeche\/","url_meta":{"origin":70066,"position":2},"title":"Amagan con cerrar puente; llevan seis meses sin cobrar (Campeche)","author":"grieta","date":"26 julio, 2024","format":false,"excerpt":"Campeche Hoy CARMEN, CAMP.- Angustiados por hasta seis meses sin cobrar sus remuneraciones, trabajadores de empresas proveedoras de Petr\u00f3leos Mexicanos (Pemex), bajo el argumento del impago de la petrolera nacional, amenazan con bloquear el Puente Zacatal. Los obreros, quienes pidieron el anonimato por temor a la represalias, expusieron que en\u2026","rel":"","context":"En &quot;Campeche&quot;","block_context":{"text":"Campeche","link":"http:\/\/www.grieta.org.mx\/index.php\/category\/noticias-nacionales\/campeche\/"},"img":{"alt_text":"","src":"https:\/\/i0.wp.com\/www.grieta.org.mx\/wp-content\/uploads\/2024\/07\/Puente-e1722100074644.jpg?resize=350%2C200","width":350,"height":200,"srcset":"https:\/\/i0.wp.com\/www.grieta.org.mx\/wp-content\/uploads\/2024\/07\/Puente-e1722100074644.jpg?resize=350%2C200 1x, https:\/\/i0.wp.com\/www.grieta.org.mx\/wp-content\/uploads\/2024\/07\/Puente-e1722100074644.jpg?resize=525%2C300 1.5x, https:\/\/i0.wp.com\/www.grieta.org.mx\/wp-content\/uploads\/2024\/07\/Puente-e1722100074644.jpg?resize=700%2C400 2x"},"classes":[]},{"id":33118,"url":"http:\/\/www.grieta.org.mx\/index.php\/2019\/05\/07\/reportan-despidos-masivos-en-conafe-san-luis-potosi\/","url_meta":{"origin":70066,"position":3},"title":"Reportan despidos masivos en Conafe (San Luis Potos\u00ed)","author":"grieta","date":"7 mayo, 2019","format":false,"excerpt":"Rub\u00e9n Pacheco \/ Pulso La cuarta transformaci\u00f3n alcanz\u00f3 a 24 trabajadores eventuales en la delegaci\u00f3n de San Luis Potos\u00ed Desde el viernes pasado, 24 trabajadores eventuales fueron despedidos de la delegaci\u00f3n en San Luis Potos\u00ed del Consejo Nacional de Fomento Educativo (Conafe), quienes desarrollaban labores en las cuatro regiones de\u2026","rel":"","context":"En &quot;CINTILLO&quot;","block_context":{"text":"CINTILLO","link":"http:\/\/www.grieta.org.mx\/index.php\/category\/cintillo\/"},"img":{"alt_text":"","src":"https:\/\/i0.wp.com\/www.grieta.org.mx\/wp-content\/uploads\/2019\/05\/Reportan-despidos-masivos-en-Conafe-slp-may.jpg?resize=350%2C200","width":350,"height":200,"srcset":"https:\/\/i0.wp.com\/www.grieta.org.mx\/wp-content\/uploads\/2019\/05\/Reportan-despidos-masivos-en-Conafe-slp-may.jpg?resize=350%2C200 1x, https:\/\/i0.wp.com\/www.grieta.org.mx\/wp-content\/uploads\/2019\/05\/Reportan-despidos-masivos-en-Conafe-slp-may.jpg?resize=525%2C300 1.5x"},"classes":[]},{"id":9598,"url":"http:\/\/www.grieta.org.mx\/index.php\/2016\/09\/10\/conflictos-laborales-en-campeche\/","url_meta":{"origin":70066,"position":4},"title":"Conflictos laborales en Campeche","author":"grieta","date":"10 septiembre, 2016","format":false,"excerpt":"10\/09\/16. Despiden a obreros de PASA por protestar (Campeche) Tribuna 09\/09\/16. Jubilados exigen pago de bonos (Campeche) Tribuna 06\/09\/16. Paran otra vez los polic\u00edas; sin bono (Campeche) Tribuna 30\/08\/16. Bloquean Planta de Nitr\u00f3geno Cantarell (Campeche) Tribuna 20\/08\/16. Paralizan labores en Cobacam (Campeche) Tribuna 12\/08\/16. Plantean demandas empleados del INAH (Campeche)\u2026","rel":"","context":"En &quot;Campeche&quot;","block_context":{"text":"Campeche","link":"http:\/\/www.grieta.org.mx\/index.php\/category\/noticias-nacionales\/campeche\/"},"img":{"alt_text":"","src":"https:\/\/i0.wp.com\/www.grieta.org.mx\/wp-content\/uploads\/2018\/03\/14524434_1106112876131411_958039263622046936_o.jpg?resize=350%2C200","width":350,"height":200,"srcset":"https:\/\/i0.wp.com\/www.grieta.org.mx\/wp-content\/uploads\/2018\/03\/14524434_1106112876131411_958039263622046936_o.jpg?resize=350%2C200 1x, https:\/\/i0.wp.com\/www.grieta.org.mx\/wp-content\/uploads\/2018\/03\/14524434_1106112876131411_958039263622046936_o.jpg?resize=525%2C300 1.5x, https:\/\/i0.wp.com\/www.grieta.org.mx\/wp-content\/uploads\/2018\/03\/14524434_1106112876131411_958039263622046936_o.jpg?resize=700%2C400 2x"},"classes":[]},{"id":63507,"url":"http:\/\/www.grieta.org.mx\/index.php\/2022\/02\/24\/despidos-masivos-en-mazda-salamanca-organizan-sindicato-independiente-igual-a-gm-guanajuato\/","url_meta":{"origin":70066,"position":5},"title":"Despidos masivos en Mazda Salamanca; organizan sindicato independiente igual a GM (Guanajuato)","author":"grieta","date":"24 febrero, 2022","format":false,"excerpt":"Los trabajadores dijeron que Mazda Salamanca ha realizado despidos de hasta 80 personas en un solo d\u00eda. Por Luciano V\u00e1zquez febrero 24, 2022 | El Financiero Guanajuato, Gto.- Trabajadores de la planta Mazda de Salamanca Guanajuato denunciaron que la empresa est\u00e1 realizando despidos masivos, por lo cual han iniciado el\u2026","rel":"","context":"En &quot;CINTILLO&quot;","block_context":{"text":"CINTILLO","link":"http:\/\/www.grieta.org.mx\/index.php\/category\/cintillo\/"},"img":{"alt_text":"","src":"https:\/\/i0.wp.com\/www.grieta.org.mx\/wp-content\/uploads\/2022\/02\/KDZA4HOJSVGOBJ2L3PXVLFV55Y.jpg?resize=350%2C200","width":350,"height":200,"srcset":"https:\/\/i0.wp.com\/www.grieta.org.mx\/wp-content\/uploads\/2022\/02\/KDZA4HOJSVGOBJ2L3PXVLFV55Y.jpg?resize=350%2C200 1x, https:\/\/i0.wp.com\/www.grieta.org.mx\/wp-content\/uploads\/2022\/02\/KDZA4HOJSVGOBJ2L3PXVLFV55Y.jpg?resize=525%2C300 1.5x, https:\/\/i0.wp.com\/www.grieta.org.mx\/wp-content\/uploads\/2022\/02\/KDZA4HOJSVGOBJ2L3PXVLFV55Y.jpg?resize=700%2C400 2x"},"classes":[]}],"_links":{"self":[{"href":"http:\/\/www.grieta.org.mx\/index.php\/wp-json\/wp\/v2\/posts\/70066","targetHints":{"allow":["GET"]}}],"collection":[{"href":"http:\/\/www.grieta.org.mx\/index.php\/wp-json\/wp\/v2\/posts"}],"about":[{"href":"http:\/\/www.grieta.org.mx\/index.php\/wp-json\/wp\/v2\/types\/post"}],"author":[{"embeddable":true,"href":"http:\/\/www.grieta.org.mx\/index.php\/wp-json\/wp\/v2\/users\/2"}],"replies":[{"embeddable":true,"href":"http:\/\/www.grieta.org.mx\/index.php\/wp-json\/wp\/v2\/comments?post=70066"}],"version-history":[{"count":1,"href":"http:\/\/www.grieta.org.mx\/index.php\/wp-json\/wp\/v2\/posts\/70066\/revisions"}],"predecessor-version":[{"id":70069,"href":"http:\/\/www.grieta.org.mx\/index.php\/wp-json\/wp\/v2\/posts\/70066\/revisions\/70069"}],"wp:featuredmedia":[{"embeddable":true,"href":"http:\/\/www.grieta.org.mx\/index.php\/wp-json\/wp\/v2\/media\/70067"}],"wp:attachment":[{"href":"http:\/\/www.grieta.org.mx\/index.php\/wp-json\/wp\/v2\/media?parent=70066"}],"wp:term":[{"taxonomy":"category","embeddable":true,"href":"http:\/\/www.grieta.org.mx\/index.php\/wp-json\/wp\/v2\/categories?post=70066"},{"taxonomy":"post_tag","embeddable":true,"href":"http:\/\/www.grieta.org.mx\/index.php\/wp-json\/wp\/v2\/tags?post=70066"}],"curies":[{"name":"wp","href":"https:\/\/api.w.org\/{rel}","templated":true}]}}