{"id":70013,"date":"2024-10-05T07:40:12","date_gmt":"2024-10-05T13:40:12","guid":{"rendered":"https:\/\/www.grieta.org.mx\/?p=70013"},"modified":"2024-10-06T07:46:57","modified_gmt":"2024-10-06T13:46:57","slug":"incertidumbre-entre-500-trabajadores-del-rancho-santa-genoveva-en-campeche","status":"publish","type":"post","link":"http:\/\/www.grieta.org.mx\/index.php\/2024\/10\/05\/incertidumbre-entre-500-trabajadores-del-rancho-santa-genoveva-en-campeche\/","title":{"rendered":"Incertidumbre Entre 500 Trabajadores del Rancho Santa Genoveva en Campeche"},"content":{"rendered":"<p>Redacci\u00f3n\/CAMBIO 22<\/p>\n<blockquote><p>La empresa manda a descansar por dos meses a sus empleados sin darles mayores explicaciones<\/p><\/blockquote>\n<blockquote><p>\u25ba Temen cierre de la compa\u00f1\u00eda agropecuaria establecida hace 22 a\u00f1os en la entidad<\/p><\/blockquote>\n<p>HOPELCH\u00c9N, CAM., 5 de octubre.- Establecida hace 22 a\u00f1os en Campeche, con el prop\u00f3sito de realizar actividades forestales y del campo, Agropecuaria Santa Genoveva S.A.P.I. de C.V. decidi\u00f3 enviar esta semana que concluye a sus casas a 500 trabajadores, sin darles mayores explicaciones, situaci\u00f3n que les ha generado incertidumbre.<\/p>\n<p>En caso de confirmarse la partida se la compa\u00f1\u00eda, esto significar\u00eda un grave golpe a la econom\u00eda de la regi\u00f3n, en donde los j\u00f3venes en edad productiva tienen que emigrar, ante la ausencia de oportunidades de empleo.<\/p>\n<p>Los trabajadores de los municipios de Campeche, Hopelch\u00e9n y Calakmul est\u00e1n muy preocupados, ya que les pidieron que regresen a sus labores hasta finales del mes de noviembre.<\/p>\n<p>Junto con la instrucci\u00f3n, tambi\u00e9n prevalece la versi\u00f3n respecto a que la empresa enfrenta problemas financieros, raz\u00f3n por la que incluso ha pedido auxilio a los gobiernos estatal y federal, con el prop\u00f3sito de mantener su planta laboral.<\/p>\n<p>Otro de los temores de los trabajadores es que la empresa est\u00e9 iniciando su proceso de quiebra, conlleva prop\u00f3sito de cambiar de raz\u00f3n social, con las consecuencias negativas que ello conlleva para los trabajadores.<\/p>\n<p>Hasta el momento a los trabajadores no les han hecho firmar ning\u00fan documento, pero se les ha hecho muy raro la realizaci\u00f3n de maniobras en el rancho ubicado en el municipio de Hopelch\u00e9n, en donde les solicitaron almacenar maquinaria y herramientas.<\/p>\n<p>Adem\u00e1s de Calakmul, otras comunidades afectadas son Santa Rita, Xcupil, Crucero San Luis y Suc Tuc. Otra ruta incluye Dzibalch\u00e9n y Carlos Cano Cruz, en Hopelch\u00e9n y  Pueblo Nuevo, Pich, Laureles, Nohyaxch\u00e9, Kikab y Cayal, de Campeche.<\/p>\n<p>Los trabajadores consideran preocupante la situaci\u00f3n, ya que hay quienes tienen entre 17 y 20 a\u00f1os de antig\u00fcedad y no tuvieron el tiempo necesario para entrevistarse con alg\u00fan directivo del rancho a fin de conocer qu\u00e9 est\u00e1 pasando.<\/p>\n<p>Hasta el momento ning\u00fan directivo de la empresa ha convocado a los trabajadores para darles una explicaci\u00f3n de lo que est\u00e1 ocurriendo.<\/p>\n<p><a href=\"https:\/\/diariocambio22.mx\/incertidumbre-entre-500-trabajadores-del-rancho-santa-genoveva-en-campeche\/\" rel=\"noopener\" target=\"_blank\">https:\/\/diariocambio22.mx\/incertidumbre-entre-500-trabajadores-del-rancho-santa-genoveva-en-campeche\/<\/a><\/p>\n","protected":false},"excerpt":{"rendered":"<p>Redacci\u00f3n\/CAMBIO 22 La empresa manda a descansar por dos meses a sus empleados sin darles mayores explicaciones \u25ba Temen cierre de la compa\u00f1\u00eda agropecuaria establecida hace 22 a\u00f1os en la &hellip; <a href=\"http:\/\/www.grieta.org.mx\/index.php\/2024\/10\/05\/incertidumbre-entre-500-trabajadores-del-rancho-santa-genoveva-en-campeche\/\" class=\"more-link\">Leer m\u00e1s<\/a><\/p>\n","protected":false},"author":2,"featured_media":70015,"comment_status":"closed","ping_status":"closed","sticky":false,"template":"","format":"standard","meta":{"ngg_post_thumbnail":0,"_jetpack_newsletter_access":"","_jetpack_dont_email_post_to_subs":false,"_jetpack_newsletter_tier_id":0,"_jetpack_memberships_contains_paywalled_content":false,"_jetpack_memberships_contains_paid_content":false,"footnotes":""},"categories":[11,80,910,2,3212,83],"tags":[634,2841,4216],"class_list":["post-70013","post","type-post","status-publish","format-standard","has-post-thumbnail","hentry","category-campeche","category-cintillo","category-explotacion-y-precariedad-laboral","category-noticias-nacionales","category-precariedad-laboral-en-campeche","category-temas-nacionales","tag-condiciones-laborales","tag-explotacion-y-precariedad-laboral","tag-vacaciones-forzadas","entry"],"jetpack_featured_media_url":"http:\/\/www.grieta.org.mx\/wp-content\/uploads\/2024\/10\/Rancho-e1728222112241.jpg","jetpack_sharing_enabled":true,"jetpack_shortlink":"https:\/\/wp.me\/p7ZJR4-idf","jetpack_likes_enabled":false,"jetpack-related-posts":[{"id":69356,"url":"http:\/\/www.grieta.org.mx\/index.php\/2024\/07\/23\/trabajadores-de-limpieza-del-hospital-oncologico-en-campeche-exigen-pago-de-su-quincena\/","url_meta":{"origin":70013,"position":0},"title":"Trabajadores de limpieza del Hospital Oncol\u00f3gico en Campeche exigen pago de su quincena","author":"grieta","date":"23 julio, 2024","format":false,"excerpt":"Wilbert Casanova \/ Por Esto! Al menos 17 trabajadoras y trabajadores de la compa\u00f1\u00eda Ah Kim Pech no reciben el pago de su quincena tras laborar en el Hospital Oncol\u00f3gico, denunciaron las inconformes. Explicaron que la empresa termin\u00f3 su contrato con el hospital que atiende a las personas con c\u00e1ncer,\u2026","rel":"","context":"En &quot;Campeche&quot;","block_context":{"text":"Campeche","link":"http:\/\/www.grieta.org.mx\/index.php\/category\/noticias-nacionales\/campeche\/"},"img":{"alt_text":"","src":"https:\/\/i0.wp.com\/www.grieta.org.mx\/wp-content\/uploads\/2024\/07\/Hospital-e1722280675600.jpg?resize=350%2C200","width":350,"height":200,"srcset":"https:\/\/i0.wp.com\/www.grieta.org.mx\/wp-content\/uploads\/2024\/07\/Hospital-e1722280675600.jpg?resize=350%2C200 1x, https:\/\/i0.wp.com\/www.grieta.org.mx\/wp-content\/uploads\/2024\/07\/Hospital-e1722280675600.jpg?resize=525%2C300 1.5x, https:\/\/i0.wp.com\/www.grieta.org.mx\/wp-content\/uploads\/2024\/07\/Hospital-e1722280675600.jpg?resize=700%2C400 2x"},"classes":[]},{"id":70734,"url":"http:\/\/www.grieta.org.mx\/index.php\/2024\/12\/22\/trabajadores-de-la-sonda-de-campeche-atraviesan-crisis-en-altamar\/","url_meta":{"origin":70013,"position":1},"title":"Trabajadores de la Sonda de Campeche atraviesan crisis en altamar","author":"grieta","date":"22 diciembre, 2024","format":false,"excerpt":"Perla Prado \/ Por Esto! La empresa naviera Mar\u00edtima del Golfo se va a \"pique\", desde hace dos meses no paga n\u00f3minas, aseguran que sus trabajadores no tiene dinero. \"No hay dinero, no sabemos cu\u00e1ndo habr\u00e1 dinero, el que guste puede irse\u201d, fue el escueto comunicado que la compa\u00f1\u00eda naviera\u2026","rel":"","context":"En &quot;Campeche&quot;","block_context":{"text":"Campeche","link":"http:\/\/www.grieta.org.mx\/index.php\/category\/noticias-nacionales\/campeche\/"},"img":{"alt_text":"","src":"https:\/\/i0.wp.com\/www.grieta.org.mx\/wp-content\/uploads\/2024\/12\/Sonda-Campeche-e1734983781612.jpg?resize=350%2C200","width":350,"height":200,"srcset":"https:\/\/i0.wp.com\/www.grieta.org.mx\/wp-content\/uploads\/2024\/12\/Sonda-Campeche-e1734983781612.jpg?resize=350%2C200 1x, https:\/\/i0.wp.com\/www.grieta.org.mx\/wp-content\/uploads\/2024\/12\/Sonda-Campeche-e1734983781612.jpg?resize=525%2C300 1.5x, https:\/\/i0.wp.com\/www.grieta.org.mx\/wp-content\/uploads\/2024\/12\/Sonda-Campeche-e1734983781612.jpg?resize=700%2C400 2x"},"classes":[]},{"id":68798,"url":"http:\/\/www.grieta.org.mx\/index.php\/2024\/04\/07\/un-trabajador-muerto-y-13-heridos-en-un-incendio-en-una-plataforma-de-pemex-campeche\/","url_meta":{"origin":70013,"position":2},"title":"Un trabajador muerto y 13 heridos en un incendio en una plataforma de Pemex (Campeche)","author":"grieta","date":"7 abril, 2024","format":false,"excerpt":"Pablo Ferri \/ El Pa\u00eds Un incendio en una plataforma de Pemex en Campeche, en el sur de M\u00e9xico, ha dejado un muerto y 13 heridos, seg\u00fan ha confirmado la empresa paraestatal, en un comunicado divulgado este domingo. Pemex no ha dado detalles del origen y los motivos del siniestro.\u2026","rel":"","context":"En &quot;Campeche&quot;","block_context":{"text":"Campeche","link":"http:\/\/www.grieta.org.mx\/index.php\/category\/noticias-nacionales\/campeche\/"},"img":{"alt_text":"","src":"https:\/\/i0.wp.com\/www.grieta.org.mx\/wp-content\/uploads\/2024\/04\/Incendio-e1712951433295.jpg?resize=350%2C200","width":350,"height":200,"srcset":"https:\/\/i0.wp.com\/www.grieta.org.mx\/wp-content\/uploads\/2024\/04\/Incendio-e1712951433295.jpg?resize=350%2C200 1x, https:\/\/i0.wp.com\/www.grieta.org.mx\/wp-content\/uploads\/2024\/04\/Incendio-e1712951433295.jpg?resize=525%2C300 1.5x, https:\/\/i0.wp.com\/www.grieta.org.mx\/wp-content\/uploads\/2024\/04\/Incendio-e1712951433295.jpg?resize=700%2C400 2x"},"classes":[]},{"id":69574,"url":"http:\/\/www.grieta.org.mx\/index.php\/2024\/08\/23\/ayuntamiento-de-campeche-inicia-despidos-en-el-smapac-por-privatizacion-de-servicios-publicos\/","url_meta":{"origin":70013,"position":3},"title":"Ayuntamiento de Campeche inicia despidos en el Smapac por privatizaci\u00f3n de servicios p\u00fablicos","author":"grieta","date":"23 agosto, 2024","format":false,"excerpt":"Roberto Espinoza \/ Por Esto! El cese de los trabajadores en el Ayuntamiento de Campeche no se hizo esperar. Desde este viernes por la tarde, un grupo de cinco trabajadores sindicalizados del Sistema Municipal de Agua Potable y Alcantarillado de Campeche (Smapac) indic\u00f3 que hab\u00edan sido dados de baja sin\u2026","rel":"","context":"En &quot;Campeche&quot;","block_context":{"text":"Campeche","link":"http:\/\/www.grieta.org.mx\/index.php\/category\/noticias-nacionales\/campeche\/"},"img":{"alt_text":"","src":"https:\/\/i0.wp.com\/www.grieta.org.mx\/wp-content\/uploads\/2024\/09\/Despido-e1725466200453.jpg?resize=350%2C200","width":350,"height":200,"srcset":"https:\/\/i0.wp.com\/www.grieta.org.mx\/wp-content\/uploads\/2024\/09\/Despido-e1725466200453.jpg?resize=350%2C200 1x, https:\/\/i0.wp.com\/www.grieta.org.mx\/wp-content\/uploads\/2024\/09\/Despido-e1725466200453.jpg?resize=525%2C300 1.5x, https:\/\/i0.wp.com\/www.grieta.org.mx\/wp-content\/uploads\/2024\/09\/Despido-e1725466200453.jpg?resize=700%2C400 2x"},"classes":[]},{"id":68637,"url":"http:\/\/www.grieta.org.mx\/index.php\/2024\/03\/15\/obreros-toman-la-embarcacion-la-bamba-exigen-pago-de-salarios-campeche\/","url_meta":{"origin":70013,"position":4},"title":"Obreros toman la embarcaci\u00f3n La Bamba; exigen pago de salarios (Campeche)","author":"grieta","date":"15 marzo, 2024","format":false,"excerpt":"JOS\u00c9 HERRERA \/ GRUPO CANT\u00d3N \/ Campeche Hoy CIUDAD DEL CARNEN, CAMP.- Obreros de la empresa Demar y tripulaci\u00f3n de la embarcaci\u00f3n La Bamba, tomaron en protesta este buque, exigiendo el pago de sus salarios vencidos. Lo anterior fue dado a conocer a los medios de comunicaci\u00f3n los familiares de\u2026","rel":"","context":"En &quot;Campeche&quot;","block_context":{"text":"Campeche","link":"http:\/\/www.grieta.org.mx\/index.php\/category\/noticias-nacionales\/campeche\/"},"img":{"alt_text":"","src":"https:\/\/i0.wp.com\/www.grieta.org.mx\/wp-content\/uploads\/2024\/03\/Campeche-e1710780123560.jpg?resize=350%2C200","width":350,"height":200,"srcset":"https:\/\/i0.wp.com\/www.grieta.org.mx\/wp-content\/uploads\/2024\/03\/Campeche-e1710780123560.jpg?resize=350%2C200 1x, https:\/\/i0.wp.com\/www.grieta.org.mx\/wp-content\/uploads\/2024\/03\/Campeche-e1710780123560.jpg?resize=525%2C300 1.5x, https:\/\/i0.wp.com\/www.grieta.org.mx\/wp-content\/uploads\/2024\/03\/Campeche-e1710780123560.jpg?resize=700%2C400 2x"},"classes":[]},{"id":69346,"url":"http:\/\/www.grieta.org.mx\/index.php\/2024\/07\/26\/amagan-con-cerrar-puente-llevan-seis-meses-sin-cobrar-campeche\/","url_meta":{"origin":70013,"position":5},"title":"Amagan con cerrar puente; llevan seis meses sin cobrar (Campeche)","author":"grieta","date":"26 julio, 2024","format":false,"excerpt":"Campeche Hoy CARMEN, CAMP.- Angustiados por hasta seis meses sin cobrar sus remuneraciones, trabajadores de empresas proveedoras de Petr\u00f3leos Mexicanos (Pemex), bajo el argumento del impago de la petrolera nacional, amenazan con bloquear el Puente Zacatal. Los obreros, quienes pidieron el anonimato por temor a la represalias, expusieron que en\u2026","rel":"","context":"En &quot;Campeche&quot;","block_context":{"text":"Campeche","link":"http:\/\/www.grieta.org.mx\/index.php\/category\/noticias-nacionales\/campeche\/"},"img":{"alt_text":"","src":"https:\/\/i0.wp.com\/www.grieta.org.mx\/wp-content\/uploads\/2024\/07\/Puente-e1722100074644.jpg?resize=350%2C200","width":350,"height":200,"srcset":"https:\/\/i0.wp.com\/www.grieta.org.mx\/wp-content\/uploads\/2024\/07\/Puente-e1722100074644.jpg?resize=350%2C200 1x, https:\/\/i0.wp.com\/www.grieta.org.mx\/wp-content\/uploads\/2024\/07\/Puente-e1722100074644.jpg?resize=525%2C300 1.5x, https:\/\/i0.wp.com\/www.grieta.org.mx\/wp-content\/uploads\/2024\/07\/Puente-e1722100074644.jpg?resize=700%2C400 2x"},"classes":[]}],"_links":{"self":[{"href":"http:\/\/www.grieta.org.mx\/index.php\/wp-json\/wp\/v2\/posts\/70013","targetHints":{"allow":["GET"]}}],"collection":[{"href":"http:\/\/www.grieta.org.mx\/index.php\/wp-json\/wp\/v2\/posts"}],"about":[{"href":"http:\/\/www.grieta.org.mx\/index.php\/wp-json\/wp\/v2\/types\/post"}],"author":[{"embeddable":true,"href":"http:\/\/www.grieta.org.mx\/index.php\/wp-json\/wp\/v2\/users\/2"}],"replies":[{"embeddable":true,"href":"http:\/\/www.grieta.org.mx\/index.php\/wp-json\/wp\/v2\/comments?post=70013"}],"version-history":[{"count":1,"href":"http:\/\/www.grieta.org.mx\/index.php\/wp-json\/wp\/v2\/posts\/70013\/revisions"}],"predecessor-version":[{"id":70014,"href":"http:\/\/www.grieta.org.mx\/index.php\/wp-json\/wp\/v2\/posts\/70013\/revisions\/70014"}],"wp:featuredmedia":[{"embeddable":true,"href":"http:\/\/www.grieta.org.mx\/index.php\/wp-json\/wp\/v2\/media\/70015"}],"wp:attachment":[{"href":"http:\/\/www.grieta.org.mx\/index.php\/wp-json\/wp\/v2\/media?parent=70013"}],"wp:term":[{"taxonomy":"category","embeddable":true,"href":"http:\/\/www.grieta.org.mx\/index.php\/wp-json\/wp\/v2\/categories?post=70013"},{"taxonomy":"post_tag","embeddable":true,"href":"http:\/\/www.grieta.org.mx\/index.php\/wp-json\/wp\/v2\/tags?post=70013"}],"curies":[{"name":"wp","href":"https:\/\/api.w.org\/{rel}","templated":true}]}}