{"id":69838,"date":"2024-09-26T11:20:28","date_gmt":"2024-09-26T17:20:28","guid":{"rendered":"https:\/\/www.grieta.org.mx\/?p=69838"},"modified":"2024-11-11T18:39:52","modified_gmt":"2024-11-12T00:39:52","slug":"ejercito-zapatista-de-liberacion-nacional-memoria-y-rabia","status":"publish","type":"post","link":"http:\/\/www.grieta.org.mx\/index.php\/2024\/09\/26\/ejercito-zapatista-de-liberacion-nacional-memoria-y-rabia\/","title":{"rendered":"EJERCITO ZAPATISTA DE LIBERACI\u00d3N NACIONAL: MEMORIA Y RABIA"},"content":{"rendered":"<h4 style=\"text-align: center;\"><strong>MEMORIA Y RABIA.<\/strong><\/h4>\n<h4 style=\"text-align: center;\"><strong>EJ\u00c9RCITO ZAPATISTA DE LIBERACI\u00d3N NACIONAL.<\/strong><br \/>\n<strong>M\u00c9XICO.<\/strong><\/h4>\n<p>26 de septiembre del 2024.<\/p>\n<p>A las madres, padres, condisc\u00edpulos, compa\u00f1eras y compa\u00f1eros de los Ausentes de Ayotzinapa:<\/p>\n<p>A quienes buscan:<\/p>\n<p>Sabemos que no ha sido f\u00e1cil llegar hasta esta hoja del calendario.<\/p>\n<p>Sabemos del dolor y la rabia de entender ahora que, no importa el color, all\u00e1 arriba siguen el desprecio y la mentira.<\/p>\n<p>Sabemos que no s\u00f3lo ha sido la esperanza de encontrar a quienes les faltan, lo que les ha movido. Porque en estos a\u00f1os su dolor se ha extendido a los miles de familiares de las personas desaparecidas en este pa\u00eds.<\/p>\n<p>Y cada madre, cada padre, familiar, amistad, ha profundizado ese dolor hasta llegar a su lecho de rabia que busca y no encuentra.<\/p>\n<p>Ni verdad ni justicia.<\/p>\n<p>Ni la m\u00e1s m\u00ednima empat\u00eda de quien tiene el Poder s\u00f3lo para alardear y presumir, m\u00e1s no para servir y resolver. El verdugo pretendiendo presentarse como v\u00edctima.<\/p>\n<p>En este largo caminar se han encontrado con traiciones, con quienes s\u00f3lo usaron su dolor para tener un cargo, una causa para cambiar de color en el gobierno, o, los m\u00e1s miserables, una paga.<\/p>\n<p>Y en los malos gobiernos sigue la mirada del cazador buscando a su pr\u00f3xima v\u00edctima.<\/p>\n<p>Pero\u2026<\/p>\n<p>Nosotros, los pueblos zapatistas, creemos que tenemos en com\u00fan con ustedes este sentimiento que s\u00f3lo se encuentra en el coraz\u00f3n de quienes luchan\u2026<\/p>\n<p>Porque llegar\u00e1 el d\u00eda en que las figuras de quienes buscan sin descanso a quienes les hacen falta, de los padres y las madres de los ausentes de Ayotzinapa, de sus condisc\u00edpulos, de sus maestros, de sus familiares y amistades, se asocien a dos palabras cuya ausencia real padece ahora esta geograf\u00eda: verdad y justicia.<\/p>\n<p>Y porque llegar\u00e1 el d\u00eda en que ser estudiante, hombre o mujer, de una normal rural o de lo que sea, empleado, trabajadora, adulto o anciano, no sea motivo de persecuci\u00f3n, de desprecio, de desaparici\u00f3n, de muerte.<\/p>\n<p>Pero para que ese d\u00eda llegue, hay que seguir. Si no podemos heredar a\u00fan esa Verdad y esa Justicia a quienes nos siguen en calendarios y geograf\u00edas, s\u00ed podemos heredarles la rabia, la memoria y la dignidad necesarias para no rendirse, no venderse y no claudicar.<\/p>\n<p>Si no lo logramos, siempre habr\u00e1 una noche de Iguala acechando a los de abajo, a su sangre joven, y siempre ser\u00e1n culpables de rebeld\u00eda.<\/p>\n<p>Si no hay Verdad ni Justicia, que no falten la rabia y la memoria.<\/p>\n<p>Desde las monta\u00f1as del Sureste Mexicano.<\/p>\n<p>A nombre de las mujeres, hombres, ancianos, ni\u00f1as y ni\u00f1os zapatistas.<\/p>\n<p>Subcomandante Insurgente Mois\u00e9s.<br \/>\nM\u00e9xico, 26 de septiembre del 2024.<\/p>\n<p><a href=\"https:\/\/enlacezapatista.ezln.org.mx\/2024\/09\/26\/memoria-y-rabia\/\">https:\/\/enlacezapatista.ezln.org.mx\/2024\/09\/26\/memoria-y-rabia\/<\/a><\/p>\n","protected":false},"excerpt":{"rendered":"<p>MEMORIA Y RABIA. EJ\u00c9RCITO ZAPATISTA DE LIBERACI\u00d3N NACIONAL. M\u00c9XICO. 26 de septiembre del 2024. A las madres, padres, condisc\u00edpulos, compa\u00f1eras y compa\u00f1eros de los Ausentes de Ayotzinapa: A quienes buscan: &hellip; <a href=\"http:\/\/www.grieta.org.mx\/index.php\/2024\/09\/26\/ejercito-zapatista-de-liberacion-nacional-memoria-y-rabia\/\" class=\"more-link\">Leer m\u00e1s<\/a><\/p>\n","protected":false},"author":2,"featured_media":69839,"comment_status":"closed","ping_status":"closed","sticky":false,"template":"","format":"standard","meta":{"ngg_post_thumbnail":0,"_jetpack_newsletter_access":"","_jetpack_dont_email_post_to_subs":false,"_jetpack_newsletter_tier_id":0,"_jetpack_memberships_contains_paywalled_content":false,"_jetpack_memberships_contains_paid_content":false,"footnotes":""},"categories":[80,74,87,907,2,78,83],"tags":[2484,1828,3018,2839,3937,466,1668,3975],"class_list":["post-69838","post","type-post","status-publish","format-standard","has-post-thumbnail","hentry","category-cintillo","category-ezln","category-desaparecidos","category-ezln-2","category-noticias-nacionales","category-palabras-del-ezln","category-temas-nacionales","tag-buscadoras","tag-busqueda-de-desaparecidos","tag-colectivos-de-busqueda-de-desaparecidos","tag-comunicados-ezln","tag-desaparecdios","tag-ezln","tag-familiares-de-desaparecidos","tag-madres-de-desaparecidos","entry"],"jetpack_featured_media_url":"http:\/\/www.grieta.org.mx\/wp-content\/uploads\/2024\/09\/prop1.jpg","jetpack_sharing_enabled":true,"jetpack_shortlink":"https:\/\/wp.me\/p7ZJR4-iaq","jetpack_likes_enabled":false,"jetpack-related-posts":[{"id":68236,"url":"http:\/\/www.grieta.org.mx\/index.php\/2023\/12\/10\/dieciochoava-parte-la-rabia\/","url_meta":{"origin":69838,"position":0},"title":"Dieciochoava Parte: La Rabia.","author":"grieta","date":"10 diciembre, 2023","format":false,"excerpt":"Dieciochoava Parte: La Rabia. \u00bfSe hereda?\u00a0 \u00bfSe adquiere? \u00bfSe cultiva?\u00a0 \u00bfSe pierde?\u00a0 \u00bfSe transforma?\u00a0 \u00bfSe contagia?\u00a0 \u00bfPor cu\u00e1les canales se trasmite?\u00a0 \u00bfC\u00f3mo se hace colectiva?\u00a0 \u00bfEs creativa? \u00bfEn qu\u00e9 momento se convierte en digna?\u00a0 \u00bfCu\u00e1ndo empieza a distanciarse del rencor y la venganza?\u00a0 \u00bfSe acerca a la justicia? \u00bfC\u00f3mo es\u2026","rel":"","context":"En &quot;CINTILLO&quot;","block_context":{"text":"CINTILLO","link":"http:\/\/www.grieta.org.mx\/index.php\/category\/cintillo\/"},"img":{"alt_text":"","src":"https:\/\/i0.wp.com\/www.grieta.org.mx\/wp-content\/uploads\/2023\/12\/Captura-de-pantalla-2023-12-10-142019.png?resize=350%2C200","width":350,"height":200,"srcset":"https:\/\/i0.wp.com\/www.grieta.org.mx\/wp-content\/uploads\/2023\/12\/Captura-de-pantalla-2023-12-10-142019.png?resize=350%2C200 1x, https:\/\/i0.wp.com\/www.grieta.org.mx\/wp-content\/uploads\/2023\/12\/Captura-de-pantalla-2023-12-10-142019.png?resize=525%2C300 1.5x, https:\/\/i0.wp.com\/www.grieta.org.mx\/wp-content\/uploads\/2023\/12\/Captura-de-pantalla-2023-12-10-142019.png?resize=700%2C400 2x"},"classes":[]},{"id":72408,"url":"http:\/\/www.grieta.org.mx\/index.php\/2025\/10\/17\/informe-del-congreso-nacional-indigena-y-el-ejercito-zapatista-de-liberacion-nacional-sobre-lo-recaudado-para-las-comunidades-de-la-sierra-norte-de-veracruz-afectadas-por-las-intensas-lluvias-de-los-u\/","url_meta":{"origin":69838,"position":1},"title":"INFORME DEL CONGRESO NACIONAL IND\u00cdGENA Y EL EJ\u00c9RCITO ZAPATISTA DE LIBERACI\u00d3N NACIONAL SOBRE LO RECAUDADO PARA LAS COMUNIDADES DE LA SIERRA NORTE DE VERACRUZ AFECTADAS POR LAS INTENSAS LLUVIAS DE LOS \u00daLTIMOS D\u00cdAS","author":"grieta","date":"17 octubre, 2025","format":false,"excerpt":"INFORME DEL CONGRESO NACIONAL IND\u00cdGENA Y EL EJ\u00c9RCITO ZAPATISTA DE LIBERACI\u00d3N NACIONAL SOBRE LO RECAUDADO PARA LAS COMUNIDADES DE LA SIERRA NORTE DE VERACRUZ AFECTADAS POR LAS INTENSAS LLUVIAS DE LOS \u00daLTIMOS D\u00cdAS A nuestras hermanas y hermanos de los pueblos originarios de la Sierra Norte de Veracruz. Al Congreso\u2026","rel":"","context":"En &quot;CINTILLO&quot;","block_context":{"text":"CINTILLO","link":"http:\/\/www.grieta.org.mx\/index.php\/category\/cintillo\/"},"img":{"alt_text":"","src":"https:\/\/i0.wp.com\/www.grieta.org.mx\/wp-content\/uploads\/2025\/10\/CINTILLO_informe.jpg?resize=350%2C200","width":350,"height":200,"srcset":"https:\/\/i0.wp.com\/www.grieta.org.mx\/wp-content\/uploads\/2025\/10\/CINTILLO_informe.jpg?resize=350%2C200 1x, https:\/\/i0.wp.com\/www.grieta.org.mx\/wp-content\/uploads\/2025\/10\/CINTILLO_informe.jpg?resize=525%2C300 1.5x, https:\/\/i0.wp.com\/www.grieta.org.mx\/wp-content\/uploads\/2025\/10\/CINTILLO_informe.jpg?resize=700%2C400 2x"},"classes":[]},{"id":59410,"url":"http:\/\/www.grieta.org.mx\/index.php\/2021\/05\/10\/hasta-encontrarlos-madres-de-desaparecidos-reiteran-su-promesa-este-10-de-may-nayarit\/","url_meta":{"origin":69838,"position":2},"title":"\u00a1Hasta encontrarlos!: Madres de desaparecidos reiteran su promesa este 10 de may (Nayarit)","author":"grieta","date":"10 mayo, 2021","format":false,"excerpt":"Foto: Ilustrativa Oscar Gil \/ Meridiano.MX FESTEJO DOLOROSO; Madres de personas desaparecidas, arropadas por distintos colectivos, festejaron muy a su manera, recordando en el parque a La Madre de Tepic a sus hijas e hijos, a la vez que hacen un llamado a las autoridades de reforzar sus acciones para\u2026","rel":"","context":"En &quot;CINTILLO&quot;","block_context":{"text":"CINTILLO","link":"http:\/\/www.grieta.org.mx\/index.php\/category\/cintillo\/"},"img":{"alt_text":"","src":"https:\/\/i0.wp.com\/www.grieta.org.mx\/wp-content\/uploads\/2021\/05\/colectivos-protestan-ante-nuevos-lineamientos-de-la-ceav-233709.jpeg?resize=350%2C200","width":350,"height":200,"srcset":"https:\/\/i0.wp.com\/www.grieta.org.mx\/wp-content\/uploads\/2021\/05\/colectivos-protestan-ante-nuevos-lineamientos-de-la-ceav-233709.jpeg?resize=350%2C200 1x, https:\/\/i0.wp.com\/www.grieta.org.mx\/wp-content\/uploads\/2021\/05\/colectivos-protestan-ante-nuevos-lineamientos-de-la-ceav-233709.jpeg?resize=525%2C300 1.5x, https:\/\/i0.wp.com\/www.grieta.org.mx\/wp-content\/uploads\/2021\/05\/colectivos-protestan-ante-nuevos-lineamientos-de-la-ceav-233709.jpeg?resize=700%2C400 2x"},"classes":[]},{"id":24778,"url":"http:\/\/www.grieta.org.mx\/index.php\/2018\/07\/17\/desmiente-el-ejercito-zapatista-de-liberacion-nacional-contacto-alguno-con-amlo-comunicado-del-ccri-cg-del-ezln\/","url_meta":{"origin":69838,"position":3},"title":"Desmiente el Ej\u00e9rcito Zapatista de Liberaci\u00f3n Nacional contacto alguno con AMLO. Comunicado del CCRI-CG del EZLN","author":"grieta","date":"17 julio, 2018","format":false,"excerpt":"EJ\u00c9RCITO ZAPATISTA DE LIBERACI\u00d3N NACIONAL. M\u00c9XICO. AL PUEBLO DE M\u00c9XICO: A LOS PUEBLOS Y GOBIERNOS DEL MUNDO: A LOS MEDIOS LIBRES, ALTERNATIVOS, AUT\u00d3NOMOS O COMO SE LLAMEN: A LA SEXTA NACIONAL E INTERNACIONAL: AL CONGRESO NACIONAL IND\u00cdGENA Y AL CONCEJO IND\u00cdGENA DE GOBIERNO: A LA PRENSA NACIONAL E INTERNACIONAL: 17\u2026","rel":"","context":"En &quot;CINTILLO&quot;","block_context":{"text":"CINTILLO","link":"http:\/\/www.grieta.org.mx\/index.php\/category\/cintillo\/"},"img":{"alt_text":"","src":"https:\/\/i0.wp.com\/www.grieta.org.mx\/wp-content\/uploads\/2018\/03\/14524434_1106112876131411_958039263622046936_o.jpg?resize=350%2C200","width":350,"height":200,"srcset":"https:\/\/i0.wp.com\/www.grieta.org.mx\/wp-content\/uploads\/2018\/03\/14524434_1106112876131411_958039263622046936_o.jpg?resize=350%2C200 1x, https:\/\/i0.wp.com\/www.grieta.org.mx\/wp-content\/uploads\/2018\/03\/14524434_1106112876131411_958039263622046936_o.jpg?resize=525%2C300 1.5x, https:\/\/i0.wp.com\/www.grieta.org.mx\/wp-content\/uploads\/2018\/03\/14524434_1106112876131411_958039263622046936_o.jpg?resize=700%2C400 2x"},"classes":[]},{"id":70179,"url":"http:\/\/www.grieta.org.mx\/index.php\/2024\/10\/16\/el-ezln-denuncia-agresiones-y-amenazas-contra-sus-bases-de-apoyo\/","url_meta":{"origin":69838,"position":4},"title":"El EZLN denuncia agresiones y amenazas contra sus bases de apoyo","author":"grieta","date":"16 octubre, 2024","format":false,"excerpt":"COMUNICADO DEL COMIT\u00c9 CLANDESTINO REVOLUCIONARIO IND\u00cdGENA-COMANDANCIA GENERAL DEL EJ\u00c9RCITO ZAPATISTA DE LIBERACI\u00d3N NACIONAL. M\u00c9XICO. 16 DE OCTUBRE DEL 2024. A LA SEXTA NACIONAL E INTERNACIONAL: A QUIENES FIRMARON LA DECLARACI\u00d3N POR LA VIDA: COMPAS: DESDE HACE UNAS SEMANAS, POBLADORES DE PALESTINA HAN AMENAZADO A MUJERES, ANCIANOS, NI\u00d1OS Y HOMBRES DEL\u2026","rel":"","context":"En &quot;Alto a la Guerra contra los pueblos zapatistas&quot;","block_context":{"text":"Alto a la Guerra contra los pueblos zapatistas","link":"http:\/\/www.grieta.org.mx\/index.php\/category\/redes-de-resistencia-y-rebeldia\/contra-la-guerra-al-ezln\/"},"img":{"alt_text":"","src":"https:\/\/i0.wp.com\/www.grieta.org.mx\/wp-content\/uploads\/2023\/08\/Estrella-Roja.jpg?resize=350%2C200","width":350,"height":200,"srcset":"https:\/\/i0.wp.com\/www.grieta.org.mx\/wp-content\/uploads\/2023\/08\/Estrella-Roja.jpg?resize=350%2C200 1x, https:\/\/i0.wp.com\/www.grieta.org.mx\/wp-content\/uploads\/2023\/08\/Estrella-Roja.jpg?resize=525%2C300 1.5x, https:\/\/i0.wp.com\/www.grieta.org.mx\/wp-content\/uploads\/2023\/08\/Estrella-Roja.jpg?resize=700%2C400 2x"},"classes":[]},{"id":71343,"url":"http:\/\/www.grieta.org.mx\/index.php\/2025\/03\/17\/oigan\/","url_meta":{"origin":69838,"position":5},"title":"OIGAN\u2026","author":"Admin","date":"17 marzo, 2025","format":false,"excerpt":"EJ\u00c9RCITO ZAPATISTA DE LIBERACI\u00d3N NACIONAL. M\u00c9XICO. Marzo del 2025. A la comunidad art\u00edstica e intelectual de M\u00e9xico y el Mundo: Oigan\u2026 Sabemos que est\u00e1n ocupados con el Trump, pero -no s\u00e9 si han dado cuenta-, est\u00e1n pasando cosas que aterrar\u00edan al m\u00e1s plantado. No son hechos aislados o extraordinarios, son\u2026","rel":"","context":"En &quot;CINTILLO&quot;","block_context":{"text":"CINTILLO","link":"http:\/\/www.grieta.org.mx\/index.php\/category\/cintillo\/"},"img":{"alt_text":"","src":"https:\/\/i0.wp.com\/www.grieta.org.mx\/wp-content\/uploads\/2025\/03\/cint.png?resize=350%2C200","width":350,"height":200,"srcset":"https:\/\/i0.wp.com\/www.grieta.org.mx\/wp-content\/uploads\/2025\/03\/cint.png?resize=350%2C200 1x, https:\/\/i0.wp.com\/www.grieta.org.mx\/wp-content\/uploads\/2025\/03\/cint.png?resize=525%2C300 1.5x, https:\/\/i0.wp.com\/www.grieta.org.mx\/wp-content\/uploads\/2025\/03\/cint.png?resize=700%2C400 2x"},"classes":[]}],"_links":{"self":[{"href":"http:\/\/www.grieta.org.mx\/index.php\/wp-json\/wp\/v2\/posts\/69838","targetHints":{"allow":["GET"]}}],"collection":[{"href":"http:\/\/www.grieta.org.mx\/index.php\/wp-json\/wp\/v2\/posts"}],"about":[{"href":"http:\/\/www.grieta.org.mx\/index.php\/wp-json\/wp\/v2\/types\/post"}],"author":[{"embeddable":true,"href":"http:\/\/www.grieta.org.mx\/index.php\/wp-json\/wp\/v2\/users\/2"}],"replies":[{"embeddable":true,"href":"http:\/\/www.grieta.org.mx\/index.php\/wp-json\/wp\/v2\/comments?post=69838"}],"version-history":[{"count":1,"href":"http:\/\/www.grieta.org.mx\/index.php\/wp-json\/wp\/v2\/posts\/69838\/revisions"}],"predecessor-version":[{"id":69842,"href":"http:\/\/www.grieta.org.mx\/index.php\/wp-json\/wp\/v2\/posts\/69838\/revisions\/69842"}],"wp:featuredmedia":[{"embeddable":true,"href":"http:\/\/www.grieta.org.mx\/index.php\/wp-json\/wp\/v2\/media\/69839"}],"wp:attachment":[{"href":"http:\/\/www.grieta.org.mx\/index.php\/wp-json\/wp\/v2\/media?parent=69838"}],"wp:term":[{"taxonomy":"category","embeddable":true,"href":"http:\/\/www.grieta.org.mx\/index.php\/wp-json\/wp\/v2\/categories?post=69838"},{"taxonomy":"post_tag","embeddable":true,"href":"http:\/\/www.grieta.org.mx\/index.php\/wp-json\/wp\/v2\/tags?post=69838"}],"curies":[{"name":"wp","href":"https:\/\/api.w.org\/{rel}","templated":true}]}}