{"id":6967,"date":"2015-10-15T05:01:33","date_gmt":"2015-10-15T05:01:33","guid":{"rendered":"http:\/\/50.22.11.12\/~grietaor\/?p=6967"},"modified":"2018-07-07T01:15:29","modified_gmt":"2018-07-07T06:15:29","slug":"arranca-operaciones-en-2017-el-gasoducto-tuxpan-tula","status":"publish","type":"post","link":"http:\/\/www.grieta.org.mx\/index.php\/2015\/10\/15\/arranca-operaciones-en-2017-el-gasoducto-tuxpan-tula\/","title":{"rendered":"Arranca operaciones en 2017 el gasoducto Tuxpan-Tula"},"content":{"rendered":"<p>Ser\u00e1 en el a\u00f1o 2017 cuando entre en operaci\u00f3n el gasoducto Tuxpan-Tula, que atravesar\u00e1 el territorio de Veracruz, Puebla e Hidalgo, y para el cual el gobierno federal invertir\u00e1 400 millones de d\u00f3lares.<\/p>\n<p>El proyecto forma parte del Plan Quinquenal de Gasoductos 2015-2019 que prev\u00e9 la construcci\u00f3n y operaci\u00f3n de una estaci\u00f3n de compresi\u00f3n, as\u00ed como 12 gasoductos a lo largo de cinco mil kil\u00f3metros de longitud, para lo que se requerir\u00e1 de una inversi\u00f3n por 10 mil millones de d\u00f3lares.<\/p>\n<p>La nueva red de transporte de combustible \u2013principalmente de gas natural\u2013 fue presentada este mi\u00e9rcoles por el titular de la Secretar\u00eda de Energ\u00eda (Sener), Pedro Joaqu\u00edn Coldwell.<\/p>\n<p>El Plan Quinquenal ser\u00e1 un sistema h\u00edbrido, con gasoductos estrat\u00e9gicos, econ\u00f3micos y sociales, los cuales empezar\u00e1n a ser licitados por Petr\u00f3leos Mexicanos (Pemex) y la Comisi\u00f3n Federal de Electricidad (CFE), aunque para agosto de 2016 el Cenagas se har\u00e1 cargo de esta tarea.<\/p>\n<p>De acuerdo con el proyecto de la Sener, el gasoducto Tuxpan-Tula tendr\u00e1 una longitud de 263 kil\u00f3metros con ductos de 36 pulgadas de di\u00e1metro. Su inversi\u00f3n se estima en 400 millones de d\u00f3lares.<\/p>\n<p>En Puebla, el proyecto abarca a los municipios de Xicotepec, Huachinango as\u00ed como Tlacuilotepec.<\/p>\n<p>La l\u00ednea transportar\u00e1 gas natural proveniente del sur de Texas a fin de satisfacer las necesidades de este combustible en las estaciones de generaci\u00f3n de la CFE ubicadas en estos estados, as\u00ed como en las regiones Centro y Occidente del pa\u00eds.<\/p>\n<p>El proyecto comprende el dise\u00f1o, ingenier\u00eda, suministro, construcci\u00f3n, operaci\u00f3n y mantenimiento de un gasoducto con capacidad de 706 millones de pies c\u00fabicos diarios (MMPCD).<\/p>\n<p>El tiempo estimado para la ejecuci\u00f3n del proyecto es de 21 meses. Las prebases del concurso de licitaci\u00f3n p\u00fablica para elegir a la empresa que lo construir\u00e1 se emitieron el pasado 27 de febrero, la recepci\u00f3n de las propuestas de los interesados se llev\u00f3 a cabo el pasado cuatro de junio y el fallo del procedimiento se efectu\u00f3 el pasado seis de julio, seg\u00fan los datos que CFE ha emitido sobre la obra.<\/p>\n<p>Actualmente est\u00e1n en operaci\u00f3n en el estado los gasoductos Poza Rica-Azcapotzalco, Zempoala-Santa Ana y el Complejo Petroqu\u00edmico Independencia.<\/p>\n<p>Est\u00e1n en construcci\u00f3n el Proyecto Integral Morelos, el Gasoducto Tuxpan-Atotonilco y otra l\u00ednea m\u00e1s para transportar combustible a la armadora automotriz Audi.<\/p>\n<p><a href=\"http:\/\/www.e-consulta.com\/nota\/2015-10-15\/gobierno\/arranca-operaciones-en-2017-el-gasoducto-tuxpan-tula\" target=\"_blank\">http:\/\/www.e-consulta.com\/nota\/2015-10-15\/gobierno\/arranca-operaciones-en-2017-el-gasoducto-tuxpan-tula<\/a><\/p>\n","protected":false},"excerpt":{"rendered":"<p>Ser\u00e1 en el a\u00f1o 2017 cuando entre en operaci\u00f3n el gasoducto Tuxpan-Tula, que atravesar\u00e1 el territorio de Veracruz, Puebla e Hidalgo, y para el cual el gobierno federal invertir\u00e1 400 &hellip; <a href=\"http:\/\/www.grieta.org.mx\/index.php\/2015\/10\/15\/arranca-operaciones-en-2017-el-gasoducto-tuxpan-tula\/\" class=\"more-link\">Leer m\u00e1s<\/a><\/p>\n","protected":false},"author":1,"featured_media":21928,"comment_status":"closed","ping_status":"open","sticky":false,"template":"","format":"standard","meta":{"ngg_post_thumbnail":0,"_jetpack_newsletter_access":"","_jetpack_dont_email_post_to_subs":false,"_jetpack_newsletter_tier_id":0,"_jetpack_memberships_contains_paywalled_content":false,"_jetpack_memberships_contains_paid_content":false,"footnotes":""},"categories":[80,740,19,129,7,1429,1430,1265,3,922,935,942,951,2,426,26,257,35],"tags":[350],"class_list":{"0":"post-6967","1":"post","2":"type-post","3":"status-publish","4":"format-standard","5":"has-post-thumbnail","6":"hentry","7":"category-cintillo","8":"category-gasoducto-tuxpan-tula","9":"category-hidalgo","11":"category-hidrocarburos","12":"category-lucha-contra-el-gasoducto-tuxpan-tula-puebla-veracruz-hidalgo","13":"category-lucha-contra-el-gasoducto-tuxpan-tula-puebla-veracruz-hidalgo-hidalgo","14":"category-megaproyectos-de-hidrocarburos-en-puebla","15":"category-megaproyectos","16":"category-megaproyectos-estados","17":"category-mp-hidalgo","18":"category-mp-puebla","19":"category-mp-veracruz","20":"category-noticias-nacionales","21":"category-puebla","23":"category-veracruz","25":"tag-gasoducto","26":"entry"},"jetpack_featured_media_url":"http:\/\/www.grieta.org.mx\/wp-content\/uploads\/2018\/03\/14524434_1106112876131411_958039263622046936_o.jpg","jetpack_sharing_enabled":true,"jetpack_shortlink":"https:\/\/wp.me\/p7ZJR4-1On","jetpack_likes_enabled":false,"jetpack-related-posts":[{"id":38577,"url":"http:\/\/www.grieta.org.mx\/index.php\/2019\/08\/30\/piden-garantizar-derecho-de-consulta-en-comunidades-indigenas-ante-gasoductos-hidalgo\/","url_meta":{"origin":6967,"position":0},"title":"Piden garantizar derecho de consulta en comunidades ind\u00edgenas ante gasoductos (Hidalgo)","author":"Admin","date":"30 agosto, 2019","format":false,"excerpt":"Miriam Avil\u00e9s \/ AM El activista ambiental V\u00edctor Castillo P\u00e9rez, integrante del colectivo Ximh?i-Derechos Humanos para la Sierra Otom\u00ed-Tepehua, se\u00f1al\u00f3 que las transnacionales son las \u00fanicas que celebran el acuerdo entre la Comisi\u00f3n Federal de Electricidad (CFE) con la firma TransCanada para terminar la construcci\u00f3n del gasoducto Tuxpan-Tula. Lo anterior,\u2026","rel":"","context":"En &quot;CINTILLO&quot;","block_context":{"text":"CINTILLO","link":"http:\/\/www.grieta.org.mx\/index.php\/category\/cintillo\/"},"img":{"alt_text":"","src":"https:\/\/i0.wp.com\/www.grieta.org.mx\/wp-content\/uploads\/2019\/08\/Captura-de-pantalla-2019-08-31-19.40.49.png?resize=350%2C200","width":350,"height":200,"srcset":"https:\/\/i0.wp.com\/www.grieta.org.mx\/wp-content\/uploads\/2019\/08\/Captura-de-pantalla-2019-08-31-19.40.49.png?resize=350%2C200 1x, https:\/\/i0.wp.com\/www.grieta.org.mx\/wp-content\/uploads\/2019\/08\/Captura-de-pantalla-2019-08-31-19.40.49.png?resize=525%2C300 1.5x, https:\/\/i0.wp.com\/www.grieta.org.mx\/wp-content\/uploads\/2019\/08\/Captura-de-pantalla-2019-08-31-19.40.49.png?resize=700%2C400 2x"},"classes":[]},{"id":38984,"url":"http:\/\/www.grieta.org.mx\/index.php\/2019\/09\/05\/gasoducto-tuxpan-tula-sigue-sin-un-futuro-definido-hidalgo-puebla-veracruz\/","url_meta":{"origin":6967,"position":1},"title":"Gasoducto Tuxpan-Tula sigue sin un futuro definido (Hidalgo, Puebla, Veracruz)","author":"Admin","date":"5 septiembre, 2019","format":false,"excerpt":"Aranzaz\u00fa Ayala Mart\u00ednez \/ Lado B El gasoducto Tuxpan-Tula es uno de los megaproyectos que s\u00ed se echar\u00e1n a andar de acuerdo con el anuncio del gobierno federal, pero los habitantes siguen en la incertidumbre de qu\u00e9 pasar\u00e1 exactamente. El 27 de agosto el presidente Andr\u00e9s Manuel L\u00f3pez Obrador anunci\u00f3\u2026","rel":"","context":"En &quot;26. Sierra Puebla&quot;","block_context":{"text":"26. Sierra Puebla","link":"http:\/\/www.grieta.org.mx\/index.php\/category\/espejos-de-la-resistencia\/26-sierra-puebla\/"},"img":{"alt_text":"","src":"https:\/\/i0.wp.com\/www.grieta.org.mx\/wp-content\/uploads\/2019\/09\/Transcanada-maqueta-725x483.jpg?resize=350%2C200","width":350,"height":200,"srcset":"https:\/\/i0.wp.com\/www.grieta.org.mx\/wp-content\/uploads\/2019\/09\/Transcanada-maqueta-725x483.jpg?resize=350%2C200 1x, https:\/\/i0.wp.com\/www.grieta.org.mx\/wp-content\/uploads\/2019\/09\/Transcanada-maqueta-725x483.jpg?resize=525%2C300 1.5x, https:\/\/i0.wp.com\/www.grieta.org.mx\/wp-content\/uploads\/2019\/09\/Transcanada-maqueta-725x483.jpg?resize=700%2C400 2x"},"classes":[]},{"id":29064,"url":"http:\/\/www.grieta.org.mx\/index.php\/2019\/02\/11\/comunidad-indigena-gana-amparo-contra-gasoducto-tuxpan-tula\/","url_meta":{"origin":6967,"position":2},"title":"Comunidad ind\u00edgena gana amparo contra gasoducto Tuxpan-Tula","author":"grieta","date":"11 febrero, 2019","format":false,"excerpt":"Gabriela Hern\u00e1ndez \/ Proceso PUEBLA, Pue. (apro).- La comunidad de Cuautepec, perteneciente al municipio de Tlacuilotepec, gan\u00f3 un amparo contra la construcci\u00f3n del gasoducto Tuxpan-Tula. La sentencia del juicio de amparo 1971\/2017, emitida por la juez Yolanda Vel\u00e1zquez Rebollo, refiere que el proyecto es susceptible de afectar el derecho colectivo\u2026","rel":"","context":"En &quot;CINTILLO&quot;","block_context":{"text":"CINTILLO","link":"http:\/\/www.grieta.org.mx\/index.php\/category\/cintillo\/"},"img":{"alt_text":"","src":"https:\/\/i0.wp.com\/www.grieta.org.mx\/wp-content\/uploads\/2019\/02\/tux.jpg?resize=350%2C200","width":350,"height":200,"srcset":"https:\/\/i0.wp.com\/www.grieta.org.mx\/wp-content\/uploads\/2019\/02\/tux.jpg?resize=350%2C200 1x, https:\/\/i0.wp.com\/www.grieta.org.mx\/wp-content\/uploads\/2019\/02\/tux.jpg?resize=525%2C300 1.5x, https:\/\/i0.wp.com\/www.grieta.org.mx\/wp-content\/uploads\/2019\/02\/tux.jpg?resize=700%2C400 2x"},"classes":[]},{"id":6958,"url":"http:\/\/www.grieta.org.mx\/index.php\/2015\/12\/01\/nuevo-gasoducto-tuxpan-tula-afectara-7-municipios-de-puebla\/","url_meta":{"origin":6967,"position":3},"title":"Nuevo gasoducto Tuxpan-Tula afectar\u00e1 7 municipios de Puebla","author":"Admin","date":"1 diciembre, 2015","format":false,"excerpt":"Leticia \u00c1nimas Vargas Se trata de Venustiano Carranza, Francisco Z. Mena, Jalpan, Tlaxco, Tlacuilotepec, Pahuatl\u00e1n y Honey Huauchinango, Pue.- M\u00e1s de 130 comunidades de Puebla, Hidalgo y Veracruz ser\u00e1n afectadas por la construcci\u00f3n del gasoducto Tuxpan-Tula que transportar\u00e1 886 millones de pies c\u00fabicos de gas diarios desde el sur de\u2026","rel":"","context":"En &quot;CINTILLO&quot;","block_context":{"text":"CINTILLO","link":"http:\/\/www.grieta.org.mx\/index.php\/category\/cintillo\/"},"img":{"alt_text":"","src":"https:\/\/i0.wp.com\/www.grieta.org.mx\/wp-content\/uploads\/2018\/03\/14524434_1106112876131411_958039263622046936_o.jpg?resize=350%2C200","width":350,"height":200,"srcset":"https:\/\/i0.wp.com\/www.grieta.org.mx\/wp-content\/uploads\/2018\/03\/14524434_1106112876131411_958039263622046936_o.jpg?resize=350%2C200 1x, https:\/\/i0.wp.com\/www.grieta.org.mx\/wp-content\/uploads\/2018\/03\/14524434_1106112876131411_958039263622046936_o.jpg?resize=525%2C300 1.5x, https:\/\/i0.wp.com\/www.grieta.org.mx\/wp-content\/uploads\/2018\/03\/14524434_1106112876131411_958039263622046936_o.jpg?resize=700%2C400 2x"},"classes":[]},{"id":12907,"url":"http:\/\/www.grieta.org.mx\/index.php\/2016\/04\/29\/desecha-inah-plan-para-salvar-vestigios-en-ruta-del-gasoducto\/","url_meta":{"origin":6967,"position":4},"title":"Desecha INAH plan para salvar vestigios en ruta del gasoducto","author":"grieta","date":"29 abril, 2016","format":false,"excerpt":"Kara Castillo Un proyecto de \u201csalvamento arqueol\u00f3gico\u201d de la zona por la que cruzar\u00e1 el gasoductoTuxplan-Tula, en Veracruz, Hidalgo y Puebla, fue rechazado por el INAH por lo que posibles vestigios quedar\u00e1n sin protecci\u00f3n. En el proyecto rechazado por el Consejo de Arqueolog\u00eda del Instituto Nacional de Antropolog\u00eda e Historia\u2026","rel":"","context":"En &quot;CINTILLO&quot;","block_context":{"text":"CINTILLO","link":"http:\/\/www.grieta.org.mx\/index.php\/category\/cintillo\/"},"img":{"alt_text":"","src":"https:\/\/i0.wp.com\/www.grieta.org.mx\/wp-content\/uploads\/2018\/03\/14524434_1106112876131411_958039263622046936_o.jpg?resize=350%2C200","width":350,"height":200,"srcset":"https:\/\/i0.wp.com\/www.grieta.org.mx\/wp-content\/uploads\/2018\/03\/14524434_1106112876131411_958039263622046936_o.jpg?resize=350%2C200 1x, https:\/\/i0.wp.com\/www.grieta.org.mx\/wp-content\/uploads\/2018\/03\/14524434_1106112876131411_958039263622046936_o.jpg?resize=525%2C300 1.5x, https:\/\/i0.wp.com\/www.grieta.org.mx\/wp-content\/uploads\/2018\/03\/14524434_1106112876131411_958039263622046936_o.jpg?resize=700%2C400 2x"},"classes":[]},{"id":27751,"url":"http:\/\/www.grieta.org.mx\/index.php\/2018\/11\/18\/se-libra-sierra-norte-de-transcanada-suspende-gasoducto-puebla\/","url_meta":{"origin":6967,"position":5},"title":"Se libra Sierra Norte de TransCanada, suspende gasoducto (Puebla)","author":"grieta","date":"18 noviembre, 2018","format":false,"excerpt":"Municipios Puebla Por las mermas econ\u00f3micas que han generado las variaciones de las leyes de ingresos municipales y la resistencia de las comunidades inconformes con la construcci\u00f3n del gasoducto que impactar\u00eda en tres municipios de la Sierra Norte, la empresa TransCanada cancel\u00f3 la construcci\u00f3n del gasoducto Tuxpan-Tula, anunci\u00f3 esta semana.\u2026","rel":"","context":"En &quot;CINTILLO&quot;","block_context":{"text":"CINTILLO","link":"http:\/\/www.grieta.org.mx\/index.php\/category\/cintillo\/"},"img":{"alt_text":"","src":"https:\/\/i0.wp.com\/www.grieta.org.mx\/wp-content\/uploads\/2018\/11\/gasoducto_21.jpg?resize=350%2C200","width":350,"height":200,"srcset":"https:\/\/i0.wp.com\/www.grieta.org.mx\/wp-content\/uploads\/2018\/11\/gasoducto_21.jpg?resize=350%2C200 1x, https:\/\/i0.wp.com\/www.grieta.org.mx\/wp-content\/uploads\/2018\/11\/gasoducto_21.jpg?resize=525%2C300 1.5x, https:\/\/i0.wp.com\/www.grieta.org.mx\/wp-content\/uploads\/2018\/11\/gasoducto_21.jpg?resize=700%2C400 2x, https:\/\/i0.wp.com\/www.grieta.org.mx\/wp-content\/uploads\/2018\/11\/gasoducto_21.jpg?resize=1050%2C600 3x, https:\/\/i0.wp.com\/www.grieta.org.mx\/wp-content\/uploads\/2018\/11\/gasoducto_21.jpg?resize=1400%2C800 4x"},"classes":[]}],"_links":{"self":[{"href":"http:\/\/www.grieta.org.mx\/index.php\/wp-json\/wp\/v2\/posts\/6967","targetHints":{"allow":["GET"]}}],"collection":[{"href":"http:\/\/www.grieta.org.mx\/index.php\/wp-json\/wp\/v2\/posts"}],"about":[{"href":"http:\/\/www.grieta.org.mx\/index.php\/wp-json\/wp\/v2\/types\/post"}],"author":[{"embeddable":true,"href":"http:\/\/www.grieta.org.mx\/index.php\/wp-json\/wp\/v2\/users\/1"}],"replies":[{"embeddable":true,"href":"http:\/\/www.grieta.org.mx\/index.php\/wp-json\/wp\/v2\/comments?post=6967"}],"version-history":[{"count":1,"href":"http:\/\/www.grieta.org.mx\/index.php\/wp-json\/wp\/v2\/posts\/6967\/revisions"}],"predecessor-version":[{"id":6969,"href":"http:\/\/www.grieta.org.mx\/index.php\/wp-json\/wp\/v2\/posts\/6967\/revisions\/6969"}],"wp:featuredmedia":[{"embeddable":true,"href":"http:\/\/www.grieta.org.mx\/index.php\/wp-json\/wp\/v2\/media\/21928"}],"wp:attachment":[{"href":"http:\/\/www.grieta.org.mx\/index.php\/wp-json\/wp\/v2\/media?parent=6967"}],"wp:term":[{"taxonomy":"category","embeddable":true,"href":"http:\/\/www.grieta.org.mx\/index.php\/wp-json\/wp\/v2\/categories?post=6967"},{"taxonomy":"post_tag","embeddable":true,"href":"http:\/\/www.grieta.org.mx\/index.php\/wp-json\/wp\/v2\/tags?post=6967"}],"curies":[{"name":"wp","href":"https:\/\/api.w.org\/{rel}","templated":true}]}}