{"id":696,"date":"2015-09-17T21:05:43","date_gmt":"2015-09-17T21:05:43","guid":{"rendered":"http:\/\/50.22.11.12\/~grietaor\/?p=696"},"modified":"2016-03-01T21:06:43","modified_gmt":"2016-03-01T21:06:43","slug":"los-encargados-de-la-transparencia-y-acceso-a-la-informacion-ratifican-la-reserva-por-6-meses-a-datos-sobre-tlatlaya","status":"publish","type":"post","link":"http:\/\/www.grieta.org.mx\/index.php\/2015\/09\/17\/los-encargados-de-la-transparencia-y-acceso-a-la-informacion-ratifican-la-reserva-por-6-meses-a-datos-sobre-tlatlaya\/","title":{"rendered":"Los encargados de la transparencia y acceso a la informaci\u00f3n ratifican la reserva por 6 meses a datos sobre Tlatlaya"},"content":{"rendered":"<p>El pleno del Instituto Nacional de Transparencia, Acceso a la Informaci\u00f3n y Protecci\u00f3n de Datos Personales (Inai) determin\u00f3 por cuatro votos a favor y tres en contra, ratificar la reserva de seis meses a datos sobre el caso Tlatlaya.<\/p>\n<p>Por tercera ocasi\u00f3n se revisaron los dos recursos de apelaci\u00f3n que recurrieron dos particulares a la Secretar\u00eda de la Defensa Nacional (Sedena) sobre bit\u00e1coras, informes, registros fotogr\u00e1ficos y las partes militares de los hechos ocurridos el 30 de junio en la bodega ubicada en San Pedro Lim\u00f3n, en el municipio de Tlatlaya, Estado de M\u00e9xico, donde murieron 22 personas.<\/p>\n<p>Las comisionadas potentes Ximena Puente de la Mora y Mar\u00eda Patricia Kurcyn Villalobos reiteraron su postura de mantener bajo reserva la informaci\u00f3n al se\u00f1alar \u201cno logramos convencernos unos a otros. Ser\u00eda conveniente que abund\u00e1ramos m\u00e1s en los estudios de estas disposiciones, con el prop\u00f3sito de sugerir, ahora que est\u00e1 todav\u00eda la ley (de transparencia) en discusi\u00f3n, hacer sugerencias para que los senadores nos ayuden a resolver este problema\u201d.<\/p>\n<p>Debido a que existe un juicio ante el juzgado decimosegundo de distrito en materia administrativa en el Distrito Federal, que a la fecha contin\u00faa en tr\u00e1mite, se concedi\u00f3 la suspensi\u00f3n definitiva \u201cpara el efecto de que las autoridades responsables se abstengan de ordenar, elaborar o entregar por cualquier medio documentos e informaci\u00f3n que integra la causa penal 338\/2014, por encontrarse en etapa de instrucci\u00f3n, ofrecimiento y desahogo de pruebas\u201d.<\/p>\n<p>Los comisionados coincidieron en que la difusi\u00f3n de la informaci\u00f3n solicitada por los particulares a la Sedena \u201cpuede causar un da\u00f1o a la libre deliberaci\u00f3n del juez constitucional durante el juicio de garant\u00edas e implicar\u00eda el incumplimiento a la suspensi\u00f3n definitiva emitida\u201d.<\/p>\n<p>Al respecto, el comisionado Guerra enfatiz\u00f3 que \u201cconsideramos que en lugar de clasificar la informaci\u00f3n requerida se debi\u00f3 desprender los plazos para poder resolver (los recursos de revisi\u00f3n) hasta que este juicio de amparo tenga una resoluci\u00f3n definitiva\u201d.<\/p>\n<p>Aunque algunos comisionados se opusieron, la mayor\u00eda acept\u00f3 mantener bajo reserva la informaci\u00f3n sobre lo acontecido en Tlatlaya, por lo que la ciudadan\u00eda seguir\u00e1 sin conocer los detalles sobre lo que sucedi\u00f3 la tarde del 30 de junio de 2014.<\/p>\n<p><a href=\"http:\/\/revoluciontrespuntocero.com\/los-encargados-de-la-transparencia-y-acceso-a-la-informacion-ratifican-la-reserva-por-6-meses-a-datos-sobre-tlatlaya\/\" target=\"_blank\">revoluciontrespuntocero.com\/los-encargados-de-la-transparencia-y-acceso-a-la-informacion-ratifican-la-reserva-por-6-meses-a-datos-sobre-tlatlaya\/<\/a><\/p>\n","protected":false},"excerpt":{"rendered":"<p>El pleno del Instituto Nacional de Transparencia, Acceso a la Informaci\u00f3n y Protecci\u00f3n de Datos Personales (Inai) determin\u00f3 por cuatro votos a favor y tres en contra, ratificar la reserva &hellip; <a href=\"http:\/\/www.grieta.org.mx\/index.php\/2015\/09\/17\/los-encargados-de-la-transparencia-y-acceso-a-la-informacion-ratifican-la-reserva-por-6-meses-a-datos-sobre-tlatlaya\/\" class=\"more-link\">Leer m\u00e1s<\/a><\/p>\n","protected":false},"author":2,"featured_media":21928,"comment_status":"closed","ping_status":"open","sticky":false,"template":"","format":"standard","meta":{"ngg_post_thumbnail":0,"_jetpack_newsletter_access":"","_jetpack_dont_email_post_to_subs":false,"_jetpack_newsletter_tier_id":0,"_jetpack_memberships_contains_paywalled_content":false,"_jetpack_memberships_contains_paid_content":false,"footnotes":""},"categories":[80],"tags":[92],"class_list":["post-696","post","type-post","status-publish","format-standard","has-post-thumbnail","hentry","category-cintillo","tag-estado-de-mexico","entry"],"jetpack_featured_media_url":"http:\/\/www.grieta.org.mx\/wp-content\/uploads\/2018\/03\/14524434_1106112876131411_958039263622046936_o.jpg","jetpack_sharing_enabled":true,"jetpack_shortlink":"https:\/\/wp.me\/p7ZJR4-be","jetpack_likes_enabled":false,"jetpack-related-posts":[{"id":733,"url":"http:\/\/www.grieta.org.mx\/index.php\/2016\/06\/29\/matanza-en-tlatlaya-edomex\/","url_meta":{"origin":696,"position":0},"title":"Matanza en Tlatlaya, Edomex","author":"grieta","date":"29 junio, 2016","format":false,"excerpt":"29\/06\/16. Organizaciones civiles exigen a PGR reencauzar investigaciones del caso TlatlayaProceso 30\/03\/16. Absuelven a seis militares que participaron en la \"masacre de Tlatlaya\"Somos el Medio 03\/11\/15. La masacre de Tlatlaya y el apoyo militar de EEUUDesinform\u00e9monos 12\/10\/15. Disparen a todo lo que se mueva, orden\u00f3 militar en TlatlayaSDP Noticias 06\/10\/15.\u2026","rel":"","context":"En &quot;Estado de M\u00e9xico&quot;","block_context":{"text":"Estado de M\u00e9xico","link":"http:\/\/www.grieta.org.mx\/index.php\/category\/noticias-nacionales\/estado-de-mexico\/"},"img":{"alt_text":"","src":"https:\/\/i0.wp.com\/www.grieta.org.mx\/wp-content\/uploads\/2018\/03\/14524434_1106112876131411_958039263622046936_o.jpg?resize=350%2C200","width":350,"height":200,"srcset":"https:\/\/i0.wp.com\/www.grieta.org.mx\/wp-content\/uploads\/2018\/03\/14524434_1106112876131411_958039263622046936_o.jpg?resize=350%2C200 1x, https:\/\/i0.wp.com\/www.grieta.org.mx\/wp-content\/uploads\/2018\/03\/14524434_1106112876131411_958039263622046936_o.jpg?resize=525%2C300 1.5x, https:\/\/i0.wp.com\/www.grieta.org.mx\/wp-content\/uploads\/2018\/03\/14524434_1106112876131411_958039263622046936_o.jpg?resize=700%2C400 2x"},"classes":[]},{"id":718,"url":"http:\/\/www.grieta.org.mx\/index.php\/2015\/03\/19\/amnistia-internacional-pide-indagar-a-altos-mandos-del-ejercito-por-caso-tlatlaya\/","url_meta":{"origin":696,"position":1},"title":"Amnist\u00eda Internacional pide indagar a altos mandos del Ej\u00e9rcito por caso Tlatlaya","author":"grieta","date":"19 marzo, 2015","format":false,"excerpt":"Ciudad de M\u00e9xico, 19 de marzo (SinEmbargo).\u2013 La organizaci\u00f3n Amnist\u00eda Internacional (AI) solicit\u00f3 a la Procuradur\u00eda General de la Rep\u00fablica indagar a los altos mandos del Ej\u00e9rcito implicados en el caso Tlatlaya por su presunto \u201cinvolucramiento\u201d en la muerte de 22 personas. Durante una audiencia p\u00fablica entre organizaciones y los\u2026","rel":"","context":"En &quot;CINTILLO&quot;","block_context":{"text":"CINTILLO","link":"http:\/\/www.grieta.org.mx\/index.php\/category\/cintillo\/"},"img":{"alt_text":"","src":"https:\/\/i0.wp.com\/www.grieta.org.mx\/wp-content\/uploads\/2018\/03\/14524434_1106112876131411_958039263622046936_o.jpg?resize=350%2C200","width":350,"height":200,"srcset":"https:\/\/i0.wp.com\/www.grieta.org.mx\/wp-content\/uploads\/2018\/03\/14524434_1106112876131411_958039263622046936_o.jpg?resize=350%2C200 1x, https:\/\/i0.wp.com\/www.grieta.org.mx\/wp-content\/uploads\/2018\/03\/14524434_1106112876131411_958039263622046936_o.jpg?resize=525%2C300 1.5x, https:\/\/i0.wp.com\/www.grieta.org.mx\/wp-content\/uploads\/2018\/03\/14524434_1106112876131411_958039263622046936_o.jpg?resize=700%2C400 2x"},"classes":[]},{"id":719,"url":"http:\/\/www.grieta.org.mx\/index.php\/2015\/06\/30\/tlatlaya-respuestas-que-no-satisfacen-sospechas-sobre-militares\/","url_meta":{"origin":696,"position":2},"title":"Tlatlaya: respuestas que no satisfacen, sospechas sobre militares","author":"grieta","date":"30 junio, 2015","format":false,"excerpt":"Mayela S\u00e1nchez Ciudad de M\u00e9xico, 30 de junio (SinEmbargo).\u2013 Hace exactamente un a\u00f1o, la publicaci\u00f3n de un bolet\u00edn informativo de la Secretar\u00eda de la Defensa Nacional (Sedena) sobre un supuesto enfrentamiento entre militares y presuntos delincuentes fue la hebra que, al deshilvanarse, condujo a la historia de una ejecuci\u00f3n extrajudicial\u2026","rel":"","context":"En &quot;CINTILLO&quot;","block_context":{"text":"CINTILLO","link":"http:\/\/www.grieta.org.mx\/index.php\/category\/cintillo\/"},"img":{"alt_text":"","src":"https:\/\/i0.wp.com\/www.grieta.org.mx\/wp-content\/uploads\/2018\/03\/14524434_1106112876131411_958039263622046936_o.jpg?resize=350%2C200","width":350,"height":200,"srcset":"https:\/\/i0.wp.com\/www.grieta.org.mx\/wp-content\/uploads\/2018\/03\/14524434_1106112876131411_958039263622046936_o.jpg?resize=350%2C200 1x, https:\/\/i0.wp.com\/www.grieta.org.mx\/wp-content\/uploads\/2018\/03\/14524434_1106112876131411_958039263622046936_o.jpg?resize=525%2C300 1.5x, https:\/\/i0.wp.com\/www.grieta.org.mx\/wp-content\/uploads\/2018\/03\/14524434_1106112876131411_958039263622046936_o.jpg?resize=700%2C400 2x"},"classes":[]},{"id":725,"url":"http:\/\/www.grieta.org.mx\/index.php\/2015\/01\/24\/eruviel-murillo-cienfuegos-y-plascencia-encubrieron-el-crimen-en-tlatlaya-analistas\/","url_meta":{"origin":696,"position":3},"title":"Eruviel, Murillo, Cienfuegos y Plascencia encubrieron el crimen en Tlatlaya: analistas","author":"grieta","date":"24 enero, 2015","format":false,"excerpt":"Shaila Rosagel y Ariadna Ortega Ciudad de M\u00e9xico, 24 de enero (SinEmbargo).\u2013 En la ejecuci\u00f3n extrajudicial de Tlatlaya existe una clara red de complicidades y de encubrimiento para proteger al Ej\u00e9rcito mexicano, porque de \u00e9l depende la estrategia de seguridad del gobierno federal, coincidieron expertos consultados por SinEmbargo. El encubrimiento\u2026","rel":"","context":"En &quot;CINTILLO&quot;","block_context":{"text":"CINTILLO","link":"http:\/\/www.grieta.org.mx\/index.php\/category\/cintillo\/"},"img":{"alt_text":"","src":"https:\/\/i0.wp.com\/www.grieta.org.mx\/wp-content\/uploads\/2018\/03\/14524434_1106112876131411_958039263622046936_o.jpg?resize=350%2C200","width":350,"height":200,"srcset":"https:\/\/i0.wp.com\/www.grieta.org.mx\/wp-content\/uploads\/2018\/03\/14524434_1106112876131411_958039263622046936_o.jpg?resize=350%2C200 1x, https:\/\/i0.wp.com\/www.grieta.org.mx\/wp-content\/uploads\/2018\/03\/14524434_1106112876131411_958039263622046936_o.jpg?resize=525%2C300 1.5x, https:\/\/i0.wp.com\/www.grieta.org.mx\/wp-content\/uploads\/2018\/03\/14524434_1106112876131411_958039263622046936_o.jpg?resize=700%2C400 2x"},"classes":[]},{"id":684,"url":"http:\/\/www.grieta.org.mx\/index.php\/2015\/11\/03\/la-masacre-de-tlatlaya-y-el-apoyo-militar-de-eeuu\/","url_meta":{"origin":696,"position":4},"title":"La masacre de Tlatlaya y el apoyo militar de EEUU","author":"grieta","date":"3 noviembre, 2015","format":false,"excerpt":"Hace unas semanas, por segunda vez la Sedena neg\u00f3 una solicitud de acceso a informaci\u00f3n que requer\u00eda documentaci\u00f3n relacionada con el adiestramiento de miembros del Batall\u00f3n 102 en Estados Unidos. Recordemos que el Batall\u00f3n 102 salt\u00f3 a la fama, o a la infamia, despu\u00e9s de la masacre de Tlatlaya, donde\u2026","rel":"","context":"En &quot;CINTILLO&quot;","block_context":{"text":"CINTILLO","link":"http:\/\/www.grieta.org.mx\/index.php\/category\/cintillo\/"},"img":{"alt_text":"","src":"https:\/\/i0.wp.com\/www.grieta.org.mx\/wp-content\/uploads\/2018\/03\/14524434_1106112876131411_958039263622046936_o.jpg?resize=350%2C200","width":350,"height":200,"srcset":"https:\/\/i0.wp.com\/www.grieta.org.mx\/wp-content\/uploads\/2018\/03\/14524434_1106112876131411_958039263622046936_o.jpg?resize=350%2C200 1x, https:\/\/i0.wp.com\/www.grieta.org.mx\/wp-content\/uploads\/2018\/03\/14524434_1106112876131411_958039263622046936_o.jpg?resize=525%2C300 1.5x, https:\/\/i0.wp.com\/www.grieta.org.mx\/wp-content\/uploads\/2018\/03\/14524434_1106112876131411_958039263622046936_o.jpg?resize=700%2C400 2x"},"classes":[]},{"id":717,"url":"http:\/\/www.grieta.org.mx\/index.php\/2015\/04\/16\/pidio-sedena-a-pgjem-retrasar-llegada-a-tlatlaya-tras-matanza\/","url_meta":{"origin":696,"position":5},"title":"Pidi\u00f3 Sedena a PGJEM retrasar llegada a Tlatlaya tras matanza","author":"grieta","date":"16 abril, 2015","format":false,"excerpt":"TOLUCA, Edomex. (apro).- El general de brigada de la 22 Zona Militar, Jos\u00e9 Luis S\u00e1nchez Le\u00f3n, intervino para que personal de la Procuradur\u00eda General de Justicia del Estado de M\u00e9xico (PGJEM) demorara su arribo a Tlatlaya por alrededor de seis horas, el pasado 30 de junio, tras la presunta masacre\u2026","rel":"","context":"En &quot;CINTILLO&quot;","block_context":{"text":"CINTILLO","link":"http:\/\/www.grieta.org.mx\/index.php\/category\/cintillo\/"},"img":{"alt_text":"","src":"https:\/\/i0.wp.com\/www.grieta.org.mx\/wp-content\/uploads\/2018\/03\/14524434_1106112876131411_958039263622046936_o.jpg?resize=350%2C200","width":350,"height":200,"srcset":"https:\/\/i0.wp.com\/www.grieta.org.mx\/wp-content\/uploads\/2018\/03\/14524434_1106112876131411_958039263622046936_o.jpg?resize=350%2C200 1x, https:\/\/i0.wp.com\/www.grieta.org.mx\/wp-content\/uploads\/2018\/03\/14524434_1106112876131411_958039263622046936_o.jpg?resize=525%2C300 1.5x, https:\/\/i0.wp.com\/www.grieta.org.mx\/wp-content\/uploads\/2018\/03\/14524434_1106112876131411_958039263622046936_o.jpg?resize=700%2C400 2x"},"classes":[]}],"_links":{"self":[{"href":"http:\/\/www.grieta.org.mx\/index.php\/wp-json\/wp\/v2\/posts\/696","targetHints":{"allow":["GET"]}}],"collection":[{"href":"http:\/\/www.grieta.org.mx\/index.php\/wp-json\/wp\/v2\/posts"}],"about":[{"href":"http:\/\/www.grieta.org.mx\/index.php\/wp-json\/wp\/v2\/types\/post"}],"author":[{"embeddable":true,"href":"http:\/\/www.grieta.org.mx\/index.php\/wp-json\/wp\/v2\/users\/2"}],"replies":[{"embeddable":true,"href":"http:\/\/www.grieta.org.mx\/index.php\/wp-json\/wp\/v2\/comments?post=696"}],"version-history":[{"count":1,"href":"http:\/\/www.grieta.org.mx\/index.php\/wp-json\/wp\/v2\/posts\/696\/revisions"}],"predecessor-version":[{"id":699,"href":"http:\/\/www.grieta.org.mx\/index.php\/wp-json\/wp\/v2\/posts\/696\/revisions\/699"}],"wp:featuredmedia":[{"embeddable":true,"href":"http:\/\/www.grieta.org.mx\/index.php\/wp-json\/wp\/v2\/media\/21928"}],"wp:attachment":[{"href":"http:\/\/www.grieta.org.mx\/index.php\/wp-json\/wp\/v2\/media?parent=696"}],"wp:term":[{"taxonomy":"category","embeddable":true,"href":"http:\/\/www.grieta.org.mx\/index.php\/wp-json\/wp\/v2\/categories?post=696"},{"taxonomy":"post_tag","embeddable":true,"href":"http:\/\/www.grieta.org.mx\/index.php\/wp-json\/wp\/v2\/tags?post=696"}],"curies":[{"name":"wp","href":"https:\/\/api.w.org\/{rel}","templated":true}]}}